{"id":998,"date":"2017-10-16T13:48:00","date_gmt":"2017-10-16T11:48:00","guid":{"rendered":"http:\/\/www.moedlareuth.de\/?p=998"},"modified":"2021-12-07T05:02:31","modified_gmt":"2021-12-07T04:02:31","slug":"der-kommunismus-in-seinem-zeitalter","status":"publish","type":"post","link":"https:\/\/www.moedlareuth.de\/nl\/der-kommunismus-in-seinem-zeitalter\/","title":{"rendered":"Sonderausstellung &#8222;Der Kommunismus in seinem Zeitalter&#8220;"},"content":{"rendered":"<p><span style=\"line-height: 115%; font-family: 'Arial',sans-serif; font-size: 12pt;\"><span style=\"color: #000000;\">2017 j\u00e4hrt sich die Oktoberrevolution zum 100. Mal. Aus diesem Anlass zeigt das Deutsch-Deutsche Museum M\u00f6dlareuth die Sonderausstellung \u201eDer Kommunismus in seinem Zeitalter\u201c, die von Gerd Koenen konzipiert sowie von der Bundesstiftung zur Aufarbeitung der SED-Diktatur und dem Deutschen Historischen Museum herausgegeben wurde. Die Ausstellung umfasst 25 Tafeln und beschreibt mit ihren Texten, \u00fcber 200 zeithistorischen Fotos und Dokumenten den Aufstieg und Niedergang des Kommunismus, der im 20. Jahrhundert nicht nur die Welt, sondern auch die Menschen grundlegend ver\u00e4ndern sollte. Seine Heils- und Zukunftsversprechen mobilisierten weltweit Millionen Menschen und entwickelten sich zugleich zum Albtraum von Abermillionen Menschen, die Opfer kommunistischer Gewaltregime wurden.<\/span><\/span><\/p>\n<p>&nbsp;<\/p>","protected":false},"excerpt":{"rendered":"<p>2017 j\u00e4hrt sich die Oktoberrevolution zum 100. Mal. Aus diesem Anlass zeigt das Deutsch-Deutsche Museum M\u00f6dlareuth die Sonderausstellung \u201eDer Kommunismus in seinem Zeitalter\u201c, die von Gerd Koenen konzipiert sowie von der Bundesstiftung zur Aufarbeitung der SED-Diktatur und dem Deutschen Historischen Museum herausgegeben wurde. Die Ausstellung umfasst 25 Tafeln und beschreibt mit ihren Texten, \u00fcber 200&#8230;<\/p>","protected":false},"author":4,"featured_media":999,"comment_status":"closed","ping_status":"closed","sticky":false,"template":"","format":"standard","meta":{"_acf_changed":false,"inline_featured_image":false,"_kad_post_transparent":"","_kad_post_title":"","_kad_post_layout":"","_kad_post_sidebar_id":"","_kad_post_content_style":"","_kad_post_vertical_padding":"","_kad_post_feature":"","_kad_post_feature_position":"","_kad_post_header":false,"_kad_post_footer":false,"_kad_post_classname":"","footnotes":""},"categories":[1],"tags":[],"class_list":["post-998","post","type-post","status-publish","format-standard","has-post-thumbnail","hentry","category-aktuelles"],"acf":[],"yoast_head":"<!-- This site is optimized with the Yoast SEO plugin v27.5 - https:\/\/yoast.com\/product\/yoast-seo-wordpress\/ -->\n<title>Sonderausstellung &quot;Der Kommunismus in seinem Zeitalter&quot; - Deutsch-Deutsches Museum M\u00f6dlareuth<\/title>\n<meta name=\"robots\" content=\"index, follow, max-snippet:-1, max-image-preview:large, max-video-preview:-1\" \/>\n<link rel=\"canonical\" href=\"https:\/\/moedlareuth.de\/der-kommunismus-in-seinem-zeitalter\/\" \/>\n<meta property=\"og:locale\" content=\"nl_NL\" \/>\n<meta property=\"og:type\" content=\"article\" \/>\n<meta property=\"og:title\" content=\"Sonderausstellung &quot;Der Kommunismus in seinem Zeitalter&quot; - Deutsch-Deutsches Museum M\u00f6dlareuth\" \/>\n<meta property=\"og:description\" content=\"2017 j\u00e4hrt sich die Oktoberrevolution zum 100. Mal. Aus diesem Anlass zeigt das Deutsch-Deutsche Museum M\u00f6dlareuth die Sonderausstellung \u201eDer Kommunismus in seinem Zeitalter\u201c, die von Gerd Koenen konzipiert sowie von der Bundesstiftung zur Aufarbeitung der SED-Diktatur und dem Deutschen Historischen Museum herausgegeben wurde. Die Ausstellung umfasst 25 Tafeln und beschreibt mit ihren Texten, \u00fcber 200...\" \/>\n<meta property=\"og:url\" content=\"https:\/\/moedlareuth.de\/der-kommunismus-in-seinem-zeitalter\/\" \/>\n<meta property=\"og:site_name\" content=\"Deutsch-Deutsches Museum M\u00f6dlareuth\" \/>\n<meta property=\"article:published_time\" content=\"2017-10-16T11:48:00+00:00\" \/>\n<meta property=\"article:modified_time\" content=\"2021-12-07T04:02:31+00:00\" \/>\n<meta property=\"og:image\" content=\"https:\/\/moedlareuth.de\/preview\/wp-content\/uploads\/2017\/12\/Kommunismus-Zeitalter02.jpg\" \/>\n\t<meta property=\"og:image:width\" content=\"2480\" \/>\n\t<meta property=\"og:image:height\" content=\"3507\" \/>\n\t<meta property=\"og:image:type\" content=\"image\/jpeg\" \/>\n<meta name=\"author\" content=\"Robert Lebegern\" \/>\n<meta name=\"twitter:card\" content=\"summary_large_image\" \/>\n<meta name=\"twitter:label1\" content=\"Geschreven door\" \/>\n\t<meta name=\"twitter:data1\" content=\"Robert Lebegern\" \/>\n\t<meta name=\"twitter:label2\" content=\"Geschatte leestijd\" \/>\n\t<meta name=\"twitter:data2\" content=\"1 minuut\" \/>\n<script type=\"application\/ld+json\" class=\"yoast-schema-graph\">{\"@context\":\"https:\\\/\\\/schema.org\",\"@graph\":[{\"@type\":\"Article\",\"@id\":\"https:\\\/\\\/moedlareuth.de\\\/der-kommunismus-in-seinem-zeitalter\\\/#article\",\"isPartOf\":{\"@id\":\"https:\\\/\\\/moedlareuth.de\\\/der-kommunismus-in-seinem-zeitalter\\\/\"},\"author\":{\"name\":\"Robert Lebegern\",\"@id\":\"https:\\\/\\\/moedlareuth.de\\\/preview\\\/#\\\/schema\\\/person\\\/43382e3107ec00feb53f63bc6f4a7716\"},\"headline\":\"Sonderausstellung &#8222;Der Kommunismus in seinem Zeitalter&#8220;\",\"datePublished\":\"2017-10-16T11:48:00+00:00\",\"dateModified\":\"2021-12-07T04:02:31+00:00\",\"mainEntityOfPage\":{\"@id\":\"https:\\\/\\\/moedlareuth.de\\\/der-kommunismus-in-seinem-zeitalter\\\/\"},\"wordCount\":107,\"publisher\":{\"@id\":\"https:\\\/\\\/moedlareuth.de\\\/preview\\\/#organization\"},\"image\":{\"@id\":\"https:\\\/\\\/moedlareuth.de\\\/der-kommunismus-in-seinem-zeitalter\\\/#primaryimage\"},\"thumbnailUrl\":\"https:\\\/\\\/www.moedlareuth.de\\\/wp-content\\\/uploads\\\/2017\\\/12\\\/Kommunismus-Zeitalter02.jpg\",\"articleSection\":[\"Aktuelles\"],\"inLanguage\":\"nl-NL\"},{\"@type\":\"WebPage\",\"@id\":\"https:\\\/\\\/moedlareuth.de\\\/der-kommunismus-in-seinem-zeitalter\\\/\",\"url\":\"https:\\\/\\\/moedlareuth.de\\\/der-kommunismus-in-seinem-zeitalter\\\/\",\"name\":\"Sonderausstellung \\\"Der Kommunismus in seinem Zeitalter\\\" - Deutsch-Deutsches Museum M\u00f6dlareuth\",\"isPartOf\":{\"@id\":\"https:\\\/\\\/moedlareuth.de\\\/preview\\\/#website\"},\"primaryImageOfPage\":{\"@id\":\"https:\\\/\\\/moedlareuth.de\\\/der-kommunismus-in-seinem-zeitalter\\\/#primaryimage\"},\"image\":{\"@id\":\"https:\\\/\\\/moedlareuth.de\\\/der-kommunismus-in-seinem-zeitalter\\\/#primaryimage\"},\"thumbnailUrl\":\"https:\\\/\\\/www.moedlareuth.de\\\/wp-content\\\/uploads\\\/2017\\\/12\\\/Kommunismus-Zeitalter02.jpg\",\"datePublished\":\"2017-10-16T11:48:00+00:00\",\"dateModified\":\"2021-12-07T04:02:31+00:00\",\"breadcrumb\":{\"@id\":\"https:\\\/\\\/moedlareuth.de\\\/der-kommunismus-in-seinem-zeitalter\\\/#breadcrumb\"},\"inLanguage\":\"nl-NL\",\"potentialAction\":[{\"@type\":\"ReadAction\",\"target\":[\"https:\\\/\\\/moedlareuth.de\\\/der-kommunismus-in-seinem-zeitalter\\\/\"]}]},{\"@type\":\"ImageObject\",\"inLanguage\":\"nl-NL\",\"@id\":\"https:\\\/\\\/moedlareuth.de\\\/der-kommunismus-in-seinem-zeitalter\\\/#primaryimage\",\"url\":\"https:\\\/\\\/www.moedlareuth.de\\\/wp-content\\\/uploads\\\/2017\\\/12\\\/Kommunismus-Zeitalter02.jpg\",\"contentUrl\":\"https:\\\/\\\/www.moedlareuth.de\\\/wp-content\\\/uploads\\\/2017\\\/12\\\/Kommunismus-Zeitalter02.jpg\",\"width\":2480,\"height\":3507,\"caption\":\"Kommunismus Zeitalter02\"},{\"@type\":\"BreadcrumbList\",\"@id\":\"https:\\\/\\\/moedlareuth.de\\\/der-kommunismus-in-seinem-zeitalter\\\/#breadcrumb\",\"itemListElement\":[{\"@type\":\"ListItem\",\"position\":1,\"name\":\"Startseite\",\"item\":\"https:\\\/\\\/www.moedlareuth.de\\\/\"},{\"@type\":\"ListItem\",\"position\":2,\"name\":\"Sonderausstellung &#8222;Der Kommunismus in seinem Zeitalter&#8220;\"}]},{\"@type\":\"WebSite\",\"@id\":\"https:\\\/\\\/moedlareuth.de\\\/preview\\\/#website\",\"url\":\"https:\\\/\\\/moedlareuth.de\\\/preview\\\/\",\"name\":\"Deutsch-Deutsches Museum M\u00f6dlareuth\",\"description\":\"Gedenkst\u00e4tte zur deutschen Teilung\",\"publisher\":{\"@id\":\"https:\\\/\\\/moedlareuth.de\\\/preview\\\/#organization\"},\"potentialAction\":[{\"@type\":\"SearchAction\",\"target\":{\"@type\":\"EntryPoint\",\"urlTemplate\":\"https:\\\/\\\/moedlareuth.de\\\/preview\\\/?s={search_term_string}\"},\"query-input\":{\"@type\":\"PropertyValueSpecification\",\"valueRequired\":true,\"valueName\":\"search_term_string\"}}],\"inLanguage\":\"nl-NL\"},{\"@type\":\"Organization\",\"@id\":\"https:\\\/\\\/moedlareuth.de\\\/preview\\\/#organization\",\"name\":\"Deutsch-Deutsches Museum M\u00f6dlareuth\",\"url\":\"https:\\\/\\\/moedlareuth.de\\\/preview\\\/\",\"logo\":{\"@type\":\"ImageObject\",\"inLanguage\":\"nl-NL\",\"@id\":\"https:\\\/\\\/moedlareuth.de\\\/preview\\\/#\\\/schema\\\/logo\\\/image\\\/\",\"url\":\"https:\\\/\\\/www.moedlareuth.de\\\/wp-content\\\/uploads\\\/2022\\\/02\\\/museum_moedlareuth_logo_hell_zusatz.svg\",\"contentUrl\":\"https:\\\/\\\/www.moedlareuth.de\\\/wp-content\\\/uploads\\\/2022\\\/02\\\/museum_moedlareuth_logo_hell_zusatz.svg\",\"width\":255,\"height\":62,\"caption\":\"Deutsch-Deutsches Museum M\u00f6dlareuth\"},\"image\":{\"@id\":\"https:\\\/\\\/moedlareuth.de\\\/preview\\\/#\\\/schema\\\/logo\\\/image\\\/\"}},{\"@type\":\"Person\",\"@id\":\"https:\\\/\\\/moedlareuth.de\\\/preview\\\/#\\\/schema\\\/person\\\/43382e3107ec00feb53f63bc6f4a7716\",\"name\":\"Robert Lebegern\",\"sameAs\":[\"http:\\\/\\\/www.museum-www.moedlareuth.de\"],\"url\":\"https:\\\/\\\/www.moedlareuth.de\\\/nl\\\/author\\\/rl-lra-hof\\\/\"}]}<\/script>\n<!-- \/ Yoast SEO plugin. -->","yoast_head_json":{"title":"Sonderausstellung \"Der Kommunismus in seinem Zeitalter\" - Deutsch-Deutsches Museum M\u00f6dlareuth","robots":{"index":"index","follow":"follow","max-snippet":"max-snippet:-1","max-image-preview":"max-image-preview:large","max-video-preview":"max-video-preview:-1"},"canonical":"https:\/\/moedlareuth.de\/der-kommunismus-in-seinem-zeitalter\/","og_locale":"nl_NL","og_type":"article","og_title":"Sonderausstellung \"Der Kommunismus in seinem Zeitalter\" - Deutsch-Deutsches Museum M\u00f6dlareuth","og_description":"2017 j\u00e4hrt sich die Oktoberrevolution zum 100. Mal. Aus diesem Anlass zeigt das Deutsch-Deutsche Museum M\u00f6dlareuth die Sonderausstellung \u201eDer Kommunismus in seinem Zeitalter\u201c, die von Gerd Koenen konzipiert sowie von der Bundesstiftung zur Aufarbeitung der SED-Diktatur und dem Deutschen Historischen Museum herausgegeben wurde. Die Ausstellung umfasst 25 Tafeln und beschreibt mit ihren Texten, \u00fcber 200...","og_url":"https:\/\/moedlareuth.de\/der-kommunismus-in-seinem-zeitalter\/","og_site_name":"Deutsch-Deutsches Museum M\u00f6dlareuth","article_published_time":"2017-10-16T11:48:00+00:00","article_modified_time":"2021-12-07T04:02:31+00:00","og_image":[{"width":2480,"height":3507,"url":"https:\/\/moedlareuth.de\/preview\/wp-content\/uploads\/2017\/12\/Kommunismus-Zeitalter02.jpg","type":"image\/jpeg"}],"author":"Robert Lebegern","twitter_card":"summary_large_image","twitter_misc":{"Geschreven door":"Robert Lebegern","Geschatte leestijd":"1 minuut"},"schema":{"@context":"https:\/\/schema.org","@graph":[{"@type":"Article","@id":"https:\/\/moedlareuth.de\/der-kommunismus-in-seinem-zeitalter\/#article","isPartOf":{"@id":"https:\/\/moedlareuth.de\/der-kommunismus-in-seinem-zeitalter\/"},"author":{"name":"Robert Lebegern","@id":"https:\/\/moedlareuth.de\/preview\/#\/schema\/person\/43382e3107ec00feb53f63bc6f4a7716"},"headline":"Sonderausstellung &#8222;Der Kommunismus in seinem Zeitalter&#8220;","datePublished":"2017-10-16T11:48:00+00:00","dateModified":"2021-12-07T04:02:31+00:00","mainEntityOfPage":{"@id":"https:\/\/moedlareuth.de\/der-kommunismus-in-seinem-zeitalter\/"},"wordCount":107,"publisher":{"@id":"https:\/\/moedlareuth.de\/preview\/#organization"},"image":{"@id":"https:\/\/moedlareuth.de\/der-kommunismus-in-seinem-zeitalter\/#primaryimage"},"thumbnailUrl":"https:\/\/www.moedlareuth.de\/wp-content\/uploads\/2017\/12\/Kommunismus-Zeitalter02.jpg","articleSection":["Aktuelles"],"inLanguage":"nl-NL"},{"@type":"WebPage","@id":"https:\/\/moedlareuth.de\/der-kommunismus-in-seinem-zeitalter\/","url":"https:\/\/moedlareuth.de\/der-kommunismus-in-seinem-zeitalter\/","name":"Sonderausstellung \"Der Kommunismus in seinem Zeitalter\" - Deutsch-Deutsches Museum M\u00f6dlareuth","isPartOf":{"@id":"https:\/\/moedlareuth.de\/preview\/#website"},"primaryImageOfPage":{"@id":"https:\/\/moedlareuth.de\/der-kommunismus-in-seinem-zeitalter\/#primaryimage"},"image":{"@id":"https:\/\/moedlareuth.de\/der-kommunismus-in-seinem-zeitalter\/#primaryimage"},"thumbnailUrl":"https:\/\/www.moedlareuth.de\/wp-content\/uploads\/2017\/12\/Kommunismus-Zeitalter02.jpg","datePublished":"2017-10-16T11:48:00+00:00","dateModified":"2021-12-07T04:02:31+00:00","breadcrumb":{"@id":"https:\/\/moedlareuth.de\/der-kommunismus-in-seinem-zeitalter\/#breadcrumb"},"inLanguage":"nl-NL","potentialAction":[{"@type":"ReadAction","target":["https:\/\/moedlareuth.de\/der-kommunismus-in-seinem-zeitalter\/"]}]},{"@type":"ImageObject","inLanguage":"nl-NL","@id":"https:\/\/moedlareuth.de\/der-kommunismus-in-seinem-zeitalter\/#primaryimage","url":"https:\/\/www.moedlareuth.de\/wp-content\/uploads\/2017\/12\/Kommunismus-Zeitalter02.jpg","contentUrl":"https:\/\/www.moedlareuth.de\/wp-content\/uploads\/2017\/12\/Kommunismus-Zeitalter02.jpg","width":2480,"height":3507,"caption":"Kommunismus Zeitalter02"},{"@type":"BreadcrumbList","@id":"https:\/\/moedlareuth.de\/der-kommunismus-in-seinem-zeitalter\/#breadcrumb","itemListElement":[{"@type":"ListItem","position":1,"name":"Startseite","item":"https:\/\/www.moedlareuth.de\/"},{"@type":"ListItem","position":2,"name":"Sonderausstellung &#8222;Der Kommunismus in seinem Zeitalter&#8220;"}]},{"@type":"WebSite","@id":"https:\/\/moedlareuth.de\/preview\/#website","url":"https:\/\/moedlareuth.de\/preview\/","name":"Duits-Duits Museum M\u00f6dlareuth","description":"Gedenkteken voor de verdeling van Duitsland","publisher":{"@id":"https:\/\/moedlareuth.de\/preview\/#organization"},"potentialAction":[{"@type":"SearchAction","target":{"@type":"EntryPoint","urlTemplate":"https:\/\/moedlareuth.de\/preview\/?s={search_term_string}"},"query-input":{"@type":"PropertyValueSpecification","valueRequired":true,"valueName":"search_term_string"}}],"inLanguage":"nl-NL"},{"@type":"Organization","@id":"https:\/\/moedlareuth.de\/preview\/#organization","name":"Duits-Duits Museum M\u00f6dlareuth","url":"https:\/\/moedlareuth.de\/preview\/","logo":{"@type":"ImageObject","inLanguage":"nl-NL","@id":"https:\/\/moedlareuth.de\/preview\/#\/schema\/logo\/image\/","url":"https:\/\/www.moedlareuth.de\/wp-content\/uploads\/2022\/02\/museum_moedlareuth_logo_hell_zusatz.svg","contentUrl":"https:\/\/www.moedlareuth.de\/wp-content\/uploads\/2022\/02\/museum_moedlareuth_logo_hell_zusatz.svg","width":255,"height":62,"caption":"Deutsch-Deutsches Museum M\u00f6dlareuth"},"image":{"@id":"https:\/\/moedlareuth.de\/preview\/#\/schema\/logo\/image\/"}},{"@type":"Person","@id":"https:\/\/moedlareuth.de\/preview\/#\/schema\/person\/43382e3107ec00feb53f63bc6f4a7716","name":"Robert Lebegern","sameAs":["http:\/\/www.museum-www.moedlareuth.de"],"url":"https:\/\/www.moedlareuth.de\/nl\/author\/rl-lra-hof\/"}]}},"_links":{"self":[{"href":"https:\/\/www.moedlareuth.de\/nl\/wp-json\/wp\/v2\/posts\/998","targetHints":{"allow":["GET"]}}],"collection":[{"href":"https:\/\/www.moedlareuth.de\/nl\/wp-json\/wp\/v2\/posts"}],"about":[{"href":"https:\/\/www.moedlareuth.de\/nl\/wp-json\/wp\/v2\/types\/post"}],"author":[{"embeddable":true,"href":"https:\/\/www.moedlareuth.de\/nl\/wp-json\/wp\/v2\/users\/4"}],"replies":[{"embeddable":true,"href":"https:\/\/www.moedlareuth.de\/nl\/wp-json\/wp\/v2\/comments?post=998"}],"version-history":[{"count":0,"href":"https:\/\/www.moedlareuth.de\/nl\/wp-json\/wp\/v2\/posts\/998\/revisions"}],"wp:featuredmedia":[{"embeddable":true,"href":"https:\/\/www.moedlareuth.de\/nl\/wp-json\/wp\/v2\/media\/999"}],"wp:attachment":[{"href":"https:\/\/www.moedlareuth.de\/nl\/wp-json\/wp\/v2\/media?parent=998"}],"wp:term":[{"taxonomy":"category","embeddable":true,"href":"https:\/\/www.moedlareuth.de\/nl\/wp-json\/wp\/v2\/categories?post=998"},{"taxonomy":"post_tag","embeddable":true,"href":"https:\/\/www.moedlareuth.de\/nl\/wp-json\/wp\/v2\/tags?post=998"}],"curies":[{"name":"wp","href":"https:\/\/api.w.org\/{rel}","templated":true}]}}