{"id":15377,"date":"2025-10-23T14:18:12","date_gmt":"2025-10-23T12:18:12","guid":{"rendered":"https:\/\/www.moedlareuth.de\/?p=15377"},"modified":"2025-10-27T08:39:06","modified_gmt":"2025-10-27T07:39:06","slug":"eroeffnung-museumsneubau-2-museumstag-hofer-land","status":"publish","type":"post","link":"https:\/\/www.moedlareuth.de\/nl\/eroeffnung-museumsneubau-2-museumstag-hofer-land\/","title":{"rendered":"M\u00f6dlareuth: Er\u00f6ffnung des neuen Museumsgeb\u00e4udes &amp; 2. Museumstag Hofer Land"},"content":{"rendered":"<p>Im Rahmen einer Pressekonferenz im Deutsch-Deutschen Museum M\u00f6dlareuth haben Landrat Dr. Oliver B\u00e4r, Museumsleiter Robert Lebegern, Museumskurator Dr. Ludwig Unger und Mareike R\u00f6del aus der Landkreisentwicklung das Programm f\u00fcr die feierliche Er\u00f6ffnung des neuen Museumsgeb\u00e4udes am 9. November 2025 sowie den am selben Tag stattfindenden Museumstag Hofer Land vorgestellt.<\/p>\n\n\n\n<p>Dr. Unger gab dabei gemeinsam mit Dr. B\u00e4r und Robert Lebegern Einblicke in den <strong>chronologischen Aufbau der neuen Dauerausstellung<\/strong>, die in vier Epochen gegliedert ist:<\/p>\n\n\n\n<ul class=\"wp-block-list\">\n<li><strong>1945\u20131952:<\/strong> Auf dem Weg zur Teilung Deutschlands<\/li>\n\n\n\n<li><strong>1952\u20131961:<\/strong> Schlie\u00dfung der Grenze<\/li>\n\n\n\n<li><strong>1961\u20131989:<\/strong> Zementierung der Teilung \u2013 Systemgrenze zwischen Demokratie und Diktatur<\/li>\n\n\n\n<li><strong>1989\/90:<\/strong> <br \/><\/li>\n<\/ul>\n\n\n\n<p>\u201eWir bauen kein Museum mit SM-70 und Selbstschlussanlagen. Auch die d\u00fcrfen und m\u00fcssen ein St\u00fcck weit vorkommen, aber wir bauen weiter. Wir haben ein Museum und eine Dauerausstellung konzipiert, die das Alltagsleben der Menschen zeigt \u2013 im l\u00e4ndlichen Bereich, dann sp\u00e4ter auch unter den Bedingungen der Teilung\u201c, erkl\u00e4rte <strong>Dr. Ludwig Unger<\/strong>.<br>\u201eNat\u00fcrlich geh\u00f6ren Dokumente dazu, ikonische Bilder \u2013 wenn etwa 1952 der Holzzaun errichtet wird oder Menschen zwangsumgesiedelt werden. Aber wir nutzen heute auch moderne Technik: Video- und Audioinstallationen, VR-Brillen, die zeigen, wie das Gel\u00e4nde fr\u00fcher aussah. So gelingt es uns, sowohl die J\u00fcngeren als auch die \u00c4lteren mitzunehmen und Geschichte erlebbar zu machen.\u201c<\/p>\n\n\n\n<p><strong>Ein Ort mit Geschichte und ein Raum f\u00fcr Werte<\/strong><\/p>\n\n\n\n<p>Unter dem Motto \u201eEin Ort mit Geschichte und ein Raum f\u00fcr Werte\u201c wurde der neue Erweiterungsbau sowie das umgestaltete Au\u00dfengel\u00e4nde des Deutsch-Deutschen Museums im ehemals geteilten Dorf M\u00f6dlareuth bereits am <strong>2. Oktober 2025<\/strong> feierlich eingeweiht \u2013 im Beisein von <strong>Bundespr\u00e4sident Frank-Walter Steinmeier<\/strong> sowie den <strong>Ministerpr\u00e4sidenten aus Bayern und Th\u00fcringen<\/strong>.<\/p>\n\n\n\n<p>Nach Abschluss der letzten Arbeiten an der neuen Dauerausstellung wird das Museum am <strong>9. November 2025 um 14:00 Uhr<\/strong> offiziell er\u00f6ffnet.<br>F\u00fcr die Feier haben sich bereits <strong>Wolfram Weimer<\/strong>, Beauftragter der Bundesregierung f\u00fcr Kultur und Medien, sowie <strong>Sabine Bergmann-Pohl<\/strong>, Pr\u00e4sidentin der ersten frei gew\u00e4hlten Volkskammer und letztes Staatsoberhaupt der DDR, angek\u00fcndigt.<\/p>\n\n\n\n<p>\u201eMit dem Neubau des Deutsch-Deutschen Museums M\u00f6dlareuth st\u00e4rken wir einen Ort von nationaler und internationaler Bedeutung. Hier wird die Geschichte der deutschen Teilung eindrucksvoll vermittelt \u2013 f\u00fcr uns und f\u00fcr nachfolgende Generationen. Dieses Museum ist ein lebendiges Mahnmal, das dazu einl\u00e4dt, sich mit Vergangenheit, Gegenwart und Zukunft auseinanderzusetzen\u201c, betonte <strong>Landrat Dr. Oliver B\u00e4r<\/strong>.<\/p>\n\n\n\n<p><strong>2. Museumstag Hofer Land am 9. November 2025<\/strong><\/p>\n\n\n\n<p>Parallel zur Museumser\u00f6ffnung findet der <strong>2. Museumstag Hofer Land<\/strong> statt. Von <strong>11:00 bis 18:00 Uhr<\/strong> laden die Museen der Region bei freiem Eintritt dazu ein, die vielf\u00e4ltige Museumslandschaft rund um Hof zu entdecken. Sieben Museen aus Stadt und Landkreis Hof pr\u00e4sentieren sich im neuen Museumsbau in M\u00f6dlareuth mit abwechslungsreichen Aktionen, Vortr\u00e4gen, Kinderprogrammen und Mitmachangeboten. Besucherinnen und Besucher k\u00f6nnen Anziehpuppen aus Papier gestalten, auf Schatzsuche gehen, Kartoffeltetris spielen oder sich in vergangene Zeiten zur\u00fcckversetzen lassen.<\/p>\n\n\n\n<p><strong>Beteiligte Museen:<\/strong><\/p>\n\n\n\n<ul class=\"wp-block-list\">\n<li>Oberfr\u00e4nkisches Textilmuseum, Helmbrechts<\/li>\n\n\n\n<li>Oberfr\u00e4nkisches Bauernhofmuseum Kleinlosnitz, Zell i. F.<\/li>\n\n\n\n<li>Museum Bayerisches Vogtland, Hof<\/li>\n\n\n\n<li>Erika-Fuchs-Haus \u2013 Museum f\u00fcr Comic und Sprachkunst, Schwarzenbach a. d. Saale<\/li>\n\n\n\n<li>Deutsch-Deutsches Museum M\u00f6dlareuth, T\u00f6pen<\/li>\n\n\n\n<li>Grafikmuseum Stiftung Schreiner, Bad Steben<\/li>\n\n\n\n<li>Jean-Paul-Museum, Joditz<\/li>\n<\/ul>\n\n\n\n<p><strong>Vortr\u00e4ge, Lesung &amp; Filme<\/strong><\/p>\n\n\n\n<ul class=\"wp-block-list\">\n<li><strong>11:20\u201311:40 Uhr:<\/strong> Film \u201eAlltag an der Grenze\u201c<\/li>\n\n\n\n<li><strong>13:15\u201313:25 Uhr:<\/strong> Lesung \u201eAuswanderungsbriefe\u201c \u2013 Bertram Popp, Oberfr\u00e4nkisches Bauernhofmuseum Kleinlosnitz<\/li>\n\n\n\n<li><strong>15:30\u201315:40 Uhr:<\/strong> Vortrag \u201eMode nach der Wiedervereinigung in Ost- und Westdeutschland\u201c \u2013 Lena Grie\u00dfhammer, Oberfr\u00e4nkisches Textilmuseum Helmbrechts<\/li>\n\n\n\n<li><strong>16:00\u201316:20 Uhr:<\/strong> Film \u201eAlltag an der Grenze\u201c<\/li>\n\n\n\n<li><strong>16:30\u201316:40 Uhr:<\/strong> Vortrag \u201eDas Fl\u00fcchtlingslager Moschendorf\u201c \u2013 Miriam Rautenberg, Museum Bayerisches Vogtland Hof<\/li>\n\n\n\n<li><strong>17:00\u201317:10 Uhr:<\/strong> Kurzvortrag \u201eGrenzen \u00fcberwinden. Das Grafikmuseum Stiftung Schreiner\u201c \u2013 Dr. Tobias Ertel, Grafikmuseum Stiftung Schreiner<\/li>\n\n\n\n<li><strong>17:30\u201317:40 Uhr:<\/strong> Vortrag \u201e10 Jahre Erika-Fuchs-Haus\u201c \u2013 Dr. Joanna Straczowski, Erika-Fuchs-Haus \u2013 Museum f\u00fcr Comic und Sprachkunst<\/li>\n<\/ul>\n\n\n\n<p><strong>Aktionen &amp; Kinderprogramm (11:00\u201318:00 Uhr)<\/strong><\/p>\n\n\n\n<ul class=\"wp-block-list\">\n<li>Anziehpuppen aus Papier \u2013 Stoffsuche an den Museumstischen (Oberfr\u00e4nkisches Textilmuseum Helmbrechts)<\/li>\n\n\n\n<li>Schatzsuche \u2013 Taler in einer Kiste voller Stoffreste (Erika-Fuchs-Haus, Schwarzenbach a. d. Saale)<\/li>\n\n\n\n<li>Kartoffeltetris (Grafikmuseum Schreiner, Bad Steben)<\/li>\n\n\n\n<li>Gehen auf Holzschuhen (Oberfr\u00e4nkisches Bauernhofmuseum Kleinlosnitz)<\/li>\n\n\n\n<li>\u201eGrenzen \u00fcberschreiten\u201c \u2013 Mutpass f\u00fcr Kinder (Museum Bayerisches Vogtland, Hof)<\/li>\n\n\n\n<li>Vorstellung des neuen Museums durch Kurator Herrn M\u00e4rkl \u2013 Einblicke in Konzept und Schwerpunkte (Jean-Paul-Museum Joditz, derzeit im Aufbau)<\/li>\n<\/ul>\n\n\n\n<p>\u201eDas diesj\u00e4hrige Motto \u201eGrenz\u00fcberschreitung\u201c greift das historische Datum des 9. Novembers und den Fall der Berliner Mauer auf. Es steht symbolisch f\u00fcr die Offenheit, mit der die Museen im Hofer Land kulturelle, historische und gesellschaftliche Themen kreativ und spielerisch f\u00fcr alle Generationen vermitteln. Der Museumstag l\u00e4dt dazu ein, Geschichte nicht nur zu h\u00f6ren oder zu sehen, sondern aktiv zu erleben und zu gestalten\u201c, so <strong>Mareike R\u00f6del <\/strong>aus der Kreisentwicklung des Landkreises Hof, die den 2. Museumstag Hofer Land mitorganisiert.<\/p>\n\n\n\n<p><strong>Programm\u00fcbersicht f\u00fcr den 9. November 2025<\/strong><\/p>\n\n\n\n<ul class=\"wp-block-list\">\n<li><strong>09:00 \u2013 18:00 Uhr:<\/strong>  Museum M\u00f6dlareuth ge\u00f6ffnet<\/li>\n\n\n\n<li><strong>11:00 \u2013 18:00 Uhr:<\/strong> Pr\u00e4sentationen und Mitmachaktionen der Museen aus dem Hofer Land<\/li>\n\n\n\n<li><strong>12:00 Uhr:<\/strong> Begr\u00fc\u00dfung durch Landrat Dr. Oliver B\u00e4r und Museumsleiter Robert Lebegern<\/li>\n\n\n\n<li><strong>im Anschluss:<\/strong> Impulsvortrag \u201eDer Weg zum neuen Museum\u201c durch BLZ-Direktor Rupert Gr\u00fcbl sowie die Kuratoren (Robert Lebegern, Dr. Jochen Ramming, Dr. Ludwig Unger)<\/li>\n\n\n\n<li><strong>14:00 Uhr:<\/strong>\n<ul class=\"wp-block-list\">\n<li>Ansprache von Wolfram Weimer, Beauftragter der Bundesregierung f\u00fcr Kultur und Medien<\/li>\n\n\n\n<li>Vortrag von Sabine Bergmann-Pohl, Pr\u00e4sidentin der ersten frei gew\u00e4hlten Volkskammer und letztes Staatsoberhaupt der DDR<\/li>\n<\/ul>\n<\/li>\n<\/ul>\n\n\n\n<p>Anschlie\u00dfend Rundgang der Ehreng\u00e4ste und Besichtigung der neuen Ausstellung<\/p>\n\n\n\n<p>Der Eintritt zur <strong>offiziellen Er\u00f6ffnung<\/strong> sowie zum <strong>Museumstag Hofer Land<\/strong> ist <strong>jaar<\/strong>.<\/p>\n\n\n\n<p><\/p>\n\n\n\n<p><strong>Generelle \u00d6ffnungszeiten des Deutsch-Deutschen Museums M\u00f6dlareuth<\/strong><\/p>\n\n\n\n<figure class=\"wp-block-table\"><table class=\"has-fixed-layout\"><tbody><tr><td>&nbsp;<\/td><td><strong>Sommer <br>01.03. &#8211; 31.10.<\/strong><\/td><td><strong>Winter<br>01.11. &#8211; 28.02.<\/strong><\/td><\/tr><tr><td>Montag<\/td><td colspan=\"2\">nach Voranmeldung (09:00 bis 16:00 Uhr) &nbsp;<\/td><\/tr><tr><td>Dienstag \u2013 Sonntag &nbsp;<\/td><td>09:00 bis 18:00 Uhr<\/td><td>09:00 bis 17:00 Uhr<\/td><\/tr><\/tbody><\/table><\/figure>\n\n\n\n<p><\/p>\n\n\n\n<p>Titelfoto (v.l.n.r.): Dr. Ludwig Unger (Bayerische Landeszentrale f\u00fcr politische Bildungsarbeit), Mareike R\u00f6del (Kreisentwicklung Landkreis Hof), Landrat Dr. Oliver B\u00e4r, Museumsleiter Robert Lebegern, Christine Franz (Zweckverband Deutsch-Deutsches Museum M\u00f6dlareuth)<\/p>\n\n\n\n<p><\/p>","protected":false},"excerpt":{"rendered":"<p>Im Rahmen einer Pressekonferenz im Deutsch-Deutschen Museum M\u00f6dlareuth haben Landrat Dr. Oliver B\u00e4r, Museumsleiter Robert Lebegern, Museumskurator Dr. Ludwig Unger und Mareike R\u00f6del aus der Landkreisentwicklung das Programm f\u00fcr die feierliche Er\u00f6ffnung des neuen Museumsgeb\u00e4udes am 9. November 2025 sowie den am selben Tag stattfindenden Museumstag Hofer Land vorgestellt. Dr. Unger gab dabei gemeinsam mit&#8230;<\/p>","protected":false},"author":10,"featured_media":15378,"comment_status":"closed","ping_status":"closed","sticky":false,"template":"","format":"standard","meta":{"_acf_changed":false,"inline_featured_image":false,"_kad_post_transparent":"","_kad_post_title":"","_kad_post_layout":"","_kad_post_sidebar_id":"","_kad_post_content_style":"","_kad_post_vertical_padding":"","_kad_post_feature":"","_kad_post_feature_position":"","_kad_post_header":false,"_kad_post_footer":false,"_kad_post_classname":"","footnotes":""},"categories":[1],"tags":[],"class_list":["post-15377","post","type-post","status-publish","format-standard","has-post-thumbnail","hentry","category-aktuelles"],"acf":[],"yoast_head":"<!-- This site is optimized with the Yoast SEO plugin v27.5 - https:\/\/yoast.com\/product\/yoast-seo-wordpress\/ -->\n<title>M\u00f6dlareuth: Er\u00f6ffnung des neuen Museumsgeb\u00e4udes &amp; 2. Museumstag Hofer Land - Deutsch-Deutsches Museum M\u00f6dlareuth<\/title>\n<meta name=\"robots\" content=\"index, follow, max-snippet:-1, max-image-preview:large, max-video-preview:-1\" \/>\n<link rel=\"canonical\" href=\"https:\/\/www.moedlareuth.de\/nl\/eroeffnung-museumsneubau-2-museumstag-hofer-land\/\" \/>\n<meta property=\"og:locale\" content=\"nl_NL\" \/>\n<meta property=\"og:type\" content=\"article\" \/>\n<meta property=\"og:title\" content=\"M\u00f6dlareuth: Er\u00f6ffnung des neuen Museumsgeb\u00e4udes &amp; 2. Museumstag Hofer Land - Deutsch-Deutsches Museum M\u00f6dlareuth\" \/>\n<meta property=\"og:description\" content=\"Im Rahmen einer Pressekonferenz im Deutsch-Deutschen Museum M\u00f6dlareuth haben Landrat Dr. Oliver B\u00e4r, Museumsleiter Robert Lebegern, Museumskurator Dr. Ludwig Unger und Mareike R\u00f6del aus der Landkreisentwicklung das Programm f\u00fcr die feierliche Er\u00f6ffnung des neuen Museumsgeb\u00e4udes am 9. November 2025 sowie den am selben Tag stattfindenden Museumstag Hofer Land vorgestellt. Dr. Unger gab dabei gemeinsam mit...\" \/>\n<meta property=\"og:url\" content=\"https:\/\/www.moedlareuth.de\/nl\/eroeffnung-museumsneubau-2-museumstag-hofer-land\/\" \/>\n<meta property=\"og:site_name\" content=\"Deutsch-Deutsches Museum M\u00f6dlareuth\" \/>\n<meta property=\"article:published_time\" content=\"2025-10-23T12:18:12+00:00\" \/>\n<meta property=\"article:modified_time\" content=\"2025-10-27T07:39:06+00:00\" \/>\n<meta property=\"og:image\" content=\"https:\/\/www.moedlareuth.de\/wp-content\/uploads\/2025\/10\/25-10-21-10-35-39-6164_kl-scaled.jpg\" \/>\n\t<meta property=\"og:image:width\" content=\"2231\" \/>\n\t<meta property=\"og:image:height\" content=\"2560\" \/>\n\t<meta property=\"og:image:type\" content=\"image\/jpeg\" \/>\n<meta name=\"author\" content=\"Susan Burger\" \/>\n<meta name=\"twitter:card\" content=\"summary_large_image\" \/>\n<meta name=\"twitter:label1\" content=\"Geschreven door\" \/>\n\t<meta name=\"twitter:data1\" content=\"Susan Burger\" \/>\n\t<meta name=\"twitter:label2\" content=\"Geschatte leestijd\" \/>\n\t<meta name=\"twitter:data2\" content=\"6 minuten\" \/>\n<script type=\"application\/ld+json\" class=\"yoast-schema-graph\">{\"@context\":\"https:\\\/\\\/schema.org\",\"@graph\":[{\"@type\":\"Article\",\"@id\":\"https:\\\/\\\/www.moedlareuth.de\\\/eroeffnung-museumsneubau-2-museumstag-hofer-land\\\/#article\",\"isPartOf\":{\"@id\":\"https:\\\/\\\/www.moedlareuth.de\\\/eroeffnung-museumsneubau-2-museumstag-hofer-land\\\/\"},\"author\":{\"name\":\"Susan Burger\",\"@id\":\"https:\\\/\\\/moedlareuth.de\\\/preview\\\/#\\\/schema\\\/person\\\/42d95c7c900104834e45a22afe68e54d\"},\"headline\":\"M\u00f6dlareuth: Er\u00f6ffnung des neuen Museumsgeb\u00e4udes &amp; 2. Museumstag Hofer Land\",\"datePublished\":\"2025-10-23T12:18:12+00:00\",\"dateModified\":\"2025-10-27T07:39:06+00:00\",\"mainEntityOfPage\":{\"@id\":\"https:\\\/\\\/www.moedlareuth.de\\\/eroeffnung-museumsneubau-2-museumstag-hofer-land\\\/\"},\"wordCount\":933,\"publisher\":{\"@id\":\"https:\\\/\\\/moedlareuth.de\\\/preview\\\/#organization\"},\"image\":{\"@id\":\"https:\\\/\\\/www.moedlareuth.de\\\/eroeffnung-museumsneubau-2-museumstag-hofer-land\\\/#primaryimage\"},\"thumbnailUrl\":\"https:\\\/\\\/www.moedlareuth.de\\\/wp-content\\\/uploads\\\/2025\\\/10\\\/25-10-21-10-35-39-6164_kl-scaled.jpg\",\"articleSection\":[\"Aktuelles\"],\"inLanguage\":\"nl-NL\"},{\"@type\":\"WebPage\",\"@id\":\"https:\\\/\\\/www.moedlareuth.de\\\/eroeffnung-museumsneubau-2-museumstag-hofer-land\\\/\",\"url\":\"https:\\\/\\\/www.moedlareuth.de\\\/eroeffnung-museumsneubau-2-museumstag-hofer-land\\\/\",\"name\":\"M\u00f6dlareuth: Er\u00f6ffnung des neuen Museumsgeb\u00e4udes &amp; 2. Museumstag Hofer Land - Deutsch-Deutsches Museum M\u00f6dlareuth\",\"isPartOf\":{\"@id\":\"https:\\\/\\\/moedlareuth.de\\\/preview\\\/#website\"},\"primaryImageOfPage\":{\"@id\":\"https:\\\/\\\/www.moedlareuth.de\\\/eroeffnung-museumsneubau-2-museumstag-hofer-land\\\/#primaryimage\"},\"image\":{\"@id\":\"https:\\\/\\\/www.moedlareuth.de\\\/eroeffnung-museumsneubau-2-museumstag-hofer-land\\\/#primaryimage\"},\"thumbnailUrl\":\"https:\\\/\\\/www.moedlareuth.de\\\/wp-content\\\/uploads\\\/2025\\\/10\\\/25-10-21-10-35-39-6164_kl-scaled.jpg\",\"datePublished\":\"2025-10-23T12:18:12+00:00\",\"dateModified\":\"2025-10-27T07:39:06+00:00\",\"breadcrumb\":{\"@id\":\"https:\\\/\\\/www.moedlareuth.de\\\/eroeffnung-museumsneubau-2-museumstag-hofer-land\\\/#breadcrumb\"},\"inLanguage\":\"nl-NL\",\"potentialAction\":[{\"@type\":\"ReadAction\",\"target\":[\"https:\\\/\\\/www.moedlareuth.de\\\/eroeffnung-museumsneubau-2-museumstag-hofer-land\\\/\"]}]},{\"@type\":\"ImageObject\",\"inLanguage\":\"nl-NL\",\"@id\":\"https:\\\/\\\/www.moedlareuth.de\\\/eroeffnung-museumsneubau-2-museumstag-hofer-land\\\/#primaryimage\",\"url\":\"https:\\\/\\\/www.moedlareuth.de\\\/wp-content\\\/uploads\\\/2025\\\/10\\\/25-10-21-10-35-39-6164_kl-scaled.jpg\",\"contentUrl\":\"https:\\\/\\\/www.moedlareuth.de\\\/wp-content\\\/uploads\\\/2025\\\/10\\\/25-10-21-10-35-39-6164_kl-scaled.jpg\",\"width\":2231,\"height\":2560},{\"@type\":\"BreadcrumbList\",\"@id\":\"https:\\\/\\\/www.moedlareuth.de\\\/eroeffnung-museumsneubau-2-museumstag-hofer-land\\\/#breadcrumb\",\"itemListElement\":[{\"@type\":\"ListItem\",\"position\":1,\"name\":\"Startseite\",\"item\":\"https:\\\/\\\/www.moedlareuth.de\\\/\"},{\"@type\":\"ListItem\",\"position\":2,\"name\":\"M\u00f6dlareuth: Er\u00f6ffnung des neuen Museumsgeb\u00e4udes &amp; 2. Museumstag Hofer Land\"}]},{\"@type\":\"WebSite\",\"@id\":\"https:\\\/\\\/moedlareuth.de\\\/preview\\\/#website\",\"url\":\"https:\\\/\\\/moedlareuth.de\\\/preview\\\/\",\"name\":\"Deutsch-Deutsches Museum M\u00f6dlareuth\",\"description\":\"Gedenkst\u00e4tte zur deutschen Teilung\",\"publisher\":{\"@id\":\"https:\\\/\\\/moedlareuth.de\\\/preview\\\/#organization\"},\"potentialAction\":[{\"@type\":\"SearchAction\",\"target\":{\"@type\":\"EntryPoint\",\"urlTemplate\":\"https:\\\/\\\/moedlareuth.de\\\/preview\\\/?s={search_term_string}\"},\"query-input\":{\"@type\":\"PropertyValueSpecification\",\"valueRequired\":true,\"valueName\":\"search_term_string\"}}],\"inLanguage\":\"nl-NL\"},{\"@type\":\"Organization\",\"@id\":\"https:\\\/\\\/moedlareuth.de\\\/preview\\\/#organization\",\"name\":\"Deutsch-Deutsches Museum M\u00f6dlareuth\",\"url\":\"https:\\\/\\\/moedlareuth.de\\\/preview\\\/\",\"logo\":{\"@type\":\"ImageObject\",\"inLanguage\":\"nl-NL\",\"@id\":\"https:\\\/\\\/moedlareuth.de\\\/preview\\\/#\\\/schema\\\/logo\\\/image\\\/\",\"url\":\"https:\\\/\\\/www.moedlareuth.de\\\/wp-content\\\/uploads\\\/2022\\\/02\\\/museum_moedlareuth_logo_hell_zusatz.svg\",\"contentUrl\":\"https:\\\/\\\/www.moedlareuth.de\\\/wp-content\\\/uploads\\\/2022\\\/02\\\/museum_moedlareuth_logo_hell_zusatz.svg\",\"width\":255,\"height\":62,\"caption\":\"Deutsch-Deutsches Museum M\u00f6dlareuth\"},\"image\":{\"@id\":\"https:\\\/\\\/moedlareuth.de\\\/preview\\\/#\\\/schema\\\/logo\\\/image\\\/\"}},{\"@type\":\"Person\",\"@id\":\"https:\\\/\\\/moedlareuth.de\\\/preview\\\/#\\\/schema\\\/person\\\/42d95c7c900104834e45a22afe68e54d\",\"name\":\"Susan Burger\",\"url\":\"https:\\\/\\\/www.moedlareuth.de\\\/nl\\\/author\\\/s-burger\\\/\"}]}<\/script>\n<!-- \/ Yoast SEO plugin. -->","yoast_head_json":{"title":"M\u00f6dlareuth: Er\u00f6ffnung des neuen Museumsgeb\u00e4udes &amp; 2. Museumstag Hofer Land - Deutsch-Deutsches Museum M\u00f6dlareuth","robots":{"index":"index","follow":"follow","max-snippet":"max-snippet:-1","max-image-preview":"max-image-preview:large","max-video-preview":"max-video-preview:-1"},"canonical":"https:\/\/www.moedlareuth.de\/nl\/eroeffnung-museumsneubau-2-museumstag-hofer-land\/","og_locale":"nl_NL","og_type":"article","og_title":"M\u00f6dlareuth: Er\u00f6ffnung des neuen Museumsgeb\u00e4udes &amp; 2. Museumstag Hofer Land - Deutsch-Deutsches Museum M\u00f6dlareuth","og_description":"Im Rahmen einer Pressekonferenz im Deutsch-Deutschen Museum M\u00f6dlareuth haben Landrat Dr. Oliver B\u00e4r, Museumsleiter Robert Lebegern, Museumskurator Dr. Ludwig Unger und Mareike R\u00f6del aus der Landkreisentwicklung das Programm f\u00fcr die feierliche Er\u00f6ffnung des neuen Museumsgeb\u00e4udes am 9. November 2025 sowie den am selben Tag stattfindenden Museumstag Hofer Land vorgestellt. Dr. Unger gab dabei gemeinsam mit...","og_url":"https:\/\/www.moedlareuth.de\/nl\/eroeffnung-museumsneubau-2-museumstag-hofer-land\/","og_site_name":"Deutsch-Deutsches Museum M\u00f6dlareuth","article_published_time":"2025-10-23T12:18:12+00:00","article_modified_time":"2025-10-27T07:39:06+00:00","og_image":[{"width":2231,"height":2560,"url":"https:\/\/www.moedlareuth.de\/wp-content\/uploads\/2025\/10\/25-10-21-10-35-39-6164_kl-scaled.jpg","type":"image\/jpeg"}],"author":"Susan Burger","twitter_card":"summary_large_image","twitter_misc":{"Geschreven door":"Susan Burger","Geschatte leestijd":"6 minuten"},"schema":{"@context":"https:\/\/schema.org","@graph":[{"@type":"Article","@id":"https:\/\/www.moedlareuth.de\/eroeffnung-museumsneubau-2-museumstag-hofer-land\/#article","isPartOf":{"@id":"https:\/\/www.moedlareuth.de\/eroeffnung-museumsneubau-2-museumstag-hofer-land\/"},"author":{"name":"Susan Burger","@id":"https:\/\/moedlareuth.de\/preview\/#\/schema\/person\/42d95c7c900104834e45a22afe68e54d"},"headline":"M\u00f6dlareuth: Er\u00f6ffnung des neuen Museumsgeb\u00e4udes &amp; 2. Museumstag Hofer Land","datePublished":"2025-10-23T12:18:12+00:00","dateModified":"2025-10-27T07:39:06+00:00","mainEntityOfPage":{"@id":"https:\/\/www.moedlareuth.de\/eroeffnung-museumsneubau-2-museumstag-hofer-land\/"},"wordCount":933,"publisher":{"@id":"https:\/\/moedlareuth.de\/preview\/#organization"},"image":{"@id":"https:\/\/www.moedlareuth.de\/eroeffnung-museumsneubau-2-museumstag-hofer-land\/#primaryimage"},"thumbnailUrl":"https:\/\/www.moedlareuth.de\/wp-content\/uploads\/2025\/10\/25-10-21-10-35-39-6164_kl-scaled.jpg","articleSection":["Aktuelles"],"inLanguage":"nl-NL"},{"@type":"WebPage","@id":"https:\/\/www.moedlareuth.de\/eroeffnung-museumsneubau-2-museumstag-hofer-land\/","url":"https:\/\/www.moedlareuth.de\/eroeffnung-museumsneubau-2-museumstag-hofer-land\/","name":"M\u00f6dlareuth: Er\u00f6ffnung des neuen Museumsgeb\u00e4udes &amp; 2. Museumstag Hofer Land - Deutsch-Deutsches Museum M\u00f6dlareuth","isPartOf":{"@id":"https:\/\/moedlareuth.de\/preview\/#website"},"primaryImageOfPage":{"@id":"https:\/\/www.moedlareuth.de\/eroeffnung-museumsneubau-2-museumstag-hofer-land\/#primaryimage"},"image":{"@id":"https:\/\/www.moedlareuth.de\/eroeffnung-museumsneubau-2-museumstag-hofer-land\/#primaryimage"},"thumbnailUrl":"https:\/\/www.moedlareuth.de\/wp-content\/uploads\/2025\/10\/25-10-21-10-35-39-6164_kl-scaled.jpg","datePublished":"2025-10-23T12:18:12+00:00","dateModified":"2025-10-27T07:39:06+00:00","breadcrumb":{"@id":"https:\/\/www.moedlareuth.de\/eroeffnung-museumsneubau-2-museumstag-hofer-land\/#breadcrumb"},"inLanguage":"nl-NL","potentialAction":[{"@type":"ReadAction","target":["https:\/\/www.moedlareuth.de\/eroeffnung-museumsneubau-2-museumstag-hofer-land\/"]}]},{"@type":"ImageObject","inLanguage":"nl-NL","@id":"https:\/\/www.moedlareuth.de\/eroeffnung-museumsneubau-2-museumstag-hofer-land\/#primaryimage","url":"https:\/\/www.moedlareuth.de\/wp-content\/uploads\/2025\/10\/25-10-21-10-35-39-6164_kl-scaled.jpg","contentUrl":"https:\/\/www.moedlareuth.de\/wp-content\/uploads\/2025\/10\/25-10-21-10-35-39-6164_kl-scaled.jpg","width":2231,"height":2560},{"@type":"BreadcrumbList","@id":"https:\/\/www.moedlareuth.de\/eroeffnung-museumsneubau-2-museumstag-hofer-land\/#breadcrumb","itemListElement":[{"@type":"ListItem","position":1,"name":"Startseite","item":"https:\/\/www.moedlareuth.de\/"},{"@type":"ListItem","position":2,"name":"M\u00f6dlareuth: Er\u00f6ffnung des neuen Museumsgeb\u00e4udes &amp; 2. Museumstag Hofer Land"}]},{"@type":"WebSite","@id":"https:\/\/moedlareuth.de\/preview\/#website","url":"https:\/\/moedlareuth.de\/preview\/","name":"Duits-Duits Museum M\u00f6dlareuth","description":"Gedenkteken voor de verdeling van Duitsland","publisher":{"@id":"https:\/\/moedlareuth.de\/preview\/#organization"},"potentialAction":[{"@type":"SearchAction","target":{"@type":"EntryPoint","urlTemplate":"https:\/\/moedlareuth.de\/preview\/?s={search_term_string}"},"query-input":{"@type":"PropertyValueSpecification","valueRequired":true,"valueName":"search_term_string"}}],"inLanguage":"nl-NL"},{"@type":"Organization","@id":"https:\/\/moedlareuth.de\/preview\/#organization","name":"Duits-Duits Museum M\u00f6dlareuth","url":"https:\/\/moedlareuth.de\/preview\/","logo":{"@type":"ImageObject","inLanguage":"nl-NL","@id":"https:\/\/moedlareuth.de\/preview\/#\/schema\/logo\/image\/","url":"https:\/\/www.moedlareuth.de\/wp-content\/uploads\/2022\/02\/museum_moedlareuth_logo_hell_zusatz.svg","contentUrl":"https:\/\/www.moedlareuth.de\/wp-content\/uploads\/2022\/02\/museum_moedlareuth_logo_hell_zusatz.svg","width":255,"height":62,"caption":"Deutsch-Deutsches Museum M\u00f6dlareuth"},"image":{"@id":"https:\/\/moedlareuth.de\/preview\/#\/schema\/logo\/image\/"}},{"@type":"Person","@id":"https:\/\/moedlareuth.de\/preview\/#\/schema\/person\/42d95c7c900104834e45a22afe68e54d","name":"Susan Burger","url":"https:\/\/www.moedlareuth.de\/nl\/author\/s-burger\/"}]}},"_links":{"self":[{"href":"https:\/\/www.moedlareuth.de\/nl\/wp-json\/wp\/v2\/posts\/15377","targetHints":{"allow":["GET"]}}],"collection":[{"href":"https:\/\/www.moedlareuth.de\/nl\/wp-json\/wp\/v2\/posts"}],"about":[{"href":"https:\/\/www.moedlareuth.de\/nl\/wp-json\/wp\/v2\/types\/post"}],"author":[{"embeddable":true,"href":"https:\/\/www.moedlareuth.de\/nl\/wp-json\/wp\/v2\/users\/10"}],"replies":[{"embeddable":true,"href":"https:\/\/www.moedlareuth.de\/nl\/wp-json\/wp\/v2\/comments?post=15377"}],"version-history":[{"count":5,"href":"https:\/\/www.moedlareuth.de\/nl\/wp-json\/wp\/v2\/posts\/15377\/revisions"}],"predecessor-version":[{"id":15396,"href":"https:\/\/www.moedlareuth.de\/nl\/wp-json\/wp\/v2\/posts\/15377\/revisions\/15396"}],"wp:featuredmedia":[{"embeddable":true,"href":"https:\/\/www.moedlareuth.de\/nl\/wp-json\/wp\/v2\/media\/15378"}],"wp:attachment":[{"href":"https:\/\/www.moedlareuth.de\/nl\/wp-json\/wp\/v2\/media?parent=15377"}],"wp:term":[{"taxonomy":"category","embeddable":true,"href":"https:\/\/www.moedlareuth.de\/nl\/wp-json\/wp\/v2\/categories?post=15377"},{"taxonomy":"post_tag","embeddable":true,"href":"https:\/\/www.moedlareuth.de\/nl\/wp-json\/wp\/v2\/tags?post=15377"}],"curies":[{"name":"wp","href":"https:\/\/api.w.org\/{rel}","templated":true}]}}