{"id":13674,"date":"2024-07-05T11:22:27","date_gmt":"2024-07-05T09:22:27","guid":{"rendered":"https:\/\/www.moedlareuth.de\/?p=13674"},"modified":"2024-07-05T11:22:28","modified_gmt":"2024-07-05T09:22:28","slug":"ungarische-schueler-zu-gast-in-moedlareuth","status":"publish","type":"post","link":"https:\/\/www.moedlareuth.de\/nl\/ungarische-schueler-zu-gast-in-moedlareuth\/","title":{"rendered":"Ungarische Sch\u00fcler zu Gast in M\u00f6dlareuth"},"content":{"rendered":"<p>Erstmals auch ungarische Sch\u00fclerinnen und Sch\u00fcler aus Sopron konnte B\u00fcrgermeister Alexander K\u00e4tzel (T\u00f6pen) in Vertretung des Zweckverbandsvorsitzenden, Landrat Dr. Oliver B\u00e4r, im Deutsch-Deutschen Museum M\u00f6dlareuth willkommen hei\u00dfen. Sie nahmen an einem Drei-Tage-Seminar des Museums und der Bayerischen Landeszentrale f\u00fcr politische Bildungsarbeit zur deutschen Teilung und der Wiedervereinigung teil.<\/p>\n\n\n\n<p>Anl\u00e4sslich des 35. Jahrestages der Friedlichen Revolution und Grenz\u00f6ffnung 1989 organisierte Museumsleiter Robert Lebegern in Zusammenarbeit mit dem Deutsch-Ungarischen Jugendwerk diese Begegnung von jeweils 14 Sch\u00fclerinnen und Sch\u00fclern vom Sz\u00e9chenyi Istv\u00e1n Gimn\u00e1zium Sorpon und vom Hildegardis-Gymnasiums Kempten. Betreut wurden die Sch\u00fcler von den Lehrkr\u00e4ften Em\u00f3ke Kasz\u00e1s und Sz\u00e1nto R\u00e9ka Mik\u00f3n\u00e9 sowie Jana Pittel und Benjamin Adam. Domokos Kov\u00e1cs begleitete die Sch\u00fclergruppe als Mitarbeiter des Deutsch-Ungarischen Jugendwerks, das die Veranstaltung auch finanziell f\u00f6rderte.<\/p>\n\n\n\n<p>Bei dem Seminar wurde klar: Am 19. August 1989 fand in Sopron das paneurop\u00e4ische Picknick statt. Die damals kurzzeitige \u00d6ffnung des ungarischen Grenztores nutzen \u00fcber 600 DDR-Bewohner zur Flucht in das benachbarte \u00f6sterreichische M\u00f6rbisch. Nach dem Bau der Berliner Mauer stellte dieses Ereignis die bis zu diesem Zeitpunkt gr\u00f6\u00dfte Massenflucht von DDR-B\u00fcrgern in den Westen dar. Heute erinnert in Sopron eine Gedenkst\u00e4tte an dieses historische Ereignis, das einen wichtigen Beitrag zum Fall des Eisernen Vorhangs in Europa 1989 darstellte. Die Jugendlichen aus Sopron hatten dazu auch einen Kurzfilm gedreht und in M\u00f6dlareuth gezeigt.<\/p>\n\n\n\n<p>Der ungarisch-deutschen Sch\u00fclergruppe wurde im Verlauf des dreit\u00e4gigen Seminars ein abwechslungsreiches Programm geboten. Die M\u00f6dlareuther Gedenkst\u00e4ttenlehrer Andrea Friedrich und Jochen Frank f\u00fchrten in die Geschichte der deutschen Teilung ein, veranschaulichten M\u00f6dlareuth als Mikrokosmos der deutschen und europ\u00e4ischen Teilungsgeschichte und f\u00fchrten eine halbt\u00e4gige Exkursion in das bayerisch-s\u00e4chsische Grenzgebiet u.a. zum Grenzbahnhof Gutenf\u00fcrst und zu dem Grenzturm Heinersgr\u00fcn durch. Die Zeitzeugen Dieter G\u00e4belein und Sabine Popp verdeutlichten den Jugendlichen anhand ihrer Lebensgeschichte, wie die SED-Diktatur mit Andersdenkenden umging. Unter dem Motto \u201eSch\u00fcler informieren Sch\u00fcler\u201c pr\u00e4sentierten die Sch\u00fcler aus Sopron die Ereignisse des Paneurop\u00e4ischen Picknicks mit selbst erarbeiteten Kurzfilmen, Interviews und Powerpoint-Pr\u00e4sentationen. Die Gymnasiasten aus Kempten informierten ihrerseits mit historischen Filmausschnitten und Fotos \u00fcber die Prager Botschaftsfl\u00fcchtlinge und die Grenz\u00f6ffnung am 09. November 1989.<\/p>\n\n\n\n<p>Dr. Ludwig Unger von der Bayerischen Landeszentrale f\u00fcr politische Bildungsarbeit moderierte und kommentierte dabei die inhaltlich sehr gelungenen und optisch ansprechenden Beitr\u00e4ge. \u201eSopron und Prag zeigten in diesem Schl\u00fcsseljahr die Unzufriedenheit der Menschen in der DDR mit der SED-Diktatur. In der DDR breiteten sich die Aktionen der Opposition gegen die Diktatur von Leipzig auf mehr als hundert St\u00e4dte und Orte aus\u201c.<\/p>\n\n\n\n<p>Robert Lebegern bedankte sich abschlie\u00dfend bei den Sch\u00fclerinnen und Sch\u00fclern aus Sopron und aus Kempten, den Lehrkr\u00e4ften und allen Beteiligten f\u00fcr die Teilnahme an diesem Sch\u00fclerseminar. Er fasste noch einmal die Massenausreise aus der DDR \u00fcber Ungarn und Prag, die Massendemonstrationen in der DDR mit den beiden Zentren in Leipzig und Plauen sowie die Ereignisse des Mauerfalls in Berlin und die \u00d6ffnung der innerdeutschen Grenze am 09. November 1989 zusammen. Er unterstrich \u201edie Wichtigkeit des Erhalts von Erinnerungsorten wie Sopron und die bundesdeutsche Botschaft in Prag, die nicht nur f\u00fcr die \u00dcberwindung der deutschen Teilung, sondern auch f\u00fcr die \u00dcberwindung des Eisernen Vorhangs in Europa stehen\u201c.<\/p>\n\n\n\n<div class=\"wp-block-group\"><div class=\"wp-block-group__inner-container is-layout-constrained wp-block-group-is-layout-constrained\">\n<figure class=\"wp-block-image size-full\"><a href=\"https:\/\/www.moedlareuth.de\/wp-content\/uploads\/2024\/07\/Moedlareuth-Schuelerseminar012-Bild-Landratsamt-klein.jpg\"><img fetchpriority=\"high\" decoding=\"async\" width=\"5000\" height=\"3333\" src=\"https:\/\/www.moedlareuth.de\/wp-content\/uploads\/2024\/07\/Moedlareuth-Schuelerseminar012-Bild-Landratsamt-klein.jpg\" alt=\"\" class=\"wp-image-13675\"\/><\/a><figcaption class=\"wp-element-caption\">Das Gruppenbild zeigt von links Domokos Kov\u00e1cs vom Deutsch-Ungarischen Jugendwerk, Christine Franz von der Gesch\u00e4ftsstelle des Museums im Landratsamt Hof, B\u00fcrgermeister Alexander K\u00e4tzel (Gemeinde T\u00f6pen) f\u00fcr den Zweckverband des Museums, Em\u00f3ke Kasz\u00e1s Lehrerin am Sz\u00e9chenyi Istv\u00e1n Gimn\u00e1zium Sorpon, Dr. Ludwig Unger von der Bayerischen Landezentrale f\u00fcr politische Bildung, Sabine Popp, Zeitzeugin, und Sz\u00e1nto R\u00e9ka Mik\u00f3n\u00e9, ebenfalls Lehrerin am Sz\u00e9chenyi Istv\u00e1n Gymnasium Sopron, Museumsleiter Robert Lebegern sowie Jana Pittel (zweite von rechts), Lehrerin am&nbsp; Hildegardis-Gymnasium Kempten zusammen mit den Sch\u00fclern aus Kempten und Sopron vor dem Grenzzaun in M\u00f6dlareuth. &nbsp;&nbsp;<\/figcaption><\/figure>\n<\/div><\/div>\n\n\n\n<p><\/p>","protected":false},"excerpt":{"rendered":"<p>Erstmals auch ungarische Sch\u00fclerinnen und Sch\u00fcler aus Sopron konnte B\u00fcrgermeister Alexander K\u00e4tzel (T\u00f6pen) in Vertretung des Zweckverbandsvorsitzenden, Landrat Dr. Oliver B\u00e4r, im Deutsch-Deutschen Museum M\u00f6dlareuth willkommen hei\u00dfen. Sie nahmen an einem Drei-Tage-Seminar des Museums und der Bayerischen Landeszentrale f\u00fcr politische Bildungsarbeit zur deutschen Teilung und der Wiedervereinigung teil. Anl\u00e4sslich des 35. Jahrestages der Friedlichen Revolution&#8230;<\/p>","protected":false},"author":10,"featured_media":13676,"comment_status":"closed","ping_status":"closed","sticky":false,"template":"","format":"standard","meta":{"_acf_changed":false,"inline_featured_image":false,"_kad_post_transparent":"","_kad_post_title":"","_kad_post_layout":"","_kad_post_sidebar_id":"","_kad_post_content_style":"","_kad_post_vertical_padding":"","_kad_post_feature":"","_kad_post_feature_position":"","_kad_post_header":false,"_kad_post_footer":false,"_kad_post_classname":"","footnotes":""},"categories":[1],"tags":[],"class_list":["post-13674","post","type-post","status-publish","format-standard","has-post-thumbnail","hentry","category-aktuelles"],"acf":[],"yoast_head":"<!-- This site is optimized with the Yoast SEO plugin v27.5 - https:\/\/yoast.com\/product\/yoast-seo-wordpress\/ -->\n<title>Ungarische Sch\u00fcler zu Gast in M\u00f6dlareuth - Deutsch-Deutsches Museum M\u00f6dlareuth<\/title>\n<meta name=\"robots\" content=\"index, follow, max-snippet:-1, max-image-preview:large, max-video-preview:-1\" \/>\n<link rel=\"canonical\" href=\"https:\/\/www.moedlareuth.de\/nl\/ungarische-schueler-zu-gast-in-moedlareuth\/\" \/>\n<meta property=\"og:locale\" content=\"nl_NL\" \/>\n<meta property=\"og:type\" content=\"article\" \/>\n<meta property=\"og:title\" content=\"Ungarische Sch\u00fcler zu Gast in M\u00f6dlareuth - Deutsch-Deutsches Museum M\u00f6dlareuth\" \/>\n<meta property=\"og:description\" content=\"Erstmals auch ungarische Sch\u00fclerinnen und Sch\u00fcler aus Sopron konnte B\u00fcrgermeister Alexander K\u00e4tzel (T\u00f6pen) in Vertretung des Zweckverbandsvorsitzenden, Landrat Dr. Oliver B\u00e4r, im Deutsch-Deutschen Museum M\u00f6dlareuth willkommen hei\u00dfen. Sie nahmen an einem Drei-Tage-Seminar des Museums und der Bayerischen Landeszentrale f\u00fcr politische Bildungsarbeit zur deutschen Teilung und der Wiedervereinigung teil. Anl\u00e4sslich des 35. Jahrestages der Friedlichen Revolution...\" \/>\n<meta property=\"og:url\" content=\"https:\/\/www.moedlareuth.de\/nl\/ungarische-schueler-zu-gast-in-moedlareuth\/\" \/>\n<meta property=\"og:site_name\" content=\"Deutsch-Deutsches Museum M\u00f6dlareuth\" \/>\n<meta property=\"article:published_time\" content=\"2024-07-05T09:22:27+00:00\" \/>\n<meta property=\"article:modified_time\" content=\"2024-07-05T09:22:28+00:00\" \/>\n<meta property=\"og:image\" content=\"https:\/\/www.moedlareuth.de\/wp-content\/uploads\/2024\/07\/2024-07-03-Seminar.jpg\" \/>\n\t<meta property=\"og:image:width\" content=\"4032\" \/>\n\t<meta property=\"og:image:height\" content=\"3024\" \/>\n\t<meta property=\"og:image:type\" content=\"image\/jpeg\" \/>\n<meta name=\"author\" content=\"Susan Burger\" \/>\n<meta name=\"twitter:card\" content=\"summary_large_image\" \/>\n<meta name=\"twitter:label1\" content=\"Geschreven door\" \/>\n\t<meta name=\"twitter:data1\" content=\"Susan Burger\" \/>\n\t<meta name=\"twitter:label2\" content=\"Geschatte leestijd\" \/>\n\t<meta name=\"twitter:data2\" content=\"4 minuten\" \/>\n<script type=\"application\/ld+json\" class=\"yoast-schema-graph\">{\"@context\":\"https:\\\/\\\/schema.org\",\"@graph\":[{\"@type\":\"Article\",\"@id\":\"https:\\\/\\\/www.moedlareuth.de\\\/ungarische-schueler-zu-gast-in-moedlareuth\\\/#article\",\"isPartOf\":{\"@id\":\"https:\\\/\\\/www.moedlareuth.de\\\/ungarische-schueler-zu-gast-in-moedlareuth\\\/\"},\"author\":{\"name\":\"Susan Burger\",\"@id\":\"https:\\\/\\\/moedlareuth.de\\\/preview\\\/#\\\/schema\\\/person\\\/42d95c7c900104834e45a22afe68e54d\"},\"headline\":\"Ungarische Sch\u00fcler zu Gast in M\u00f6dlareuth\",\"datePublished\":\"2024-07-05T09:22:27+00:00\",\"dateModified\":\"2024-07-05T09:22:28+00:00\",\"mainEntityOfPage\":{\"@id\":\"https:\\\/\\\/www.moedlareuth.de\\\/ungarische-schueler-zu-gast-in-moedlareuth\\\/\"},\"wordCount\":674,\"publisher\":{\"@id\":\"https:\\\/\\\/moedlareuth.de\\\/preview\\\/#organization\"},\"image\":{\"@id\":\"https:\\\/\\\/www.moedlareuth.de\\\/ungarische-schueler-zu-gast-in-moedlareuth\\\/#primaryimage\"},\"thumbnailUrl\":\"https:\\\/\\\/www.moedlareuth.de\\\/wp-content\\\/uploads\\\/2024\\\/07\\\/2024-07-03-Seminar.jpg\",\"articleSection\":[\"Aktuelles\"],\"inLanguage\":\"nl-NL\"},{\"@type\":\"WebPage\",\"@id\":\"https:\\\/\\\/www.moedlareuth.de\\\/ungarische-schueler-zu-gast-in-moedlareuth\\\/\",\"url\":\"https:\\\/\\\/www.moedlareuth.de\\\/ungarische-schueler-zu-gast-in-moedlareuth\\\/\",\"name\":\"Ungarische Sch\u00fcler zu Gast in M\u00f6dlareuth - Deutsch-Deutsches Museum M\u00f6dlareuth\",\"isPartOf\":{\"@id\":\"https:\\\/\\\/moedlareuth.de\\\/preview\\\/#website\"},\"primaryImageOfPage\":{\"@id\":\"https:\\\/\\\/www.moedlareuth.de\\\/ungarische-schueler-zu-gast-in-moedlareuth\\\/#primaryimage\"},\"image\":{\"@id\":\"https:\\\/\\\/www.moedlareuth.de\\\/ungarische-schueler-zu-gast-in-moedlareuth\\\/#primaryimage\"},\"thumbnailUrl\":\"https:\\\/\\\/www.moedlareuth.de\\\/wp-content\\\/uploads\\\/2024\\\/07\\\/2024-07-03-Seminar.jpg\",\"datePublished\":\"2024-07-05T09:22:27+00:00\",\"dateModified\":\"2024-07-05T09:22:28+00:00\",\"breadcrumb\":{\"@id\":\"https:\\\/\\\/www.moedlareuth.de\\\/ungarische-schueler-zu-gast-in-moedlareuth\\\/#breadcrumb\"},\"inLanguage\":\"nl-NL\",\"potentialAction\":[{\"@type\":\"ReadAction\",\"target\":[\"https:\\\/\\\/www.moedlareuth.de\\\/ungarische-schueler-zu-gast-in-moedlareuth\\\/\"]}]},{\"@type\":\"ImageObject\",\"inLanguage\":\"nl-NL\",\"@id\":\"https:\\\/\\\/www.moedlareuth.de\\\/ungarische-schueler-zu-gast-in-moedlareuth\\\/#primaryimage\",\"url\":\"https:\\\/\\\/www.moedlareuth.de\\\/wp-content\\\/uploads\\\/2024\\\/07\\\/2024-07-03-Seminar.jpg\",\"contentUrl\":\"https:\\\/\\\/www.moedlareuth.de\\\/wp-content\\\/uploads\\\/2024\\\/07\\\/2024-07-03-Seminar.jpg\",\"width\":4032,\"height\":3024},{\"@type\":\"BreadcrumbList\",\"@id\":\"https:\\\/\\\/www.moedlareuth.de\\\/ungarische-schueler-zu-gast-in-moedlareuth\\\/#breadcrumb\",\"itemListElement\":[{\"@type\":\"ListItem\",\"position\":1,\"name\":\"Startseite\",\"item\":\"https:\\\/\\\/www.moedlareuth.de\\\/\"},{\"@type\":\"ListItem\",\"position\":2,\"name\":\"Ungarische Sch\u00fcler zu Gast in M\u00f6dlareuth\"}]},{\"@type\":\"WebSite\",\"@id\":\"https:\\\/\\\/moedlareuth.de\\\/preview\\\/#website\",\"url\":\"https:\\\/\\\/moedlareuth.de\\\/preview\\\/\",\"name\":\"Deutsch-Deutsches Museum M\u00f6dlareuth\",\"description\":\"Gedenkst\u00e4tte zur deutschen Teilung\",\"publisher\":{\"@id\":\"https:\\\/\\\/moedlareuth.de\\\/preview\\\/#organization\"},\"potentialAction\":[{\"@type\":\"SearchAction\",\"target\":{\"@type\":\"EntryPoint\",\"urlTemplate\":\"https:\\\/\\\/moedlareuth.de\\\/preview\\\/?s={search_term_string}\"},\"query-input\":{\"@type\":\"PropertyValueSpecification\",\"valueRequired\":true,\"valueName\":\"search_term_string\"}}],\"inLanguage\":\"nl-NL\"},{\"@type\":\"Organization\",\"@id\":\"https:\\\/\\\/moedlareuth.de\\\/preview\\\/#organization\",\"name\":\"Deutsch-Deutsches Museum M\u00f6dlareuth\",\"url\":\"https:\\\/\\\/moedlareuth.de\\\/preview\\\/\",\"logo\":{\"@type\":\"ImageObject\",\"inLanguage\":\"nl-NL\",\"@id\":\"https:\\\/\\\/moedlareuth.de\\\/preview\\\/#\\\/schema\\\/logo\\\/image\\\/\",\"url\":\"https:\\\/\\\/www.moedlareuth.de\\\/wp-content\\\/uploads\\\/2022\\\/02\\\/museum_moedlareuth_logo_hell_zusatz.svg\",\"contentUrl\":\"https:\\\/\\\/www.moedlareuth.de\\\/wp-content\\\/uploads\\\/2022\\\/02\\\/museum_moedlareuth_logo_hell_zusatz.svg\",\"width\":255,\"height\":62,\"caption\":\"Deutsch-Deutsches Museum M\u00f6dlareuth\"},\"image\":{\"@id\":\"https:\\\/\\\/moedlareuth.de\\\/preview\\\/#\\\/schema\\\/logo\\\/image\\\/\"}},{\"@type\":\"Person\",\"@id\":\"https:\\\/\\\/moedlareuth.de\\\/preview\\\/#\\\/schema\\\/person\\\/42d95c7c900104834e45a22afe68e54d\",\"name\":\"Susan Burger\",\"url\":\"https:\\\/\\\/www.moedlareuth.de\\\/nl\\\/author\\\/s-burger\\\/\"}]}<\/script>\n<!-- \/ Yoast SEO plugin. -->","yoast_head_json":{"title":"Ungarische Sch\u00fcler zu Gast in M\u00f6dlareuth - Deutsch-Deutsches Museum M\u00f6dlareuth","robots":{"index":"index","follow":"follow","max-snippet":"max-snippet:-1","max-image-preview":"max-image-preview:large","max-video-preview":"max-video-preview:-1"},"canonical":"https:\/\/www.moedlareuth.de\/nl\/ungarische-schueler-zu-gast-in-moedlareuth\/","og_locale":"nl_NL","og_type":"article","og_title":"Ungarische Sch\u00fcler zu Gast in M\u00f6dlareuth - Deutsch-Deutsches Museum M\u00f6dlareuth","og_description":"Erstmals auch ungarische Sch\u00fclerinnen und Sch\u00fcler aus Sopron konnte B\u00fcrgermeister Alexander K\u00e4tzel (T\u00f6pen) in Vertretung des Zweckverbandsvorsitzenden, Landrat Dr. Oliver B\u00e4r, im Deutsch-Deutschen Museum M\u00f6dlareuth willkommen hei\u00dfen. Sie nahmen an einem Drei-Tage-Seminar des Museums und der Bayerischen Landeszentrale f\u00fcr politische Bildungsarbeit zur deutschen Teilung und der Wiedervereinigung teil. Anl\u00e4sslich des 35. Jahrestages der Friedlichen Revolution...","og_url":"https:\/\/www.moedlareuth.de\/nl\/ungarische-schueler-zu-gast-in-moedlareuth\/","og_site_name":"Deutsch-Deutsches Museum M\u00f6dlareuth","article_published_time":"2024-07-05T09:22:27+00:00","article_modified_time":"2024-07-05T09:22:28+00:00","og_image":[{"width":4032,"height":3024,"url":"https:\/\/www.moedlareuth.de\/wp-content\/uploads\/2024\/07\/2024-07-03-Seminar.jpg","type":"image\/jpeg"}],"author":"Susan Burger","twitter_card":"summary_large_image","twitter_misc":{"Geschreven door":"Susan Burger","Geschatte leestijd":"4 minuten"},"schema":{"@context":"https:\/\/schema.org","@graph":[{"@type":"Article","@id":"https:\/\/www.moedlareuth.de\/ungarische-schueler-zu-gast-in-moedlareuth\/#article","isPartOf":{"@id":"https:\/\/www.moedlareuth.de\/ungarische-schueler-zu-gast-in-moedlareuth\/"},"author":{"name":"Susan Burger","@id":"https:\/\/moedlareuth.de\/preview\/#\/schema\/person\/42d95c7c900104834e45a22afe68e54d"},"headline":"Ungarische Sch\u00fcler zu Gast in M\u00f6dlareuth","datePublished":"2024-07-05T09:22:27+00:00","dateModified":"2024-07-05T09:22:28+00:00","mainEntityOfPage":{"@id":"https:\/\/www.moedlareuth.de\/ungarische-schueler-zu-gast-in-moedlareuth\/"},"wordCount":674,"publisher":{"@id":"https:\/\/moedlareuth.de\/preview\/#organization"},"image":{"@id":"https:\/\/www.moedlareuth.de\/ungarische-schueler-zu-gast-in-moedlareuth\/#primaryimage"},"thumbnailUrl":"https:\/\/www.moedlareuth.de\/wp-content\/uploads\/2024\/07\/2024-07-03-Seminar.jpg","articleSection":["Aktuelles"],"inLanguage":"nl-NL"},{"@type":"WebPage","@id":"https:\/\/www.moedlareuth.de\/ungarische-schueler-zu-gast-in-moedlareuth\/","url":"https:\/\/www.moedlareuth.de\/ungarische-schueler-zu-gast-in-moedlareuth\/","name":"Ungarische Sch\u00fcler zu Gast in M\u00f6dlareuth - Deutsch-Deutsches Museum M\u00f6dlareuth","isPartOf":{"@id":"https:\/\/moedlareuth.de\/preview\/#website"},"primaryImageOfPage":{"@id":"https:\/\/www.moedlareuth.de\/ungarische-schueler-zu-gast-in-moedlareuth\/#primaryimage"},"image":{"@id":"https:\/\/www.moedlareuth.de\/ungarische-schueler-zu-gast-in-moedlareuth\/#primaryimage"},"thumbnailUrl":"https:\/\/www.moedlareuth.de\/wp-content\/uploads\/2024\/07\/2024-07-03-Seminar.jpg","datePublished":"2024-07-05T09:22:27+00:00","dateModified":"2024-07-05T09:22:28+00:00","breadcrumb":{"@id":"https:\/\/www.moedlareuth.de\/ungarische-schueler-zu-gast-in-moedlareuth\/#breadcrumb"},"inLanguage":"nl-NL","potentialAction":[{"@type":"ReadAction","target":["https:\/\/www.moedlareuth.de\/ungarische-schueler-zu-gast-in-moedlareuth\/"]}]},{"@type":"ImageObject","inLanguage":"nl-NL","@id":"https:\/\/www.moedlareuth.de\/ungarische-schueler-zu-gast-in-moedlareuth\/#primaryimage","url":"https:\/\/www.moedlareuth.de\/wp-content\/uploads\/2024\/07\/2024-07-03-Seminar.jpg","contentUrl":"https:\/\/www.moedlareuth.de\/wp-content\/uploads\/2024\/07\/2024-07-03-Seminar.jpg","width":4032,"height":3024},{"@type":"BreadcrumbList","@id":"https:\/\/www.moedlareuth.de\/ungarische-schueler-zu-gast-in-moedlareuth\/#breadcrumb","itemListElement":[{"@type":"ListItem","position":1,"name":"Startseite","item":"https:\/\/www.moedlareuth.de\/"},{"@type":"ListItem","position":2,"name":"Ungarische Sch\u00fcler zu Gast in M\u00f6dlareuth"}]},{"@type":"WebSite","@id":"https:\/\/moedlareuth.de\/preview\/#website","url":"https:\/\/moedlareuth.de\/preview\/","name":"Duits-Duits Museum M\u00f6dlareuth","description":"Gedenkteken voor de verdeling van Duitsland","publisher":{"@id":"https:\/\/moedlareuth.de\/preview\/#organization"},"potentialAction":[{"@type":"SearchAction","target":{"@type":"EntryPoint","urlTemplate":"https:\/\/moedlareuth.de\/preview\/?s={search_term_string}"},"query-input":{"@type":"PropertyValueSpecification","valueRequired":true,"valueName":"search_term_string"}}],"inLanguage":"nl-NL"},{"@type":"Organization","@id":"https:\/\/moedlareuth.de\/preview\/#organization","name":"Duits-Duits Museum M\u00f6dlareuth","url":"https:\/\/moedlareuth.de\/preview\/","logo":{"@type":"ImageObject","inLanguage":"nl-NL","@id":"https:\/\/moedlareuth.de\/preview\/#\/schema\/logo\/image\/","url":"https:\/\/www.moedlareuth.de\/wp-content\/uploads\/2022\/02\/museum_moedlareuth_logo_hell_zusatz.svg","contentUrl":"https:\/\/www.moedlareuth.de\/wp-content\/uploads\/2022\/02\/museum_moedlareuth_logo_hell_zusatz.svg","width":255,"height":62,"caption":"Deutsch-Deutsches Museum M\u00f6dlareuth"},"image":{"@id":"https:\/\/moedlareuth.de\/preview\/#\/schema\/logo\/image\/"}},{"@type":"Person","@id":"https:\/\/moedlareuth.de\/preview\/#\/schema\/person\/42d95c7c900104834e45a22afe68e54d","name":"Susan Burger","url":"https:\/\/www.moedlareuth.de\/nl\/author\/s-burger\/"}]}},"_links":{"self":[{"href":"https:\/\/www.moedlareuth.de\/nl\/wp-json\/wp\/v2\/posts\/13674","targetHints":{"allow":["GET"]}}],"collection":[{"href":"https:\/\/www.moedlareuth.de\/nl\/wp-json\/wp\/v2\/posts"}],"about":[{"href":"https:\/\/www.moedlareuth.de\/nl\/wp-json\/wp\/v2\/types\/post"}],"author":[{"embeddable":true,"href":"https:\/\/www.moedlareuth.de\/nl\/wp-json\/wp\/v2\/users\/10"}],"replies":[{"embeddable":true,"href":"https:\/\/www.moedlareuth.de\/nl\/wp-json\/wp\/v2\/comments?post=13674"}],"version-history":[{"count":3,"href":"https:\/\/www.moedlareuth.de\/nl\/wp-json\/wp\/v2\/posts\/13674\/revisions"}],"predecessor-version":[{"id":13679,"href":"https:\/\/www.moedlareuth.de\/nl\/wp-json\/wp\/v2\/posts\/13674\/revisions\/13679"}],"wp:featuredmedia":[{"embeddable":true,"href":"https:\/\/www.moedlareuth.de\/nl\/wp-json\/wp\/v2\/media\/13676"}],"wp:attachment":[{"href":"https:\/\/www.moedlareuth.de\/nl\/wp-json\/wp\/v2\/media?parent=13674"}],"wp:term":[{"taxonomy":"category","embeddable":true,"href":"https:\/\/www.moedlareuth.de\/nl\/wp-json\/wp\/v2\/categories?post=13674"},{"taxonomy":"post_tag","embeddable":true,"href":"https:\/\/www.moedlareuth.de\/nl\/wp-json\/wp\/v2\/tags?post=13674"}],"curies":[{"name":"wp","href":"https:\/\/api.w.org\/{rel}","templated":true}]}}