{"id":12887,"date":"2023-10-27T09:46:45","date_gmt":"2023-10-27T07:46:45","guid":{"rendered":"https:\/\/www.moedlareuth.de\/?p=12887"},"modified":"2023-12-21T12:29:00","modified_gmt":"2023-12-21T11:29:00","slug":"fluchtflugzeug-im-museum-moedlareuth-gelandet","status":"publish","type":"post","link":"https:\/\/www.moedlareuth.de\/nl\/fluchtflugzeug-im-museum-moedlareuth-gelandet\/","title":{"rendered":"Fluchtflugzeug im Museum M\u00f6dlareuth \u201egelandet\u201c"},"content":{"rendered":"<p>Das Deutsch-Deutsche Museum M\u00f6dlareuth ist um eine Attraktion reicher. Das selbstgebaute Leichtflugzeug DOWA 81, mit dem Dr. Gerhard Wagner mit seiner Familie 1981 \u00fcber die innerdeutsche Grenze in Richtung Hof fliehen wollte, kann seit Donnerstag in der Fahrzeug- und Technikausstellung des Museums als neues Gro\u00dfobjekt besichtigt werden, wie Museumsleiter Robert Lebegern M.A. in einer Pressemitteilung erkl\u00e4rte.<\/p>\n\n\n\n<p>Der promovierte Diplomingenieur Dr. Gerhard Wagner besch\u00e4ftigte sich bereits w\u00e4hrend seines Studiums mit dem Flugzeugbau. 1981 plante und baute er heimlich sein Leichtflugzeug DOWA 81, mit dem er zusammen mit seiner Familie in den Westen fliehen wollte. Der Selbstbau ist sechs Meter lang, weist eine Spannweite von neun Metern auf und ist ca. 250 kg schwer. Das Flugzeug selbst wurde in vier Teile zerlegbar konstruiert. Der Rumpf ist teilbar, die Fl\u00fcgel sind jeweils abnehmbar.<\/p>\n\n\n\n<figure class=\"wp-block-image size-large\"><a href=\"https:\/\/www.moedlareuth.de\/wp-content\/uploads\/2023\/10\/IMG_E3195-scaled.jpg\"><img fetchpriority=\"high\" decoding=\"async\" width=\"1024\" height=\"576\" src=\"https:\/\/www.moedlareuth.de\/wp-content\/uploads\/2023\/10\/IMG_E3195-1024x576.jpg\" alt=\"\" class=\"wp-image-12886\" srcset=\"https:\/\/www.moedlareuth.de\/wp-content\/uploads\/2023\/10\/IMG_E3195-1024x576.jpg 1024w, https:\/\/www.moedlareuth.de\/wp-content\/uploads\/2023\/10\/IMG_E3195-300x169.jpg 300w, https:\/\/www.moedlareuth.de\/wp-content\/uploads\/2023\/10\/IMG_E3195-768x432.jpg 768w, https:\/\/www.moedlareuth.de\/wp-content\/uploads\/2023\/10\/IMG_E3195-1536x864.jpg 1536w, https:\/\/www.moedlareuth.de\/wp-content\/uploads\/2023\/10\/IMG_E3195-2048x1152.jpg 2048w, https:\/\/www.moedlareuth.de\/wp-content\/uploads\/2023\/10\/IMG_E3195-18x10.jpg 18w\" sizes=\"(max-width: 1024px) 100vw, 1024px\" \/><\/a><\/figure>\n\n\n\n<p>Auf dem Gel\u00e4nde des ehemaligen Braunkohletagebaus Nonnewitz bei Zeitz wollte Dr. Wagner mit seinem selbstgebauten zweimotorigen Flugzeug starten, nach S\u00fcden entlang der Autobahn A 9 als Orientierungshilfe fliegen, die innerdeutsche Grenze passieren und auf dem Flugplatz Hof oder Helmbrechts landen. Doch die Staatssicherheit vereitelte sein Fluchtvorhaben. Aus den Beobachtungs- und Ermittlungsberichten sowie den Ma\u00dfnahmepl\u00e4nen, die Dr. Wagner bei seiner Akteneinsicht 1993 vorgefunden hatte, geht hervor, dass das Ministerium f\u00fcr Staatssicherheit eine umfangreiche \u201eOperative Personenkontrolle\u201c vorgenommen und einen \u201eOperativen Vorgang\u201c \u00fcber ihn angelegt hatte. Seine Wohnung wurde konspirativ durchsucht und mit Hilfe von Wanzen abgeh\u00f6rt sowie eine Postkontrolle durchgef\u00fchrt. Mindestens vier inoffizielle Mitarbeiter der Staatssicherheit waren auf ihn angesetzt.<\/p>\n\n\n\n<figure class=\"wp-block-image size-large\"><a href=\"https:\/\/www.moedlareuth.de\/wp-content\/uploads\/2023\/10\/IMG_E3197-scaled.jpg\"><img decoding=\"async\" width=\"1024\" height=\"576\" src=\"https:\/\/www.moedlareuth.de\/wp-content\/uploads\/2023\/10\/IMG_E3197-1024x576.jpg\" alt=\"\" class=\"wp-image-12889\" srcset=\"https:\/\/www.moedlareuth.de\/wp-content\/uploads\/2023\/10\/IMG_E3197-1024x576.jpg 1024w, https:\/\/www.moedlareuth.de\/wp-content\/uploads\/2023\/10\/IMG_E3197-300x169.jpg 300w, https:\/\/www.moedlareuth.de\/wp-content\/uploads\/2023\/10\/IMG_E3197-768x432.jpg 768w, https:\/\/www.moedlareuth.de\/wp-content\/uploads\/2023\/10\/IMG_E3197-1536x864.jpg 1536w, https:\/\/www.moedlareuth.de\/wp-content\/uploads\/2023\/10\/IMG_E3197-2048x1152.jpg 2048w, https:\/\/www.moedlareuth.de\/wp-content\/uploads\/2023\/10\/IMG_E3197-18x10.jpg 18w\" sizes=\"(max-width: 1024px) 100vw, 1024px\" \/><\/a><\/figure>\n\n\n\n<p>Kurz nach Fertigstellung seines Fluchtflugzeugs wurde Dr. Wagner zusammen mit seiner Familie am 25. Juli 1981 in Dresden verhaftet und in die Stasi-Untersuchungshaftanstalt eingeliefert. Wegen Vorbereitung eines ungesetzlichen Grenz\u00fcbertritts nach Paragraph 213 DDR-Strafgesetzbuch wurde die Familie zu einer mehrj\u00e4hrigen Haftstrafe verurteilt. Dr. Wagner wurde in die Strafvollzugsanstalt Brandenburg und seine Frau in das Frauengef\u00e4ngnis Hoheneck \u00fcberstellt. Die drei Kinder wurden in die Jugendhaftanstalt Halle eingeliefert. Ein Jahr sp\u00e4ter, im Juli 1982 gelangte die Familie im Zuge des H\u00e4ftlingsfreikaufs in die Bundesrepublik.<\/p>\n\n\n\n<p>Das Fluchtflugzeug selbst befand sich bis zur Friedlichen Revolution 1989 in der Asservatenkammer des Ministeriums f\u00fcr Staatssicherheit in Ost-Berlin. 1991 gelangte es in das Deutsche Museum Au\u00dfenstelle Flugwerft Schlei\u00dfheim und wurde in der dortigen Dauerausstellung gezeigt. Dr. Wagner \u00fcbergab sein Flugzeug am 25. Oktober 2023 dem Museum M\u00f6dlareuth als Dauerleihgabe, wor\u00fcber sich Robert Lebegern sehr freute. Nach derzeitigen Pl\u00e4nen soll das Flugzeug sp\u00e4ter in der Dauerausstellung im neuen Museumsgeb\u00e4ude im Kontext \u201eWege zur Freiheit\u201c pr\u00e4sentiert werden.<\/p>","protected":false},"excerpt":{"rendered":"<p>Das Deutsch-Deutsche Museum M\u00f6dlareuth ist um eine Attraktion reicher. Das selbstgebaute Leichtflugzeug DOWA 81, mit dem Dr. Gerhard Wagner mit seiner Familie 1981 \u00fcber die innerdeutsche Grenze in Richtung Hof fliehen wollte, kann seit Donnerstag in der Fahrzeug- und Technikausstellung des Museums als neues Gro\u00dfobjekt besichtigt werden, wie Museumsleiter Robert Lebegern M.A. in einer Pressemitteilung&#8230;<\/p>","protected":false},"author":10,"featured_media":12888,"comment_status":"closed","ping_status":"closed","sticky":false,"template":"","format":"standard","meta":{"_acf_changed":false,"inline_featured_image":false,"_kad_post_transparent":"","_kad_post_title":"","_kad_post_layout":"","_kad_post_sidebar_id":"","_kad_post_content_style":"","_kad_post_vertical_padding":"","_kad_post_feature":"","_kad_post_feature_position":"","_kad_post_header":false,"_kad_post_footer":false,"_kad_post_classname":"","footnotes":""},"categories":[1],"tags":[],"class_list":["post-12887","post","type-post","status-publish","format-standard","has-post-thumbnail","hentry","category-aktuelles"],"acf":[],"yoast_head":"<!-- This site is optimized with the Yoast SEO plugin v27.4 - https:\/\/yoast.com\/product\/yoast-seo-wordpress\/ -->\n<title>Fluchtflugzeug im Museum M\u00f6dlareuth \u201egelandet\u201c - Deutsch-Deutsches Museum M\u00f6dlareuth<\/title>\n<meta name=\"robots\" content=\"index, follow, max-snippet:-1, max-image-preview:large, max-video-preview:-1\" \/>\n<link rel=\"canonical\" href=\"https:\/\/www.moedlareuth.de\/nl\/fluchtflugzeug-im-museum-moedlareuth-gelandet\/\" \/>\n<meta property=\"og:locale\" content=\"nl_NL\" \/>\n<meta property=\"og:type\" content=\"article\" \/>\n<meta property=\"og:title\" content=\"Fluchtflugzeug im Museum M\u00f6dlareuth \u201egelandet\u201c - Deutsch-Deutsches Museum M\u00f6dlareuth\" \/>\n<meta property=\"og:description\" content=\"Das Deutsch-Deutsche Museum M\u00f6dlareuth ist um eine Attraktion reicher. Das selbstgebaute Leichtflugzeug DOWA 81, mit dem Dr. Gerhard Wagner mit seiner Familie 1981 \u00fcber die innerdeutsche Grenze in Richtung Hof fliehen wollte, kann seit Donnerstag in der Fahrzeug- und Technikausstellung des Museums als neues Gro\u00dfobjekt besichtigt werden, wie Museumsleiter Robert Lebegern M.A. in einer Pressemitteilung...\" \/>\n<meta property=\"og:url\" content=\"https:\/\/www.moedlareuth.de\/nl\/fluchtflugzeug-im-museum-moedlareuth-gelandet\/\" \/>\n<meta property=\"og:site_name\" content=\"Deutsch-Deutsches Museum M\u00f6dlareuth\" \/>\n<meta property=\"article:published_time\" content=\"2023-10-27T07:46:45+00:00\" \/>\n<meta property=\"article:modified_time\" content=\"2023-12-21T11:29:00+00:00\" \/>\n<meta property=\"og:image\" content=\"https:\/\/www.moedlareuth.de\/wp-content\/uploads\/2023\/10\/IMG_E3195-1-scaled.jpg\" \/>\n\t<meta property=\"og:image:width\" content=\"2560\" \/>\n\t<meta property=\"og:image:height\" content=\"1440\" \/>\n\t<meta property=\"og:image:type\" content=\"image\/jpeg\" \/>\n<meta name=\"author\" content=\"Susan Burger\" \/>\n<meta name=\"twitter:card\" content=\"summary_large_image\" \/>\n<meta name=\"twitter:label1\" content=\"Geschreven door\" \/>\n\t<meta name=\"twitter:data1\" content=\"Susan Burger\" \/>\n\t<meta name=\"twitter:label2\" content=\"Geschatte leestijd\" \/>\n\t<meta name=\"twitter:data2\" content=\"3 minuten\" \/>\n<script type=\"application\/ld+json\" class=\"yoast-schema-graph\">{\"@context\":\"https:\\\/\\\/schema.org\",\"@graph\":[{\"@type\":\"Article\",\"@id\":\"https:\\\/\\\/www.moedlareuth.de\\\/fluchtflugzeug-im-museum-moedlareuth-gelandet\\\/#article\",\"isPartOf\":{\"@id\":\"https:\\\/\\\/www.moedlareuth.de\\\/fluchtflugzeug-im-museum-moedlareuth-gelandet\\\/\"},\"author\":{\"name\":\"Susan Burger\",\"@id\":\"https:\\\/\\\/moedlareuth.de\\\/preview\\\/#\\\/schema\\\/person\\\/42d95c7c900104834e45a22afe68e54d\"},\"headline\":\"Fluchtflugzeug im Museum M\u00f6dlareuth \u201egelandet\u201c\",\"datePublished\":\"2023-10-27T07:46:45+00:00\",\"dateModified\":\"2023-12-21T11:29:00+00:00\",\"mainEntityOfPage\":{\"@id\":\"https:\\\/\\\/www.moedlareuth.de\\\/fluchtflugzeug-im-museum-moedlareuth-gelandet\\\/\"},\"wordCount\":414,\"publisher\":{\"@id\":\"https:\\\/\\\/moedlareuth.de\\\/preview\\\/#organization\"},\"image\":{\"@id\":\"https:\\\/\\\/www.moedlareuth.de\\\/fluchtflugzeug-im-museum-moedlareuth-gelandet\\\/#primaryimage\"},\"thumbnailUrl\":\"https:\\\/\\\/www.moedlareuth.de\\\/wp-content\\\/uploads\\\/2023\\\/10\\\/IMG_E3195-1-scaled.jpg\",\"articleSection\":[\"Aktuelles\"],\"inLanguage\":\"nl-NL\"},{\"@type\":\"WebPage\",\"@id\":\"https:\\\/\\\/www.moedlareuth.de\\\/fluchtflugzeug-im-museum-moedlareuth-gelandet\\\/\",\"url\":\"https:\\\/\\\/www.moedlareuth.de\\\/fluchtflugzeug-im-museum-moedlareuth-gelandet\\\/\",\"name\":\"Fluchtflugzeug im Museum M\u00f6dlareuth \u201egelandet\u201c - Deutsch-Deutsches Museum M\u00f6dlareuth\",\"isPartOf\":{\"@id\":\"https:\\\/\\\/moedlareuth.de\\\/preview\\\/#website\"},\"primaryImageOfPage\":{\"@id\":\"https:\\\/\\\/www.moedlareuth.de\\\/fluchtflugzeug-im-museum-moedlareuth-gelandet\\\/#primaryimage\"},\"image\":{\"@id\":\"https:\\\/\\\/www.moedlareuth.de\\\/fluchtflugzeug-im-museum-moedlareuth-gelandet\\\/#primaryimage\"},\"thumbnailUrl\":\"https:\\\/\\\/www.moedlareuth.de\\\/wp-content\\\/uploads\\\/2023\\\/10\\\/IMG_E3195-1-scaled.jpg\",\"datePublished\":\"2023-10-27T07:46:45+00:00\",\"dateModified\":\"2023-12-21T11:29:00+00:00\",\"breadcrumb\":{\"@id\":\"https:\\\/\\\/www.moedlareuth.de\\\/fluchtflugzeug-im-museum-moedlareuth-gelandet\\\/#breadcrumb\"},\"inLanguage\":\"nl-NL\",\"potentialAction\":[{\"@type\":\"ReadAction\",\"target\":[\"https:\\\/\\\/www.moedlareuth.de\\\/fluchtflugzeug-im-museum-moedlareuth-gelandet\\\/\"]}]},{\"@type\":\"ImageObject\",\"inLanguage\":\"nl-NL\",\"@id\":\"https:\\\/\\\/www.moedlareuth.de\\\/fluchtflugzeug-im-museum-moedlareuth-gelandet\\\/#primaryimage\",\"url\":\"https:\\\/\\\/www.moedlareuth.de\\\/wp-content\\\/uploads\\\/2023\\\/10\\\/IMG_E3195-1-scaled.jpg\",\"contentUrl\":\"https:\\\/\\\/www.moedlareuth.de\\\/wp-content\\\/uploads\\\/2023\\\/10\\\/IMG_E3195-1-scaled.jpg\",\"width\":2560,\"height\":1440},{\"@type\":\"BreadcrumbList\",\"@id\":\"https:\\\/\\\/www.moedlareuth.de\\\/fluchtflugzeug-im-museum-moedlareuth-gelandet\\\/#breadcrumb\",\"itemListElement\":[{\"@type\":\"ListItem\",\"position\":1,\"name\":\"Startseite\",\"item\":\"https:\\\/\\\/www.moedlareuth.de\\\/\"},{\"@type\":\"ListItem\",\"position\":2,\"name\":\"Fluchtflugzeug im Museum M\u00f6dlareuth \u201egelandet\u201c\"}]},{\"@type\":\"WebSite\",\"@id\":\"https:\\\/\\\/moedlareuth.de\\\/preview\\\/#website\",\"url\":\"https:\\\/\\\/moedlareuth.de\\\/preview\\\/\",\"name\":\"Deutsch-Deutsches Museum M\u00f6dlareuth\",\"description\":\"Gedenkst\u00e4tte zur deutschen Teilung\",\"publisher\":{\"@id\":\"https:\\\/\\\/moedlareuth.de\\\/preview\\\/#organization\"},\"potentialAction\":[{\"@type\":\"SearchAction\",\"target\":{\"@type\":\"EntryPoint\",\"urlTemplate\":\"https:\\\/\\\/moedlareuth.de\\\/preview\\\/?s={search_term_string}\"},\"query-input\":{\"@type\":\"PropertyValueSpecification\",\"valueRequired\":true,\"valueName\":\"search_term_string\"}}],\"inLanguage\":\"nl-NL\"},{\"@type\":\"Organization\",\"@id\":\"https:\\\/\\\/moedlareuth.de\\\/preview\\\/#organization\",\"name\":\"Deutsch-Deutsches Museum M\u00f6dlareuth\",\"url\":\"https:\\\/\\\/moedlareuth.de\\\/preview\\\/\",\"logo\":{\"@type\":\"ImageObject\",\"inLanguage\":\"nl-NL\",\"@id\":\"https:\\\/\\\/moedlareuth.de\\\/preview\\\/#\\\/schema\\\/logo\\\/image\\\/\",\"url\":\"https:\\\/\\\/www.moedlareuth.de\\\/wp-content\\\/uploads\\\/2022\\\/02\\\/museum_moedlareuth_logo_hell_zusatz.svg\",\"contentUrl\":\"https:\\\/\\\/www.moedlareuth.de\\\/wp-content\\\/uploads\\\/2022\\\/02\\\/museum_moedlareuth_logo_hell_zusatz.svg\",\"width\":255,\"height\":62,\"caption\":\"Deutsch-Deutsches Museum M\u00f6dlareuth\"},\"image\":{\"@id\":\"https:\\\/\\\/moedlareuth.de\\\/preview\\\/#\\\/schema\\\/logo\\\/image\\\/\"}},{\"@type\":\"Person\",\"@id\":\"https:\\\/\\\/moedlareuth.de\\\/preview\\\/#\\\/schema\\\/person\\\/42d95c7c900104834e45a22afe68e54d\",\"name\":\"Susan Burger\",\"url\":\"https:\\\/\\\/www.moedlareuth.de\\\/nl\\\/author\\\/s-burger\\\/\"}]}<\/script>\n<!-- \/ Yoast SEO plugin. -->","yoast_head_json":{"title":"Fluchtflugzeug im Museum M\u00f6dlareuth \u201egelandet\u201c - Deutsch-Deutsches Museum M\u00f6dlareuth","robots":{"index":"index","follow":"follow","max-snippet":"max-snippet:-1","max-image-preview":"max-image-preview:large","max-video-preview":"max-video-preview:-1"},"canonical":"https:\/\/www.moedlareuth.de\/nl\/fluchtflugzeug-im-museum-moedlareuth-gelandet\/","og_locale":"nl_NL","og_type":"article","og_title":"Fluchtflugzeug im Museum M\u00f6dlareuth \u201egelandet\u201c - Deutsch-Deutsches Museum M\u00f6dlareuth","og_description":"Das Deutsch-Deutsche Museum M\u00f6dlareuth ist um eine Attraktion reicher. Das selbstgebaute Leichtflugzeug DOWA 81, mit dem Dr. Gerhard Wagner mit seiner Familie 1981 \u00fcber die innerdeutsche Grenze in Richtung Hof fliehen wollte, kann seit Donnerstag in der Fahrzeug- und Technikausstellung des Museums als neues Gro\u00dfobjekt besichtigt werden, wie Museumsleiter Robert Lebegern M.A. in einer Pressemitteilung...","og_url":"https:\/\/www.moedlareuth.de\/nl\/fluchtflugzeug-im-museum-moedlareuth-gelandet\/","og_site_name":"Deutsch-Deutsches Museum M\u00f6dlareuth","article_published_time":"2023-10-27T07:46:45+00:00","article_modified_time":"2023-12-21T11:29:00+00:00","og_image":[{"width":2560,"height":1440,"url":"https:\/\/www.moedlareuth.de\/wp-content\/uploads\/2023\/10\/IMG_E3195-1-scaled.jpg","type":"image\/jpeg"}],"author":"Susan Burger","twitter_card":"summary_large_image","twitter_misc":{"Geschreven door":"Susan Burger","Geschatte leestijd":"3 minuten"},"schema":{"@context":"https:\/\/schema.org","@graph":[{"@type":"Article","@id":"https:\/\/www.moedlareuth.de\/fluchtflugzeug-im-museum-moedlareuth-gelandet\/#article","isPartOf":{"@id":"https:\/\/www.moedlareuth.de\/fluchtflugzeug-im-museum-moedlareuth-gelandet\/"},"author":{"name":"Susan Burger","@id":"https:\/\/moedlareuth.de\/preview\/#\/schema\/person\/42d95c7c900104834e45a22afe68e54d"},"headline":"Fluchtflugzeug im Museum M\u00f6dlareuth \u201egelandet\u201c","datePublished":"2023-10-27T07:46:45+00:00","dateModified":"2023-12-21T11:29:00+00:00","mainEntityOfPage":{"@id":"https:\/\/www.moedlareuth.de\/fluchtflugzeug-im-museum-moedlareuth-gelandet\/"},"wordCount":414,"publisher":{"@id":"https:\/\/moedlareuth.de\/preview\/#organization"},"image":{"@id":"https:\/\/www.moedlareuth.de\/fluchtflugzeug-im-museum-moedlareuth-gelandet\/#primaryimage"},"thumbnailUrl":"https:\/\/www.moedlareuth.de\/wp-content\/uploads\/2023\/10\/IMG_E3195-1-scaled.jpg","articleSection":["Aktuelles"],"inLanguage":"nl-NL"},{"@type":"WebPage","@id":"https:\/\/www.moedlareuth.de\/fluchtflugzeug-im-museum-moedlareuth-gelandet\/","url":"https:\/\/www.moedlareuth.de\/fluchtflugzeug-im-museum-moedlareuth-gelandet\/","name":"Fluchtflugzeug im Museum M\u00f6dlareuth \u201egelandet\u201c - Deutsch-Deutsches Museum M\u00f6dlareuth","isPartOf":{"@id":"https:\/\/moedlareuth.de\/preview\/#website"},"primaryImageOfPage":{"@id":"https:\/\/www.moedlareuth.de\/fluchtflugzeug-im-museum-moedlareuth-gelandet\/#primaryimage"},"image":{"@id":"https:\/\/www.moedlareuth.de\/fluchtflugzeug-im-museum-moedlareuth-gelandet\/#primaryimage"},"thumbnailUrl":"https:\/\/www.moedlareuth.de\/wp-content\/uploads\/2023\/10\/IMG_E3195-1-scaled.jpg","datePublished":"2023-10-27T07:46:45+00:00","dateModified":"2023-12-21T11:29:00+00:00","breadcrumb":{"@id":"https:\/\/www.moedlareuth.de\/fluchtflugzeug-im-museum-moedlareuth-gelandet\/#breadcrumb"},"inLanguage":"nl-NL","potentialAction":[{"@type":"ReadAction","target":["https:\/\/www.moedlareuth.de\/fluchtflugzeug-im-museum-moedlareuth-gelandet\/"]}]},{"@type":"ImageObject","inLanguage":"nl-NL","@id":"https:\/\/www.moedlareuth.de\/fluchtflugzeug-im-museum-moedlareuth-gelandet\/#primaryimage","url":"https:\/\/www.moedlareuth.de\/wp-content\/uploads\/2023\/10\/IMG_E3195-1-scaled.jpg","contentUrl":"https:\/\/www.moedlareuth.de\/wp-content\/uploads\/2023\/10\/IMG_E3195-1-scaled.jpg","width":2560,"height":1440},{"@type":"BreadcrumbList","@id":"https:\/\/www.moedlareuth.de\/fluchtflugzeug-im-museum-moedlareuth-gelandet\/#breadcrumb","itemListElement":[{"@type":"ListItem","position":1,"name":"Startseite","item":"https:\/\/www.moedlareuth.de\/"},{"@type":"ListItem","position":2,"name":"Fluchtflugzeug im Museum M\u00f6dlareuth \u201egelandet\u201c"}]},{"@type":"WebSite","@id":"https:\/\/moedlareuth.de\/preview\/#website","url":"https:\/\/moedlareuth.de\/preview\/","name":"Duits-Duits Museum M\u00f6dlareuth","description":"Gedenkteken voor de verdeling van Duitsland","publisher":{"@id":"https:\/\/moedlareuth.de\/preview\/#organization"},"potentialAction":[{"@type":"SearchAction","target":{"@type":"EntryPoint","urlTemplate":"https:\/\/moedlareuth.de\/preview\/?s={search_term_string}"},"query-input":{"@type":"PropertyValueSpecification","valueRequired":true,"valueName":"search_term_string"}}],"inLanguage":"nl-NL"},{"@type":"Organization","@id":"https:\/\/moedlareuth.de\/preview\/#organization","name":"Duits-Duits Museum M\u00f6dlareuth","url":"https:\/\/moedlareuth.de\/preview\/","logo":{"@type":"ImageObject","inLanguage":"nl-NL","@id":"https:\/\/moedlareuth.de\/preview\/#\/schema\/logo\/image\/","url":"https:\/\/www.moedlareuth.de\/wp-content\/uploads\/2022\/02\/museum_moedlareuth_logo_hell_zusatz.svg","contentUrl":"https:\/\/www.moedlareuth.de\/wp-content\/uploads\/2022\/02\/museum_moedlareuth_logo_hell_zusatz.svg","width":255,"height":62,"caption":"Deutsch-Deutsches Museum M\u00f6dlareuth"},"image":{"@id":"https:\/\/moedlareuth.de\/preview\/#\/schema\/logo\/image\/"}},{"@type":"Person","@id":"https:\/\/moedlareuth.de\/preview\/#\/schema\/person\/42d95c7c900104834e45a22afe68e54d","name":"Susan Burger","url":"https:\/\/www.moedlareuth.de\/nl\/author\/s-burger\/"}]}},"_links":{"self":[{"href":"https:\/\/www.moedlareuth.de\/nl\/wp-json\/wp\/v2\/posts\/12887","targetHints":{"allow":["GET"]}}],"collection":[{"href":"https:\/\/www.moedlareuth.de\/nl\/wp-json\/wp\/v2\/posts"}],"about":[{"href":"https:\/\/www.moedlareuth.de\/nl\/wp-json\/wp\/v2\/types\/post"}],"author":[{"embeddable":true,"href":"https:\/\/www.moedlareuth.de\/nl\/wp-json\/wp\/v2\/users\/10"}],"replies":[{"embeddable":true,"href":"https:\/\/www.moedlareuth.de\/nl\/wp-json\/wp\/v2\/comments?post=12887"}],"version-history":[{"count":4,"href":"https:\/\/www.moedlareuth.de\/nl\/wp-json\/wp\/v2\/posts\/12887\/revisions"}],"predecessor-version":[{"id":13244,"href":"https:\/\/www.moedlareuth.de\/nl\/wp-json\/wp\/v2\/posts\/12887\/revisions\/13244"}],"wp:featuredmedia":[{"embeddable":true,"href":"https:\/\/www.moedlareuth.de\/nl\/wp-json\/wp\/v2\/media\/12888"}],"wp:attachment":[{"href":"https:\/\/www.moedlareuth.de\/nl\/wp-json\/wp\/v2\/media?parent=12887"}],"wp:term":[{"taxonomy":"category","embeddable":true,"href":"https:\/\/www.moedlareuth.de\/nl\/wp-json\/wp\/v2\/categories?post=12887"},{"taxonomy":"post_tag","embeddable":true,"href":"https:\/\/www.moedlareuth.de\/nl\/wp-json\/wp\/v2\/tags?post=12887"}],"curies":[{"name":"wp","href":"https:\/\/api.w.org\/{rel}","templated":true}]}}