{"id":12840,"date":"2023-10-04T18:32:24","date_gmt":"2023-10-04T16:32:24","guid":{"rendered":"https:\/\/www.moedlareuth.de\/?p=12840"},"modified":"2023-10-10T10:00:18","modified_gmt":"2023-10-10T08:00:18","slug":"tag-der-deutschen-einheit-03-10-2023","status":"publish","type":"post","link":"https:\/\/www.moedlareuth.de\/nl\/tag-der-deutschen-einheit-03-10-2023\/","title":{"rendered":"Tag der Deutschen Einheit &#8211; 03.10.2023"},"content":{"rendered":"<p>Am 33. Jahrestag der Deutschen Einheit besuchten das Deutsch-Deutsche Museum M\u00f6dlareuth ca. 2.100 Personen. Die interessierten Besucher konnten das umgestaltete Freigel\u00e4nde mit original erhaltenen DDR-Grenzsperranlagen und verschiedene Ausstellungen besichtigen: \u201eNiemand hat die Absicht eine Mauer zu errichten&#8230;&#8220; zur Geschichte des geteilten Dorfes M\u00f6dlareuth,\u201eMenschen des 17. Juni&#8220; zum Volksaufstand in der DDR 1953, die OpenAir-Ausstellung \u201eDie Mauer. 1961-2021&#8243; (Bundeszentrale f\u00fcr politische Bildung) sowie die Wanderausstellung \u201e\u00dcberwachen. Ver\u00e4ngstigen. Verfolgen &#8211; Stasi. Die Geheimpolizei der DDR&#8220; des Stasi-Unterlagen-Archivs Gera. Die 20-min. Filmdokumentation \u201eAlltag an der Grenze&#8220; und die Fahrzeugausstellung rundeten das Angebot ab.<\/p>\n\n\n\n<p>Besonders gro\u00dfes Interesse bestand neben den musealen Einrichtungen an den Zusatzangeboten. Das Multimedia-Kunstprojekt \u201eKunst auf der Grenze&#8220; erm\u00f6glichte den Besuchern \u00fcber VR-Brillen und Audiostationen Grenzerfahrungen, das Stasi-Unterlagen-Archiv Gera informierte \u00fcber die Frage \u201eWie kann ich meine Stasi-Akte einsehen?&#8220; und die Bayerische Landeszentrale f\u00fcr politische Bildungsarbeit stellte ihr p\u00e4dagogisches Angebot sowie die App \u201eGrenzland&#8220; vor.<\/p>\n\n\n\n<p>Der Grenzturm Heinersgr\u00fcn als neue Au\u00dfenstelle des Museums z\u00e4hlte etwa 500 Besucher, hier informierte auch der gemeinn\u00fctzige Verein Vogtland 89 e.V. \u00fcber seine T\u00e4tigkeiten. <\/p>\n\n\n\n<p>Beachtlich war die Leistung der \u201eSport f\u00fcr Spenden &#8222;-Staffell\u00e4ufer, die am 29.09.2023 in M\u00fcnchen gestartet waren und nach 360 km Laufstrecke ersch\u00f6pft, aber gl\u00fccklich am Nachmittag des 03.10. hier in M\u00f6dlareuth eintrafen.<\/p>\n\n\n\n<p><\/p>\n\n\n\n<figure class=\"wp-block-gallery has-nested-images columns-default is-cropped wp-block-gallery-1 is-layout-flex wp-block-gallery-is-layout-flex\">\n<figure class=\"wp-block-image size-large\"><a href=\"https:\/\/www.moedlareuth.de\/wp-content\/uploads\/2023\/10\/MM-2023-10-03_004-1-scaled.jpg\"><img fetchpriority=\"high\" decoding=\"async\" width=\"1024\" height=\"765\" data-id=\"12863\" src=\"https:\/\/www.moedlareuth.de\/wp-content\/uploads\/2023\/10\/MM-2023-10-03_004-1-1024x765.jpg\" alt=\"\" class=\"wp-image-12863\" srcset=\"https:\/\/www.moedlareuth.de\/wp-content\/uploads\/2023\/10\/MM-2023-10-03_004-1-1024x765.jpg 1024w, https:\/\/www.moedlareuth.de\/wp-content\/uploads\/2023\/10\/MM-2023-10-03_004-1-300x224.jpg 300w, https:\/\/www.moedlareuth.de\/wp-content\/uploads\/2023\/10\/MM-2023-10-03_004-1-768x574.jpg 768w, https:\/\/www.moedlareuth.de\/wp-content\/uploads\/2023\/10\/MM-2023-10-03_004-1-1536x1148.jpg 1536w, https:\/\/www.moedlareuth.de\/wp-content\/uploads\/2023\/10\/MM-2023-10-03_004-1-2048x1530.jpg 2048w, https:\/\/www.moedlareuth.de\/wp-content\/uploads\/2023\/10\/MM-2023-10-03_004-1-16x12.jpg 16w\" sizes=\"(max-width: 1024px) 100vw, 1024px\" \/><\/a><\/figure>\n\n\n\n<figure class=\"wp-block-image size-large\"><a href=\"https:\/\/www.moedlareuth.de\/wp-content\/uploads\/2023\/10\/MM-2023-10-03_012-scaled.jpg\"><img decoding=\"async\" width=\"1024\" height=\"768\" data-id=\"12850\" src=\"https:\/\/www.moedlareuth.de\/wp-content\/uploads\/2023\/10\/MM-2023-10-03_012-1024x768.jpg\" alt=\"\" class=\"wp-image-12850\" srcset=\"https:\/\/www.moedlareuth.de\/wp-content\/uploads\/2023\/10\/MM-2023-10-03_012-1024x768.jpg 1024w, https:\/\/www.moedlareuth.de\/wp-content\/uploads\/2023\/10\/MM-2023-10-03_012-300x225.jpg 300w, https:\/\/www.moedlareuth.de\/wp-content\/uploads\/2023\/10\/MM-2023-10-03_012-768x576.jpg 768w, https:\/\/www.moedlareuth.de\/wp-content\/uploads\/2023\/10\/MM-2023-10-03_012-1536x1152.jpg 1536w, https:\/\/www.moedlareuth.de\/wp-content\/uploads\/2023\/10\/MM-2023-10-03_012-2048x1536.jpg 2048w, https:\/\/www.moedlareuth.de\/wp-content\/uploads\/2023\/10\/MM-2023-10-03_012-16x12.jpg 16w\" sizes=\"(max-width: 1024px) 100vw, 1024px\" \/><\/a><\/figure>\n\n\n\n<figure class=\"wp-block-image size-large\"><a href=\"https:\/\/www.moedlareuth.de\/wp-content\/uploads\/2023\/10\/MM-2023-10-03_014-scaled.jpg\"><img decoding=\"async\" width=\"768\" height=\"1024\" data-id=\"12849\" src=\"https:\/\/www.moedlareuth.de\/wp-content\/uploads\/2023\/10\/MM-2023-10-03_014-768x1024.jpg\" alt=\"\" class=\"wp-image-12849\" srcset=\"https:\/\/www.moedlareuth.de\/wp-content\/uploads\/2023\/10\/MM-2023-10-03_014-768x1024.jpg 768w, https:\/\/www.moedlareuth.de\/wp-content\/uploads\/2023\/10\/MM-2023-10-03_014-225x300.jpg 225w, https:\/\/www.moedlareuth.de\/wp-content\/uploads\/2023\/10\/MM-2023-10-03_014-1152x1536.jpg 1152w, https:\/\/www.moedlareuth.de\/wp-content\/uploads\/2023\/10\/MM-2023-10-03_014-1536x2048.jpg 1536w, https:\/\/www.moedlareuth.de\/wp-content\/uploads\/2023\/10\/MM-2023-10-03_014-9x12.jpg 9w, https:\/\/www.moedlareuth.de\/wp-content\/uploads\/2023\/10\/MM-2023-10-03_014-scaled.jpg 1920w\" sizes=\"(max-width: 768px) 100vw, 768px\" \/><\/a><\/figure>\n\n\n\n<figure class=\"wp-block-image size-large\"><a href=\"https:\/\/www.moedlareuth.de\/wp-content\/uploads\/2023\/10\/MM-2023-10-03_016-scaled.jpg\"><img loading=\"lazy\" decoding=\"async\" width=\"1024\" height=\"768\" data-id=\"12853\" src=\"https:\/\/www.moedlareuth.de\/wp-content\/uploads\/2023\/10\/MM-2023-10-03_016-1024x768.jpg\" alt=\"\" class=\"wp-image-12853\" srcset=\"https:\/\/www.moedlareuth.de\/wp-content\/uploads\/2023\/10\/MM-2023-10-03_016-1024x768.jpg 1024w, https:\/\/www.moedlareuth.de\/wp-content\/uploads\/2023\/10\/MM-2023-10-03_016-300x225.jpg 300w, https:\/\/www.moedlareuth.de\/wp-content\/uploads\/2023\/10\/MM-2023-10-03_016-768x576.jpg 768w, https:\/\/www.moedlareuth.de\/wp-content\/uploads\/2023\/10\/MM-2023-10-03_016-1536x1152.jpg 1536w, https:\/\/www.moedlareuth.de\/wp-content\/uploads\/2023\/10\/MM-2023-10-03_016-2048x1536.jpg 2048w, https:\/\/www.moedlareuth.de\/wp-content\/uploads\/2023\/10\/MM-2023-10-03_016-16x12.jpg 16w\" sizes=\"(max-width: 1024px) 100vw, 1024px\" \/><\/a><\/figure>\n\n\n\n<figure class=\"wp-block-image size-large\"><a href=\"https:\/\/www.moedlareuth.de\/wp-content\/uploads\/2023\/10\/MM-2023-10-03_020_beschn-scaled.jpg\"><img loading=\"lazy\" decoding=\"async\" width=\"1024\" height=\"727\" data-id=\"12864\" src=\"https:\/\/www.moedlareuth.de\/wp-content\/uploads\/2023\/10\/MM-2023-10-03_020_beschn-1024x727.jpg\" alt=\"\" class=\"wp-image-12864\" srcset=\"https:\/\/www.moedlareuth.de\/wp-content\/uploads\/2023\/10\/MM-2023-10-03_020_beschn-1024x727.jpg 1024w, https:\/\/www.moedlareuth.de\/wp-content\/uploads\/2023\/10\/MM-2023-10-03_020_beschn-300x213.jpg 300w, https:\/\/www.moedlareuth.de\/wp-content\/uploads\/2023\/10\/MM-2023-10-03_020_beschn-768x545.jpg 768w, https:\/\/www.moedlareuth.de\/wp-content\/uploads\/2023\/10\/MM-2023-10-03_020_beschn-1536x1090.jpg 1536w, https:\/\/www.moedlareuth.de\/wp-content\/uploads\/2023\/10\/MM-2023-10-03_020_beschn-2048x1453.jpg 2048w, https:\/\/www.moedlareuth.de\/wp-content\/uploads\/2023\/10\/MM-2023-10-03_020_beschn-18x12.jpg 18w\" sizes=\"(max-width: 1024px) 100vw, 1024px\" \/><\/a><\/figure>\n\n\n\n<figure class=\"wp-block-image size-large\"><a href=\"https:\/\/www.moedlareuth.de\/wp-content\/uploads\/2023\/10\/MM-2023-10-03_039-scaled.jpg\"><img loading=\"lazy\" decoding=\"async\" width=\"1024\" height=\"768\" data-id=\"12856\" src=\"https:\/\/www.moedlareuth.de\/wp-content\/uploads\/2023\/10\/MM-2023-10-03_039-1024x768.jpg\" alt=\"\" class=\"wp-image-12856\" srcset=\"https:\/\/www.moedlareuth.de\/wp-content\/uploads\/2023\/10\/MM-2023-10-03_039-1024x768.jpg 1024w, https:\/\/www.moedlareuth.de\/wp-content\/uploads\/2023\/10\/MM-2023-10-03_039-300x225.jpg 300w, https:\/\/www.moedlareuth.de\/wp-content\/uploads\/2023\/10\/MM-2023-10-03_039-768x576.jpg 768w, https:\/\/www.moedlareuth.de\/wp-content\/uploads\/2023\/10\/MM-2023-10-03_039-1536x1152.jpg 1536w, https:\/\/www.moedlareuth.de\/wp-content\/uploads\/2023\/10\/MM-2023-10-03_039-2048x1536.jpg 2048w, https:\/\/www.moedlareuth.de\/wp-content\/uploads\/2023\/10\/MM-2023-10-03_039-16x12.jpg 16w\" sizes=\"(max-width: 1024px) 100vw, 1024px\" \/><\/a><\/figure>\n\n\n\n<figure class=\"wp-block-image size-large\"><a href=\"https:\/\/www.moedlareuth.de\/wp-content\/uploads\/2023\/10\/MM-2023-10-03_062-scaled.jpg\"><img loading=\"lazy\" decoding=\"async\" width=\"768\" height=\"1024\" data-id=\"12858\" src=\"https:\/\/www.moedlareuth.de\/wp-content\/uploads\/2023\/10\/MM-2023-10-03_062-768x1024.jpg\" alt=\"\" class=\"wp-image-12858\" srcset=\"https:\/\/www.moedlareuth.de\/wp-content\/uploads\/2023\/10\/MM-2023-10-03_062-768x1024.jpg 768w, https:\/\/www.moedlareuth.de\/wp-content\/uploads\/2023\/10\/MM-2023-10-03_062-225x300.jpg 225w, https:\/\/www.moedlareuth.de\/wp-content\/uploads\/2023\/10\/MM-2023-10-03_062-1152x1536.jpg 1152w, https:\/\/www.moedlareuth.de\/wp-content\/uploads\/2023\/10\/MM-2023-10-03_062-1536x2048.jpg 1536w, https:\/\/www.moedlareuth.de\/wp-content\/uploads\/2023\/10\/MM-2023-10-03_062-9x12.jpg 9w, https:\/\/www.moedlareuth.de\/wp-content\/uploads\/2023\/10\/MM-2023-10-03_062-scaled.jpg 1920w\" sizes=\"(max-width: 768px) 100vw, 768px\" \/><\/a><\/figure>\n\n\n\n<figure class=\"wp-block-image size-large\"><a href=\"https:\/\/www.moedlareuth.de\/wp-content\/uploads\/2023\/10\/MM-2023-10-03_046-scaled.jpg\"><img loading=\"lazy\" decoding=\"async\" width=\"768\" height=\"1024\" data-id=\"12854\" src=\"https:\/\/www.moedlareuth.de\/wp-content\/uploads\/2023\/10\/MM-2023-10-03_046-768x1024.jpg\" alt=\"\" class=\"wp-image-12854\" srcset=\"https:\/\/www.moedlareuth.de\/wp-content\/uploads\/2023\/10\/MM-2023-10-03_046-768x1024.jpg 768w, https:\/\/www.moedlareuth.de\/wp-content\/uploads\/2023\/10\/MM-2023-10-03_046-225x300.jpg 225w, https:\/\/www.moedlareuth.de\/wp-content\/uploads\/2023\/10\/MM-2023-10-03_046-1152x1536.jpg 1152w, https:\/\/www.moedlareuth.de\/wp-content\/uploads\/2023\/10\/MM-2023-10-03_046-1536x2048.jpg 1536w, https:\/\/www.moedlareuth.de\/wp-content\/uploads\/2023\/10\/MM-2023-10-03_046-9x12.jpg 9w, https:\/\/www.moedlareuth.de\/wp-content\/uploads\/2023\/10\/MM-2023-10-03_046-scaled.jpg 1920w\" sizes=\"(max-width: 768px) 100vw, 768px\" \/><\/a><\/figure>\n\n\n\n<figure class=\"wp-block-image size-large\"><a href=\"https:\/\/www.moedlareuth.de\/wp-content\/uploads\/2023\/10\/MM-2023-10-03_090.jpg\"><img loading=\"lazy\" decoding=\"async\" width=\"1024\" height=\"768\" data-id=\"12859\" src=\"https:\/\/www.moedlareuth.de\/wp-content\/uploads\/2023\/10\/MM-2023-10-03_090.jpg\" alt=\"\" class=\"wp-image-12859\" srcset=\"https:\/\/www.moedlareuth.de\/wp-content\/uploads\/2023\/10\/MM-2023-10-03_090.jpg 1024w, https:\/\/www.moedlareuth.de\/wp-content\/uploads\/2023\/10\/MM-2023-10-03_090-300x225.jpg 300w, https:\/\/www.moedlareuth.de\/wp-content\/uploads\/2023\/10\/MM-2023-10-03_090-768x576.jpg 768w, https:\/\/www.moedlareuth.de\/wp-content\/uploads\/2023\/10\/MM-2023-10-03_090-16x12.jpg 16w\" sizes=\"(max-width: 1024px) 100vw, 1024px\" \/><\/a><\/figure>\n\n\n\n<figure class=\"wp-block-image size-large\"><a href=\"https:\/\/www.moedlareuth.de\/wp-content\/uploads\/2023\/10\/MM-2023-10-03_088-scaled.jpg\"><img loading=\"lazy\" decoding=\"async\" width=\"576\" height=\"1024\" data-id=\"12860\" src=\"https:\/\/www.moedlareuth.de\/wp-content\/uploads\/2023\/10\/MM-2023-10-03_088-576x1024.jpg\" alt=\"\" class=\"wp-image-12860\" srcset=\"https:\/\/www.moedlareuth.de\/wp-content\/uploads\/2023\/10\/MM-2023-10-03_088-576x1024.jpg 576w, https:\/\/www.moedlareuth.de\/wp-content\/uploads\/2023\/10\/MM-2023-10-03_088-169x300.jpg 169w, https:\/\/www.moedlareuth.de\/wp-content\/uploads\/2023\/10\/MM-2023-10-03_088-768x1365.jpg 768w, https:\/\/www.moedlareuth.de\/wp-content\/uploads\/2023\/10\/MM-2023-10-03_088-864x1536.jpg 864w, https:\/\/www.moedlareuth.de\/wp-content\/uploads\/2023\/10\/MM-2023-10-03_088-1152x2048.jpg 1152w, https:\/\/www.moedlareuth.de\/wp-content\/uploads\/2023\/10\/MM-2023-10-03_088-7x12.jpg 7w, https:\/\/www.moedlareuth.de\/wp-content\/uploads\/2023\/10\/MM-2023-10-03_088-scaled.jpg 1440w\" sizes=\"(max-width: 576px) 100vw, 576px\" \/><\/a><\/figure>\n\n\n\n<figure class=\"wp-block-image size-large\"><a href=\"https:\/\/www.moedlareuth.de\/wp-content\/uploads\/2023\/10\/MM-2023-10-03_099-scaled.jpg\"><img loading=\"lazy\" decoding=\"async\" width=\"576\" height=\"1024\" data-id=\"12861\" src=\"https:\/\/www.moedlareuth.de\/wp-content\/uploads\/2023\/10\/MM-2023-10-03_099-576x1024.jpg\" alt=\"\" class=\"wp-image-12861\" srcset=\"https:\/\/www.moedlareuth.de\/wp-content\/uploads\/2023\/10\/MM-2023-10-03_099-576x1024.jpg 576w, https:\/\/www.moedlareuth.de\/wp-content\/uploads\/2023\/10\/MM-2023-10-03_099-169x300.jpg 169w, https:\/\/www.moedlareuth.de\/wp-content\/uploads\/2023\/10\/MM-2023-10-03_099-768x1365.jpg 768w, https:\/\/www.moedlareuth.de\/wp-content\/uploads\/2023\/10\/MM-2023-10-03_099-864x1536.jpg 864w, https:\/\/www.moedlareuth.de\/wp-content\/uploads\/2023\/10\/MM-2023-10-03_099-1152x2048.jpg 1152w, https:\/\/www.moedlareuth.de\/wp-content\/uploads\/2023\/10\/MM-2023-10-03_099-7x12.jpg 7w, https:\/\/www.moedlareuth.de\/wp-content\/uploads\/2023\/10\/MM-2023-10-03_099-scaled.jpg 1440w\" sizes=\"(max-width: 576px) 100vw, 576px\" \/><\/a><\/figure>\n\n\n\n<figure class=\"wp-block-image size-large\"><a href=\"https:\/\/www.moedlareuth.de\/wp-content\/uploads\/2023\/10\/MM-2023-10-03_028-scaled.jpg\"><img loading=\"lazy\" decoding=\"async\" width=\"768\" height=\"1024\" data-id=\"12857\" src=\"https:\/\/www.moedlareuth.de\/wp-content\/uploads\/2023\/10\/MM-2023-10-03_028-768x1024.jpg\" alt=\"\" class=\"wp-image-12857\" srcset=\"https:\/\/www.moedlareuth.de\/wp-content\/uploads\/2023\/10\/MM-2023-10-03_028-768x1024.jpg 768w, https:\/\/www.moedlareuth.de\/wp-content\/uploads\/2023\/10\/MM-2023-10-03_028-225x300.jpg 225w, https:\/\/www.moedlareuth.de\/wp-content\/uploads\/2023\/10\/MM-2023-10-03_028-1152x1536.jpg 1152w, https:\/\/www.moedlareuth.de\/wp-content\/uploads\/2023\/10\/MM-2023-10-03_028-1536x2048.jpg 1536w, https:\/\/www.moedlareuth.de\/wp-content\/uploads\/2023\/10\/MM-2023-10-03_028-9x12.jpg 9w, https:\/\/www.moedlareuth.de\/wp-content\/uploads\/2023\/10\/MM-2023-10-03_028-scaled.jpg 1920w\" sizes=\"(max-width: 768px) 100vw, 768px\" \/><\/a><\/figure>\n<\/figure>","protected":false},"excerpt":{"rendered":"<p>Am 33. Jahrestag der Deutschen Einheit besuchten das Deutsch-Deutsche Museum M\u00f6dlareuth ca. 2.100 Personen. Die interessierten Besucher konnten das umgestaltete Freigel\u00e4nde mit original erhaltenen DDR-Grenzsperranlagen und verschiedene Ausstellungen besichtigen: \u201eNiemand hat die Absicht eine Mauer zu errichten&#8230;&#8220; zur Geschichte des geteilten Dorfes M\u00f6dlareuth,\u201eMenschen des 17. Juni&#8220; zum Volksaufstand in der DDR 1953, die OpenAir-Ausstellung \u201eDie&#8230;<\/p>","protected":false},"author":10,"featured_media":12841,"comment_status":"closed","ping_status":"closed","sticky":false,"template":"","format":"standard","meta":{"_acf_changed":false,"inline_featured_image":false,"_kad_post_transparent":"","_kad_post_title":"","_kad_post_layout":"","_kad_post_sidebar_id":"","_kad_post_content_style":"","_kad_post_vertical_padding":"","_kad_post_feature":"","_kad_post_feature_position":"","_kad_post_header":false,"_kad_post_footer":false,"_kad_post_classname":"","footnotes":""},"categories":[1],"tags":[],"class_list":["post-12840","post","type-post","status-publish","format-standard","has-post-thumbnail","hentry","category-aktuelles"],"acf":[],"yoast_head":"<!-- This site is optimized with the Yoast SEO plugin v27.5 - https:\/\/yoast.com\/product\/yoast-seo-wordpress\/ -->\n<title>Tag der Deutschen Einheit - 03.10.2023 - Deutsch-Deutsches Museum M\u00f6dlareuth<\/title>\n<meta name=\"robots\" content=\"index, follow, max-snippet:-1, max-image-preview:large, max-video-preview:-1\" \/>\n<link rel=\"canonical\" href=\"https:\/\/www.moedlareuth.de\/nl\/tag-der-deutschen-einheit-03-10-2023\/\" \/>\n<meta property=\"og:locale\" content=\"nl_NL\" \/>\n<meta property=\"og:type\" content=\"article\" \/>\n<meta property=\"og:title\" content=\"Tag der Deutschen Einheit - 03.10.2023 - Deutsch-Deutsches Museum M\u00f6dlareuth\" \/>\n<meta property=\"og:description\" content=\"Am 33. Jahrestag der Deutschen Einheit besuchten das Deutsch-Deutsche Museum M\u00f6dlareuth ca. 2.100 Personen. Die interessierten Besucher konnten das umgestaltete Freigel\u00e4nde mit original erhaltenen DDR-Grenzsperranlagen und verschiedene Ausstellungen besichtigen: \u201eNiemand hat die Absicht eine Mauer zu errichten&#8230;&#8220; zur Geschichte des geteilten Dorfes M\u00f6dlareuth,\u201eMenschen des 17. Juni&#8220; zum Volksaufstand in der DDR 1953, die OpenAir-Ausstellung \u201eDie...\" \/>\n<meta property=\"og:url\" content=\"https:\/\/www.moedlareuth.de\/nl\/tag-der-deutschen-einheit-03-10-2023\/\" \/>\n<meta property=\"og:site_name\" content=\"Deutsch-Deutsches Museum M\u00f6dlareuth\" \/>\n<meta property=\"article:published_time\" content=\"2023-10-04T16:32:24+00:00\" \/>\n<meta property=\"article:modified_time\" content=\"2023-10-10T08:00:18+00:00\" \/>\n<meta property=\"og:image\" content=\"https:\/\/www.moedlareuth.de\/wp-content\/uploads\/2023\/10\/3.10.23-IMG_2675-scaled.jpg\" \/>\n\t<meta property=\"og:image:width\" content=\"2560\" \/>\n\t<meta property=\"og:image:height\" content=\"1923\" \/>\n\t<meta property=\"og:image:type\" content=\"image\/jpeg\" \/>\n<meta name=\"author\" content=\"Susan Burger\" \/>\n<meta name=\"twitter:card\" content=\"summary_large_image\" \/>\n<meta name=\"twitter:label1\" content=\"Geschreven door\" \/>\n\t<meta name=\"twitter:data1\" content=\"Susan Burger\" \/>\n\t<meta name=\"twitter:label2\" content=\"Geschatte leestijd\" \/>\n\t<meta name=\"twitter:data2\" content=\"4 minuten\" \/>\n<script type=\"application\/ld+json\" class=\"yoast-schema-graph\">{\"@context\":\"https:\\\/\\\/schema.org\",\"@graph\":[{\"@type\":\"Article\",\"@id\":\"https:\\\/\\\/www.moedlareuth.de\\\/tag-der-deutschen-einheit-03-10-2023\\\/#article\",\"isPartOf\":{\"@id\":\"https:\\\/\\\/www.moedlareuth.de\\\/tag-der-deutschen-einheit-03-10-2023\\\/\"},\"author\":{\"name\":\"Susan Burger\",\"@id\":\"https:\\\/\\\/moedlareuth.de\\\/preview\\\/#\\\/schema\\\/person\\\/42d95c7c900104834e45a22afe68e54d\"},\"headline\":\"Tag der Deutschen Einheit &#8211; 03.10.2023\",\"datePublished\":\"2023-10-04T16:32:24+00:00\",\"dateModified\":\"2023-10-10T08:00:18+00:00\",\"mainEntityOfPage\":{\"@id\":\"https:\\\/\\\/www.moedlareuth.de\\\/tag-der-deutschen-einheit-03-10-2023\\\/\"},\"wordCount\":218,\"publisher\":{\"@id\":\"https:\\\/\\\/moedlareuth.de\\\/preview\\\/#organization\"},\"image\":{\"@id\":\"https:\\\/\\\/www.moedlareuth.de\\\/tag-der-deutschen-einheit-03-10-2023\\\/#primaryimage\"},\"thumbnailUrl\":\"https:\\\/\\\/www.moedlareuth.de\\\/wp-content\\\/uploads\\\/2023\\\/10\\\/3.10.23-IMG_2675-scaled.jpg\",\"articleSection\":[\"Aktuelles\"],\"inLanguage\":\"nl-NL\"},{\"@type\":\"WebPage\",\"@id\":\"https:\\\/\\\/www.moedlareuth.de\\\/tag-der-deutschen-einheit-03-10-2023\\\/\",\"url\":\"https:\\\/\\\/www.moedlareuth.de\\\/tag-der-deutschen-einheit-03-10-2023\\\/\",\"name\":\"Tag der Deutschen Einheit - 03.10.2023 - Deutsch-Deutsches Museum M\u00f6dlareuth\",\"isPartOf\":{\"@id\":\"https:\\\/\\\/moedlareuth.de\\\/preview\\\/#website\"},\"primaryImageOfPage\":{\"@id\":\"https:\\\/\\\/www.moedlareuth.de\\\/tag-der-deutschen-einheit-03-10-2023\\\/#primaryimage\"},\"image\":{\"@id\":\"https:\\\/\\\/www.moedlareuth.de\\\/tag-der-deutschen-einheit-03-10-2023\\\/#primaryimage\"},\"thumbnailUrl\":\"https:\\\/\\\/www.moedlareuth.de\\\/wp-content\\\/uploads\\\/2023\\\/10\\\/3.10.23-IMG_2675-scaled.jpg\",\"datePublished\":\"2023-10-04T16:32:24+00:00\",\"dateModified\":\"2023-10-10T08:00:18+00:00\",\"breadcrumb\":{\"@id\":\"https:\\\/\\\/www.moedlareuth.de\\\/tag-der-deutschen-einheit-03-10-2023\\\/#breadcrumb\"},\"inLanguage\":\"nl-NL\",\"potentialAction\":[{\"@type\":\"ReadAction\",\"target\":[\"https:\\\/\\\/www.moedlareuth.de\\\/tag-der-deutschen-einheit-03-10-2023\\\/\"]}]},{\"@type\":\"ImageObject\",\"inLanguage\":\"nl-NL\",\"@id\":\"https:\\\/\\\/www.moedlareuth.de\\\/tag-der-deutschen-einheit-03-10-2023\\\/#primaryimage\",\"url\":\"https:\\\/\\\/www.moedlareuth.de\\\/wp-content\\\/uploads\\\/2023\\\/10\\\/3.10.23-IMG_2675-scaled.jpg\",\"contentUrl\":\"https:\\\/\\\/www.moedlareuth.de\\\/wp-content\\\/uploads\\\/2023\\\/10\\\/3.10.23-IMG_2675-scaled.jpg\",\"width\":2560,\"height\":1923},{\"@type\":\"BreadcrumbList\",\"@id\":\"https:\\\/\\\/www.moedlareuth.de\\\/tag-der-deutschen-einheit-03-10-2023\\\/#breadcrumb\",\"itemListElement\":[{\"@type\":\"ListItem\",\"position\":1,\"name\":\"Startseite\",\"item\":\"https:\\\/\\\/www.moedlareuth.de\\\/\"},{\"@type\":\"ListItem\",\"position\":2,\"name\":\"Tag der Deutschen Einheit &#8211; 03.10.2023\"}]},{\"@type\":\"WebSite\",\"@id\":\"https:\\\/\\\/moedlareuth.de\\\/preview\\\/#website\",\"url\":\"https:\\\/\\\/moedlareuth.de\\\/preview\\\/\",\"name\":\"Deutsch-Deutsches Museum M\u00f6dlareuth\",\"description\":\"Gedenkst\u00e4tte zur deutschen Teilung\",\"publisher\":{\"@id\":\"https:\\\/\\\/moedlareuth.de\\\/preview\\\/#organization\"},\"potentialAction\":[{\"@type\":\"SearchAction\",\"target\":{\"@type\":\"EntryPoint\",\"urlTemplate\":\"https:\\\/\\\/moedlareuth.de\\\/preview\\\/?s={search_term_string}\"},\"query-input\":{\"@type\":\"PropertyValueSpecification\",\"valueRequired\":true,\"valueName\":\"search_term_string\"}}],\"inLanguage\":\"nl-NL\"},{\"@type\":\"Organization\",\"@id\":\"https:\\\/\\\/moedlareuth.de\\\/preview\\\/#organization\",\"name\":\"Deutsch-Deutsches Museum M\u00f6dlareuth\",\"url\":\"https:\\\/\\\/moedlareuth.de\\\/preview\\\/\",\"logo\":{\"@type\":\"ImageObject\",\"inLanguage\":\"nl-NL\",\"@id\":\"https:\\\/\\\/moedlareuth.de\\\/preview\\\/#\\\/schema\\\/logo\\\/image\\\/\",\"url\":\"https:\\\/\\\/www.moedlareuth.de\\\/wp-content\\\/uploads\\\/2022\\\/02\\\/museum_moedlareuth_logo_hell_zusatz.svg\",\"contentUrl\":\"https:\\\/\\\/www.moedlareuth.de\\\/wp-content\\\/uploads\\\/2022\\\/02\\\/museum_moedlareuth_logo_hell_zusatz.svg\",\"width\":255,\"height\":62,\"caption\":\"Deutsch-Deutsches Museum M\u00f6dlareuth\"},\"image\":{\"@id\":\"https:\\\/\\\/moedlareuth.de\\\/preview\\\/#\\\/schema\\\/logo\\\/image\\\/\"}},{\"@type\":\"Person\",\"@id\":\"https:\\\/\\\/moedlareuth.de\\\/preview\\\/#\\\/schema\\\/person\\\/42d95c7c900104834e45a22afe68e54d\",\"name\":\"Susan Burger\",\"url\":\"https:\\\/\\\/www.moedlareuth.de\\\/nl\\\/author\\\/s-burger\\\/\"}]}<\/script>\n<!-- \/ Yoast SEO plugin. -->","yoast_head_json":{"title":"Tag der Deutschen Einheit - 03.10.2023 - Deutsch-Deutsches Museum M\u00f6dlareuth","robots":{"index":"index","follow":"follow","max-snippet":"max-snippet:-1","max-image-preview":"max-image-preview:large","max-video-preview":"max-video-preview:-1"},"canonical":"https:\/\/www.moedlareuth.de\/nl\/tag-der-deutschen-einheit-03-10-2023\/","og_locale":"nl_NL","og_type":"article","og_title":"Tag der Deutschen Einheit - 03.10.2023 - Deutsch-Deutsches Museum M\u00f6dlareuth","og_description":"Am 33. Jahrestag der Deutschen Einheit besuchten das Deutsch-Deutsche Museum M\u00f6dlareuth ca. 2.100 Personen. Die interessierten Besucher konnten das umgestaltete Freigel\u00e4nde mit original erhaltenen DDR-Grenzsperranlagen und verschiedene Ausstellungen besichtigen: \u201eNiemand hat die Absicht eine Mauer zu errichten&#8230;&#8220; zur Geschichte des geteilten Dorfes M\u00f6dlareuth,\u201eMenschen des 17. Juni&#8220; zum Volksaufstand in der DDR 1953, die OpenAir-Ausstellung \u201eDie...","og_url":"https:\/\/www.moedlareuth.de\/nl\/tag-der-deutschen-einheit-03-10-2023\/","og_site_name":"Deutsch-Deutsches Museum M\u00f6dlareuth","article_published_time":"2023-10-04T16:32:24+00:00","article_modified_time":"2023-10-10T08:00:18+00:00","og_image":[{"width":2560,"height":1923,"url":"https:\/\/www.moedlareuth.de\/wp-content\/uploads\/2023\/10\/3.10.23-IMG_2675-scaled.jpg","type":"image\/jpeg"}],"author":"Susan Burger","twitter_card":"summary_large_image","twitter_misc":{"Geschreven door":"Susan Burger","Geschatte leestijd":"4 minuten"},"schema":{"@context":"https:\/\/schema.org","@graph":[{"@type":"Article","@id":"https:\/\/www.moedlareuth.de\/tag-der-deutschen-einheit-03-10-2023\/#article","isPartOf":{"@id":"https:\/\/www.moedlareuth.de\/tag-der-deutschen-einheit-03-10-2023\/"},"author":{"name":"Susan Burger","@id":"https:\/\/moedlareuth.de\/preview\/#\/schema\/person\/42d95c7c900104834e45a22afe68e54d"},"headline":"Tag der Deutschen Einheit &#8211; 03.10.2023","datePublished":"2023-10-04T16:32:24+00:00","dateModified":"2023-10-10T08:00:18+00:00","mainEntityOfPage":{"@id":"https:\/\/www.moedlareuth.de\/tag-der-deutschen-einheit-03-10-2023\/"},"wordCount":218,"publisher":{"@id":"https:\/\/moedlareuth.de\/preview\/#organization"},"image":{"@id":"https:\/\/www.moedlareuth.de\/tag-der-deutschen-einheit-03-10-2023\/#primaryimage"},"thumbnailUrl":"https:\/\/www.moedlareuth.de\/wp-content\/uploads\/2023\/10\/3.10.23-IMG_2675-scaled.jpg","articleSection":["Aktuelles"],"inLanguage":"nl-NL"},{"@type":"WebPage","@id":"https:\/\/www.moedlareuth.de\/tag-der-deutschen-einheit-03-10-2023\/","url":"https:\/\/www.moedlareuth.de\/tag-der-deutschen-einheit-03-10-2023\/","name":"Tag der Deutschen Einheit - 03.10.2023 - Deutsch-Deutsches Museum M\u00f6dlareuth","isPartOf":{"@id":"https:\/\/moedlareuth.de\/preview\/#website"},"primaryImageOfPage":{"@id":"https:\/\/www.moedlareuth.de\/tag-der-deutschen-einheit-03-10-2023\/#primaryimage"},"image":{"@id":"https:\/\/www.moedlareuth.de\/tag-der-deutschen-einheit-03-10-2023\/#primaryimage"},"thumbnailUrl":"https:\/\/www.moedlareuth.de\/wp-content\/uploads\/2023\/10\/3.10.23-IMG_2675-scaled.jpg","datePublished":"2023-10-04T16:32:24+00:00","dateModified":"2023-10-10T08:00:18+00:00","breadcrumb":{"@id":"https:\/\/www.moedlareuth.de\/tag-der-deutschen-einheit-03-10-2023\/#breadcrumb"},"inLanguage":"nl-NL","potentialAction":[{"@type":"ReadAction","target":["https:\/\/www.moedlareuth.de\/tag-der-deutschen-einheit-03-10-2023\/"]}]},{"@type":"ImageObject","inLanguage":"nl-NL","@id":"https:\/\/www.moedlareuth.de\/tag-der-deutschen-einheit-03-10-2023\/#primaryimage","url":"https:\/\/www.moedlareuth.de\/wp-content\/uploads\/2023\/10\/3.10.23-IMG_2675-scaled.jpg","contentUrl":"https:\/\/www.moedlareuth.de\/wp-content\/uploads\/2023\/10\/3.10.23-IMG_2675-scaled.jpg","width":2560,"height":1923},{"@type":"BreadcrumbList","@id":"https:\/\/www.moedlareuth.de\/tag-der-deutschen-einheit-03-10-2023\/#breadcrumb","itemListElement":[{"@type":"ListItem","position":1,"name":"Startseite","item":"https:\/\/www.moedlareuth.de\/"},{"@type":"ListItem","position":2,"name":"Tag der Deutschen Einheit &#8211; 03.10.2023"}]},{"@type":"WebSite","@id":"https:\/\/moedlareuth.de\/preview\/#website","url":"https:\/\/moedlareuth.de\/preview\/","name":"Duits-Duits Museum M\u00f6dlareuth","description":"Gedenkteken voor de verdeling van Duitsland","publisher":{"@id":"https:\/\/moedlareuth.de\/preview\/#organization"},"potentialAction":[{"@type":"SearchAction","target":{"@type":"EntryPoint","urlTemplate":"https:\/\/moedlareuth.de\/preview\/?s={search_term_string}"},"query-input":{"@type":"PropertyValueSpecification","valueRequired":true,"valueName":"search_term_string"}}],"inLanguage":"nl-NL"},{"@type":"Organization","@id":"https:\/\/moedlareuth.de\/preview\/#organization","name":"Duits-Duits Museum M\u00f6dlareuth","url":"https:\/\/moedlareuth.de\/preview\/","logo":{"@type":"ImageObject","inLanguage":"nl-NL","@id":"https:\/\/moedlareuth.de\/preview\/#\/schema\/logo\/image\/","url":"https:\/\/www.moedlareuth.de\/wp-content\/uploads\/2022\/02\/museum_moedlareuth_logo_hell_zusatz.svg","contentUrl":"https:\/\/www.moedlareuth.de\/wp-content\/uploads\/2022\/02\/museum_moedlareuth_logo_hell_zusatz.svg","width":255,"height":62,"caption":"Deutsch-Deutsches Museum M\u00f6dlareuth"},"image":{"@id":"https:\/\/moedlareuth.de\/preview\/#\/schema\/logo\/image\/"}},{"@type":"Person","@id":"https:\/\/moedlareuth.de\/preview\/#\/schema\/person\/42d95c7c900104834e45a22afe68e54d","name":"Susan Burger","url":"https:\/\/www.moedlareuth.de\/nl\/author\/s-burger\/"}]}},"_links":{"self":[{"href":"https:\/\/www.moedlareuth.de\/nl\/wp-json\/wp\/v2\/posts\/12840","targetHints":{"allow":["GET"]}}],"collection":[{"href":"https:\/\/www.moedlareuth.de\/nl\/wp-json\/wp\/v2\/posts"}],"about":[{"href":"https:\/\/www.moedlareuth.de\/nl\/wp-json\/wp\/v2\/types\/post"}],"author":[{"embeddable":true,"href":"https:\/\/www.moedlareuth.de\/nl\/wp-json\/wp\/v2\/users\/10"}],"replies":[{"embeddable":true,"href":"https:\/\/www.moedlareuth.de\/nl\/wp-json\/wp\/v2\/comments?post=12840"}],"version-history":[{"count":4,"href":"https:\/\/www.moedlareuth.de\/nl\/wp-json\/wp\/v2\/posts\/12840\/revisions"}],"predecessor-version":[{"id":12865,"href":"https:\/\/www.moedlareuth.de\/nl\/wp-json\/wp\/v2\/posts\/12840\/revisions\/12865"}],"wp:featuredmedia":[{"embeddable":true,"href":"https:\/\/www.moedlareuth.de\/nl\/wp-json\/wp\/v2\/media\/12841"}],"wp:attachment":[{"href":"https:\/\/www.moedlareuth.de\/nl\/wp-json\/wp\/v2\/media?parent=12840"}],"wp:term":[{"taxonomy":"category","embeddable":true,"href":"https:\/\/www.moedlareuth.de\/nl\/wp-json\/wp\/v2\/categories?post=12840"},{"taxonomy":"post_tag","embeddable":true,"href":"https:\/\/www.moedlareuth.de\/nl\/wp-json\/wp\/v2\/tags?post=12840"}],"curies":[{"name":"wp","href":"https:\/\/api.w.org\/{rel}","templated":true}]}}