{"id":12144,"date":"2022-05-23T18:52:00","date_gmt":"2022-05-23T16:52:00","guid":{"rendered":"https:\/\/www.moedlareuth.de\/?p=12144"},"modified":"2022-06-28T18:52:47","modified_gmt":"2022-06-28T16:52:47","slug":"35-sitzung-der-zweckverbandsversammlung","status":"publish","type":"post","link":"https:\/\/www.moedlareuth.de\/nl\/35-sitzung-der-zweckverbandsversammlung\/","title":{"rendered":"35STE VERGADERING VAN DE SPECIALE SECTOR VERGADERING"},"content":{"rendered":"<p>Auf der Tagesordnung der 35.Sitzung der Verbandsversammlung am 23.05.2022 stand die Jahresrechnung 2021. Aufgrund der zeitweisen Schlie\u00dfung des Museums weist diese Mindereinnahmen bei den Eintrittsgeldern aus. Trotzdem konnten alle anfallenden Ausgaben gedeckt werden, denn es gab auch Einsparungen beim Personalaufwand als auch im Bereich des Unterhaltes. Zudem stockten Bund, die Freistaaten Bayern und Th\u00fcringen wie auch der Bezirk Oberfranken ihre Zuwendungen auf. Die \u00fcberplanm\u00e4\u00dfigen Ausgaben f\u00fcr Luftfilter und Medientechnik in H\u00f6he von knapp 16.400 \u20ac segnete die Verbandsversammlung ab.<\/p>\n\n\n\n<p>Landrat Dr. B\u00e4r informierte, dass mit einer gro\u00dfz\u00fcgigen Finanzspritze aus Th\u00fcringen von 50.000 \u20ac wichtige Ma\u00dfnahmen abgeschlossen wurden. Die \u00fcber 15 Jahre alte Technik in den Kinos\u00e4len habe man erneuert. Zudem konnte der Zweckverband ein neues Upgrade f\u00fcr die Software Datenbank erwerben und die Website vollst\u00e4ndig \u00fcberarbeiten. Diese werde bald auch in den Sprachen Englisch, Franz\u00f6sisch, Italienisch, Spanisch, Niederl\u00e4ndisch, Tschechisch online gehen, so der Vorsitzende. Das Museum sei seit Kurzem in den sozialen Netzen vertreten. Museumsp\u00e4dagogin Susan Burger betreut in Zusammenarbeit mit Christine Franz von der Gesch\u00e4ftsstelle die Aufritte auf Facebook und Instagram. F\u00fcr das Medienarchiv habe man einen neuen PC mit Bildschirm anschaffen k\u00f6nnen. Sehr dankbar zeigte sich der Vorsitzende f\u00fcr die F\u00f6rdermittel aus Th\u00fcringen zum Erstellen von Zeitzeugen-Interviews, die einen wichtigen Beitrag f\u00fcr die Vermittlungsarbeit des Museums liefern. Die biografischen Interviews wurden von Museumsleiter Robert Lebegern in Zusammenarbeit mit der Firma Februar Film, Berlin, durchgef\u00fchrt.<\/p>\n\n\n\n<p>Zum Gremium geh\u00f6ren neben Landrat Dr. Oliver B\u00e4r als Vorsitzenden die Landr\u00e4te Thomas Fugmann (Saale-Orla-Kreis) und Rolf Keil (Vogtlandkreis) sowie die Verbandsr\u00e4te Jonas Chudasch, Michael Pohl und Isabell Kirschner, die an der Sitzung in T\u00f6pen teilnahmen.<\/p>","protected":false},"excerpt":{"rendered":"<p>Auf der Tagesordnung der 35.Sitzung der Verbandsversammlung am 23.05.2022 stand die Jahresrechnung 2021. Aufgrund der zeitweisen Schlie\u00dfung des Museums weist diese Mindereinnahmen bei den Eintrittsgeldern aus. Trotzdem konnten alle anfallenden Ausgaben gedeckt werden, denn es gab auch Einsparungen beim Personalaufwand als auch im Bereich des Unterhaltes. Zudem stockten Bund, die Freistaaten Bayern und Th\u00fcringen wie&#8230;<\/p>","protected":false},"author":8,"featured_media":12121,"comment_status":"closed","ping_status":"closed","sticky":false,"template":"","format":"standard","meta":{"_acf_changed":false,"inline_featured_image":false,"_kad_post_transparent":"","_kad_post_title":"","_kad_post_layout":"","_kad_post_sidebar_id":"","_kad_post_content_style":"","_kad_post_vertical_padding":"","_kad_post_feature":"","_kad_post_feature_position":"","_kad_post_header":false,"_kad_post_footer":false,"_kad_post_classname":"","footnotes":""},"categories":[1],"tags":[],"class_list":["post-12144","post","type-post","status-publish","format-standard","has-post-thumbnail","hentry","category-aktuelles"],"acf":[],"yoast_head":"<!-- This site is optimized with the Yoast SEO plugin v27.5 - https:\/\/yoast.com\/product\/yoast-seo-wordpress\/ -->\n<title>35. SITZUNG DER ZWECKVERBANDSVERSAMMLUNG - Deutsch-Deutsches Museum M\u00f6dlareuth<\/title>\n<meta name=\"robots\" content=\"index, follow, max-snippet:-1, max-image-preview:large, max-video-preview:-1\" \/>\n<link rel=\"canonical\" href=\"https:\/\/moedlareuth.de\/35-sitzung-der-zweckverbandsversammlung\/\" \/>\n<meta property=\"og:locale\" content=\"nl_NL\" \/>\n<meta property=\"og:type\" content=\"article\" \/>\n<meta property=\"og:title\" content=\"35. SITZUNG DER ZWECKVERBANDSVERSAMMLUNG - Deutsch-Deutsches Museum M\u00f6dlareuth\" \/>\n<meta property=\"og:description\" content=\"Auf der Tagesordnung der 35.Sitzung der Verbandsversammlung am 23.05.2022 stand die Jahresrechnung 2021. Aufgrund der zeitweisen Schlie\u00dfung des Museums weist diese Mindereinnahmen bei den Eintrittsgeldern aus. Trotzdem konnten alle anfallenden Ausgaben gedeckt werden, denn es gab auch Einsparungen beim Personalaufwand als auch im Bereich des Unterhaltes. Zudem stockten Bund, die Freistaaten Bayern und Th\u00fcringen wie...\" \/>\n<meta property=\"og:url\" content=\"https:\/\/moedlareuth.de\/35-sitzung-der-zweckverbandsversammlung\/\" \/>\n<meta property=\"og:site_name\" content=\"Deutsch-Deutsches Museum M\u00f6dlareuth\" \/>\n<meta property=\"article:published_time\" content=\"2022-05-23T16:52:00+00:00\" \/>\n<meta property=\"article:modified_time\" content=\"2022-06-28T16:52:47+00:00\" \/>\n<meta property=\"og:image\" content=\"https:\/\/moedlareuth.de\/preview\/wp-content\/uploads\/2022\/06\/35-sitzung-der-zweckverbandsversammlung.png\" \/>\n\t<meta property=\"og:image:width\" content=\"553\" \/>\n\t<meta property=\"og:image:height\" content=\"338\" \/>\n\t<meta property=\"og:image:type\" content=\"image\/png\" \/>\n<meta name=\"author\" content=\"Tobias H\u00f6rnlein\" \/>\n<meta name=\"twitter:card\" content=\"summary_large_image\" \/>\n<meta name=\"twitter:label1\" content=\"Geschreven door\" \/>\n\t<meta name=\"twitter:data1\" content=\"Tobias H\u00f6rnlein\" \/>\n\t<meta name=\"twitter:label2\" content=\"Geschatte leestijd\" \/>\n\t<meta name=\"twitter:data2\" content=\"2 minuten\" \/>\n<script type=\"application\/ld+json\" class=\"yoast-schema-graph\">{\"@context\":\"https:\\\/\\\/schema.org\",\"@graph\":[{\"@type\":\"Article\",\"@id\":\"https:\\\/\\\/moedlareuth.de\\\/35-sitzung-der-zweckverbandsversammlung\\\/#article\",\"isPartOf\":{\"@id\":\"https:\\\/\\\/moedlareuth.de\\\/35-sitzung-der-zweckverbandsversammlung\\\/\"},\"author\":{\"name\":\"Tobias H\u00f6rnlein\",\"@id\":\"https:\\\/\\\/moedlareuth.de\\\/preview\\\/#\\\/schema\\\/person\\\/05c5d05db601e790f17ea44ecbdeac99\"},\"headline\":\"35. SITZUNG DER ZWECKVERBANDSVERSAMMLUNG\",\"datePublished\":\"2022-05-23T16:52:00+00:00\",\"dateModified\":\"2022-06-28T16:52:47+00:00\",\"mainEntityOfPage\":{\"@id\":\"https:\\\/\\\/moedlareuth.de\\\/35-sitzung-der-zweckverbandsversammlung\\\/\"},\"wordCount\":287,\"publisher\":{\"@id\":\"https:\\\/\\\/moedlareuth.de\\\/preview\\\/#organization\"},\"image\":{\"@id\":\"https:\\\/\\\/moedlareuth.de\\\/35-sitzung-der-zweckverbandsversammlung\\\/#primaryimage\"},\"thumbnailUrl\":\"https:\\\/\\\/www.moedlareuth.de\\\/wp-content\\\/uploads\\\/2022\\\/06\\\/35-sitzung-der-zweckverbandsversammlung.png\",\"articleSection\":[\"Aktuelles\"],\"inLanguage\":\"nl-NL\"},{\"@type\":\"WebPage\",\"@id\":\"https:\\\/\\\/moedlareuth.de\\\/35-sitzung-der-zweckverbandsversammlung\\\/\",\"url\":\"https:\\\/\\\/moedlareuth.de\\\/35-sitzung-der-zweckverbandsversammlung\\\/\",\"name\":\"35. SITZUNG DER ZWECKVERBANDSVERSAMMLUNG - Deutsch-Deutsches Museum M\u00f6dlareuth\",\"isPartOf\":{\"@id\":\"https:\\\/\\\/moedlareuth.de\\\/preview\\\/#website\"},\"primaryImageOfPage\":{\"@id\":\"https:\\\/\\\/moedlareuth.de\\\/35-sitzung-der-zweckverbandsversammlung\\\/#primaryimage\"},\"image\":{\"@id\":\"https:\\\/\\\/moedlareuth.de\\\/35-sitzung-der-zweckverbandsversammlung\\\/#primaryimage\"},\"thumbnailUrl\":\"https:\\\/\\\/www.moedlareuth.de\\\/wp-content\\\/uploads\\\/2022\\\/06\\\/35-sitzung-der-zweckverbandsversammlung.png\",\"datePublished\":\"2022-05-23T16:52:00+00:00\",\"dateModified\":\"2022-06-28T16:52:47+00:00\",\"breadcrumb\":{\"@id\":\"https:\\\/\\\/moedlareuth.de\\\/35-sitzung-der-zweckverbandsversammlung\\\/#breadcrumb\"},\"inLanguage\":\"nl-NL\",\"potentialAction\":[{\"@type\":\"ReadAction\",\"target\":[\"https:\\\/\\\/moedlareuth.de\\\/35-sitzung-der-zweckverbandsversammlung\\\/\"]}]},{\"@type\":\"ImageObject\",\"inLanguage\":\"nl-NL\",\"@id\":\"https:\\\/\\\/moedlareuth.de\\\/35-sitzung-der-zweckverbandsversammlung\\\/#primaryimage\",\"url\":\"https:\\\/\\\/www.moedlareuth.de\\\/wp-content\\\/uploads\\\/2022\\\/06\\\/35-sitzung-der-zweckverbandsversammlung.png\",\"contentUrl\":\"https:\\\/\\\/www.moedlareuth.de\\\/wp-content\\\/uploads\\\/2022\\\/06\\\/35-sitzung-der-zweckverbandsversammlung.png\",\"width\":553,\"height\":338},{\"@type\":\"BreadcrumbList\",\"@id\":\"https:\\\/\\\/moedlareuth.de\\\/35-sitzung-der-zweckverbandsversammlung\\\/#breadcrumb\",\"itemListElement\":[{\"@type\":\"ListItem\",\"position\":1,\"name\":\"Startseite\",\"item\":\"https:\\\/\\\/www.moedlareuth.de\\\/\"},{\"@type\":\"ListItem\",\"position\":2,\"name\":\"35. SITZUNG DER ZWECKVERBANDSVERSAMMLUNG\"}]},{\"@type\":\"WebSite\",\"@id\":\"https:\\\/\\\/moedlareuth.de\\\/preview\\\/#website\",\"url\":\"https:\\\/\\\/moedlareuth.de\\\/preview\\\/\",\"name\":\"Deutsch-Deutsches Museum M\u00f6dlareuth\",\"description\":\"Gedenkst\u00e4tte zur deutschen Teilung\",\"publisher\":{\"@id\":\"https:\\\/\\\/moedlareuth.de\\\/preview\\\/#organization\"},\"potentialAction\":[{\"@type\":\"SearchAction\",\"target\":{\"@type\":\"EntryPoint\",\"urlTemplate\":\"https:\\\/\\\/moedlareuth.de\\\/preview\\\/?s={search_term_string}\"},\"query-input\":{\"@type\":\"PropertyValueSpecification\",\"valueRequired\":true,\"valueName\":\"search_term_string\"}}],\"inLanguage\":\"nl-NL\"},{\"@type\":\"Organization\",\"@id\":\"https:\\\/\\\/moedlareuth.de\\\/preview\\\/#organization\",\"name\":\"Deutsch-Deutsches Museum M\u00f6dlareuth\",\"url\":\"https:\\\/\\\/moedlareuth.de\\\/preview\\\/\",\"logo\":{\"@type\":\"ImageObject\",\"inLanguage\":\"nl-NL\",\"@id\":\"https:\\\/\\\/moedlareuth.de\\\/preview\\\/#\\\/schema\\\/logo\\\/image\\\/\",\"url\":\"https:\\\/\\\/www.moedlareuth.de\\\/wp-content\\\/uploads\\\/2022\\\/02\\\/museum_moedlareuth_logo_hell_zusatz.svg\",\"contentUrl\":\"https:\\\/\\\/www.moedlareuth.de\\\/wp-content\\\/uploads\\\/2022\\\/02\\\/museum_moedlareuth_logo_hell_zusatz.svg\",\"width\":255,\"height\":62,\"caption\":\"Deutsch-Deutsches Museum M\u00f6dlareuth\"},\"image\":{\"@id\":\"https:\\\/\\\/moedlareuth.de\\\/preview\\\/#\\\/schema\\\/logo\\\/image\\\/\"}},{\"@type\":\"Person\",\"@id\":\"https:\\\/\\\/moedlareuth.de\\\/preview\\\/#\\\/schema\\\/person\\\/05c5d05db601e790f17ea44ecbdeac99\",\"name\":\"Tobias H\u00f6rnlein\",\"url\":\"https:\\\/\\\/www.moedlareuth.de\\\/nl\\\/author\\\/tobias\\\/\"}]}<\/script>\n<!-- \/ Yoast SEO plugin. -->","yoast_head_json":{"title":"35. SITZUNG DER ZWECKVERBANDSVERSAMMLUNG - Deutsch-Deutsches Museum M\u00f6dlareuth","robots":{"index":"index","follow":"follow","max-snippet":"max-snippet:-1","max-image-preview":"max-image-preview:large","max-video-preview":"max-video-preview:-1"},"canonical":"https:\/\/moedlareuth.de\/35-sitzung-der-zweckverbandsversammlung\/","og_locale":"nl_NL","og_type":"article","og_title":"35. SITZUNG DER ZWECKVERBANDSVERSAMMLUNG - Deutsch-Deutsches Museum M\u00f6dlareuth","og_description":"Auf der Tagesordnung der 35.Sitzung der Verbandsversammlung am 23.05.2022 stand die Jahresrechnung 2021. Aufgrund der zeitweisen Schlie\u00dfung des Museums weist diese Mindereinnahmen bei den Eintrittsgeldern aus. Trotzdem konnten alle anfallenden Ausgaben gedeckt werden, denn es gab auch Einsparungen beim Personalaufwand als auch im Bereich des Unterhaltes. Zudem stockten Bund, die Freistaaten Bayern und Th\u00fcringen wie...","og_url":"https:\/\/moedlareuth.de\/35-sitzung-der-zweckverbandsversammlung\/","og_site_name":"Deutsch-Deutsches Museum M\u00f6dlareuth","article_published_time":"2022-05-23T16:52:00+00:00","article_modified_time":"2022-06-28T16:52:47+00:00","og_image":[{"width":553,"height":338,"url":"https:\/\/moedlareuth.de\/preview\/wp-content\/uploads\/2022\/06\/35-sitzung-der-zweckverbandsversammlung.png","type":"image\/png"}],"author":"Tobias H\u00f6rnlein","twitter_card":"summary_large_image","twitter_misc":{"Geschreven door":"Tobias H\u00f6rnlein","Geschatte leestijd":"2 minuten"},"schema":{"@context":"https:\/\/schema.org","@graph":[{"@type":"Article","@id":"https:\/\/moedlareuth.de\/35-sitzung-der-zweckverbandsversammlung\/#article","isPartOf":{"@id":"https:\/\/moedlareuth.de\/35-sitzung-der-zweckverbandsversammlung\/"},"author":{"name":"Tobias H\u00f6rnlein","@id":"https:\/\/moedlareuth.de\/preview\/#\/schema\/person\/05c5d05db601e790f17ea44ecbdeac99"},"headline":"35. SITZUNG DER ZWECKVERBANDSVERSAMMLUNG","datePublished":"2022-05-23T16:52:00+00:00","dateModified":"2022-06-28T16:52:47+00:00","mainEntityOfPage":{"@id":"https:\/\/moedlareuth.de\/35-sitzung-der-zweckverbandsversammlung\/"},"wordCount":287,"publisher":{"@id":"https:\/\/moedlareuth.de\/preview\/#organization"},"image":{"@id":"https:\/\/moedlareuth.de\/35-sitzung-der-zweckverbandsversammlung\/#primaryimage"},"thumbnailUrl":"https:\/\/www.moedlareuth.de\/wp-content\/uploads\/2022\/06\/35-sitzung-der-zweckverbandsversammlung.png","articleSection":["Aktuelles"],"inLanguage":"nl-NL"},{"@type":"WebPage","@id":"https:\/\/moedlareuth.de\/35-sitzung-der-zweckverbandsversammlung\/","url":"https:\/\/moedlareuth.de\/35-sitzung-der-zweckverbandsversammlung\/","name":"35. SITZUNG DER ZWECKVERBANDSVERSAMMLUNG - Deutsch-Deutsches Museum M\u00f6dlareuth","isPartOf":{"@id":"https:\/\/moedlareuth.de\/preview\/#website"},"primaryImageOfPage":{"@id":"https:\/\/moedlareuth.de\/35-sitzung-der-zweckverbandsversammlung\/#primaryimage"},"image":{"@id":"https:\/\/moedlareuth.de\/35-sitzung-der-zweckverbandsversammlung\/#primaryimage"},"thumbnailUrl":"https:\/\/www.moedlareuth.de\/wp-content\/uploads\/2022\/06\/35-sitzung-der-zweckverbandsversammlung.png","datePublished":"2022-05-23T16:52:00+00:00","dateModified":"2022-06-28T16:52:47+00:00","breadcrumb":{"@id":"https:\/\/moedlareuth.de\/35-sitzung-der-zweckverbandsversammlung\/#breadcrumb"},"inLanguage":"nl-NL","potentialAction":[{"@type":"ReadAction","target":["https:\/\/moedlareuth.de\/35-sitzung-der-zweckverbandsversammlung\/"]}]},{"@type":"ImageObject","inLanguage":"nl-NL","@id":"https:\/\/moedlareuth.de\/35-sitzung-der-zweckverbandsversammlung\/#primaryimage","url":"https:\/\/www.moedlareuth.de\/wp-content\/uploads\/2022\/06\/35-sitzung-der-zweckverbandsversammlung.png","contentUrl":"https:\/\/www.moedlareuth.de\/wp-content\/uploads\/2022\/06\/35-sitzung-der-zweckverbandsversammlung.png","width":553,"height":338},{"@type":"BreadcrumbList","@id":"https:\/\/moedlareuth.de\/35-sitzung-der-zweckverbandsversammlung\/#breadcrumb","itemListElement":[{"@type":"ListItem","position":1,"name":"Startseite","item":"https:\/\/www.moedlareuth.de\/"},{"@type":"ListItem","position":2,"name":"35. SITZUNG DER ZWECKVERBANDSVERSAMMLUNG"}]},{"@type":"WebSite","@id":"https:\/\/moedlareuth.de\/preview\/#website","url":"https:\/\/moedlareuth.de\/preview\/","name":"Duits-Duits Museum M\u00f6dlareuth","description":"Gedenkteken voor de verdeling van Duitsland","publisher":{"@id":"https:\/\/moedlareuth.de\/preview\/#organization"},"potentialAction":[{"@type":"SearchAction","target":{"@type":"EntryPoint","urlTemplate":"https:\/\/moedlareuth.de\/preview\/?s={search_term_string}"},"query-input":{"@type":"PropertyValueSpecification","valueRequired":true,"valueName":"search_term_string"}}],"inLanguage":"nl-NL"},{"@type":"Organization","@id":"https:\/\/moedlareuth.de\/preview\/#organization","name":"Duits-Duits Museum M\u00f6dlareuth","url":"https:\/\/moedlareuth.de\/preview\/","logo":{"@type":"ImageObject","inLanguage":"nl-NL","@id":"https:\/\/moedlareuth.de\/preview\/#\/schema\/logo\/image\/","url":"https:\/\/www.moedlareuth.de\/wp-content\/uploads\/2022\/02\/museum_moedlareuth_logo_hell_zusatz.svg","contentUrl":"https:\/\/www.moedlareuth.de\/wp-content\/uploads\/2022\/02\/museum_moedlareuth_logo_hell_zusatz.svg","width":255,"height":62,"caption":"Deutsch-Deutsches Museum M\u00f6dlareuth"},"image":{"@id":"https:\/\/moedlareuth.de\/preview\/#\/schema\/logo\/image\/"}},{"@type":"Person","@id":"https:\/\/moedlareuth.de\/preview\/#\/schema\/person\/05c5d05db601e790f17ea44ecbdeac99","name":"Tobias H\u00f6rnlein","url":"https:\/\/www.moedlareuth.de\/nl\/author\/tobias\/"}]}},"_links":{"self":[{"href":"https:\/\/www.moedlareuth.de\/nl\/wp-json\/wp\/v2\/posts\/12144","targetHints":{"allow":["GET"]}}],"collection":[{"href":"https:\/\/www.moedlareuth.de\/nl\/wp-json\/wp\/v2\/posts"}],"about":[{"href":"https:\/\/www.moedlareuth.de\/nl\/wp-json\/wp\/v2\/types\/post"}],"author":[{"embeddable":true,"href":"https:\/\/www.moedlareuth.de\/nl\/wp-json\/wp\/v2\/users\/8"}],"replies":[{"embeddable":true,"href":"https:\/\/www.moedlareuth.de\/nl\/wp-json\/wp\/v2\/comments?post=12144"}],"version-history":[{"count":1,"href":"https:\/\/www.moedlareuth.de\/nl\/wp-json\/wp\/v2\/posts\/12144\/revisions"}],"predecessor-version":[{"id":12145,"href":"https:\/\/www.moedlareuth.de\/nl\/wp-json\/wp\/v2\/posts\/12144\/revisions\/12145"}],"wp:featuredmedia":[{"embeddable":true,"href":"https:\/\/www.moedlareuth.de\/nl\/wp-json\/wp\/v2\/media\/12121"}],"wp:attachment":[{"href":"https:\/\/www.moedlareuth.de\/nl\/wp-json\/wp\/v2\/media?parent=12144"}],"wp:term":[{"taxonomy":"category","embeddable":true,"href":"https:\/\/www.moedlareuth.de\/nl\/wp-json\/wp\/v2\/categories?post=12144"},{"taxonomy":"post_tag","embeddable":true,"href":"https:\/\/www.moedlareuth.de\/nl\/wp-json\/wp\/v2\/tags?post=12144"}],"curies":[{"name":"wp","href":"https:\/\/api.w.org\/{rel}","templated":true}]}}