{"id":13378,"date":"2024-02-05T15:16:11","date_gmt":"2024-02-05T14:16:11","guid":{"rendered":"https:\/\/www.moedlareuth.de\/?p=13378"},"modified":"2024-02-05T15:16:22","modified_gmt":"2024-02-05T14:16:22","slug":"zweckverband-beschliesst-haushalt-und-verbandsumlage-2024","status":"publish","type":"post","link":"https:\/\/www.moedlareuth.de\/it\/zweckverband-beschliesst-haushalt-und-verbandsumlage-2024\/","title":{"rendered":"Zweckverband beschlie\u00dft Haushalt und Verbandsumlage 2024"},"content":{"rendered":"<p>Der Zweckverband Deutsch-Deutsches Museum M\u00f6dlareuth hat bei seiner j\u00fcngsten Sitzung den Haushalt f\u00fcr 2024 beschlossen und die Verbandsumlage festgesetzt. Die Einnahmen und Ausgaben betragen im Verwaltungshaushalt 838.050,&#8211; Euro und im Verm\u00f6genshaushalt 11.407.000,&#8211; \u00a0Euro.<\/p>\n\n\n\n<p>Zentraler Posten im Haushalt ist die Erweiterung des Deutsch-Deutschen Museums, die mit Kosten von rund 11,4 Millionen Euro im Verm\u00f6genshaushalt 2024 veranschlagt ist. An der Gesamtfinanzierung des Projektes beteiligen sich der Bund, die Freistaaten Bayern und Th\u00fcringen, die Oberfrankenstiftung sowie die Bayerische Landesstiftung mit Zusch\u00fcssen.<\/p>\n\n\n\n<p>Der Neubau schreitet unterdessen weiter voran und soll 2025 fertiggestellt werden. Die Umgestaltung des Au\u00dfengel\u00e4ndes konnte 2023 abgeschlossen werden.<\/p>\n\n\n\n<p>Unter anderem Ausgabensteigerungen f\u00fcr Betriebs-, Personal- und Energiekosten mit rund 64.000 Euro haben eine Erh\u00f6hung der Umlage f\u00fcr die Verbandsmitglieder zur Folge. Hier kann der Zweckverband mit anteiligen Erh\u00f6hungen der Zuwendungen der L\u00e4nder Th\u00fcringen und Bayern wie auch des Bundes rechnen. Diese unterst\u00fctzen das Museum im Rahmen der institutionellen F\u00f6rderung. Allein schultern muss der Zweckverband die Finanzierungskosten f\u00fcr die Museumserweiterung, die einen wesentlichen Teil des gestiegenen Umlagebedarfes darstellen.<\/p>\n\n\n\n<p>Insgesamt errechnet sich eine Umlage von 278.993 Euro.<\/p>\n\n\n\n<p>Im Einzelnen leisten die Mitglieder folgende Beitr\u00e4ge:<\/p>\n\n\n\n<p>Landkreis Hof: 110.202 Euro<\/p>\n\n\n\n<p>Saale-Orla-Kreis: 75.792 Euro<\/p>\n\n\n\n<p>Vogtlandkreis: 56.636 Euro<\/p>\n\n\n\n<p>Gemeinde T\u00f6pen: 16.461 Euro<\/p>\n\n\n\n<p>Stadt Gefell: 15.903 Euro<\/p>","protected":false},"excerpt":{"rendered":"<p>Der Zweckverband Deutsch-Deutsches Museum M\u00f6dlareuth hat bei seiner j\u00fcngsten Sitzung den Haushalt f\u00fcr 2024 beschlossen und die Verbandsumlage festgesetzt. Die Einnahmen und Ausgaben betragen im Verwaltungshaushalt 838.050,&#8211; Euro und im Verm\u00f6genshaushalt 11.407.000,&#8211; \u00a0Euro. Zentraler Posten im Haushalt ist die Erweiterung des Deutsch-Deutschen Museums, die mit Kosten von rund 11,4 Millionen Euro im Verm\u00f6genshaushalt 2024 veranschlagt&#8230;<\/p>","protected":false},"author":10,"featured_media":13380,"comment_status":"closed","ping_status":"closed","sticky":false,"template":"","format":"standard","meta":{"_acf_changed":false,"inline_featured_image":false,"_kad_post_transparent":"","_kad_post_title":"","_kad_post_layout":"","_kad_post_sidebar_id":"","_kad_post_content_style":"","_kad_post_vertical_padding":"","_kad_post_feature":"","_kad_post_feature_position":"","_kad_post_header":false,"_kad_post_footer":false,"_kad_post_classname":"","footnotes":""},"categories":[1],"tags":[],"class_list":["post-13378","post","type-post","status-publish","format-standard","has-post-thumbnail","hentry","category-aktuelles"],"acf":[],"yoast_head":"<!-- This site is optimized with the Yoast SEO plugin v27.5 - https:\/\/yoast.com\/product\/yoast-seo-wordpress\/ -->\n<title>Zweckverband beschlie\u00dft Haushalt und Verbandsumlage 2024 - Deutsch-Deutsches Museum M\u00f6dlareuth<\/title>\n<meta name=\"robots\" content=\"index, follow, max-snippet:-1, max-image-preview:large, max-video-preview:-1\" \/>\n<link rel=\"canonical\" href=\"https:\/\/www.moedlareuth.de\/it\/zweckverband-beschliesst-haushalt-und-verbandsumlage-2024\/\" \/>\n<meta property=\"og:locale\" content=\"it_IT\" \/>\n<meta property=\"og:type\" content=\"article\" \/>\n<meta property=\"og:title\" content=\"Zweckverband beschlie\u00dft Haushalt und Verbandsumlage 2024 - Deutsch-Deutsches Museum M\u00f6dlareuth\" \/>\n<meta property=\"og:description\" content=\"Der Zweckverband Deutsch-Deutsches Museum M\u00f6dlareuth hat bei seiner j\u00fcngsten Sitzung den Haushalt f\u00fcr 2024 beschlossen und die Verbandsumlage festgesetzt. Die Einnahmen und Ausgaben betragen im Verwaltungshaushalt 838.050,&#8211; Euro und im Verm\u00f6genshaushalt 11.407.000,&#8211; \u00a0Euro. Zentraler Posten im Haushalt ist die Erweiterung des Deutsch-Deutschen Museums, die mit Kosten von rund 11,4 Millionen Euro im Verm\u00f6genshaushalt 2024 veranschlagt...\" \/>\n<meta property=\"og:url\" content=\"https:\/\/www.moedlareuth.de\/it\/zweckverband-beschliesst-haushalt-und-verbandsumlage-2024\/\" \/>\n<meta property=\"og:site_name\" content=\"Deutsch-Deutsches Museum M\u00f6dlareuth\" \/>\n<meta property=\"article:published_time\" content=\"2024-02-05T14:16:11+00:00\" \/>\n<meta property=\"article:modified_time\" content=\"2024-02-05T14:16:22+00:00\" \/>\n<meta property=\"og:image\" content=\"https:\/\/www.moedlareuth.de\/wp-content\/uploads\/2024\/02\/IMG_2940_klein.jpg\" \/>\n\t<meta property=\"og:image:width\" content=\"4032\" \/>\n\t<meta property=\"og:image:height\" content=\"3024\" \/>\n\t<meta property=\"og:image:type\" content=\"image\/jpeg\" \/>\n<meta name=\"author\" content=\"Susan Burger\" \/>\n<meta name=\"twitter:card\" content=\"summary_large_image\" \/>\n<meta name=\"twitter:label1\" content=\"Scritto da\" \/>\n\t<meta name=\"twitter:data1\" content=\"Susan Burger\" \/>\n\t<meta name=\"twitter:label2\" content=\"Tempo di lettura stimato\" \/>\n\t<meta name=\"twitter:data2\" content=\"2 minuti\" \/>\n<script type=\"application\/ld+json\" class=\"yoast-schema-graph\">{\"@context\":\"https:\\\/\\\/schema.org\",\"@graph\":[{\"@type\":\"Article\",\"@id\":\"https:\\\/\\\/www.moedlareuth.de\\\/zweckverband-beschliesst-haushalt-und-verbandsumlage-2024\\\/#article\",\"isPartOf\":{\"@id\":\"https:\\\/\\\/www.moedlareuth.de\\\/zweckverband-beschliesst-haushalt-und-verbandsumlage-2024\\\/\"},\"author\":{\"name\":\"Susan Burger\",\"@id\":\"https:\\\/\\\/moedlareuth.de\\\/preview\\\/#\\\/schema\\\/person\\\/42d95c7c900104834e45a22afe68e54d\"},\"headline\":\"Zweckverband beschlie\u00dft Haushalt und Verbandsumlage 2024\",\"datePublished\":\"2024-02-05T14:16:11+00:00\",\"dateModified\":\"2024-02-05T14:16:22+00:00\",\"mainEntityOfPage\":{\"@id\":\"https:\\\/\\\/www.moedlareuth.de\\\/zweckverband-beschliesst-haushalt-und-verbandsumlage-2024\\\/\"},\"wordCount\":212,\"publisher\":{\"@id\":\"https:\\\/\\\/moedlareuth.de\\\/preview\\\/#organization\"},\"image\":{\"@id\":\"https:\\\/\\\/www.moedlareuth.de\\\/zweckverband-beschliesst-haushalt-und-verbandsumlage-2024\\\/#primaryimage\"},\"thumbnailUrl\":\"https:\\\/\\\/www.moedlareuth.de\\\/wp-content\\\/uploads\\\/2024\\\/02\\\/IMG_2940_klein.jpg\",\"articleSection\":[\"Aktuelles\"],\"inLanguage\":\"it-IT\"},{\"@type\":\"WebPage\",\"@id\":\"https:\\\/\\\/www.moedlareuth.de\\\/zweckverband-beschliesst-haushalt-und-verbandsumlage-2024\\\/\",\"url\":\"https:\\\/\\\/www.moedlareuth.de\\\/zweckverband-beschliesst-haushalt-und-verbandsumlage-2024\\\/\",\"name\":\"Zweckverband beschlie\u00dft Haushalt und Verbandsumlage 2024 - Deutsch-Deutsches Museum M\u00f6dlareuth\",\"isPartOf\":{\"@id\":\"https:\\\/\\\/moedlareuth.de\\\/preview\\\/#website\"},\"primaryImageOfPage\":{\"@id\":\"https:\\\/\\\/www.moedlareuth.de\\\/zweckverband-beschliesst-haushalt-und-verbandsumlage-2024\\\/#primaryimage\"},\"image\":{\"@id\":\"https:\\\/\\\/www.moedlareuth.de\\\/zweckverband-beschliesst-haushalt-und-verbandsumlage-2024\\\/#primaryimage\"},\"thumbnailUrl\":\"https:\\\/\\\/www.moedlareuth.de\\\/wp-content\\\/uploads\\\/2024\\\/02\\\/IMG_2940_klein.jpg\",\"datePublished\":\"2024-02-05T14:16:11+00:00\",\"dateModified\":\"2024-02-05T14:16:22+00:00\",\"breadcrumb\":{\"@id\":\"https:\\\/\\\/www.moedlareuth.de\\\/zweckverband-beschliesst-haushalt-und-verbandsumlage-2024\\\/#breadcrumb\"},\"inLanguage\":\"it-IT\",\"potentialAction\":[{\"@type\":\"ReadAction\",\"target\":[\"https:\\\/\\\/www.moedlareuth.de\\\/zweckverband-beschliesst-haushalt-und-verbandsumlage-2024\\\/\"]}]},{\"@type\":\"ImageObject\",\"inLanguage\":\"it-IT\",\"@id\":\"https:\\\/\\\/www.moedlareuth.de\\\/zweckverband-beschliesst-haushalt-und-verbandsumlage-2024\\\/#primaryimage\",\"url\":\"https:\\\/\\\/www.moedlareuth.de\\\/wp-content\\\/uploads\\\/2024\\\/02\\\/IMG_2940_klein.jpg\",\"contentUrl\":\"https:\\\/\\\/www.moedlareuth.de\\\/wp-content\\\/uploads\\\/2024\\\/02\\\/IMG_2940_klein.jpg\",\"width\":4032,\"height\":3024},{\"@type\":\"BreadcrumbList\",\"@id\":\"https:\\\/\\\/www.moedlareuth.de\\\/zweckverband-beschliesst-haushalt-und-verbandsumlage-2024\\\/#breadcrumb\",\"itemListElement\":[{\"@type\":\"ListItem\",\"position\":1,\"name\":\"Startseite\",\"item\":\"https:\\\/\\\/www.moedlareuth.de\\\/\"},{\"@type\":\"ListItem\",\"position\":2,\"name\":\"Zweckverband beschlie\u00dft Haushalt und Verbandsumlage 2024\"}]},{\"@type\":\"WebSite\",\"@id\":\"https:\\\/\\\/moedlareuth.de\\\/preview\\\/#website\",\"url\":\"https:\\\/\\\/moedlareuth.de\\\/preview\\\/\",\"name\":\"Deutsch-Deutsches Museum M\u00f6dlareuth\",\"description\":\"Gedenkst\u00e4tte zur deutschen Teilung\",\"publisher\":{\"@id\":\"https:\\\/\\\/moedlareuth.de\\\/preview\\\/#organization\"},\"potentialAction\":[{\"@type\":\"SearchAction\",\"target\":{\"@type\":\"EntryPoint\",\"urlTemplate\":\"https:\\\/\\\/moedlareuth.de\\\/preview\\\/?s={search_term_string}\"},\"query-input\":{\"@type\":\"PropertyValueSpecification\",\"valueRequired\":true,\"valueName\":\"search_term_string\"}}],\"inLanguage\":\"it-IT\"},{\"@type\":\"Organization\",\"@id\":\"https:\\\/\\\/moedlareuth.de\\\/preview\\\/#organization\",\"name\":\"Deutsch-Deutsches Museum M\u00f6dlareuth\",\"url\":\"https:\\\/\\\/moedlareuth.de\\\/preview\\\/\",\"logo\":{\"@type\":\"ImageObject\",\"inLanguage\":\"it-IT\",\"@id\":\"https:\\\/\\\/moedlareuth.de\\\/preview\\\/#\\\/schema\\\/logo\\\/image\\\/\",\"url\":\"https:\\\/\\\/www.moedlareuth.de\\\/wp-content\\\/uploads\\\/2022\\\/02\\\/museum_moedlareuth_logo_hell_zusatz.svg\",\"contentUrl\":\"https:\\\/\\\/www.moedlareuth.de\\\/wp-content\\\/uploads\\\/2022\\\/02\\\/museum_moedlareuth_logo_hell_zusatz.svg\",\"width\":255,\"height\":62,\"caption\":\"Deutsch-Deutsches Museum M\u00f6dlareuth\"},\"image\":{\"@id\":\"https:\\\/\\\/moedlareuth.de\\\/preview\\\/#\\\/schema\\\/logo\\\/image\\\/\"}},{\"@type\":\"Person\",\"@id\":\"https:\\\/\\\/moedlareuth.de\\\/preview\\\/#\\\/schema\\\/person\\\/42d95c7c900104834e45a22afe68e54d\",\"name\":\"Susan Burger\",\"url\":\"https:\\\/\\\/www.moedlareuth.de\\\/it\\\/author\\\/s-burger\\\/\"}]}<\/script>\n<!-- \/ Yoast SEO plugin. -->","yoast_head_json":{"title":"Zweckverband beschlie\u00dft Haushalt und Verbandsumlage 2024 - Deutsch-Deutsches Museum M\u00f6dlareuth","robots":{"index":"index","follow":"follow","max-snippet":"max-snippet:-1","max-image-preview":"max-image-preview:large","max-video-preview":"max-video-preview:-1"},"canonical":"https:\/\/www.moedlareuth.de\/it\/zweckverband-beschliesst-haushalt-und-verbandsumlage-2024\/","og_locale":"it_IT","og_type":"article","og_title":"Zweckverband beschlie\u00dft Haushalt und Verbandsumlage 2024 - Deutsch-Deutsches Museum M\u00f6dlareuth","og_description":"Der Zweckverband Deutsch-Deutsches Museum M\u00f6dlareuth hat bei seiner j\u00fcngsten Sitzung den Haushalt f\u00fcr 2024 beschlossen und die Verbandsumlage festgesetzt. Die Einnahmen und Ausgaben betragen im Verwaltungshaushalt 838.050,&#8211; Euro und im Verm\u00f6genshaushalt 11.407.000,&#8211; \u00a0Euro. Zentraler Posten im Haushalt ist die Erweiterung des Deutsch-Deutschen Museums, die mit Kosten von rund 11,4 Millionen Euro im Verm\u00f6genshaushalt 2024 veranschlagt...","og_url":"https:\/\/www.moedlareuth.de\/it\/zweckverband-beschliesst-haushalt-und-verbandsumlage-2024\/","og_site_name":"Deutsch-Deutsches Museum M\u00f6dlareuth","article_published_time":"2024-02-05T14:16:11+00:00","article_modified_time":"2024-02-05T14:16:22+00:00","og_image":[{"width":4032,"height":3024,"url":"https:\/\/www.moedlareuth.de\/wp-content\/uploads\/2024\/02\/IMG_2940_klein.jpg","type":"image\/jpeg"}],"author":"Susan Burger","twitter_card":"summary_large_image","twitter_misc":{"Scritto da":"Susan Burger","Tempo di lettura stimato":"2 minuti"},"schema":{"@context":"https:\/\/schema.org","@graph":[{"@type":"Article","@id":"https:\/\/www.moedlareuth.de\/zweckverband-beschliesst-haushalt-und-verbandsumlage-2024\/#article","isPartOf":{"@id":"https:\/\/www.moedlareuth.de\/zweckverband-beschliesst-haushalt-und-verbandsumlage-2024\/"},"author":{"name":"Susan Burger","@id":"https:\/\/moedlareuth.de\/preview\/#\/schema\/person\/42d95c7c900104834e45a22afe68e54d"},"headline":"Zweckverband beschlie\u00dft Haushalt und Verbandsumlage 2024","datePublished":"2024-02-05T14:16:11+00:00","dateModified":"2024-02-05T14:16:22+00:00","mainEntityOfPage":{"@id":"https:\/\/www.moedlareuth.de\/zweckverband-beschliesst-haushalt-und-verbandsumlage-2024\/"},"wordCount":212,"publisher":{"@id":"https:\/\/moedlareuth.de\/preview\/#organization"},"image":{"@id":"https:\/\/www.moedlareuth.de\/zweckverband-beschliesst-haushalt-und-verbandsumlage-2024\/#primaryimage"},"thumbnailUrl":"https:\/\/www.moedlareuth.de\/wp-content\/uploads\/2024\/02\/IMG_2940_klein.jpg","articleSection":["Aktuelles"],"inLanguage":"it-IT"},{"@type":"WebPage","@id":"https:\/\/www.moedlareuth.de\/zweckverband-beschliesst-haushalt-und-verbandsumlage-2024\/","url":"https:\/\/www.moedlareuth.de\/zweckverband-beschliesst-haushalt-und-verbandsumlage-2024\/","name":"Zweckverband beschlie\u00dft Haushalt und Verbandsumlage 2024 - Deutsch-Deutsches Museum M\u00f6dlareuth","isPartOf":{"@id":"https:\/\/moedlareuth.de\/preview\/#website"},"primaryImageOfPage":{"@id":"https:\/\/www.moedlareuth.de\/zweckverband-beschliesst-haushalt-und-verbandsumlage-2024\/#primaryimage"},"image":{"@id":"https:\/\/www.moedlareuth.de\/zweckverband-beschliesst-haushalt-und-verbandsumlage-2024\/#primaryimage"},"thumbnailUrl":"https:\/\/www.moedlareuth.de\/wp-content\/uploads\/2024\/02\/IMG_2940_klein.jpg","datePublished":"2024-02-05T14:16:11+00:00","dateModified":"2024-02-05T14:16:22+00:00","breadcrumb":{"@id":"https:\/\/www.moedlareuth.de\/zweckverband-beschliesst-haushalt-und-verbandsumlage-2024\/#breadcrumb"},"inLanguage":"it-IT","potentialAction":[{"@type":"ReadAction","target":["https:\/\/www.moedlareuth.de\/zweckverband-beschliesst-haushalt-und-verbandsumlage-2024\/"]}]},{"@type":"ImageObject","inLanguage":"it-IT","@id":"https:\/\/www.moedlareuth.de\/zweckverband-beschliesst-haushalt-und-verbandsumlage-2024\/#primaryimage","url":"https:\/\/www.moedlareuth.de\/wp-content\/uploads\/2024\/02\/IMG_2940_klein.jpg","contentUrl":"https:\/\/www.moedlareuth.de\/wp-content\/uploads\/2024\/02\/IMG_2940_klein.jpg","width":4032,"height":3024},{"@type":"BreadcrumbList","@id":"https:\/\/www.moedlareuth.de\/zweckverband-beschliesst-haushalt-und-verbandsumlage-2024\/#breadcrumb","itemListElement":[{"@type":"ListItem","position":1,"name":"Startseite","item":"https:\/\/www.moedlareuth.de\/"},{"@type":"ListItem","position":2,"name":"Zweckverband beschlie\u00dft Haushalt und Verbandsumlage 2024"}]},{"@type":"WebSite","@id":"https:\/\/moedlareuth.de\/preview\/#website","url":"https:\/\/moedlareuth.de\/preview\/","name":"Museo tedesco-tedesco M\u00f6dlareuth","description":"Memoriale alla divisione della Germania","publisher":{"@id":"https:\/\/moedlareuth.de\/preview\/#organization"},"potentialAction":[{"@type":"SearchAction","target":{"@type":"EntryPoint","urlTemplate":"https:\/\/moedlareuth.de\/preview\/?s={search_term_string}"},"query-input":{"@type":"PropertyValueSpecification","valueRequired":true,"valueName":"search_term_string"}}],"inLanguage":"it-IT"},{"@type":"Organization","@id":"https:\/\/moedlareuth.de\/preview\/#organization","name":"Museo tedesco-tedesco M\u00f6dlareuth","url":"https:\/\/moedlareuth.de\/preview\/","logo":{"@type":"ImageObject","inLanguage":"it-IT","@id":"https:\/\/moedlareuth.de\/preview\/#\/schema\/logo\/image\/","url":"https:\/\/www.moedlareuth.de\/wp-content\/uploads\/2022\/02\/museum_moedlareuth_logo_hell_zusatz.svg","contentUrl":"https:\/\/www.moedlareuth.de\/wp-content\/uploads\/2022\/02\/museum_moedlareuth_logo_hell_zusatz.svg","width":255,"height":62,"caption":"Deutsch-Deutsches Museum M\u00f6dlareuth"},"image":{"@id":"https:\/\/moedlareuth.de\/preview\/#\/schema\/logo\/image\/"}},{"@type":"Person","@id":"https:\/\/moedlareuth.de\/preview\/#\/schema\/person\/42d95c7c900104834e45a22afe68e54d","name":"Susan Burger","url":"https:\/\/www.moedlareuth.de\/it\/author\/s-burger\/"}]}},"_links":{"self":[{"href":"https:\/\/www.moedlareuth.de\/it\/wp-json\/wp\/v2\/posts\/13378","targetHints":{"allow":["GET"]}}],"collection":[{"href":"https:\/\/www.moedlareuth.de\/it\/wp-json\/wp\/v2\/posts"}],"about":[{"href":"https:\/\/www.moedlareuth.de\/it\/wp-json\/wp\/v2\/types\/post"}],"author":[{"embeddable":true,"href":"https:\/\/www.moedlareuth.de\/it\/wp-json\/wp\/v2\/users\/10"}],"replies":[{"embeddable":true,"href":"https:\/\/www.moedlareuth.de\/it\/wp-json\/wp\/v2\/comments?post=13378"}],"version-history":[{"count":2,"href":"https:\/\/www.moedlareuth.de\/it\/wp-json\/wp\/v2\/posts\/13378\/revisions"}],"predecessor-version":[{"id":13381,"href":"https:\/\/www.moedlareuth.de\/it\/wp-json\/wp\/v2\/posts\/13378\/revisions\/13381"}],"wp:featuredmedia":[{"embeddable":true,"href":"https:\/\/www.moedlareuth.de\/it\/wp-json\/wp\/v2\/media\/13380"}],"wp:attachment":[{"href":"https:\/\/www.moedlareuth.de\/it\/wp-json\/wp\/v2\/media?parent=13378"}],"wp:term":[{"taxonomy":"category","embeddable":true,"href":"https:\/\/www.moedlareuth.de\/it\/wp-json\/wp\/v2\/categories?post=13378"},{"taxonomy":"post_tag","embeddable":true,"href":"https:\/\/www.moedlareuth.de\/it\/wp-json\/wp\/v2\/tags?post=13378"}],"curies":[{"name":"wp","href":"https:\/\/api.w.org\/{rel}","templated":true}]}}