{"id":12834,"date":"2023-09-29T13:17:19","date_gmt":"2023-09-29T11:17:19","guid":{"rendered":"https:\/\/www.moedlareuth.de\/?p=12834"},"modified":"2023-09-29T13:17:19","modified_gmt":"2023-09-29T11:17:19","slug":"sport-fuer-spenden-staffellauf-gemeinsam-laufen-grenzen-ueberwinden","status":"publish","type":"post","link":"https:\/\/www.moedlareuth.de\/it\/sport-fuer-spenden-staffellauf-gemeinsam-laufen-grenzen-ueberwinden\/","title":{"rendered":"\u201eSport f\u00fcr Spenden\u201c Staffellauf <br> Gemeinsam laufen \u2013 Grenzen \u00fcberwinden"},"content":{"rendered":"<p><\/p>\n\n\n\n<p>29. September bis 3. Oktober von M\u00fcnchen nach M\u00f6dlareuth<\/p>\n\n\n\n<p><strong>Mit dem Laufsport nicht nur Gutes f\u00fcr sich selbst, sondern auch f\u00fcr andere tun \u2013 seit dem Jahr 2007 steht das karitative Laufprojekt &#8222;Sport f\u00fcr Spenden&#8220; (SfS) genau daf\u00fcr. Am Freitag, 29.09.2023 gibt eine Vertretung des Gesundheitsreferates der Landeshauptstadt M\u00fcnchen das Startzeichen f\u00fcr eine ganz besondere Aktion der Laufinitiative. Beim \u201eSport f\u00fcr Spenden\u201c-Staffellauf m\u00f6chten zw\u00f6lf SfS-L\u00e4ufer anl\u00e4sslich des Tags der Deutschen Einheit mit einem Etappenlauf von M\u00fcnchen an die ehemalige deutsch-deutsche Grenze nach M\u00f6dlareuth die Kraft der Gemeinschaft unter Beweis stellen. Gemeinsam laufen, Grenzen \u00fcberwinden \u2013 dieses Rezept ist nach Ansicht der Initiatoren weit \u00fcber den Laufsport hinaus anwendbar.<\/strong><\/p>\n\n\n\n<p>Als Freizeitl\u00e4ufer starten die SfS-Sportler regelm\u00e4\u00dfig mit ihren Spenden-Trikots bei offiziellen Laufveranstaltungen. Sie schaffen damit Aufmerksamkeit f\u00fcr die j\u00e4hrlich wechselnden Spendenzwecke und transportieren die Botschaft des Laufprojekts in die \u00d6ffentlichkeit. Die Projektpartner belohnen dieses Engagement und spenden einmal pro Jahr eine bestimmte Summe an den jeweiligen Zweck. Sport f\u00fcr Spenden ist damit das erste karitative \u201cDauer\u201d-Laufprojekt. Bei der Auswahl werden gemeinn\u00fctzige Organisationen und Vereine ber\u00fccksichtigt, die effektiv und ohne gro\u00dfen Verwaltungsapparat dort helfen, wo Mitmenschen unsere Unterst\u00fctzung ben\u00f6tigen. So l\u00e4uft das Projekt im Jahr 2023 f\u00fcr die M\u00fcnchener Elternstiftung. Durch Sonderaktionen wie den Staffellauf von M\u00fcnchen nach M\u00f6dlareuth wird das j\u00e4hrliche Spendenaufkommen zus\u00e4tzlich gesteigert.<\/p>\n\n\n\n<p>\u201eNeben der karitativen Ursprungsidee haben wir im Laufe der Jahre tolle Freundschaften mit sehr positiven und kreativen Menschen \u00fcber das Projekt gewonnen. Im Austausch mit diesen L\u00e4ufern entstand die Idee zum Staffellauf unter dem Motto der starken Gemeinschaft\u201c, so Mitbegr\u00fcnderin Kristina Schmid. Der Staffellauf beginnt mit dem Startzeichen am Freitagvormittag, 29.09. im Prunkhof des M\u00fcnchener Rathauses am Marienplatz. \u00dcber 5 Tage und die Stationen Aichach, Greding, N\u00fcrnberg, Bayreuth wechseln sich die L\u00e4ufer in mindestens zwei Personen starken Laufgruppen ab und erreichen so am 03. Oktober rechtzeitig zu den dortigen Festveranstaltungen die ehemals grenzgeteilte Stadt M\u00f6dlareuth. Im Ganzen \u00fcberwinden die L\u00e4ufer eine Distanz von ca. 360 km und einem Tagespensum zwischen 60 und 90 km.<\/p>\n\n\n\n<p>Weitere Informationen unter: <a href=\"http:\/\/www.sportfuerspenden.de\">www.sportfuerspenden.de<\/a><\/p>\n\n\n\n<p>sowie tagesaktuell vom Staffellauf unter <a href=\"https:\/\/www.facebook.com\/groups\/6736592323054906\">https:\/\/www.facebook.com\/groups\/6736592323054906<\/a><\/p>\n\n\n\n<p>oder<\/p>\n\n\n\n<p><strong>Pressekontakt<\/strong><\/p>\n\n\n\n<p>Georgia Totsidou, Tel.: 089 215871-124<\/p>\n\n\n\n<p>Bjanka Tschanter, Tel.: 089 215871-111<\/p>\n\n\n\n<p>E-Mail: <a href=\"mailto:info@sportfuerspenden.de\">info@sportfuerspenden.de<\/a><\/p>\n\n\n\n<p><\/p>","protected":false},"excerpt":{"rendered":"<p>29. September bis 3. Oktober von M\u00fcnchen nach M\u00f6dlareuth Mit dem Laufsport nicht nur Gutes f\u00fcr sich selbst, sondern auch f\u00fcr andere tun \u2013 seit dem Jahr 2007 steht das karitative Laufprojekt &#8222;Sport f\u00fcr Spenden&#8220; (SfS) genau daf\u00fcr. Am Freitag, 29.09.2023 gibt eine Vertretung des Gesundheitsreferates der Landeshauptstadt M\u00fcnchen das Startzeichen f\u00fcr eine ganz besondere&#8230;<\/p>","protected":false},"author":10,"featured_media":12835,"comment_status":"closed","ping_status":"closed","sticky":false,"template":"","format":"standard","meta":{"_acf_changed":false,"inline_featured_image":false,"_kad_post_transparent":"","_kad_post_title":"","_kad_post_layout":"","_kad_post_sidebar_id":"","_kad_post_content_style":"","_kad_post_vertical_padding":"","_kad_post_feature":"","_kad_post_feature_position":"","_kad_post_header":false,"_kad_post_footer":false,"_kad_post_classname":"","footnotes":""},"categories":[1],"tags":[],"class_list":["post-12834","post","type-post","status-publish","format-standard","has-post-thumbnail","hentry","category-aktuelles"],"acf":[],"yoast_head":"<!-- This site is optimized with the Yoast SEO plugin v27.5 - https:\/\/yoast.com\/product\/yoast-seo-wordpress\/ -->\n<title>\u201eSport f\u00fcr Spenden\u201c Staffellauf  Gemeinsam laufen \u2013 Grenzen \u00fcberwinden - Deutsch-Deutsches Museum M\u00f6dlareuth<\/title>\n<meta name=\"robots\" content=\"index, follow, max-snippet:-1, max-image-preview:large, max-video-preview:-1\" \/>\n<link rel=\"canonical\" href=\"https:\/\/www.moedlareuth.de\/it\/sport-fuer-spenden-staffellauf-gemeinsam-laufen-grenzen-ueberwinden\/\" \/>\n<meta property=\"og:locale\" content=\"it_IT\" \/>\n<meta property=\"og:type\" content=\"article\" \/>\n<meta property=\"og:title\" content=\"\u201eSport f\u00fcr Spenden\u201c Staffellauf  Gemeinsam laufen \u2013 Grenzen \u00fcberwinden - Deutsch-Deutsches Museum M\u00f6dlareuth\" \/>\n<meta property=\"og:description\" content=\"29. September bis 3. Oktober von M\u00fcnchen nach M\u00f6dlareuth Mit dem Laufsport nicht nur Gutes f\u00fcr sich selbst, sondern auch f\u00fcr andere tun \u2013 seit dem Jahr 2007 steht das karitative Laufprojekt &#8222;Sport f\u00fcr Spenden&#8220; (SfS) genau daf\u00fcr. Am Freitag, 29.09.2023 gibt eine Vertretung des Gesundheitsreferates der Landeshauptstadt M\u00fcnchen das Startzeichen f\u00fcr eine ganz besondere...\" \/>\n<meta property=\"og:url\" content=\"https:\/\/www.moedlareuth.de\/it\/sport-fuer-spenden-staffellauf-gemeinsam-laufen-grenzen-ueberwinden\/\" \/>\n<meta property=\"og:site_name\" content=\"Deutsch-Deutsches Museum M\u00f6dlareuth\" \/>\n<meta property=\"article:published_time\" content=\"2023-09-29T11:17:19+00:00\" \/>\n<meta property=\"og:image\" content=\"https:\/\/www.moedlareuth.de\/wp-content\/uploads\/2023\/09\/SfS-Staffellauf-2023-1024x683.jpg\" \/>\n\t<meta property=\"og:image:width\" content=\"1024\" \/>\n\t<meta property=\"og:image:height\" content=\"683\" \/>\n\t<meta property=\"og:image:type\" content=\"image\/jpeg\" \/>\n<meta name=\"author\" content=\"Susan Burger\" \/>\n<meta name=\"twitter:card\" content=\"summary_large_image\" \/>\n<meta name=\"twitter:label1\" content=\"Scritto da\" \/>\n\t<meta name=\"twitter:data1\" content=\"Susan Burger\" \/>\n\t<meta name=\"twitter:label2\" content=\"Tempo di lettura stimato\" \/>\n\t<meta name=\"twitter:data2\" content=\"2 minuti\" \/>\n<script type=\"application\/ld+json\" class=\"yoast-schema-graph\">{\"@context\":\"https:\\\/\\\/schema.org\",\"@graph\":[{\"@type\":\"Article\",\"@id\":\"https:\\\/\\\/www.moedlareuth.de\\\/sport-fuer-spenden-staffellauf-gemeinsam-laufen-grenzen-ueberwinden\\\/#article\",\"isPartOf\":{\"@id\":\"https:\\\/\\\/www.moedlareuth.de\\\/sport-fuer-spenden-staffellauf-gemeinsam-laufen-grenzen-ueberwinden\\\/\"},\"author\":{\"name\":\"Susan Burger\",\"@id\":\"https:\\\/\\\/moedlareuth.de\\\/preview\\\/#\\\/schema\\\/person\\\/42d95c7c900104834e45a22afe68e54d\"},\"headline\":\"\u201eSport f\u00fcr Spenden\u201c Staffellauf Gemeinsam laufen \u2013 Grenzen \u00fcberwinden\",\"datePublished\":\"2023-09-29T11:17:19+00:00\",\"mainEntityOfPage\":{\"@id\":\"https:\\\/\\\/www.moedlareuth.de\\\/sport-fuer-spenden-staffellauf-gemeinsam-laufen-grenzen-ueberwinden\\\/\"},\"wordCount\":393,\"publisher\":{\"@id\":\"https:\\\/\\\/moedlareuth.de\\\/preview\\\/#organization\"},\"image\":{\"@id\":\"https:\\\/\\\/www.moedlareuth.de\\\/sport-fuer-spenden-staffellauf-gemeinsam-laufen-grenzen-ueberwinden\\\/#primaryimage\"},\"thumbnailUrl\":\"https:\\\/\\\/www.moedlareuth.de\\\/wp-content\\\/uploads\\\/2023\\\/09\\\/SfS-Staffellauf-2023.jpg\",\"articleSection\":[\"Aktuelles\"],\"inLanguage\":\"it-IT\"},{\"@type\":\"WebPage\",\"@id\":\"https:\\\/\\\/www.moedlareuth.de\\\/sport-fuer-spenden-staffellauf-gemeinsam-laufen-grenzen-ueberwinden\\\/\",\"url\":\"https:\\\/\\\/www.moedlareuth.de\\\/sport-fuer-spenden-staffellauf-gemeinsam-laufen-grenzen-ueberwinden\\\/\",\"name\":\"\u201eSport f\u00fcr Spenden\u201c Staffellauf Gemeinsam laufen \u2013 Grenzen \u00fcberwinden - Deutsch-Deutsches Museum M\u00f6dlareuth\",\"isPartOf\":{\"@id\":\"https:\\\/\\\/moedlareuth.de\\\/preview\\\/#website\"},\"primaryImageOfPage\":{\"@id\":\"https:\\\/\\\/www.moedlareuth.de\\\/sport-fuer-spenden-staffellauf-gemeinsam-laufen-grenzen-ueberwinden\\\/#primaryimage\"},\"image\":{\"@id\":\"https:\\\/\\\/www.moedlareuth.de\\\/sport-fuer-spenden-staffellauf-gemeinsam-laufen-grenzen-ueberwinden\\\/#primaryimage\"},\"thumbnailUrl\":\"https:\\\/\\\/www.moedlareuth.de\\\/wp-content\\\/uploads\\\/2023\\\/09\\\/SfS-Staffellauf-2023.jpg\",\"datePublished\":\"2023-09-29T11:17:19+00:00\",\"breadcrumb\":{\"@id\":\"https:\\\/\\\/www.moedlareuth.de\\\/sport-fuer-spenden-staffellauf-gemeinsam-laufen-grenzen-ueberwinden\\\/#breadcrumb\"},\"inLanguage\":\"it-IT\",\"potentialAction\":[{\"@type\":\"ReadAction\",\"target\":[\"https:\\\/\\\/www.moedlareuth.de\\\/sport-fuer-spenden-staffellauf-gemeinsam-laufen-grenzen-ueberwinden\\\/\"]}]},{\"@type\":\"ImageObject\",\"inLanguage\":\"it-IT\",\"@id\":\"https:\\\/\\\/www.moedlareuth.de\\\/sport-fuer-spenden-staffellauf-gemeinsam-laufen-grenzen-ueberwinden\\\/#primaryimage\",\"url\":\"https:\\\/\\\/www.moedlareuth.de\\\/wp-content\\\/uploads\\\/2023\\\/09\\\/SfS-Staffellauf-2023.jpg\",\"contentUrl\":\"https:\\\/\\\/www.moedlareuth.de\\\/wp-content\\\/uploads\\\/2023\\\/09\\\/SfS-Staffellauf-2023.jpg\",\"width\":1920,\"height\":1280},{\"@type\":\"BreadcrumbList\",\"@id\":\"https:\\\/\\\/www.moedlareuth.de\\\/sport-fuer-spenden-staffellauf-gemeinsam-laufen-grenzen-ueberwinden\\\/#breadcrumb\",\"itemListElement\":[{\"@type\":\"ListItem\",\"position\":1,\"name\":\"Startseite\",\"item\":\"https:\\\/\\\/www.moedlareuth.de\\\/\"},{\"@type\":\"ListItem\",\"position\":2,\"name\":\"\u201eSport f\u00fcr Spenden\u201c Staffellauf Gemeinsam laufen \u2013 Grenzen \u00fcberwinden\"}]},{\"@type\":\"WebSite\",\"@id\":\"https:\\\/\\\/moedlareuth.de\\\/preview\\\/#website\",\"url\":\"https:\\\/\\\/moedlareuth.de\\\/preview\\\/\",\"name\":\"Deutsch-Deutsches Museum M\u00f6dlareuth\",\"description\":\"Gedenkst\u00e4tte zur deutschen Teilung\",\"publisher\":{\"@id\":\"https:\\\/\\\/moedlareuth.de\\\/preview\\\/#organization\"},\"potentialAction\":[{\"@type\":\"SearchAction\",\"target\":{\"@type\":\"EntryPoint\",\"urlTemplate\":\"https:\\\/\\\/moedlareuth.de\\\/preview\\\/?s={search_term_string}\"},\"query-input\":{\"@type\":\"PropertyValueSpecification\",\"valueRequired\":true,\"valueName\":\"search_term_string\"}}],\"inLanguage\":\"it-IT\"},{\"@type\":\"Organization\",\"@id\":\"https:\\\/\\\/moedlareuth.de\\\/preview\\\/#organization\",\"name\":\"Deutsch-Deutsches Museum M\u00f6dlareuth\",\"url\":\"https:\\\/\\\/moedlareuth.de\\\/preview\\\/\",\"logo\":{\"@type\":\"ImageObject\",\"inLanguage\":\"it-IT\",\"@id\":\"https:\\\/\\\/moedlareuth.de\\\/preview\\\/#\\\/schema\\\/logo\\\/image\\\/\",\"url\":\"https:\\\/\\\/www.moedlareuth.de\\\/wp-content\\\/uploads\\\/2022\\\/02\\\/museum_moedlareuth_logo_hell_zusatz.svg\",\"contentUrl\":\"https:\\\/\\\/www.moedlareuth.de\\\/wp-content\\\/uploads\\\/2022\\\/02\\\/museum_moedlareuth_logo_hell_zusatz.svg\",\"width\":255,\"height\":62,\"caption\":\"Deutsch-Deutsches Museum M\u00f6dlareuth\"},\"image\":{\"@id\":\"https:\\\/\\\/moedlareuth.de\\\/preview\\\/#\\\/schema\\\/logo\\\/image\\\/\"}},{\"@type\":\"Person\",\"@id\":\"https:\\\/\\\/moedlareuth.de\\\/preview\\\/#\\\/schema\\\/person\\\/42d95c7c900104834e45a22afe68e54d\",\"name\":\"Susan Burger\",\"url\":\"https:\\\/\\\/www.moedlareuth.de\\\/it\\\/author\\\/s-burger\\\/\"}]}<\/script>\n<!-- \/ Yoast SEO plugin. -->","yoast_head_json":{"title":"\u201eSport f\u00fcr Spenden\u201c Staffellauf  Gemeinsam laufen \u2013 Grenzen \u00fcberwinden - Deutsch-Deutsches Museum M\u00f6dlareuth","robots":{"index":"index","follow":"follow","max-snippet":"max-snippet:-1","max-image-preview":"max-image-preview:large","max-video-preview":"max-video-preview:-1"},"canonical":"https:\/\/www.moedlareuth.de\/it\/sport-fuer-spenden-staffellauf-gemeinsam-laufen-grenzen-ueberwinden\/","og_locale":"it_IT","og_type":"article","og_title":"\u201eSport f\u00fcr Spenden\u201c Staffellauf  Gemeinsam laufen \u2013 Grenzen \u00fcberwinden - Deutsch-Deutsches Museum M\u00f6dlareuth","og_description":"29. September bis 3. Oktober von M\u00fcnchen nach M\u00f6dlareuth Mit dem Laufsport nicht nur Gutes f\u00fcr sich selbst, sondern auch f\u00fcr andere tun \u2013 seit dem Jahr 2007 steht das karitative Laufprojekt &#8222;Sport f\u00fcr Spenden&#8220; (SfS) genau daf\u00fcr. Am Freitag, 29.09.2023 gibt eine Vertretung des Gesundheitsreferates der Landeshauptstadt M\u00fcnchen das Startzeichen f\u00fcr eine ganz besondere...","og_url":"https:\/\/www.moedlareuth.de\/it\/sport-fuer-spenden-staffellauf-gemeinsam-laufen-grenzen-ueberwinden\/","og_site_name":"Deutsch-Deutsches Museum M\u00f6dlareuth","article_published_time":"2023-09-29T11:17:19+00:00","og_image":[{"width":1024,"height":683,"url":"https:\/\/www.moedlareuth.de\/wp-content\/uploads\/2023\/09\/SfS-Staffellauf-2023-1024x683.jpg","type":"image\/jpeg"}],"author":"Susan Burger","twitter_card":"summary_large_image","twitter_misc":{"Scritto da":"Susan Burger","Tempo di lettura stimato":"2 minuti"},"schema":{"@context":"https:\/\/schema.org","@graph":[{"@type":"Article","@id":"https:\/\/www.moedlareuth.de\/sport-fuer-spenden-staffellauf-gemeinsam-laufen-grenzen-ueberwinden\/#article","isPartOf":{"@id":"https:\/\/www.moedlareuth.de\/sport-fuer-spenden-staffellauf-gemeinsam-laufen-grenzen-ueberwinden\/"},"author":{"name":"Susan Burger","@id":"https:\/\/moedlareuth.de\/preview\/#\/schema\/person\/42d95c7c900104834e45a22afe68e54d"},"headline":"\u201eSport f\u00fcr Spenden\u201c Staffellauf Gemeinsam laufen \u2013 Grenzen \u00fcberwinden","datePublished":"2023-09-29T11:17:19+00:00","mainEntityOfPage":{"@id":"https:\/\/www.moedlareuth.de\/sport-fuer-spenden-staffellauf-gemeinsam-laufen-grenzen-ueberwinden\/"},"wordCount":393,"publisher":{"@id":"https:\/\/moedlareuth.de\/preview\/#organization"},"image":{"@id":"https:\/\/www.moedlareuth.de\/sport-fuer-spenden-staffellauf-gemeinsam-laufen-grenzen-ueberwinden\/#primaryimage"},"thumbnailUrl":"https:\/\/www.moedlareuth.de\/wp-content\/uploads\/2023\/09\/SfS-Staffellauf-2023.jpg","articleSection":["Aktuelles"],"inLanguage":"it-IT"},{"@type":"WebPage","@id":"https:\/\/www.moedlareuth.de\/sport-fuer-spenden-staffellauf-gemeinsam-laufen-grenzen-ueberwinden\/","url":"https:\/\/www.moedlareuth.de\/sport-fuer-spenden-staffellauf-gemeinsam-laufen-grenzen-ueberwinden\/","name":"\u201eSport f\u00fcr Spenden\u201c Staffellauf Gemeinsam laufen \u2013 Grenzen \u00fcberwinden - Deutsch-Deutsches Museum M\u00f6dlareuth","isPartOf":{"@id":"https:\/\/moedlareuth.de\/preview\/#website"},"primaryImageOfPage":{"@id":"https:\/\/www.moedlareuth.de\/sport-fuer-spenden-staffellauf-gemeinsam-laufen-grenzen-ueberwinden\/#primaryimage"},"image":{"@id":"https:\/\/www.moedlareuth.de\/sport-fuer-spenden-staffellauf-gemeinsam-laufen-grenzen-ueberwinden\/#primaryimage"},"thumbnailUrl":"https:\/\/www.moedlareuth.de\/wp-content\/uploads\/2023\/09\/SfS-Staffellauf-2023.jpg","datePublished":"2023-09-29T11:17:19+00:00","breadcrumb":{"@id":"https:\/\/www.moedlareuth.de\/sport-fuer-spenden-staffellauf-gemeinsam-laufen-grenzen-ueberwinden\/#breadcrumb"},"inLanguage":"it-IT","potentialAction":[{"@type":"ReadAction","target":["https:\/\/www.moedlareuth.de\/sport-fuer-spenden-staffellauf-gemeinsam-laufen-grenzen-ueberwinden\/"]}]},{"@type":"ImageObject","inLanguage":"it-IT","@id":"https:\/\/www.moedlareuth.de\/sport-fuer-spenden-staffellauf-gemeinsam-laufen-grenzen-ueberwinden\/#primaryimage","url":"https:\/\/www.moedlareuth.de\/wp-content\/uploads\/2023\/09\/SfS-Staffellauf-2023.jpg","contentUrl":"https:\/\/www.moedlareuth.de\/wp-content\/uploads\/2023\/09\/SfS-Staffellauf-2023.jpg","width":1920,"height":1280},{"@type":"BreadcrumbList","@id":"https:\/\/www.moedlareuth.de\/sport-fuer-spenden-staffellauf-gemeinsam-laufen-grenzen-ueberwinden\/#breadcrumb","itemListElement":[{"@type":"ListItem","position":1,"name":"Startseite","item":"https:\/\/www.moedlareuth.de\/"},{"@type":"ListItem","position":2,"name":"\u201eSport f\u00fcr Spenden\u201c Staffellauf Gemeinsam laufen \u2013 Grenzen \u00fcberwinden"}]},{"@type":"WebSite","@id":"https:\/\/moedlareuth.de\/preview\/#website","url":"https:\/\/moedlareuth.de\/preview\/","name":"Museo tedesco-tedesco M\u00f6dlareuth","description":"Memoriale alla divisione della Germania","publisher":{"@id":"https:\/\/moedlareuth.de\/preview\/#organization"},"potentialAction":[{"@type":"SearchAction","target":{"@type":"EntryPoint","urlTemplate":"https:\/\/moedlareuth.de\/preview\/?s={search_term_string}"},"query-input":{"@type":"PropertyValueSpecification","valueRequired":true,"valueName":"search_term_string"}}],"inLanguage":"it-IT"},{"@type":"Organization","@id":"https:\/\/moedlareuth.de\/preview\/#organization","name":"Museo tedesco-tedesco M\u00f6dlareuth","url":"https:\/\/moedlareuth.de\/preview\/","logo":{"@type":"ImageObject","inLanguage":"it-IT","@id":"https:\/\/moedlareuth.de\/preview\/#\/schema\/logo\/image\/","url":"https:\/\/www.moedlareuth.de\/wp-content\/uploads\/2022\/02\/museum_moedlareuth_logo_hell_zusatz.svg","contentUrl":"https:\/\/www.moedlareuth.de\/wp-content\/uploads\/2022\/02\/museum_moedlareuth_logo_hell_zusatz.svg","width":255,"height":62,"caption":"Deutsch-Deutsches Museum M\u00f6dlareuth"},"image":{"@id":"https:\/\/moedlareuth.de\/preview\/#\/schema\/logo\/image\/"}},{"@type":"Person","@id":"https:\/\/moedlareuth.de\/preview\/#\/schema\/person\/42d95c7c900104834e45a22afe68e54d","name":"Susan Burger","url":"https:\/\/www.moedlareuth.de\/it\/author\/s-burger\/"}]}},"_links":{"self":[{"href":"https:\/\/www.moedlareuth.de\/it\/wp-json\/wp\/v2\/posts\/12834","targetHints":{"allow":["GET"]}}],"collection":[{"href":"https:\/\/www.moedlareuth.de\/it\/wp-json\/wp\/v2\/posts"}],"about":[{"href":"https:\/\/www.moedlareuth.de\/it\/wp-json\/wp\/v2\/types\/post"}],"author":[{"embeddable":true,"href":"https:\/\/www.moedlareuth.de\/it\/wp-json\/wp\/v2\/users\/10"}],"replies":[{"embeddable":true,"href":"https:\/\/www.moedlareuth.de\/it\/wp-json\/wp\/v2\/comments?post=12834"}],"version-history":[{"count":3,"href":"https:\/\/www.moedlareuth.de\/it\/wp-json\/wp\/v2\/posts\/12834\/revisions"}],"predecessor-version":[{"id":12838,"href":"https:\/\/www.moedlareuth.de\/it\/wp-json\/wp\/v2\/posts\/12834\/revisions\/12838"}],"wp:featuredmedia":[{"embeddable":true,"href":"https:\/\/www.moedlareuth.de\/it\/wp-json\/wp\/v2\/media\/12835"}],"wp:attachment":[{"href":"https:\/\/www.moedlareuth.de\/it\/wp-json\/wp\/v2\/media?parent=12834"}],"wp:term":[{"taxonomy":"category","embeddable":true,"href":"https:\/\/www.moedlareuth.de\/it\/wp-json\/wp\/v2\/categories?post=12834"},{"taxonomy":"post_tag","embeddable":true,"href":"https:\/\/www.moedlareuth.de\/it\/wp-json\/wp\/v2\/tags?post=12834"}],"curies":[{"name":"wp","href":"https:\/\/api.w.org\/{rel}","templated":true}]}}