{"id":12411,"date":"2022-11-28T10:24:34","date_gmt":"2022-11-28T09:24:34","guid":{"rendered":"https:\/\/www.moedlareuth.de\/?p=12411"},"modified":"2022-11-29T09:47:18","modified_gmt":"2022-11-29T08:47:18","slug":"mediengespraech-zu-beginn-des-2-bauabschnitts-der-museumserweiterung","status":"publish","type":"post","link":"https:\/\/www.moedlareuth.de\/it\/mediengespraech-zu-beginn-des-2-bauabschnitts-der-museumserweiterung\/","title":{"rendered":"M\u00f6dlareuth: Vorarbeiten f\u00fcr den <br \/> Museumsneubau beginnen"},"content":{"rendered":"<p>Bei einem Medientermin anl\u00e4sslich des Beginns der Vorarbeiten f\u00fcr den 2. Bauabschnitt, den Neubau eines Museumsgeb\u00e4udes, hat der Zweckverband Deutsch-Deutsches Museum M\u00f6dlareuth vergangene Woche \u00fcber den aktuellen Stand der Bauma\u00dfnahmen auf dem Gel\u00e4nde informiert.<\/p>\n\n\n\n<p>&#8222;Das Deutsch-Deutsche Museum liegt uns sehr am Herzen, denn es ist ein Ort von nationaler Bedeutung&#8220;, so der Verbandsvorsitzende und Landrat Dr. Oliver B\u00e4r im Namen der Mitglieder. &#8222;Dieser Bedeutung wollen wir durch die Ma\u00dfnahmen gerecht werden und dem Museum zu einer noch st\u00e4rkeren Wahrnehmung verhelfen.&#8220;<\/p>\n\n\n\n<p>Wie Landrat Dr. Oliver B\u00e4r und Museumsleiter Robert Lebegern informierten, sind die Arbeiten des 1. Bauabschnitts (Neugestaltung des Au\u00dfengel\u00e4ndes) sowohl hinsichtlich des Zeitplans als auch der Kosten planm\u00e4\u00dfig verlaufen, so dass nur noch wenige Arbeiten bis zur Fertigstellung n\u00f6tig sind. &#8222;Zum Start der Museumssaison im kommenden Jahr wird das neue Freigel\u00e4nde fertig sein&#8220;, so Robert Lebegern. Auch der Bewilligungsbescheid f\u00fcr die F\u00f6rdermittel sowie alle n\u00f6tigen Genehmigungen liegen vor, wie Hermann Seiferth, Gesch\u00e4ftsf\u00fchrer des Zweckverbands, erkl\u00e4rte.<\/p>\n\n\n\n<p>&#8222;Heute ist ein sch\u00f6ner Tag f\u00fcr den Zweckverband&#8220;, fasste der stellvertretende Vorsitzende, Landrat Thomas F\u00fcgmann (Saale-Orla-Kreis) zusammen. &#8222;Da die Arbeiten bisher planm\u00e4\u00dfig verlaufen, werden etwa am Au\u00dfengel\u00e4nde schon bald erste Erfolge zu sehen sein. Das Freigel\u00e4nde und der Neubau zusammen sind das Ensemble, das wir haben wollen.&#8220;<\/p>\n\n\n\n<p>Vergangene Woche wurde zudem mit den Arbeiten f\u00fcr den 2. Bauabschnitt, den Neubau eines Museumsgeb\u00e4udes, begonnen. Aktuell finden erste Erdarbeiten und die Baustelleneinrichtung statt. Nach dem Verlegen der Grundleitungen und der Bodenplatte solle 2023 mit der Errichtung des eigentlichen Geb\u00e4udes begonnen werden, erkl\u00e4rte Christine Schm\u00f6lzer-Glier, Leiterin des Fachbereichs Hochbau am Landratsamt. Gem\u00e4\u00df aktueller Planung soll der Neubau 2025 fertiggestellt werden.<\/p>\n\n\n\n<p>Durch den Neubau entstehen zus\u00e4tzliche 500 Quadratmeter allein an neuer Dauerausstellungsfl\u00e4che. Hinzu kommen weitere R\u00e4ume, die dem Museum neue M\u00f6glichkeiten f\u00fcr Besucherbetreuung, Wechselausstellungen und die Pr\u00e4sentation seines umfangreichen Archivmaterials er\u00f6ffnen. \u201eIm bisherigen Museumgeb\u00e4ude war die Ausstellungsfl\u00e4che so beengt, dass die Dauerausstellung oft f\u00fcr Wechselausstellungen weichen musste\u201c, erkl\u00e4rte Museumsleiter Lebegern. \u201eZudem war das Museum Anfang der \u00b490er Jahre f\u00fcr zirka 20.000 Besucher pro Jahr eingerichtet worden, inzwischen werden Besucherzahlen von bis zu 70.000 und mehr Besuchern im Jahr erreicht.\u201c<\/p>\n\n\n\n<p><em>Auf dem Titelbild sind von links zu sehen: B\u00fcrgermeister Marcel Zapf (Gefell), Museumsleiter Robert Lebegern, Landrat Thomas F\u00fcgmann (Saale-Orla-Kreis), B\u00fcrgermeister Alexander K\u00e4tzel (T\u00f6pen), Landrat Dr. Oliver B\u00e4r (Landkreis Hof), Mitarbeiter der Baufirma AS-Bau, Christine Schm\u00f6lzer-Glier (Landratsamt Hof Leiterin Fachbereich Hochbau), Reinhard Gei\u00dfner (Objekt\u00fcberwachung, H\u00fcttner Architekten), Hermann Seiferth (Gesch\u00e4ftsf\u00fchrung Zweckverband), Tim Bleckmann (Landratsamt Hof Fachbereich Hochbau)<\/em><\/p>\n\n\n\n<p><\/p>\n\n\n\n<figure class=\"wp-block-image size-large\"><a href=\"https:\/\/www.moedlareuth.de\/wp-content\/uploads\/2022\/11\/2022-11-23_LRA_1300130-BEA_kl.jpg\"><img fetchpriority=\"high\" decoding=\"async\" width=\"1024\" height=\"768\" src=\"https:\/\/www.moedlareuth.de\/wp-content\/uploads\/2022\/11\/2022-11-23_LRA_1300130-BEA_kl-1024x768.jpg\" alt=\"\" class=\"wp-image-12421\" srcset=\"https:\/\/www.moedlareuth.de\/wp-content\/uploads\/2022\/11\/2022-11-23_LRA_1300130-BEA_kl-1024x768.jpg 1024w, https:\/\/www.moedlareuth.de\/wp-content\/uploads\/2022\/11\/2022-11-23_LRA_1300130-BEA_kl-300x225.jpg 300w, https:\/\/www.moedlareuth.de\/wp-content\/uploads\/2022\/11\/2022-11-23_LRA_1300130-BEA_kl-768x576.jpg 768w, https:\/\/www.moedlareuth.de\/wp-content\/uploads\/2022\/11\/2022-11-23_LRA_1300130-BEA_kl-1536x1152.jpg 1536w, https:\/\/www.moedlareuth.de\/wp-content\/uploads\/2022\/11\/2022-11-23_LRA_1300130-BEA_kl-2048x1535.jpg 2048w, https:\/\/www.moedlareuth.de\/wp-content\/uploads\/2022\/11\/2022-11-23_LRA_1300130-BEA_kl-16x12.jpg 16w\" sizes=\"(max-width: 1024px) 100vw, 1024px\" \/><\/a><figcaption>Landr\u00e4te Dr. Oliver B\u00e4r und Thomas F\u00fcgmann im Gespr\u00e4ch mit Pressevertretern<\/figcaption><\/figure>\n\n\n\n<figure class=\"wp-block-image size-large\"><a href=\"https:\/\/www.moedlareuth.de\/wp-content\/uploads\/2022\/11\/2022-11-23_123331_LRA_-bea-Baustelle-mit-Schild_kl-scaled.jpg\"><img decoding=\"async\" width=\"1024\" height=\"576\" src=\"https:\/\/www.moedlareuth.de\/wp-content\/uploads\/2022\/11\/2022-11-23_123331_LRA_-bea-Baustelle-mit-Schild_kl-1024x576.jpg\" alt=\"\" class=\"wp-image-12420\" srcset=\"https:\/\/www.moedlareuth.de\/wp-content\/uploads\/2022\/11\/2022-11-23_123331_LRA_-bea-Baustelle-mit-Schild_kl-1024x576.jpg 1024w, https:\/\/www.moedlareuth.de\/wp-content\/uploads\/2022\/11\/2022-11-23_123331_LRA_-bea-Baustelle-mit-Schild_kl-300x169.jpg 300w, https:\/\/www.moedlareuth.de\/wp-content\/uploads\/2022\/11\/2022-11-23_123331_LRA_-bea-Baustelle-mit-Schild_kl-768x432.jpg 768w, https:\/\/www.moedlareuth.de\/wp-content\/uploads\/2022\/11\/2022-11-23_123331_LRA_-bea-Baustelle-mit-Schild_kl-1536x865.jpg 1536w, https:\/\/www.moedlareuth.de\/wp-content\/uploads\/2022\/11\/2022-11-23_123331_LRA_-bea-Baustelle-mit-Schild_kl-2048x1153.jpg 2048w, https:\/\/www.moedlareuth.de\/wp-content\/uploads\/2022\/11\/2022-11-23_123331_LRA_-bea-Baustelle-mit-Schild_kl-18x10.jpg 18w\" sizes=\"(max-width: 1024px) 100vw, 1024px\" \/><\/a><figcaption>Baustelleneinrichtung und erste Erdarbeiten<\/figcaption><\/figure>\n\n\n\n<figure class=\"wp-block-image size-large\"><a href=\"https:\/\/www.moedlareuth.de\/wp-content\/uploads\/2022\/11\/2022-11-23_005_Baustelle-scaled.jpg\"><img decoding=\"async\" width=\"1024\" height=\"768\" src=\"https:\/\/www.moedlareuth.de\/wp-content\/uploads\/2022\/11\/2022-11-23_005_Baustelle-1024x768.jpg\" alt=\"\" class=\"wp-image-12413\" srcset=\"https:\/\/www.moedlareuth.de\/wp-content\/uploads\/2022\/11\/2022-11-23_005_Baustelle-1024x768.jpg 1024w, https:\/\/www.moedlareuth.de\/wp-content\/uploads\/2022\/11\/2022-11-23_005_Baustelle-300x225.jpg 300w, https:\/\/www.moedlareuth.de\/wp-content\/uploads\/2022\/11\/2022-11-23_005_Baustelle-768x576.jpg 768w, https:\/\/www.moedlareuth.de\/wp-content\/uploads\/2022\/11\/2022-11-23_005_Baustelle-1536x1152.jpg 1536w, https:\/\/www.moedlareuth.de\/wp-content\/uploads\/2022\/11\/2022-11-23_005_Baustelle-2048x1536.jpg 2048w, https:\/\/www.moedlareuth.de\/wp-content\/uploads\/2022\/11\/2022-11-23_005_Baustelle-16x12.jpg 16w\" sizes=\"(max-width: 1024px) 100vw, 1024px\" \/><\/a><figcaption>Baustelleneinrichtung und erste Erdarbeiten<\/figcaption><\/figure>","protected":false},"excerpt":{"rendered":"<p>Bei einem Medientermin anl\u00e4sslich des Beginns der Vorarbeiten f\u00fcr den 2. Bauabschnitt, den Neubau eines Museumsgeb\u00e4udes, hat der Zweckverband Deutsch-Deutsches Museum M\u00f6dlareuth vergangene Woche \u00fcber den aktuellen Stand der Bauma\u00dfnahmen auf dem Gel\u00e4nde informiert. &#8222;Das Deutsch-Deutsche Museum liegt uns sehr am Herzen, denn es ist ein Ort von nationaler Bedeutung&#8220;, so der Verbandsvorsitzende und Landrat&#8230;<\/p>","protected":false},"author":10,"featured_media":12414,"comment_status":"closed","ping_status":"closed","sticky":false,"template":"","format":"standard","meta":{"_acf_changed":false,"inline_featured_image":false,"_kad_post_transparent":"","_kad_post_title":"","_kad_post_layout":"","_kad_post_sidebar_id":"","_kad_post_content_style":"","_kad_post_vertical_padding":"","_kad_post_feature":"","_kad_post_feature_position":"","_kad_post_header":false,"_kad_post_footer":false,"_kad_post_classname":"","footnotes":""},"categories":[1],"tags":[],"class_list":["post-12411","post","type-post","status-publish","format-standard","has-post-thumbnail","hentry","category-aktuelles"],"acf":[],"yoast_head":"<!-- This site is optimized with the Yoast SEO plugin v27.5 - https:\/\/yoast.com\/product\/yoast-seo-wordpress\/ -->\n<title>M\u00f6dlareuth: Vorarbeiten f\u00fcr den  Museumsneubau beginnen - Deutsch-Deutsches Museum M\u00f6dlareuth<\/title>\n<meta name=\"description\" content=\"Erweiterung des Museums M\u00f6dlareuth - Neuigkeiten\" \/>\n<meta name=\"robots\" content=\"index, follow, max-snippet:-1, max-image-preview:large, max-video-preview:-1\" \/>\n<link rel=\"canonical\" href=\"https:\/\/www.moedlareuth.de\/it\/mediengespraech-zu-beginn-des-2-bauabschnitts-der-museumserweiterung\/\" \/>\n<meta property=\"og:locale\" content=\"it_IT\" \/>\n<meta property=\"og:type\" content=\"article\" \/>\n<meta property=\"og:title\" content=\"M\u00f6dlareuth: Vorarbeiten f\u00fcr den  Museumsneubau beginnen - Deutsch-Deutsches Museum M\u00f6dlareuth\" \/>\n<meta property=\"og:description\" content=\"Erweiterung des Museums M\u00f6dlareuth - Neuigkeiten\" \/>\n<meta property=\"og:url\" content=\"https:\/\/www.moedlareuth.de\/it\/mediengespraech-zu-beginn-des-2-bauabschnitts-der-museumserweiterung\/\" \/>\n<meta property=\"og:site_name\" content=\"Deutsch-Deutsches Museum M\u00f6dlareuth\" \/>\n<meta property=\"article:published_time\" content=\"2022-11-28T09:24:34+00:00\" \/>\n<meta property=\"article:modified_time\" content=\"2022-11-29T08:47:18+00:00\" \/>\n<meta property=\"og:image\" content=\"https:\/\/www.moedlareuth.de\/wp-content\/uploads\/2022\/11\/2022-11-23_030_PR-Termin-scaled.jpg\" \/>\n\t<meta property=\"og:image:width\" content=\"2560\" \/>\n\t<meta property=\"og:image:height\" content=\"1920\" \/>\n\t<meta property=\"og:image:type\" content=\"image\/jpeg\" \/>\n<meta name=\"author\" content=\"Susan Burger\" \/>\n<meta name=\"twitter:card\" content=\"summary_large_image\" \/>\n<meta name=\"twitter:label1\" content=\"Scritto da\" \/>\n\t<meta name=\"twitter:data1\" content=\"Susan Burger\" \/>\n\t<meta name=\"twitter:label2\" content=\"Tempo di lettura stimato\" \/>\n\t<meta name=\"twitter:data2\" content=\"3 minuti\" \/>\n<script type=\"application\/ld+json\" class=\"yoast-schema-graph\">{\"@context\":\"https:\\\/\\\/schema.org\",\"@graph\":[{\"@type\":\"Article\",\"@id\":\"https:\\\/\\\/www.moedlareuth.de\\\/mediengespraech-zu-beginn-des-2-bauabschnitts-der-museumserweiterung\\\/#article\",\"isPartOf\":{\"@id\":\"https:\\\/\\\/www.moedlareuth.de\\\/mediengespraech-zu-beginn-des-2-bauabschnitts-der-museumserweiterung\\\/\"},\"author\":{\"name\":\"Susan Burger\",\"@id\":\"https:\\\/\\\/moedlareuth.de\\\/preview\\\/#\\\/schema\\\/person\\\/42d95c7c900104834e45a22afe68e54d\"},\"headline\":\"M\u00f6dlareuth: Vorarbeiten f\u00fcr den Museumsneubau beginnen\",\"datePublished\":\"2022-11-28T09:24:34+00:00\",\"dateModified\":\"2022-11-29T08:47:18+00:00\",\"mainEntityOfPage\":{\"@id\":\"https:\\\/\\\/www.moedlareuth.de\\\/mediengespraech-zu-beginn-des-2-bauabschnitts-der-museumserweiterung\\\/\"},\"wordCount\":475,\"publisher\":{\"@id\":\"https:\\\/\\\/moedlareuth.de\\\/preview\\\/#organization\"},\"image\":{\"@id\":\"https:\\\/\\\/www.moedlareuth.de\\\/mediengespraech-zu-beginn-des-2-bauabschnitts-der-museumserweiterung\\\/#primaryimage\"},\"thumbnailUrl\":\"https:\\\/\\\/www.moedlareuth.de\\\/wp-content\\\/uploads\\\/2022\\\/11\\\/2022-11-23_030_PR-Termin-scaled.jpg\",\"articleSection\":[\"Aktuelles\"],\"inLanguage\":\"it-IT\"},{\"@type\":\"WebPage\",\"@id\":\"https:\\\/\\\/www.moedlareuth.de\\\/mediengespraech-zu-beginn-des-2-bauabschnitts-der-museumserweiterung\\\/\",\"url\":\"https:\\\/\\\/www.moedlareuth.de\\\/mediengespraech-zu-beginn-des-2-bauabschnitts-der-museumserweiterung\\\/\",\"name\":\"M\u00f6dlareuth: Vorarbeiten f\u00fcr den Museumsneubau beginnen - Deutsch-Deutsches Museum M\u00f6dlareuth\",\"isPartOf\":{\"@id\":\"https:\\\/\\\/moedlareuth.de\\\/preview\\\/#website\"},\"primaryImageOfPage\":{\"@id\":\"https:\\\/\\\/www.moedlareuth.de\\\/mediengespraech-zu-beginn-des-2-bauabschnitts-der-museumserweiterung\\\/#primaryimage\"},\"image\":{\"@id\":\"https:\\\/\\\/www.moedlareuth.de\\\/mediengespraech-zu-beginn-des-2-bauabschnitts-der-museumserweiterung\\\/#primaryimage\"},\"thumbnailUrl\":\"https:\\\/\\\/www.moedlareuth.de\\\/wp-content\\\/uploads\\\/2022\\\/11\\\/2022-11-23_030_PR-Termin-scaled.jpg\",\"datePublished\":\"2022-11-28T09:24:34+00:00\",\"dateModified\":\"2022-11-29T08:47:18+00:00\",\"description\":\"Erweiterung des Museums M\u00f6dlareuth - Neuigkeiten\",\"breadcrumb\":{\"@id\":\"https:\\\/\\\/www.moedlareuth.de\\\/mediengespraech-zu-beginn-des-2-bauabschnitts-der-museumserweiterung\\\/#breadcrumb\"},\"inLanguage\":\"it-IT\",\"potentialAction\":[{\"@type\":\"ReadAction\",\"target\":[\"https:\\\/\\\/www.moedlareuth.de\\\/mediengespraech-zu-beginn-des-2-bauabschnitts-der-museumserweiterung\\\/\"]}]},{\"@type\":\"ImageObject\",\"inLanguage\":\"it-IT\",\"@id\":\"https:\\\/\\\/www.moedlareuth.de\\\/mediengespraech-zu-beginn-des-2-bauabschnitts-der-museumserweiterung\\\/#primaryimage\",\"url\":\"https:\\\/\\\/www.moedlareuth.de\\\/wp-content\\\/uploads\\\/2022\\\/11\\\/2022-11-23_030_PR-Termin-scaled.jpg\",\"contentUrl\":\"https:\\\/\\\/www.moedlareuth.de\\\/wp-content\\\/uploads\\\/2022\\\/11\\\/2022-11-23_030_PR-Termin-scaled.jpg\",\"width\":2560,\"height\":1920},{\"@type\":\"BreadcrumbList\",\"@id\":\"https:\\\/\\\/www.moedlareuth.de\\\/mediengespraech-zu-beginn-des-2-bauabschnitts-der-museumserweiterung\\\/#breadcrumb\",\"itemListElement\":[{\"@type\":\"ListItem\",\"position\":1,\"name\":\"Startseite\",\"item\":\"https:\\\/\\\/www.moedlareuth.de\\\/\"},{\"@type\":\"ListItem\",\"position\":2,\"name\":\"M\u00f6dlareuth: Vorarbeiten f\u00fcr den Museumsneubau beginnen\"}]},{\"@type\":\"WebSite\",\"@id\":\"https:\\\/\\\/moedlareuth.de\\\/preview\\\/#website\",\"url\":\"https:\\\/\\\/moedlareuth.de\\\/preview\\\/\",\"name\":\"Deutsch-Deutsches Museum M\u00f6dlareuth\",\"description\":\"Gedenkst\u00e4tte zur deutschen Teilung\",\"publisher\":{\"@id\":\"https:\\\/\\\/moedlareuth.de\\\/preview\\\/#organization\"},\"potentialAction\":[{\"@type\":\"SearchAction\",\"target\":{\"@type\":\"EntryPoint\",\"urlTemplate\":\"https:\\\/\\\/moedlareuth.de\\\/preview\\\/?s={search_term_string}\"},\"query-input\":{\"@type\":\"PropertyValueSpecification\",\"valueRequired\":true,\"valueName\":\"search_term_string\"}}],\"inLanguage\":\"it-IT\"},{\"@type\":\"Organization\",\"@id\":\"https:\\\/\\\/moedlareuth.de\\\/preview\\\/#organization\",\"name\":\"Deutsch-Deutsches Museum M\u00f6dlareuth\",\"url\":\"https:\\\/\\\/moedlareuth.de\\\/preview\\\/\",\"logo\":{\"@type\":\"ImageObject\",\"inLanguage\":\"it-IT\",\"@id\":\"https:\\\/\\\/moedlareuth.de\\\/preview\\\/#\\\/schema\\\/logo\\\/image\\\/\",\"url\":\"https:\\\/\\\/www.moedlareuth.de\\\/wp-content\\\/uploads\\\/2022\\\/02\\\/museum_moedlareuth_logo_hell_zusatz.svg\",\"contentUrl\":\"https:\\\/\\\/www.moedlareuth.de\\\/wp-content\\\/uploads\\\/2022\\\/02\\\/museum_moedlareuth_logo_hell_zusatz.svg\",\"width\":255,\"height\":62,\"caption\":\"Deutsch-Deutsches Museum M\u00f6dlareuth\"},\"image\":{\"@id\":\"https:\\\/\\\/moedlareuth.de\\\/preview\\\/#\\\/schema\\\/logo\\\/image\\\/\"}},{\"@type\":\"Person\",\"@id\":\"https:\\\/\\\/moedlareuth.de\\\/preview\\\/#\\\/schema\\\/person\\\/42d95c7c900104834e45a22afe68e54d\",\"name\":\"Susan Burger\",\"url\":\"https:\\\/\\\/www.moedlareuth.de\\\/it\\\/author\\\/s-burger\\\/\"}]}<\/script>\n<!-- \/ Yoast SEO plugin. -->","yoast_head_json":{"title":"M\u00f6dlareuth: Vorarbeiten f\u00fcr den  Museumsneubau beginnen - Deutsch-Deutsches Museum M\u00f6dlareuth","description":"Erweiterung des Museums M\u00f6dlareuth - Neuigkeiten","robots":{"index":"index","follow":"follow","max-snippet":"max-snippet:-1","max-image-preview":"max-image-preview:large","max-video-preview":"max-video-preview:-1"},"canonical":"https:\/\/www.moedlareuth.de\/it\/mediengespraech-zu-beginn-des-2-bauabschnitts-der-museumserweiterung\/","og_locale":"it_IT","og_type":"article","og_title":"M\u00f6dlareuth: Vorarbeiten f\u00fcr den  Museumsneubau beginnen - Deutsch-Deutsches Museum M\u00f6dlareuth","og_description":"Erweiterung des Museums M\u00f6dlareuth - Neuigkeiten","og_url":"https:\/\/www.moedlareuth.de\/it\/mediengespraech-zu-beginn-des-2-bauabschnitts-der-museumserweiterung\/","og_site_name":"Deutsch-Deutsches Museum M\u00f6dlareuth","article_published_time":"2022-11-28T09:24:34+00:00","article_modified_time":"2022-11-29T08:47:18+00:00","og_image":[{"width":2560,"height":1920,"url":"https:\/\/www.moedlareuth.de\/wp-content\/uploads\/2022\/11\/2022-11-23_030_PR-Termin-scaled.jpg","type":"image\/jpeg"}],"author":"Susan Burger","twitter_card":"summary_large_image","twitter_misc":{"Scritto da":"Susan Burger","Tempo di lettura stimato":"3 minuti"},"schema":{"@context":"https:\/\/schema.org","@graph":[{"@type":"Article","@id":"https:\/\/www.moedlareuth.de\/mediengespraech-zu-beginn-des-2-bauabschnitts-der-museumserweiterung\/#article","isPartOf":{"@id":"https:\/\/www.moedlareuth.de\/mediengespraech-zu-beginn-des-2-bauabschnitts-der-museumserweiterung\/"},"author":{"name":"Susan Burger","@id":"https:\/\/moedlareuth.de\/preview\/#\/schema\/person\/42d95c7c900104834e45a22afe68e54d"},"headline":"M\u00f6dlareuth: Vorarbeiten f\u00fcr den Museumsneubau beginnen","datePublished":"2022-11-28T09:24:34+00:00","dateModified":"2022-11-29T08:47:18+00:00","mainEntityOfPage":{"@id":"https:\/\/www.moedlareuth.de\/mediengespraech-zu-beginn-des-2-bauabschnitts-der-museumserweiterung\/"},"wordCount":475,"publisher":{"@id":"https:\/\/moedlareuth.de\/preview\/#organization"},"image":{"@id":"https:\/\/www.moedlareuth.de\/mediengespraech-zu-beginn-des-2-bauabschnitts-der-museumserweiterung\/#primaryimage"},"thumbnailUrl":"https:\/\/www.moedlareuth.de\/wp-content\/uploads\/2022\/11\/2022-11-23_030_PR-Termin-scaled.jpg","articleSection":["Aktuelles"],"inLanguage":"it-IT"},{"@type":"WebPage","@id":"https:\/\/www.moedlareuth.de\/mediengespraech-zu-beginn-des-2-bauabschnitts-der-museumserweiterung\/","url":"https:\/\/www.moedlareuth.de\/mediengespraech-zu-beginn-des-2-bauabschnitts-der-museumserweiterung\/","name":"M\u00f6dlareuth: Vorarbeiten f\u00fcr den Museumsneubau beginnen - Deutsch-Deutsches Museum M\u00f6dlareuth","isPartOf":{"@id":"https:\/\/moedlareuth.de\/preview\/#website"},"primaryImageOfPage":{"@id":"https:\/\/www.moedlareuth.de\/mediengespraech-zu-beginn-des-2-bauabschnitts-der-museumserweiterung\/#primaryimage"},"image":{"@id":"https:\/\/www.moedlareuth.de\/mediengespraech-zu-beginn-des-2-bauabschnitts-der-museumserweiterung\/#primaryimage"},"thumbnailUrl":"https:\/\/www.moedlareuth.de\/wp-content\/uploads\/2022\/11\/2022-11-23_030_PR-Termin-scaled.jpg","datePublished":"2022-11-28T09:24:34+00:00","dateModified":"2022-11-29T08:47:18+00:00","description":"Erweiterung des Museums M\u00f6dlareuth - Neuigkeiten","breadcrumb":{"@id":"https:\/\/www.moedlareuth.de\/mediengespraech-zu-beginn-des-2-bauabschnitts-der-museumserweiterung\/#breadcrumb"},"inLanguage":"it-IT","potentialAction":[{"@type":"ReadAction","target":["https:\/\/www.moedlareuth.de\/mediengespraech-zu-beginn-des-2-bauabschnitts-der-museumserweiterung\/"]}]},{"@type":"ImageObject","inLanguage":"it-IT","@id":"https:\/\/www.moedlareuth.de\/mediengespraech-zu-beginn-des-2-bauabschnitts-der-museumserweiterung\/#primaryimage","url":"https:\/\/www.moedlareuth.de\/wp-content\/uploads\/2022\/11\/2022-11-23_030_PR-Termin-scaled.jpg","contentUrl":"https:\/\/www.moedlareuth.de\/wp-content\/uploads\/2022\/11\/2022-11-23_030_PR-Termin-scaled.jpg","width":2560,"height":1920},{"@type":"BreadcrumbList","@id":"https:\/\/www.moedlareuth.de\/mediengespraech-zu-beginn-des-2-bauabschnitts-der-museumserweiterung\/#breadcrumb","itemListElement":[{"@type":"ListItem","position":1,"name":"Startseite","item":"https:\/\/www.moedlareuth.de\/"},{"@type":"ListItem","position":2,"name":"M\u00f6dlareuth: Vorarbeiten f\u00fcr den Museumsneubau beginnen"}]},{"@type":"WebSite","@id":"https:\/\/moedlareuth.de\/preview\/#website","url":"https:\/\/moedlareuth.de\/preview\/","name":"Museo tedesco-tedesco M\u00f6dlareuth","description":"Memoriale alla divisione della Germania","publisher":{"@id":"https:\/\/moedlareuth.de\/preview\/#organization"},"potentialAction":[{"@type":"SearchAction","target":{"@type":"EntryPoint","urlTemplate":"https:\/\/moedlareuth.de\/preview\/?s={search_term_string}"},"query-input":{"@type":"PropertyValueSpecification","valueRequired":true,"valueName":"search_term_string"}}],"inLanguage":"it-IT"},{"@type":"Organization","@id":"https:\/\/moedlareuth.de\/preview\/#organization","name":"Museo tedesco-tedesco M\u00f6dlareuth","url":"https:\/\/moedlareuth.de\/preview\/","logo":{"@type":"ImageObject","inLanguage":"it-IT","@id":"https:\/\/moedlareuth.de\/preview\/#\/schema\/logo\/image\/","url":"https:\/\/www.moedlareuth.de\/wp-content\/uploads\/2022\/02\/museum_moedlareuth_logo_hell_zusatz.svg","contentUrl":"https:\/\/www.moedlareuth.de\/wp-content\/uploads\/2022\/02\/museum_moedlareuth_logo_hell_zusatz.svg","width":255,"height":62,"caption":"Deutsch-Deutsches Museum M\u00f6dlareuth"},"image":{"@id":"https:\/\/moedlareuth.de\/preview\/#\/schema\/logo\/image\/"}},{"@type":"Person","@id":"https:\/\/moedlareuth.de\/preview\/#\/schema\/person\/42d95c7c900104834e45a22afe68e54d","name":"Susan Burger","url":"https:\/\/www.moedlareuth.de\/it\/author\/s-burger\/"}]}},"_links":{"self":[{"href":"https:\/\/www.moedlareuth.de\/it\/wp-json\/wp\/v2\/posts\/12411","targetHints":{"allow":["GET"]}}],"collection":[{"href":"https:\/\/www.moedlareuth.de\/it\/wp-json\/wp\/v2\/posts"}],"about":[{"href":"https:\/\/www.moedlareuth.de\/it\/wp-json\/wp\/v2\/types\/post"}],"author":[{"embeddable":true,"href":"https:\/\/www.moedlareuth.de\/it\/wp-json\/wp\/v2\/users\/10"}],"replies":[{"embeddable":true,"href":"https:\/\/www.moedlareuth.de\/it\/wp-json\/wp\/v2\/comments?post=12411"}],"version-history":[{"count":7,"href":"https:\/\/www.moedlareuth.de\/it\/wp-json\/wp\/v2\/posts\/12411\/revisions"}],"predecessor-version":[{"id":12425,"href":"https:\/\/www.moedlareuth.de\/it\/wp-json\/wp\/v2\/posts\/12411\/revisions\/12425"}],"wp:featuredmedia":[{"embeddable":true,"href":"https:\/\/www.moedlareuth.de\/it\/wp-json\/wp\/v2\/media\/12414"}],"wp:attachment":[{"href":"https:\/\/www.moedlareuth.de\/it\/wp-json\/wp\/v2\/media?parent=12411"}],"wp:term":[{"taxonomy":"category","embeddable":true,"href":"https:\/\/www.moedlareuth.de\/it\/wp-json\/wp\/v2\/categories?post=12411"},{"taxonomy":"post_tag","embeddable":true,"href":"https:\/\/www.moedlareuth.de\/it\/wp-json\/wp\/v2\/tags?post=12411"}],"curies":[{"name":"wp","href":"https:\/\/api.w.org\/{rel}","templated":true}]}}