{"id":12208,"date":"2022-06-30T23:15:20","date_gmt":"2022-06-30T21:15:20","guid":{"rendered":"https:\/\/www.moedlareuth.de\/?p=12208"},"modified":"2022-06-30T23:25:54","modified_gmt":"2022-06-30T21:25:54","slug":"neue-technik-in-den-kinosaelen-bewaehrt-sich","status":"publish","type":"post","link":"https:\/\/www.moedlareuth.de\/it\/neue-technik-in-den-kinosaelen-bewaehrt-sich\/","title":{"rendered":"Neue Technik in den Kinos\u00e4len bew\u00e4hrt sich"},"content":{"rendered":"<p>Dank einer Finanzspritze von satten 16.500 \u20ac vom Freistaat Th\u00fcringen konnte das Deutsch-Deutsche Museum im letzten Jahr die Projektionstechnik in den Kinos\u00e4len komplett erneuern. &nbsp;In den Vortragsr\u00e4umen zeigt das Museum seinen Besuchern regelm\u00e4\u00dfig den Kurzfilm \u201eAlltag an der Grenze\u201c. Mit der neuen Ausstattung wurde sowohl die Bild- als auch die Tonqualit\u00e4t der Pr\u00e4sentation wesentlich erh\u00f6ht.<\/p>\n\n\n\n<p>\u201eGestochen scharfe Bilder \u2013 auch bei Sonnenschein und ge\u00f6ffneten Fenstern, zudem leichte Bedienung\u201c, zieht Museumsleiter Robert Lebegern nach einem halben Jahr der Nutzung Bilanz. Die bessere Qualit\u00e4t erh\u00f6ht aber nicht nur die Zufriedenheit bei Mitarbeitern und Besuchern. Oft werden die R\u00e4ume auch f\u00fcr Vortr\u00e4ge oder Seminare genutzt. Durch das Update auf HDMI k\u00f6nnen Referenten nun ohne Probleme ihre eigene Hardware mitbringen und mit der Anlage des Museums verbinden. Ausgestattet wurden die R\u00e4ume von der Firma Walther B\u00fcroorganisation und Einrichtung GmbH aus Oelsnitz. <\/p>\n\n\n\n<p>Zudem konnte mit der gro\u00dfz\u00fcgigen Zuwendung aus Th\u00fcringen auch noch ein notwendiges Upgrade f\u00fcr die Software der Datenbank erstanden werden. \u201eF\u00fcr die \u00dcbernahme der Kosten f\u00fcr beide Anschaffungen sind wir sehr dankbar\u201c, erkl\u00e4rt Museumsp\u00e4dagogin Susan Burger. Vor allem die Technik in den Kinos\u00e4len leiste ihren Beitrag, den Museumsbesuchern einen entspannten und angenehmen Aufenthalt im Deutsch-Deutschen Museum M\u00f6dlareuth zu bieten. \u00a0Christine Franz von der Gesch\u00e4ftsstelle des Zweckverbandes erg\u00e4nzt: \u201eOhne die Zuwendung des Freistaates Th\u00fcringen w\u00e4re eine Modernisierung der Technik in den beiden Vortragsr\u00e4umen finanziell nicht m\u00f6glich gewesen.\u201c<\/p>\n\n\n\n<p>Foto: Das Bild zeigt Besucher, die gespannt auf die Filmvorf\u00fchrung im Kino 1 sind.<\/p>\n\n\n\n<p><\/p>","protected":false},"excerpt":{"rendered":"<p>Dank einer Finanzspritze von satten 16.500 \u20ac vom Freistaat Th\u00fcringen konnte das Deutsch-Deutsche Museum im letzten Jahr die Projektionstechnik in den Kinos\u00e4len komplett erneuern. &nbsp;In den Vortragsr\u00e4umen zeigt das Museum seinen Besuchern regelm\u00e4\u00dfig den Kurzfilm \u201eAlltag an der Grenze\u201c. Mit der neuen Ausstattung wurde sowohl die Bild- als auch die Tonqualit\u00e4t der Pr\u00e4sentation wesentlich erh\u00f6ht&#8230;.<\/p>","protected":false},"author":11,"featured_media":12210,"comment_status":"closed","ping_status":"closed","sticky":false,"template":"","format":"standard","meta":{"_acf_changed":false,"inline_featured_image":false,"_kad_post_transparent":"","_kad_post_title":"","_kad_post_layout":"","_kad_post_sidebar_id":"","_kad_post_content_style":"","_kad_post_vertical_padding":"","_kad_post_feature":"","_kad_post_feature_position":"","_kad_post_header":false,"_kad_post_footer":false,"_kad_post_classname":"","footnotes":""},"categories":[1],"tags":[],"class_list":["post-12208","post","type-post","status-publish","format-standard","has-post-thumbnail","hentry","category-aktuelles"],"acf":[],"yoast_head":"<!-- This site is optimized with the Yoast SEO plugin v27.5 - https:\/\/yoast.com\/product\/yoast-seo-wordpress\/ -->\n<title>Neue Technik in den Kinos\u00e4len bew\u00e4hrt sich - Deutsch-Deutsches Museum M\u00f6dlareuth<\/title>\n<meta name=\"robots\" content=\"index, follow, max-snippet:-1, max-image-preview:large, max-video-preview:-1\" \/>\n<link rel=\"canonical\" href=\"https:\/\/www.moedlareuth.de\/it\/neue-technik-in-den-kinosaelen-bewaehrt-sich\/\" \/>\n<meta property=\"og:locale\" content=\"it_IT\" \/>\n<meta property=\"og:type\" content=\"article\" \/>\n<meta property=\"og:title\" content=\"Neue Technik in den Kinos\u00e4len bew\u00e4hrt sich - Deutsch-Deutsches Museum M\u00f6dlareuth\" \/>\n<meta property=\"og:description\" content=\"Dank einer Finanzspritze von satten 16.500 \u20ac vom Freistaat Th\u00fcringen konnte das Deutsch-Deutsche Museum im letzten Jahr die Projektionstechnik in den Kinos\u00e4len komplett erneuern. &nbsp;In den Vortragsr\u00e4umen zeigt das Museum seinen Besuchern regelm\u00e4\u00dfig den Kurzfilm \u201eAlltag an der Grenze\u201c. Mit der neuen Ausstattung wurde sowohl die Bild- als auch die Tonqualit\u00e4t der Pr\u00e4sentation wesentlich erh\u00f6ht....\" \/>\n<meta property=\"og:url\" content=\"https:\/\/www.moedlareuth.de\/it\/neue-technik-in-den-kinosaelen-bewaehrt-sich\/\" \/>\n<meta property=\"og:site_name\" content=\"Deutsch-Deutsches Museum M\u00f6dlareuth\" \/>\n<meta property=\"article:published_time\" content=\"2022-06-30T21:15:20+00:00\" \/>\n<meta property=\"article:modified_time\" content=\"2022-06-30T21:25:54+00:00\" \/>\n<meta property=\"og:image\" content=\"https:\/\/www.moedlareuth.de\/wp-content\/uploads\/2022\/06\/2022-06-29-neue-Technik-scaled-e1656623059166.jpg\" \/>\n\t<meta property=\"og:image:width\" content=\"2188\" \/>\n\t<meta property=\"og:image:height\" content=\"1766\" \/>\n\t<meta property=\"og:image:type\" content=\"image\/jpeg\" \/>\n<meta name=\"author\" content=\"Christine Franz\" \/>\n<meta name=\"twitter:card\" content=\"summary_large_image\" \/>\n<meta name=\"twitter:label1\" content=\"Scritto da\" \/>\n\t<meta name=\"twitter:data1\" content=\"Christine Franz\" \/>\n\t<meta name=\"twitter:label2\" content=\"Tempo di lettura stimato\" \/>\n\t<meta name=\"twitter:data2\" content=\"2 minuti\" \/>\n<script type=\"application\/ld+json\" class=\"yoast-schema-graph\">{\"@context\":\"https:\\\/\\\/schema.org\",\"@graph\":[{\"@type\":\"Article\",\"@id\":\"https:\\\/\\\/www.moedlareuth.de\\\/neue-technik-in-den-kinosaelen-bewaehrt-sich\\\/#article\",\"isPartOf\":{\"@id\":\"https:\\\/\\\/www.moedlareuth.de\\\/neue-technik-in-den-kinosaelen-bewaehrt-sich\\\/\"},\"author\":{\"name\":\"Christine Franz\",\"@id\":\"https:\\\/\\\/moedlareuth.de\\\/preview\\\/#\\\/schema\\\/person\\\/be9364f0f76c1a14366273030efb5e2f\"},\"headline\":\"Neue Technik in den Kinos\u00e4len bew\u00e4hrt sich\",\"datePublished\":\"2022-06-30T21:15:20+00:00\",\"dateModified\":\"2022-06-30T21:25:54+00:00\",\"mainEntityOfPage\":{\"@id\":\"https:\\\/\\\/www.moedlareuth.de\\\/neue-technik-in-den-kinosaelen-bewaehrt-sich\\\/\"},\"wordCount\":276,\"publisher\":{\"@id\":\"https:\\\/\\\/moedlareuth.de\\\/preview\\\/#organization\"},\"image\":{\"@id\":\"https:\\\/\\\/www.moedlareuth.de\\\/neue-technik-in-den-kinosaelen-bewaehrt-sich\\\/#primaryimage\"},\"thumbnailUrl\":\"https:\\\/\\\/www.moedlareuth.de\\\/wp-content\\\/uploads\\\/2022\\\/06\\\/2022-06-29-neue-Technik-scaled-e1656623059166.jpg\",\"articleSection\":[\"Aktuelles\"],\"inLanguage\":\"it-IT\"},{\"@type\":\"WebPage\",\"@id\":\"https:\\\/\\\/www.moedlareuth.de\\\/neue-technik-in-den-kinosaelen-bewaehrt-sich\\\/\",\"url\":\"https:\\\/\\\/www.moedlareuth.de\\\/neue-technik-in-den-kinosaelen-bewaehrt-sich\\\/\",\"name\":\"Neue Technik in den Kinos\u00e4len bew\u00e4hrt sich - Deutsch-Deutsches Museum M\u00f6dlareuth\",\"isPartOf\":{\"@id\":\"https:\\\/\\\/moedlareuth.de\\\/preview\\\/#website\"},\"primaryImageOfPage\":{\"@id\":\"https:\\\/\\\/www.moedlareuth.de\\\/neue-technik-in-den-kinosaelen-bewaehrt-sich\\\/#primaryimage\"},\"image\":{\"@id\":\"https:\\\/\\\/www.moedlareuth.de\\\/neue-technik-in-den-kinosaelen-bewaehrt-sich\\\/#primaryimage\"},\"thumbnailUrl\":\"https:\\\/\\\/www.moedlareuth.de\\\/wp-content\\\/uploads\\\/2022\\\/06\\\/2022-06-29-neue-Technik-scaled-e1656623059166.jpg\",\"datePublished\":\"2022-06-30T21:15:20+00:00\",\"dateModified\":\"2022-06-30T21:25:54+00:00\",\"breadcrumb\":{\"@id\":\"https:\\\/\\\/www.moedlareuth.de\\\/neue-technik-in-den-kinosaelen-bewaehrt-sich\\\/#breadcrumb\"},\"inLanguage\":\"it-IT\",\"potentialAction\":[{\"@type\":\"ReadAction\",\"target\":[\"https:\\\/\\\/www.moedlareuth.de\\\/neue-technik-in-den-kinosaelen-bewaehrt-sich\\\/\"]}]},{\"@type\":\"ImageObject\",\"inLanguage\":\"it-IT\",\"@id\":\"https:\\\/\\\/www.moedlareuth.de\\\/neue-technik-in-den-kinosaelen-bewaehrt-sich\\\/#primaryimage\",\"url\":\"https:\\\/\\\/www.moedlareuth.de\\\/wp-content\\\/uploads\\\/2022\\\/06\\\/2022-06-29-neue-Technik-scaled-e1656623059166.jpg\",\"contentUrl\":\"https:\\\/\\\/www.moedlareuth.de\\\/wp-content\\\/uploads\\\/2022\\\/06\\\/2022-06-29-neue-Technik-scaled-e1656623059166.jpg\",\"width\":2188,\"height\":1766,\"caption\":\"Das Bild zeigt Besucher, die im Kinosaal 1 auf die Filmpr\u00e4sentation gespannt sind.\"},{\"@type\":\"BreadcrumbList\",\"@id\":\"https:\\\/\\\/www.moedlareuth.de\\\/neue-technik-in-den-kinosaelen-bewaehrt-sich\\\/#breadcrumb\",\"itemListElement\":[{\"@type\":\"ListItem\",\"position\":1,\"name\":\"Startseite\",\"item\":\"https:\\\/\\\/www.moedlareuth.de\\\/\"},{\"@type\":\"ListItem\",\"position\":2,\"name\":\"Neue Technik in den Kinos\u00e4len bew\u00e4hrt sich\"}]},{\"@type\":\"WebSite\",\"@id\":\"https:\\\/\\\/moedlareuth.de\\\/preview\\\/#website\",\"url\":\"https:\\\/\\\/moedlareuth.de\\\/preview\\\/\",\"name\":\"Deutsch-Deutsches Museum M\u00f6dlareuth\",\"description\":\"Gedenkst\u00e4tte zur deutschen Teilung\",\"publisher\":{\"@id\":\"https:\\\/\\\/moedlareuth.de\\\/preview\\\/#organization\"},\"potentialAction\":[{\"@type\":\"SearchAction\",\"target\":{\"@type\":\"EntryPoint\",\"urlTemplate\":\"https:\\\/\\\/moedlareuth.de\\\/preview\\\/?s={search_term_string}\"},\"query-input\":{\"@type\":\"PropertyValueSpecification\",\"valueRequired\":true,\"valueName\":\"search_term_string\"}}],\"inLanguage\":\"it-IT\"},{\"@type\":\"Organization\",\"@id\":\"https:\\\/\\\/moedlareuth.de\\\/preview\\\/#organization\",\"name\":\"Deutsch-Deutsches Museum M\u00f6dlareuth\",\"url\":\"https:\\\/\\\/moedlareuth.de\\\/preview\\\/\",\"logo\":{\"@type\":\"ImageObject\",\"inLanguage\":\"it-IT\",\"@id\":\"https:\\\/\\\/moedlareuth.de\\\/preview\\\/#\\\/schema\\\/logo\\\/image\\\/\",\"url\":\"https:\\\/\\\/www.moedlareuth.de\\\/wp-content\\\/uploads\\\/2022\\\/02\\\/museum_moedlareuth_logo_hell_zusatz.svg\",\"contentUrl\":\"https:\\\/\\\/www.moedlareuth.de\\\/wp-content\\\/uploads\\\/2022\\\/02\\\/museum_moedlareuth_logo_hell_zusatz.svg\",\"width\":255,\"height\":62,\"caption\":\"Deutsch-Deutsches Museum M\u00f6dlareuth\"},\"image\":{\"@id\":\"https:\\\/\\\/moedlareuth.de\\\/preview\\\/#\\\/schema\\\/logo\\\/image\\\/\"}},{\"@type\":\"Person\",\"@id\":\"https:\\\/\\\/moedlareuth.de\\\/preview\\\/#\\\/schema\\\/person\\\/be9364f0f76c1a14366273030efb5e2f\",\"name\":\"Christine Franz\",\"url\":\"https:\\\/\\\/www.moedlareuth.de\\\/it\\\/author\\\/c-franz\\\/\"}]}<\/script>\n<!-- \/ Yoast SEO plugin. -->","yoast_head_json":{"title":"Neue Technik in den Kinos\u00e4len bew\u00e4hrt sich - Deutsch-Deutsches Museum M\u00f6dlareuth","robots":{"index":"index","follow":"follow","max-snippet":"max-snippet:-1","max-image-preview":"max-image-preview:large","max-video-preview":"max-video-preview:-1"},"canonical":"https:\/\/www.moedlareuth.de\/it\/neue-technik-in-den-kinosaelen-bewaehrt-sich\/","og_locale":"it_IT","og_type":"article","og_title":"Neue Technik in den Kinos\u00e4len bew\u00e4hrt sich - Deutsch-Deutsches Museum M\u00f6dlareuth","og_description":"Dank einer Finanzspritze von satten 16.500 \u20ac vom Freistaat Th\u00fcringen konnte das Deutsch-Deutsche Museum im letzten Jahr die Projektionstechnik in den Kinos\u00e4len komplett erneuern. &nbsp;In den Vortragsr\u00e4umen zeigt das Museum seinen Besuchern regelm\u00e4\u00dfig den Kurzfilm \u201eAlltag an der Grenze\u201c. Mit der neuen Ausstattung wurde sowohl die Bild- als auch die Tonqualit\u00e4t der Pr\u00e4sentation wesentlich erh\u00f6ht....","og_url":"https:\/\/www.moedlareuth.de\/it\/neue-technik-in-den-kinosaelen-bewaehrt-sich\/","og_site_name":"Deutsch-Deutsches Museum M\u00f6dlareuth","article_published_time":"2022-06-30T21:15:20+00:00","article_modified_time":"2022-06-30T21:25:54+00:00","og_image":[{"width":2188,"height":1766,"url":"https:\/\/www.moedlareuth.de\/wp-content\/uploads\/2022\/06\/2022-06-29-neue-Technik-scaled-e1656623059166.jpg","type":"image\/jpeg"}],"author":"Christine Franz","twitter_card":"summary_large_image","twitter_misc":{"Scritto da":"Christine Franz","Tempo di lettura stimato":"2 minuti"},"schema":{"@context":"https:\/\/schema.org","@graph":[{"@type":"Article","@id":"https:\/\/www.moedlareuth.de\/neue-technik-in-den-kinosaelen-bewaehrt-sich\/#article","isPartOf":{"@id":"https:\/\/www.moedlareuth.de\/neue-technik-in-den-kinosaelen-bewaehrt-sich\/"},"author":{"name":"Christine Franz","@id":"https:\/\/moedlareuth.de\/preview\/#\/schema\/person\/be9364f0f76c1a14366273030efb5e2f"},"headline":"Neue Technik in den Kinos\u00e4len bew\u00e4hrt sich","datePublished":"2022-06-30T21:15:20+00:00","dateModified":"2022-06-30T21:25:54+00:00","mainEntityOfPage":{"@id":"https:\/\/www.moedlareuth.de\/neue-technik-in-den-kinosaelen-bewaehrt-sich\/"},"wordCount":276,"publisher":{"@id":"https:\/\/moedlareuth.de\/preview\/#organization"},"image":{"@id":"https:\/\/www.moedlareuth.de\/neue-technik-in-den-kinosaelen-bewaehrt-sich\/#primaryimage"},"thumbnailUrl":"https:\/\/www.moedlareuth.de\/wp-content\/uploads\/2022\/06\/2022-06-29-neue-Technik-scaled-e1656623059166.jpg","articleSection":["Aktuelles"],"inLanguage":"it-IT"},{"@type":"WebPage","@id":"https:\/\/www.moedlareuth.de\/neue-technik-in-den-kinosaelen-bewaehrt-sich\/","url":"https:\/\/www.moedlareuth.de\/neue-technik-in-den-kinosaelen-bewaehrt-sich\/","name":"Neue Technik in den Kinos\u00e4len bew\u00e4hrt sich - Deutsch-Deutsches Museum M\u00f6dlareuth","isPartOf":{"@id":"https:\/\/moedlareuth.de\/preview\/#website"},"primaryImageOfPage":{"@id":"https:\/\/www.moedlareuth.de\/neue-technik-in-den-kinosaelen-bewaehrt-sich\/#primaryimage"},"image":{"@id":"https:\/\/www.moedlareuth.de\/neue-technik-in-den-kinosaelen-bewaehrt-sich\/#primaryimage"},"thumbnailUrl":"https:\/\/www.moedlareuth.de\/wp-content\/uploads\/2022\/06\/2022-06-29-neue-Technik-scaled-e1656623059166.jpg","datePublished":"2022-06-30T21:15:20+00:00","dateModified":"2022-06-30T21:25:54+00:00","breadcrumb":{"@id":"https:\/\/www.moedlareuth.de\/neue-technik-in-den-kinosaelen-bewaehrt-sich\/#breadcrumb"},"inLanguage":"it-IT","potentialAction":[{"@type":"ReadAction","target":["https:\/\/www.moedlareuth.de\/neue-technik-in-den-kinosaelen-bewaehrt-sich\/"]}]},{"@type":"ImageObject","inLanguage":"it-IT","@id":"https:\/\/www.moedlareuth.de\/neue-technik-in-den-kinosaelen-bewaehrt-sich\/#primaryimage","url":"https:\/\/www.moedlareuth.de\/wp-content\/uploads\/2022\/06\/2022-06-29-neue-Technik-scaled-e1656623059166.jpg","contentUrl":"https:\/\/www.moedlareuth.de\/wp-content\/uploads\/2022\/06\/2022-06-29-neue-Technik-scaled-e1656623059166.jpg","width":2188,"height":1766,"caption":"Das Bild zeigt Besucher, die im Kinosaal 1 auf die Filmpr\u00e4sentation gespannt sind."},{"@type":"BreadcrumbList","@id":"https:\/\/www.moedlareuth.de\/neue-technik-in-den-kinosaelen-bewaehrt-sich\/#breadcrumb","itemListElement":[{"@type":"ListItem","position":1,"name":"Startseite","item":"https:\/\/www.moedlareuth.de\/"},{"@type":"ListItem","position":2,"name":"Neue Technik in den Kinos\u00e4len bew\u00e4hrt sich"}]},{"@type":"WebSite","@id":"https:\/\/moedlareuth.de\/preview\/#website","url":"https:\/\/moedlareuth.de\/preview\/","name":"Museo tedesco-tedesco M\u00f6dlareuth","description":"Memoriale alla divisione della Germania","publisher":{"@id":"https:\/\/moedlareuth.de\/preview\/#organization"},"potentialAction":[{"@type":"SearchAction","target":{"@type":"EntryPoint","urlTemplate":"https:\/\/moedlareuth.de\/preview\/?s={search_term_string}"},"query-input":{"@type":"PropertyValueSpecification","valueRequired":true,"valueName":"search_term_string"}}],"inLanguage":"it-IT"},{"@type":"Organization","@id":"https:\/\/moedlareuth.de\/preview\/#organization","name":"Museo tedesco-tedesco M\u00f6dlareuth","url":"https:\/\/moedlareuth.de\/preview\/","logo":{"@type":"ImageObject","inLanguage":"it-IT","@id":"https:\/\/moedlareuth.de\/preview\/#\/schema\/logo\/image\/","url":"https:\/\/www.moedlareuth.de\/wp-content\/uploads\/2022\/02\/museum_moedlareuth_logo_hell_zusatz.svg","contentUrl":"https:\/\/www.moedlareuth.de\/wp-content\/uploads\/2022\/02\/museum_moedlareuth_logo_hell_zusatz.svg","width":255,"height":62,"caption":"Deutsch-Deutsches Museum M\u00f6dlareuth"},"image":{"@id":"https:\/\/moedlareuth.de\/preview\/#\/schema\/logo\/image\/"}},{"@type":"Person","@id":"https:\/\/moedlareuth.de\/preview\/#\/schema\/person\/be9364f0f76c1a14366273030efb5e2f","name":"Christine Franz","url":"https:\/\/www.moedlareuth.de\/it\/author\/c-franz\/"}]}},"_links":{"self":[{"href":"https:\/\/www.moedlareuth.de\/it\/wp-json\/wp\/v2\/posts\/12208","targetHints":{"allow":["GET"]}}],"collection":[{"href":"https:\/\/www.moedlareuth.de\/it\/wp-json\/wp\/v2\/posts"}],"about":[{"href":"https:\/\/www.moedlareuth.de\/it\/wp-json\/wp\/v2\/types\/post"}],"author":[{"embeddable":true,"href":"https:\/\/www.moedlareuth.de\/it\/wp-json\/wp\/v2\/users\/11"}],"replies":[{"embeddable":true,"href":"https:\/\/www.moedlareuth.de\/it\/wp-json\/wp\/v2\/comments?post=12208"}],"version-history":[{"count":5,"href":"https:\/\/www.moedlareuth.de\/it\/wp-json\/wp\/v2\/posts\/12208\/revisions"}],"predecessor-version":[{"id":12216,"href":"https:\/\/www.moedlareuth.de\/it\/wp-json\/wp\/v2\/posts\/12208\/revisions\/12216"}],"wp:featuredmedia":[{"embeddable":true,"href":"https:\/\/www.moedlareuth.de\/it\/wp-json\/wp\/v2\/media\/12210"}],"wp:attachment":[{"href":"https:\/\/www.moedlareuth.de\/it\/wp-json\/wp\/v2\/media?parent=12208"}],"wp:term":[{"taxonomy":"category","embeddable":true,"href":"https:\/\/www.moedlareuth.de\/it\/wp-json\/wp\/v2\/categories?post=12208"},{"taxonomy":"post_tag","embeddable":true,"href":"https:\/\/www.moedlareuth.de\/it\/wp-json\/wp\/v2\/tags?post=12208"}],"curies":[{"name":"wp","href":"https:\/\/api.w.org\/{rel}","templated":true}]}}