{"id":1055,"date":"2018-04-24T15:47:27","date_gmt":"2018-04-24T13:47:27","guid":{"rendered":"http:\/\/www.moedlareuth.de\/?p=1055"},"modified":"2021-12-07T05:02:31","modified_gmt":"2021-12-07T04:02:31","slug":"museum-nur-eingeschraenkt-geoeffnet","status":"publish","type":"post","link":"https:\/\/www.moedlareuth.de\/it\/museum-nur-eingeschraenkt-geoeffnet\/","title":{"rendered":"Museum nur eingeschr\u00e4nkt ge\u00f6ffnet"},"content":{"rendered":"<p>Werte Besucher,<\/p>\n<p>die R\u00e4umlichkeiten (Ausstellung, Fahrzeughalle und Museumskino) des Deutsch-Deutschen Museum M\u00f6dlareuth sind am Freitag, den 27.04.2018, aufgrund einer Festveranstaltung nicht zug\u00e4nglich.<\/p>\n<p>Am Donnerstag, den 26.04.2018 sowie Samstag, den 28.04.2018, sind die R\u00e4umlichkeiten eingeschr\u00e4nkt zug\u00e4nglich.<\/p>\n<p>Wir bitten um Verst\u00e4ndnis.<\/p>\n<p>Das Team des Deutsch-Deutschen Museum M\u00f6dlareuth<\/p>","protected":false},"excerpt":{"rendered":"<p>Werte Besucher, die R\u00e4umlichkeiten (Ausstellung, Fahrzeughalle und Museumskino) des Deutsch-Deutschen Museum M\u00f6dlareuth sind am Freitag, den 27.04.2018, aufgrund einer Festveranstaltung nicht zug\u00e4nglich. Am Donnerstag, den 26.04.2018 sowie Samstag, den 28.04.2018, sind die R\u00e4umlichkeiten eingeschr\u00e4nkt zug\u00e4nglich. Wir bitten um Verst\u00e4ndnis. Das Team des Deutsch-Deutschen Museum M\u00f6dlareuth<\/p>","protected":false},"author":6,"featured_media":210,"comment_status":"closed","ping_status":"closed","sticky":false,"template":"","format":"standard","meta":{"_acf_changed":false,"inline_featured_image":false,"_kad_post_transparent":"","_kad_post_title":"","_kad_post_layout":"","_kad_post_sidebar_id":"","_kad_post_content_style":"","_kad_post_vertical_padding":"","_kad_post_feature":"","_kad_post_feature_position":"","_kad_post_header":false,"_kad_post_footer":false,"_kad_post_classname":"","footnotes":""},"categories":[1],"tags":[],"class_list":["post-1055","post","type-post","status-publish","format-standard","has-post-thumbnail","hentry","category-aktuelles"],"acf":[],"yoast_head":"<!-- This site is optimized with the Yoast SEO plugin v27.5 - https:\/\/yoast.com\/product\/yoast-seo-wordpress\/ -->\n<title>Museum nur eingeschr\u00e4nkt ge\u00f6ffnet - Deutsch-Deutsches Museum M\u00f6dlareuth<\/title>\n<meta name=\"robots\" content=\"index, follow, max-snippet:-1, max-image-preview:large, max-video-preview:-1\" \/>\n<link rel=\"canonical\" href=\"https:\/\/moedlareuth.de\/museum-nur-eingeschraenkt-geoeffnet\/\" \/>\n<meta property=\"og:locale\" content=\"it_IT\" \/>\n<meta property=\"og:type\" content=\"article\" \/>\n<meta property=\"og:title\" content=\"Museum nur eingeschr\u00e4nkt ge\u00f6ffnet - Deutsch-Deutsches Museum M\u00f6dlareuth\" \/>\n<meta property=\"og:description\" content=\"Werte Besucher, die R\u00e4umlichkeiten (Ausstellung, Fahrzeughalle und Museumskino) des Deutsch-Deutschen Museum M\u00f6dlareuth sind am Freitag, den 27.04.2018, aufgrund einer Festveranstaltung nicht zug\u00e4nglich. Am Donnerstag, den 26.04.2018 sowie Samstag, den 28.04.2018, sind die R\u00e4umlichkeiten eingeschr\u00e4nkt zug\u00e4nglich. Wir bitten um Verst\u00e4ndnis. Das Team des Deutsch-Deutschen Museum M\u00f6dlareuth\" \/>\n<meta property=\"og:url\" content=\"https:\/\/moedlareuth.de\/museum-nur-eingeschraenkt-geoeffnet\/\" \/>\n<meta property=\"og:site_name\" content=\"Deutsch-Deutsches Museum M\u00f6dlareuth\" \/>\n<meta property=\"article:published_time\" content=\"2018-04-24T13:47:27+00:00\" \/>\n<meta property=\"article:modified_time\" content=\"2021-12-07T04:02:31+00:00\" \/>\n<meta property=\"og:image\" content=\"https:\/\/moedlareuth.de\/preview\/wp-content\/uploads\/2015\/11\/42DDMM\u00f6dlareuth.jpg\" \/>\n\t<meta property=\"og:image:width\" content=\"1772\" \/>\n\t<meta property=\"og:image:height\" content=\"1182\" \/>\n\t<meta property=\"og:image:type\" content=\"image\/jpeg\" \/>\n<meta name=\"author\" content=\"Ronald Schricker\" \/>\n<meta name=\"twitter:card\" content=\"summary_large_image\" \/>\n<meta name=\"twitter:label1\" content=\"Scritto da\" \/>\n\t<meta name=\"twitter:data1\" content=\"Ronald Schricker\" \/>\n<script type=\"application\/ld+json\" class=\"yoast-schema-graph\">{\"@context\":\"https:\\\/\\\/schema.org\",\"@graph\":[{\"@type\":\"Article\",\"@id\":\"https:\\\/\\\/moedlareuth.de\\\/museum-nur-eingeschraenkt-geoeffnet\\\/#article\",\"isPartOf\":{\"@id\":\"https:\\\/\\\/moedlareuth.de\\\/museum-nur-eingeschraenkt-geoeffnet\\\/\"},\"author\":{\"name\":\"Ronald Schricker\",\"@id\":\"https:\\\/\\\/moedlareuth.de\\\/preview\\\/#\\\/schema\\\/person\\\/9194619dfae57e8d77d645ad86c2ea4e\"},\"headline\":\"Museum nur eingeschr\u00e4nkt ge\u00f6ffnet\",\"datePublished\":\"2018-04-24T13:47:27+00:00\",\"dateModified\":\"2021-12-07T04:02:31+00:00\",\"mainEntityOfPage\":{\"@id\":\"https:\\\/\\\/moedlareuth.de\\\/museum-nur-eingeschraenkt-geoeffnet\\\/\"},\"wordCount\":56,\"publisher\":{\"@id\":\"https:\\\/\\\/moedlareuth.de\\\/preview\\\/#organization\"},\"image\":{\"@id\":\"https:\\\/\\\/moedlareuth.de\\\/museum-nur-eingeschraenkt-geoeffnet\\\/#primaryimage\"},\"thumbnailUrl\":\"https:\\\/\\\/www.moedlareuth.de\\\/wp-content\\\/uploads\\\/2015\\\/11\\\/42DDMM\u00f6dlareuth.jpg\",\"articleSection\":[\"Aktuelles\"],\"inLanguage\":\"it-IT\"},{\"@type\":\"WebPage\",\"@id\":\"https:\\\/\\\/moedlareuth.de\\\/museum-nur-eingeschraenkt-geoeffnet\\\/\",\"url\":\"https:\\\/\\\/moedlareuth.de\\\/museum-nur-eingeschraenkt-geoeffnet\\\/\",\"name\":\"Museum nur eingeschr\u00e4nkt ge\u00f6ffnet - Deutsch-Deutsches Museum M\u00f6dlareuth\",\"isPartOf\":{\"@id\":\"https:\\\/\\\/moedlareuth.de\\\/preview\\\/#website\"},\"primaryImageOfPage\":{\"@id\":\"https:\\\/\\\/moedlareuth.de\\\/museum-nur-eingeschraenkt-geoeffnet\\\/#primaryimage\"},\"image\":{\"@id\":\"https:\\\/\\\/moedlareuth.de\\\/museum-nur-eingeschraenkt-geoeffnet\\\/#primaryimage\"},\"thumbnailUrl\":\"https:\\\/\\\/www.moedlareuth.de\\\/wp-content\\\/uploads\\\/2015\\\/11\\\/42DDMM\u00f6dlareuth.jpg\",\"datePublished\":\"2018-04-24T13:47:27+00:00\",\"dateModified\":\"2021-12-07T04:02:31+00:00\",\"breadcrumb\":{\"@id\":\"https:\\\/\\\/moedlareuth.de\\\/museum-nur-eingeschraenkt-geoeffnet\\\/#breadcrumb\"},\"inLanguage\":\"it-IT\",\"potentialAction\":[{\"@type\":\"ReadAction\",\"target\":[\"https:\\\/\\\/moedlareuth.de\\\/museum-nur-eingeschraenkt-geoeffnet\\\/\"]}]},{\"@type\":\"ImageObject\",\"inLanguage\":\"it-IT\",\"@id\":\"https:\\\/\\\/moedlareuth.de\\\/museum-nur-eingeschraenkt-geoeffnet\\\/#primaryimage\",\"url\":\"https:\\\/\\\/www.moedlareuth.de\\\/wp-content\\\/uploads\\\/2015\\\/11\\\/42DDMM\u00f6dlareuth.jpg\",\"contentUrl\":\"https:\\\/\\\/www.moedlareuth.de\\\/wp-content\\\/uploads\\\/2015\\\/11\\\/42DDMM\u00f6dlareuth.jpg\",\"width\":1772,\"height\":1182,\"caption\":\"Au\u00dfengel\u00e4nde mit original erhaltener Betonsperrmauer \u00a9 Museum M\u00f6dlareuth\"},{\"@type\":\"BreadcrumbList\",\"@id\":\"https:\\\/\\\/moedlareuth.de\\\/museum-nur-eingeschraenkt-geoeffnet\\\/#breadcrumb\",\"itemListElement\":[{\"@type\":\"ListItem\",\"position\":1,\"name\":\"Startseite\",\"item\":\"https:\\\/\\\/www.moedlareuth.de\\\/\"},{\"@type\":\"ListItem\",\"position\":2,\"name\":\"Museum nur eingeschr\u00e4nkt ge\u00f6ffnet\"}]},{\"@type\":\"WebSite\",\"@id\":\"https:\\\/\\\/moedlareuth.de\\\/preview\\\/#website\",\"url\":\"https:\\\/\\\/moedlareuth.de\\\/preview\\\/\",\"name\":\"Deutsch-Deutsches Museum M\u00f6dlareuth\",\"description\":\"Gedenkst\u00e4tte zur deutschen Teilung\",\"publisher\":{\"@id\":\"https:\\\/\\\/moedlareuth.de\\\/preview\\\/#organization\"},\"potentialAction\":[{\"@type\":\"SearchAction\",\"target\":{\"@type\":\"EntryPoint\",\"urlTemplate\":\"https:\\\/\\\/moedlareuth.de\\\/preview\\\/?s={search_term_string}\"},\"query-input\":{\"@type\":\"PropertyValueSpecification\",\"valueRequired\":true,\"valueName\":\"search_term_string\"}}],\"inLanguage\":\"it-IT\"},{\"@type\":\"Organization\",\"@id\":\"https:\\\/\\\/moedlareuth.de\\\/preview\\\/#organization\",\"name\":\"Deutsch-Deutsches Museum M\u00f6dlareuth\",\"url\":\"https:\\\/\\\/moedlareuth.de\\\/preview\\\/\",\"logo\":{\"@type\":\"ImageObject\",\"inLanguage\":\"it-IT\",\"@id\":\"https:\\\/\\\/moedlareuth.de\\\/preview\\\/#\\\/schema\\\/logo\\\/image\\\/\",\"url\":\"https:\\\/\\\/www.moedlareuth.de\\\/wp-content\\\/uploads\\\/2022\\\/02\\\/museum_moedlareuth_logo_hell_zusatz.svg\",\"contentUrl\":\"https:\\\/\\\/www.moedlareuth.de\\\/wp-content\\\/uploads\\\/2022\\\/02\\\/museum_moedlareuth_logo_hell_zusatz.svg\",\"width\":255,\"height\":62,\"caption\":\"Deutsch-Deutsches Museum M\u00f6dlareuth\"},\"image\":{\"@id\":\"https:\\\/\\\/moedlareuth.de\\\/preview\\\/#\\\/schema\\\/logo\\\/image\\\/\"}},{\"@type\":\"Person\",\"@id\":\"https:\\\/\\\/moedlareuth.de\\\/preview\\\/#\\\/schema\\\/person\\\/9194619dfae57e8d77d645ad86c2ea4e\",\"name\":\"Ronald Schricker\",\"sameAs\":[\"http:\\\/\\\/www.museum-www.moedlareuth.de\"],\"url\":\"https:\\\/\\\/www.moedlareuth.de\\\/it\\\/author\\\/rs-lra-hof\\\/\"}]}<\/script>\n<!-- \/ Yoast SEO plugin. -->","yoast_head_json":{"title":"Museum nur eingeschr\u00e4nkt ge\u00f6ffnet - Deutsch-Deutsches Museum M\u00f6dlareuth","robots":{"index":"index","follow":"follow","max-snippet":"max-snippet:-1","max-image-preview":"max-image-preview:large","max-video-preview":"max-video-preview:-1"},"canonical":"https:\/\/moedlareuth.de\/museum-nur-eingeschraenkt-geoeffnet\/","og_locale":"it_IT","og_type":"article","og_title":"Museum nur eingeschr\u00e4nkt ge\u00f6ffnet - Deutsch-Deutsches Museum M\u00f6dlareuth","og_description":"Werte Besucher, die R\u00e4umlichkeiten (Ausstellung, Fahrzeughalle und Museumskino) des Deutsch-Deutschen Museum M\u00f6dlareuth sind am Freitag, den 27.04.2018, aufgrund einer Festveranstaltung nicht zug\u00e4nglich. Am Donnerstag, den 26.04.2018 sowie Samstag, den 28.04.2018, sind die R\u00e4umlichkeiten eingeschr\u00e4nkt zug\u00e4nglich. Wir bitten um Verst\u00e4ndnis. Das Team des Deutsch-Deutschen Museum M\u00f6dlareuth","og_url":"https:\/\/moedlareuth.de\/museum-nur-eingeschraenkt-geoeffnet\/","og_site_name":"Deutsch-Deutsches Museum M\u00f6dlareuth","article_published_time":"2018-04-24T13:47:27+00:00","article_modified_time":"2021-12-07T04:02:31+00:00","og_image":[{"width":1772,"height":1182,"url":"https:\/\/moedlareuth.de\/preview\/wp-content\/uploads\/2015\/11\/42DDMM\u00f6dlareuth.jpg","type":"image\/jpeg"}],"author":"Ronald Schricker","twitter_card":"summary_large_image","twitter_misc":{"Scritto da":"Ronald Schricker"},"schema":{"@context":"https:\/\/schema.org","@graph":[{"@type":"Article","@id":"https:\/\/moedlareuth.de\/museum-nur-eingeschraenkt-geoeffnet\/#article","isPartOf":{"@id":"https:\/\/moedlareuth.de\/museum-nur-eingeschraenkt-geoeffnet\/"},"author":{"name":"Ronald Schricker","@id":"https:\/\/moedlareuth.de\/preview\/#\/schema\/person\/9194619dfae57e8d77d645ad86c2ea4e"},"headline":"Museum nur eingeschr\u00e4nkt ge\u00f6ffnet","datePublished":"2018-04-24T13:47:27+00:00","dateModified":"2021-12-07T04:02:31+00:00","mainEntityOfPage":{"@id":"https:\/\/moedlareuth.de\/museum-nur-eingeschraenkt-geoeffnet\/"},"wordCount":56,"publisher":{"@id":"https:\/\/moedlareuth.de\/preview\/#organization"},"image":{"@id":"https:\/\/moedlareuth.de\/museum-nur-eingeschraenkt-geoeffnet\/#primaryimage"},"thumbnailUrl":"https:\/\/www.moedlareuth.de\/wp-content\/uploads\/2015\/11\/42DDMM\u00f6dlareuth.jpg","articleSection":["Aktuelles"],"inLanguage":"it-IT"},{"@type":"WebPage","@id":"https:\/\/moedlareuth.de\/museum-nur-eingeschraenkt-geoeffnet\/","url":"https:\/\/moedlareuth.de\/museum-nur-eingeschraenkt-geoeffnet\/","name":"Museum nur eingeschr\u00e4nkt ge\u00f6ffnet - Deutsch-Deutsches Museum M\u00f6dlareuth","isPartOf":{"@id":"https:\/\/moedlareuth.de\/preview\/#website"},"primaryImageOfPage":{"@id":"https:\/\/moedlareuth.de\/museum-nur-eingeschraenkt-geoeffnet\/#primaryimage"},"image":{"@id":"https:\/\/moedlareuth.de\/museum-nur-eingeschraenkt-geoeffnet\/#primaryimage"},"thumbnailUrl":"https:\/\/www.moedlareuth.de\/wp-content\/uploads\/2015\/11\/42DDMM\u00f6dlareuth.jpg","datePublished":"2018-04-24T13:47:27+00:00","dateModified":"2021-12-07T04:02:31+00:00","breadcrumb":{"@id":"https:\/\/moedlareuth.de\/museum-nur-eingeschraenkt-geoeffnet\/#breadcrumb"},"inLanguage":"it-IT","potentialAction":[{"@type":"ReadAction","target":["https:\/\/moedlareuth.de\/museum-nur-eingeschraenkt-geoeffnet\/"]}]},{"@type":"ImageObject","inLanguage":"it-IT","@id":"https:\/\/moedlareuth.de\/museum-nur-eingeschraenkt-geoeffnet\/#primaryimage","url":"https:\/\/www.moedlareuth.de\/wp-content\/uploads\/2015\/11\/42DDMM\u00f6dlareuth.jpg","contentUrl":"https:\/\/www.moedlareuth.de\/wp-content\/uploads\/2015\/11\/42DDMM\u00f6dlareuth.jpg","width":1772,"height":1182,"caption":"Au\u00dfengel\u00e4nde mit original erhaltener Betonsperrmauer \u00a9 Museum M\u00f6dlareuth"},{"@type":"BreadcrumbList","@id":"https:\/\/moedlareuth.de\/museum-nur-eingeschraenkt-geoeffnet\/#breadcrumb","itemListElement":[{"@type":"ListItem","position":1,"name":"Startseite","item":"https:\/\/www.moedlareuth.de\/"},{"@type":"ListItem","position":2,"name":"Museum nur eingeschr\u00e4nkt ge\u00f6ffnet"}]},{"@type":"WebSite","@id":"https:\/\/moedlareuth.de\/preview\/#website","url":"https:\/\/moedlareuth.de\/preview\/","name":"Museo tedesco-tedesco M\u00f6dlareuth","description":"Memoriale alla divisione della Germania","publisher":{"@id":"https:\/\/moedlareuth.de\/preview\/#organization"},"potentialAction":[{"@type":"SearchAction","target":{"@type":"EntryPoint","urlTemplate":"https:\/\/moedlareuth.de\/preview\/?s={search_term_string}"},"query-input":{"@type":"PropertyValueSpecification","valueRequired":true,"valueName":"search_term_string"}}],"inLanguage":"it-IT"},{"@type":"Organization","@id":"https:\/\/moedlareuth.de\/preview\/#organization","name":"Museo tedesco-tedesco M\u00f6dlareuth","url":"https:\/\/moedlareuth.de\/preview\/","logo":{"@type":"ImageObject","inLanguage":"it-IT","@id":"https:\/\/moedlareuth.de\/preview\/#\/schema\/logo\/image\/","url":"https:\/\/www.moedlareuth.de\/wp-content\/uploads\/2022\/02\/museum_moedlareuth_logo_hell_zusatz.svg","contentUrl":"https:\/\/www.moedlareuth.de\/wp-content\/uploads\/2022\/02\/museum_moedlareuth_logo_hell_zusatz.svg","width":255,"height":62,"caption":"Deutsch-Deutsches Museum M\u00f6dlareuth"},"image":{"@id":"https:\/\/moedlareuth.de\/preview\/#\/schema\/logo\/image\/"}},{"@type":"Person","@id":"https:\/\/moedlareuth.de\/preview\/#\/schema\/person\/9194619dfae57e8d77d645ad86c2ea4e","name":"Ronald Schricker","sameAs":["http:\/\/www.museum-www.moedlareuth.de"],"url":"https:\/\/www.moedlareuth.de\/it\/author\/rs-lra-hof\/"}]}},"_links":{"self":[{"href":"https:\/\/www.moedlareuth.de\/it\/wp-json\/wp\/v2\/posts\/1055","targetHints":{"allow":["GET"]}}],"collection":[{"href":"https:\/\/www.moedlareuth.de\/it\/wp-json\/wp\/v2\/posts"}],"about":[{"href":"https:\/\/www.moedlareuth.de\/it\/wp-json\/wp\/v2\/types\/post"}],"author":[{"embeddable":true,"href":"https:\/\/www.moedlareuth.de\/it\/wp-json\/wp\/v2\/users\/6"}],"replies":[{"embeddable":true,"href":"https:\/\/www.moedlareuth.de\/it\/wp-json\/wp\/v2\/comments?post=1055"}],"version-history":[{"count":0,"href":"https:\/\/www.moedlareuth.de\/it\/wp-json\/wp\/v2\/posts\/1055\/revisions"}],"wp:featuredmedia":[{"embeddable":true,"href":"https:\/\/www.moedlareuth.de\/it\/wp-json\/wp\/v2\/media\/210"}],"wp:attachment":[{"href":"https:\/\/www.moedlareuth.de\/it\/wp-json\/wp\/v2\/media?parent=1055"}],"wp:term":[{"taxonomy":"category","embeddable":true,"href":"https:\/\/www.moedlareuth.de\/it\/wp-json\/wp\/v2\/categories?post=1055"},{"taxonomy":"post_tag","embeddable":true,"href":"https:\/\/www.moedlareuth.de\/it\/wp-json\/wp\/v2\/tags?post=1055"}],"curies":[{"name":"wp","href":"https:\/\/api.w.org\/{rel}","templated":true}]}}