{"id":995,"date":"2016-11-20T13:37:37","date_gmt":"2016-11-20T12:37:37","guid":{"rendered":"http:\/\/www.moedlareuth.de\/?p=995"},"modified":"2021-12-07T05:02:31","modified_gmt":"2021-12-07T04:02:31","slug":"besuch-in-suedkorea-auf-einladung-der-hanns-seidel-stiftung","status":"publish","type":"post","link":"https:\/\/www.moedlareuth.de\/fr\/besuch-in-suedkorea-auf-einladung-der-hanns-seidel-stiftung\/","title":{"rendered":"Besuch in S\u00fcdkorea auf Einladung der Hanns-Seidel-Stiftung"},"content":{"rendered":"<p><span style=\"line-height: 115%; font-family: 'Arial',sans-serif; font-size: 12pt;\"><span style=\"color: #000000;\">Auf Einladung der Hanns-Seidel-Stiftung besuchte Museumsleiter Robert Lebegern M.A. vom 20.11. bis 25.11.2016 S\u00fcdkorea. Im Mittelpunkt der Informations- und Vortragsreise, die vom S\u00fcdkorea-B\u00fcro der Hanns-Seidel-Stiftung organisiert wurde, standen die Teilungsgeschichte Koreas, die aktuelle Grenzsituation sowie M\u00f6glichkeiten und Perspektiven einer Wiedervereinigung Koreas auch in vergleichender Perspektive zur deutschen Teilung und Wiedervereinigung. Die Demilitarisierte Zone (DMZ) in Korea ist ca. 248 km lang und etwa 4 km breit. In deren Mitte verl\u00e4uft die Milit\u00e4rische Demarkationslinie (MDL), die de facto die Grenzlinie zwischen Nordkorea und S\u00fcdkorea bildet. Auf dem Programm standen u.a. ein Besuch des Landkreises Yeoncheon mit Besichtigung eines milit\u00e4rischen Observation Points unmittelbar an der DMZ (siehe Foto), ein Vortrag zur Bedeutung von Gedenkst\u00e4tten und Museen zur deutschen Teilung am Beispiel M\u00f6dlareuths im Bildungszentrum f\u00fcr Wiedervereinigung, ein Vortrag zur Geschichte M\u00f6dlareuths als Mikrokosmos der deutschen Teilungsgeschichte und als au\u00dferschulischer Lernort im Rahmen des deutsch-koreanischen Forums sowie eine Exkursion in den Landkreis Goseong mit Besichtigung eines weiteren Observation Points unmittelbar an der DMZ und Besuch des DMZ-Museums, zu dem das Deutsch-Deutsche Museum M\u00f6dlareuth eine Kooperationsvereinbarung unterh\u00e4lt.<\/span><\/span><\/p>\n<p><span style=\"line-height: 115%; font-family: 'Arial',sans-serif; font-size: 12pt;\"><span style=\"color: #000000;\">\u00a0<\/span><\/span><\/p>\n<p>&nbsp;<\/p>","protected":false},"excerpt":{"rendered":"<p>Auf Einladung der Hanns-Seidel-Stiftung besuchte Museumsleiter Robert Lebegern M.A. vom 20.11. bis 25.11.2016 S\u00fcdkorea. Im Mittelpunkt der Informations- und Vortragsreise, die vom S\u00fcdkorea-B\u00fcro der Hanns-Seidel-Stiftung organisiert wurde, standen die Teilungsgeschichte Koreas, die aktuelle Grenzsituation sowie M\u00f6glichkeiten und Perspektiven einer Wiedervereinigung Koreas auch in vergleichender Perspektive zur deutschen Teilung und Wiedervereinigung. Die Demilitarisierte Zone (DMZ) in&#8230;<\/p>","protected":false},"author":4,"featured_media":996,"comment_status":"closed","ping_status":"closed","sticky":false,"template":"","format":"standard","meta":{"_acf_changed":false,"inline_featured_image":false,"_kad_post_transparent":"","_kad_post_title":"","_kad_post_layout":"","_kad_post_sidebar_id":"","_kad_post_content_style":"","_kad_post_vertical_padding":"","_kad_post_feature":"","_kad_post_feature_position":"","_kad_post_header":false,"_kad_post_footer":false,"_kad_post_classname":"","footnotes":""},"categories":[1],"tags":[],"class_list":["post-995","post","type-post","status-publish","format-standard","has-post-thumbnail","hentry","category-aktuelles"],"acf":[],"yoast_head":"<!-- This site is optimized with the Yoast SEO plugin v27.5 - https:\/\/yoast.com\/product\/yoast-seo-wordpress\/ -->\n<title>Besuch in S\u00fcdkorea auf Einladung der Hanns-Seidel-Stiftung - Deutsch-Deutsches Museum M\u00f6dlareuth<\/title>\n<meta name=\"robots\" content=\"index, follow, max-snippet:-1, max-image-preview:large, max-video-preview:-1\" \/>\n<link rel=\"canonical\" href=\"https:\/\/moedlareuth.de\/besuch-in-suedkorea-auf-einladung-der-hanns-seidel-stiftung\/\" \/>\n<meta property=\"og:locale\" content=\"fr_FR\" \/>\n<meta property=\"og:type\" content=\"article\" \/>\n<meta property=\"og:title\" content=\"Besuch in S\u00fcdkorea auf Einladung der Hanns-Seidel-Stiftung - Deutsch-Deutsches Museum M\u00f6dlareuth\" \/>\n<meta property=\"og:description\" content=\"Auf Einladung der Hanns-Seidel-Stiftung besuchte Museumsleiter Robert Lebegern M.A. vom 20.11. bis 25.11.2016 S\u00fcdkorea. Im Mittelpunkt der Informations- und Vortragsreise, die vom S\u00fcdkorea-B\u00fcro der Hanns-Seidel-Stiftung organisiert wurde, standen die Teilungsgeschichte Koreas, die aktuelle Grenzsituation sowie M\u00f6glichkeiten und Perspektiven einer Wiedervereinigung Koreas auch in vergleichender Perspektive zur deutschen Teilung und Wiedervereinigung. Die Demilitarisierte Zone (DMZ) in...\" \/>\n<meta property=\"og:url\" content=\"https:\/\/moedlareuth.de\/besuch-in-suedkorea-auf-einladung-der-hanns-seidel-stiftung\/\" \/>\n<meta property=\"og:site_name\" content=\"Deutsch-Deutsches Museum M\u00f6dlareuth\" \/>\n<meta property=\"article:published_time\" content=\"2016-11-20T12:37:37+00:00\" \/>\n<meta property=\"article:modified_time\" content=\"2021-12-07T04:02:31+00:00\" \/>\n<meta property=\"og:image\" content=\"https:\/\/moedlareuth.de\/preview\/wp-content\/uploads\/2017\/12\/S\u00fcdkorea01-1024x576.jpg\" \/>\n\t<meta property=\"og:image:width\" content=\"1024\" \/>\n\t<meta property=\"og:image:height\" content=\"576\" \/>\n\t<meta property=\"og:image:type\" content=\"image\/jpeg\" \/>\n<meta name=\"author\" content=\"Robert Lebegern\" \/>\n<meta name=\"twitter:card\" content=\"summary_large_image\" \/>\n<meta name=\"twitter:label1\" content=\"\u00c9crit par\" \/>\n\t<meta name=\"twitter:data1\" content=\"Robert Lebegern\" \/>\n\t<meta name=\"twitter:label2\" content=\"Dur\u00e9e de lecture estim\u00e9e\" \/>\n\t<meta name=\"twitter:data2\" content=\"1 minute\" \/>\n<script type=\"application\/ld+json\" class=\"yoast-schema-graph\">{\"@context\":\"https:\\\/\\\/schema.org\",\"@graph\":[{\"@type\":\"Article\",\"@id\":\"https:\\\/\\\/moedlareuth.de\\\/besuch-in-suedkorea-auf-einladung-der-hanns-seidel-stiftung\\\/#article\",\"isPartOf\":{\"@id\":\"https:\\\/\\\/moedlareuth.de\\\/besuch-in-suedkorea-auf-einladung-der-hanns-seidel-stiftung\\\/\"},\"author\":{\"name\":\"Robert Lebegern\",\"@id\":\"https:\\\/\\\/moedlareuth.de\\\/preview\\\/#\\\/schema\\\/person\\\/43382e3107ec00feb53f63bc6f4a7716\"},\"headline\":\"Besuch in S\u00fcdkorea auf Einladung der Hanns-Seidel-Stiftung\",\"datePublished\":\"2016-11-20T12:37:37+00:00\",\"dateModified\":\"2021-12-07T04:02:31+00:00\",\"mainEntityOfPage\":{\"@id\":\"https:\\\/\\\/moedlareuth.de\\\/besuch-in-suedkorea-auf-einladung-der-hanns-seidel-stiftung\\\/\"},\"wordCount\":195,\"publisher\":{\"@id\":\"https:\\\/\\\/moedlareuth.de\\\/preview\\\/#organization\"},\"image\":{\"@id\":\"https:\\\/\\\/moedlareuth.de\\\/besuch-in-suedkorea-auf-einladung-der-hanns-seidel-stiftung\\\/#primaryimage\"},\"thumbnailUrl\":\"https:\\\/\\\/www.moedlareuth.de\\\/wp-content\\\/uploads\\\/2017\\\/12\\\/S\u00fcdkorea01.jpg\",\"articleSection\":[\"Aktuelles\"],\"inLanguage\":\"fr-FR\"},{\"@type\":\"WebPage\",\"@id\":\"https:\\\/\\\/moedlareuth.de\\\/besuch-in-suedkorea-auf-einladung-der-hanns-seidel-stiftung\\\/\",\"url\":\"https:\\\/\\\/moedlareuth.de\\\/besuch-in-suedkorea-auf-einladung-der-hanns-seidel-stiftung\\\/\",\"name\":\"Besuch in S\u00fcdkorea auf Einladung der Hanns-Seidel-Stiftung - Deutsch-Deutsches Museum M\u00f6dlareuth\",\"isPartOf\":{\"@id\":\"https:\\\/\\\/moedlareuth.de\\\/preview\\\/#website\"},\"primaryImageOfPage\":{\"@id\":\"https:\\\/\\\/moedlareuth.de\\\/besuch-in-suedkorea-auf-einladung-der-hanns-seidel-stiftung\\\/#primaryimage\"},\"image\":{\"@id\":\"https:\\\/\\\/moedlareuth.de\\\/besuch-in-suedkorea-auf-einladung-der-hanns-seidel-stiftung\\\/#primaryimage\"},\"thumbnailUrl\":\"https:\\\/\\\/www.moedlareuth.de\\\/wp-content\\\/uploads\\\/2017\\\/12\\\/S\u00fcdkorea01.jpg\",\"datePublished\":\"2016-11-20T12:37:37+00:00\",\"dateModified\":\"2021-12-07T04:02:31+00:00\",\"breadcrumb\":{\"@id\":\"https:\\\/\\\/moedlareuth.de\\\/besuch-in-suedkorea-auf-einladung-der-hanns-seidel-stiftung\\\/#breadcrumb\"},\"inLanguage\":\"fr-FR\",\"potentialAction\":[{\"@type\":\"ReadAction\",\"target\":[\"https:\\\/\\\/moedlareuth.de\\\/besuch-in-suedkorea-auf-einladung-der-hanns-seidel-stiftung\\\/\"]}]},{\"@type\":\"ImageObject\",\"inLanguage\":\"fr-FR\",\"@id\":\"https:\\\/\\\/moedlareuth.de\\\/besuch-in-suedkorea-auf-einladung-der-hanns-seidel-stiftung\\\/#primaryimage\",\"url\":\"https:\\\/\\\/www.moedlareuth.de\\\/wp-content\\\/uploads\\\/2017\\\/12\\\/S\u00fcdkorea01.jpg\",\"contentUrl\":\"https:\\\/\\\/www.moedlareuth.de\\\/wp-content\\\/uploads\\\/2017\\\/12\\\/S\u00fcdkorea01.jpg\",\"width\":3264,\"height\":1836,\"caption\":\"S\u00fcdkorea01\"},{\"@type\":\"BreadcrumbList\",\"@id\":\"https:\\\/\\\/moedlareuth.de\\\/besuch-in-suedkorea-auf-einladung-der-hanns-seidel-stiftung\\\/#breadcrumb\",\"itemListElement\":[{\"@type\":\"ListItem\",\"position\":1,\"name\":\"Startseite\",\"item\":\"https:\\\/\\\/www.moedlareuth.de\\\/\"},{\"@type\":\"ListItem\",\"position\":2,\"name\":\"Besuch in S\u00fcdkorea auf Einladung der Hanns-Seidel-Stiftung\"}]},{\"@type\":\"WebSite\",\"@id\":\"https:\\\/\\\/moedlareuth.de\\\/preview\\\/#website\",\"url\":\"https:\\\/\\\/moedlareuth.de\\\/preview\\\/\",\"name\":\"Deutsch-Deutsches Museum M\u00f6dlareuth\",\"description\":\"Gedenkst\u00e4tte zur deutschen Teilung\",\"publisher\":{\"@id\":\"https:\\\/\\\/moedlareuth.de\\\/preview\\\/#organization\"},\"potentialAction\":[{\"@type\":\"SearchAction\",\"target\":{\"@type\":\"EntryPoint\",\"urlTemplate\":\"https:\\\/\\\/moedlareuth.de\\\/preview\\\/?s={search_term_string}\"},\"query-input\":{\"@type\":\"PropertyValueSpecification\",\"valueRequired\":true,\"valueName\":\"search_term_string\"}}],\"inLanguage\":\"fr-FR\"},{\"@type\":\"Organization\",\"@id\":\"https:\\\/\\\/moedlareuth.de\\\/preview\\\/#organization\",\"name\":\"Deutsch-Deutsches Museum M\u00f6dlareuth\",\"url\":\"https:\\\/\\\/moedlareuth.de\\\/preview\\\/\",\"logo\":{\"@type\":\"ImageObject\",\"inLanguage\":\"fr-FR\",\"@id\":\"https:\\\/\\\/moedlareuth.de\\\/preview\\\/#\\\/schema\\\/logo\\\/image\\\/\",\"url\":\"https:\\\/\\\/www.moedlareuth.de\\\/wp-content\\\/uploads\\\/2022\\\/02\\\/museum_moedlareuth_logo_hell_zusatz.svg\",\"contentUrl\":\"https:\\\/\\\/www.moedlareuth.de\\\/wp-content\\\/uploads\\\/2022\\\/02\\\/museum_moedlareuth_logo_hell_zusatz.svg\",\"width\":255,\"height\":62,\"caption\":\"Deutsch-Deutsches Museum M\u00f6dlareuth\"},\"image\":{\"@id\":\"https:\\\/\\\/moedlareuth.de\\\/preview\\\/#\\\/schema\\\/logo\\\/image\\\/\"}},{\"@type\":\"Person\",\"@id\":\"https:\\\/\\\/moedlareuth.de\\\/preview\\\/#\\\/schema\\\/person\\\/43382e3107ec00feb53f63bc6f4a7716\",\"name\":\"Robert Lebegern\",\"sameAs\":[\"http:\\\/\\\/www.museum-www.moedlareuth.de\"],\"url\":\"https:\\\/\\\/www.moedlareuth.de\\\/fr\\\/author\\\/rl-lra-hof\\\/\"}]}<\/script>\n<!-- \/ Yoast SEO plugin. -->","yoast_head_json":{"title":"Besuch in S\u00fcdkorea auf Einladung der Hanns-Seidel-Stiftung - Deutsch-Deutsches Museum M\u00f6dlareuth","robots":{"index":"index","follow":"follow","max-snippet":"max-snippet:-1","max-image-preview":"max-image-preview:large","max-video-preview":"max-video-preview:-1"},"canonical":"https:\/\/moedlareuth.de\/besuch-in-suedkorea-auf-einladung-der-hanns-seidel-stiftung\/","og_locale":"fr_FR","og_type":"article","og_title":"Besuch in S\u00fcdkorea auf Einladung der Hanns-Seidel-Stiftung - Deutsch-Deutsches Museum M\u00f6dlareuth","og_description":"Auf Einladung der Hanns-Seidel-Stiftung besuchte Museumsleiter Robert Lebegern M.A. vom 20.11. bis 25.11.2016 S\u00fcdkorea. Im Mittelpunkt der Informations- und Vortragsreise, die vom S\u00fcdkorea-B\u00fcro der Hanns-Seidel-Stiftung organisiert wurde, standen die Teilungsgeschichte Koreas, die aktuelle Grenzsituation sowie M\u00f6glichkeiten und Perspektiven einer Wiedervereinigung Koreas auch in vergleichender Perspektive zur deutschen Teilung und Wiedervereinigung. Die Demilitarisierte Zone (DMZ) in...","og_url":"https:\/\/moedlareuth.de\/besuch-in-suedkorea-auf-einladung-der-hanns-seidel-stiftung\/","og_site_name":"Deutsch-Deutsches Museum M\u00f6dlareuth","article_published_time":"2016-11-20T12:37:37+00:00","article_modified_time":"2021-12-07T04:02:31+00:00","og_image":[{"width":1024,"height":576,"url":"https:\/\/moedlareuth.de\/preview\/wp-content\/uploads\/2017\/12\/S\u00fcdkorea01-1024x576.jpg","type":"image\/jpeg"}],"author":"Robert Lebegern","twitter_card":"summary_large_image","twitter_misc":{"\u00c9crit par":"Robert Lebegern","Dur\u00e9e de lecture estim\u00e9e":"1 minute"},"schema":{"@context":"https:\/\/schema.org","@graph":[{"@type":"Article","@id":"https:\/\/moedlareuth.de\/besuch-in-suedkorea-auf-einladung-der-hanns-seidel-stiftung\/#article","isPartOf":{"@id":"https:\/\/moedlareuth.de\/besuch-in-suedkorea-auf-einladung-der-hanns-seidel-stiftung\/"},"author":{"name":"Robert Lebegern","@id":"https:\/\/moedlareuth.de\/preview\/#\/schema\/person\/43382e3107ec00feb53f63bc6f4a7716"},"headline":"Besuch in S\u00fcdkorea auf Einladung der Hanns-Seidel-Stiftung","datePublished":"2016-11-20T12:37:37+00:00","dateModified":"2021-12-07T04:02:31+00:00","mainEntityOfPage":{"@id":"https:\/\/moedlareuth.de\/besuch-in-suedkorea-auf-einladung-der-hanns-seidel-stiftung\/"},"wordCount":195,"publisher":{"@id":"https:\/\/moedlareuth.de\/preview\/#organization"},"image":{"@id":"https:\/\/moedlareuth.de\/besuch-in-suedkorea-auf-einladung-der-hanns-seidel-stiftung\/#primaryimage"},"thumbnailUrl":"https:\/\/www.moedlareuth.de\/wp-content\/uploads\/2017\/12\/S\u00fcdkorea01.jpg","articleSection":["Aktuelles"],"inLanguage":"fr-FR"},{"@type":"WebPage","@id":"https:\/\/moedlareuth.de\/besuch-in-suedkorea-auf-einladung-der-hanns-seidel-stiftung\/","url":"https:\/\/moedlareuth.de\/besuch-in-suedkorea-auf-einladung-der-hanns-seidel-stiftung\/","name":"Besuch in S\u00fcdkorea auf Einladung der Hanns-Seidel-Stiftung - Deutsch-Deutsches Museum M\u00f6dlareuth","isPartOf":{"@id":"https:\/\/moedlareuth.de\/preview\/#website"},"primaryImageOfPage":{"@id":"https:\/\/moedlareuth.de\/besuch-in-suedkorea-auf-einladung-der-hanns-seidel-stiftung\/#primaryimage"},"image":{"@id":"https:\/\/moedlareuth.de\/besuch-in-suedkorea-auf-einladung-der-hanns-seidel-stiftung\/#primaryimage"},"thumbnailUrl":"https:\/\/www.moedlareuth.de\/wp-content\/uploads\/2017\/12\/S\u00fcdkorea01.jpg","datePublished":"2016-11-20T12:37:37+00:00","dateModified":"2021-12-07T04:02:31+00:00","breadcrumb":{"@id":"https:\/\/moedlareuth.de\/besuch-in-suedkorea-auf-einladung-der-hanns-seidel-stiftung\/#breadcrumb"},"inLanguage":"fr-FR","potentialAction":[{"@type":"ReadAction","target":["https:\/\/moedlareuth.de\/besuch-in-suedkorea-auf-einladung-der-hanns-seidel-stiftung\/"]}]},{"@type":"ImageObject","inLanguage":"fr-FR","@id":"https:\/\/moedlareuth.de\/besuch-in-suedkorea-auf-einladung-der-hanns-seidel-stiftung\/#primaryimage","url":"https:\/\/www.moedlareuth.de\/wp-content\/uploads\/2017\/12\/S\u00fcdkorea01.jpg","contentUrl":"https:\/\/www.moedlareuth.de\/wp-content\/uploads\/2017\/12\/S\u00fcdkorea01.jpg","width":3264,"height":1836,"caption":"S\u00fcdkorea01"},{"@type":"BreadcrumbList","@id":"https:\/\/moedlareuth.de\/besuch-in-suedkorea-auf-einladung-der-hanns-seidel-stiftung\/#breadcrumb","itemListElement":[{"@type":"ListItem","position":1,"name":"Startseite","item":"https:\/\/www.moedlareuth.de\/"},{"@type":"ListItem","position":2,"name":"Besuch in S\u00fcdkorea auf Einladung der Hanns-Seidel-Stiftung"}]},{"@type":"WebSite","@id":"https:\/\/moedlareuth.de\/preview\/#website","url":"https:\/\/moedlareuth.de\/preview\/","name":"Mus\u00e9e germano-allemand de M\u00f6dlareuth","description":"M\u00e9morial de la division de l'Allemagne","publisher":{"@id":"https:\/\/moedlareuth.de\/preview\/#organization"},"potentialAction":[{"@type":"SearchAction","target":{"@type":"EntryPoint","urlTemplate":"https:\/\/moedlareuth.de\/preview\/?s={search_term_string}"},"query-input":{"@type":"PropertyValueSpecification","valueRequired":true,"valueName":"search_term_string"}}],"inLanguage":"fr-FR"},{"@type":"Organization","@id":"https:\/\/moedlareuth.de\/preview\/#organization","name":"Mus\u00e9e germano-allemand de M\u00f6dlareuth","url":"https:\/\/moedlareuth.de\/preview\/","logo":{"@type":"ImageObject","inLanguage":"fr-FR","@id":"https:\/\/moedlareuth.de\/preview\/#\/schema\/logo\/image\/","url":"https:\/\/www.moedlareuth.de\/wp-content\/uploads\/2022\/02\/museum_moedlareuth_logo_hell_zusatz.svg","contentUrl":"https:\/\/www.moedlareuth.de\/wp-content\/uploads\/2022\/02\/museum_moedlareuth_logo_hell_zusatz.svg","width":255,"height":62,"caption":"Deutsch-Deutsches Museum M\u00f6dlareuth"},"image":{"@id":"https:\/\/moedlareuth.de\/preview\/#\/schema\/logo\/image\/"}},{"@type":"Person","@id":"https:\/\/moedlareuth.de\/preview\/#\/schema\/person\/43382e3107ec00feb53f63bc6f4a7716","name":"Robert Lebegern","sameAs":["http:\/\/www.museum-www.moedlareuth.de"],"url":"https:\/\/www.moedlareuth.de\/fr\/author\/rl-lra-hof\/"}]}},"_links":{"self":[{"href":"https:\/\/www.moedlareuth.de\/fr\/wp-json\/wp\/v2\/posts\/995","targetHints":{"allow":["GET"]}}],"collection":[{"href":"https:\/\/www.moedlareuth.de\/fr\/wp-json\/wp\/v2\/posts"}],"about":[{"href":"https:\/\/www.moedlareuth.de\/fr\/wp-json\/wp\/v2\/types\/post"}],"author":[{"embeddable":true,"href":"https:\/\/www.moedlareuth.de\/fr\/wp-json\/wp\/v2\/users\/4"}],"replies":[{"embeddable":true,"href":"https:\/\/www.moedlareuth.de\/fr\/wp-json\/wp\/v2\/comments?post=995"}],"version-history":[{"count":0,"href":"https:\/\/www.moedlareuth.de\/fr\/wp-json\/wp\/v2\/posts\/995\/revisions"}],"wp:featuredmedia":[{"embeddable":true,"href":"https:\/\/www.moedlareuth.de\/fr\/wp-json\/wp\/v2\/media\/996"}],"wp:attachment":[{"href":"https:\/\/www.moedlareuth.de\/fr\/wp-json\/wp\/v2\/media?parent=995"}],"wp:term":[{"taxonomy":"category","embeddable":true,"href":"https:\/\/www.moedlareuth.de\/fr\/wp-json\/wp\/v2\/categories?post=995"},{"taxonomy":"post_tag","embeddable":true,"href":"https:\/\/www.moedlareuth.de\/fr\/wp-json\/wp\/v2\/tags?post=995"}],"curies":[{"name":"wp","href":"https:\/\/api.w.org\/{rel}","templated":true}]}}