{"id":920,"date":"2017-05-23T13:42:58","date_gmt":"2017-05-23T11:42:58","guid":{"rendered":"http:\/\/www.moedlareuth.de\/?p=920"},"modified":"2021-12-07T05:02:31","modified_gmt":"2021-12-07T04:02:31","slug":"abordnung-des-dmz-museumssuedkorea-in-moedlareuth","status":"publish","type":"post","link":"https:\/\/www.moedlareuth.de\/fr\/abordnung-des-dmz-museumssuedkorea-in-moedlareuth\/","title":{"rendered":"Abordnung des DMZ-Museums\/S\u00fcdkorea in M\u00f6dlareuth"},"content":{"rendered":"<p>Am 23. Mai 2017 konnte Museumsleiter Robert Lebegern M.A. eine Abordnung des DMZ-Museums\/S\u00fcdkorea, das ein Kooperationsabkommen mit dem Deutsch-Deutschen Museum M\u00f6dlareuth unterh\u00e4lt, begr\u00fc\u00dfen. Neben einer Besichtigung der Gedenkst\u00e4tte fanden auch Gespr\u00e4che bez\u00fcglich des geplanten\u00a0 Ausstellungsprojektes &#8222;Deutsche Teilung und Wiedervereinigung&#8220; des DMZ-Museums statt, bei dem das Museum M\u00f6dlareuth neben einer inhaltlichen Fachberatung auch\u00a0Exponate aus seiner umfangreichen Sammlung zur Verf\u00fcgung stellen wird.<\/p>","protected":false},"excerpt":{"rendered":"<p>Am 23. Mai 2017 konnte Museumsleiter Robert Lebegern M.A. eine Abordnung des DMZ-Museums\/S\u00fcdkorea, das ein Kooperationsabkommen mit dem Deutsch-Deutschen Museum M\u00f6dlareuth unterh\u00e4lt, begr\u00fc\u00dfen. Neben einer Besichtigung der Gedenkst\u00e4tte fanden auch Gespr\u00e4che bez\u00fcglich des geplanten\u00a0 Ausstellungsprojektes &#8222;Deutsche Teilung und Wiedervereinigung&#8220; des DMZ-Museums statt, bei dem das Museum M\u00f6dlareuth neben einer inhaltlichen Fachberatung auch\u00a0Exponate aus seiner umfangreichen&#8230;<\/p>","protected":false},"author":4,"featured_media":921,"comment_status":"closed","ping_status":"closed","sticky":false,"template":"","format":"standard","meta":{"_acf_changed":false,"inline_featured_image":false,"_kad_post_transparent":"","_kad_post_title":"","_kad_post_layout":"","_kad_post_sidebar_id":"","_kad_post_content_style":"","_kad_post_vertical_padding":"","_kad_post_feature":"","_kad_post_feature_position":"","_kad_post_header":false,"_kad_post_footer":false,"_kad_post_classname":"","footnotes":""},"categories":[1],"tags":[],"class_list":["post-920","post","type-post","status-publish","format-standard","has-post-thumbnail","hentry","category-aktuelles"],"acf":[],"yoast_head":"<!-- This site is optimized with the Yoast SEO plugin v27.5 - https:\/\/yoast.com\/product\/yoast-seo-wordpress\/ -->\n<title>Abordnung des DMZ-Museums\/S\u00fcdkorea in M\u00f6dlareuth - Deutsch-Deutsches Museum M\u00f6dlareuth<\/title>\n<meta name=\"robots\" content=\"index, follow, max-snippet:-1, max-image-preview:large, max-video-preview:-1\" \/>\n<link rel=\"canonical\" href=\"https:\/\/moedlareuth.de\/abordnung-des-dmz-museumssuedkorea-in-moedlareuth\/\" \/>\n<meta property=\"og:locale\" content=\"fr_FR\" \/>\n<meta property=\"og:type\" content=\"article\" \/>\n<meta property=\"og:title\" content=\"Abordnung des DMZ-Museums\/S\u00fcdkorea in M\u00f6dlareuth - Deutsch-Deutsches Museum M\u00f6dlareuth\" \/>\n<meta property=\"og:description\" content=\"Am 23. Mai 2017 konnte Museumsleiter Robert Lebegern M.A. eine Abordnung des DMZ-Museums\/S\u00fcdkorea, das ein Kooperationsabkommen mit dem Deutsch-Deutschen Museum M\u00f6dlareuth unterh\u00e4lt, begr\u00fc\u00dfen. Neben einer Besichtigung der Gedenkst\u00e4tte fanden auch Gespr\u00e4che bez\u00fcglich des geplanten\u00a0 Ausstellungsprojektes &#8222;Deutsche Teilung und Wiedervereinigung&#8220; des DMZ-Museums statt, bei dem das Museum M\u00f6dlareuth neben einer inhaltlichen Fachberatung auch\u00a0Exponate aus seiner umfangreichen...\" \/>\n<meta property=\"og:url\" content=\"https:\/\/moedlareuth.de\/abordnung-des-dmz-museumssuedkorea-in-moedlareuth\/\" \/>\n<meta property=\"og:site_name\" content=\"Deutsch-Deutsches Museum M\u00f6dlareuth\" \/>\n<meta property=\"article:published_time\" content=\"2017-05-23T11:42:58+00:00\" \/>\n<meta property=\"article:modified_time\" content=\"2021-12-07T04:02:31+00:00\" \/>\n<meta property=\"og:image\" content=\"https:\/\/moedlareuth.de\/preview\/wp-content\/uploads\/2017\/08\/DMZ-Museum04.jpg\" \/>\n\t<meta property=\"og:image:width\" content=\"1024\" \/>\n\t<meta property=\"og:image:height\" content=\"683\" \/>\n\t<meta property=\"og:image:type\" content=\"image\/jpeg\" \/>\n<meta name=\"author\" content=\"Robert Lebegern\" \/>\n<meta name=\"twitter:card\" content=\"summary_large_image\" \/>\n<meta name=\"twitter:label1\" content=\"\u00c9crit par\" \/>\n\t<meta name=\"twitter:data1\" content=\"Robert Lebegern\" \/>\n<script type=\"application\/ld+json\" class=\"yoast-schema-graph\">{\"@context\":\"https:\\\/\\\/schema.org\",\"@graph\":[{\"@type\":\"Article\",\"@id\":\"https:\\\/\\\/moedlareuth.de\\\/abordnung-des-dmz-museumssuedkorea-in-moedlareuth\\\/#article\",\"isPartOf\":{\"@id\":\"https:\\\/\\\/moedlareuth.de\\\/abordnung-des-dmz-museumssuedkorea-in-moedlareuth\\\/\"},\"author\":{\"name\":\"Robert Lebegern\",\"@id\":\"https:\\\/\\\/moedlareuth.de\\\/preview\\\/#\\\/schema\\\/person\\\/43382e3107ec00feb53f63bc6f4a7716\"},\"headline\":\"Abordnung des DMZ-Museums\\\/S\u00fcdkorea in M\u00f6dlareuth\",\"datePublished\":\"2017-05-23T11:42:58+00:00\",\"dateModified\":\"2021-12-07T04:02:31+00:00\",\"mainEntityOfPage\":{\"@id\":\"https:\\\/\\\/moedlareuth.de\\\/abordnung-des-dmz-museumssuedkorea-in-moedlareuth\\\/\"},\"wordCount\":78,\"publisher\":{\"@id\":\"https:\\\/\\\/moedlareuth.de\\\/preview\\\/#organization\"},\"image\":{\"@id\":\"https:\\\/\\\/moedlareuth.de\\\/abordnung-des-dmz-museumssuedkorea-in-moedlareuth\\\/#primaryimage\"},\"thumbnailUrl\":\"https:\\\/\\\/www.moedlareuth.de\\\/wp-content\\\/uploads\\\/2017\\\/08\\\/DMZ-Museum04.jpg\",\"articleSection\":[\"Aktuelles\"],\"inLanguage\":\"fr-FR\"},{\"@type\":\"WebPage\",\"@id\":\"https:\\\/\\\/moedlareuth.de\\\/abordnung-des-dmz-museumssuedkorea-in-moedlareuth\\\/\",\"url\":\"https:\\\/\\\/moedlareuth.de\\\/abordnung-des-dmz-museumssuedkorea-in-moedlareuth\\\/\",\"name\":\"Abordnung des DMZ-Museums\\\/S\u00fcdkorea in M\u00f6dlareuth - Deutsch-Deutsches Museum M\u00f6dlareuth\",\"isPartOf\":{\"@id\":\"https:\\\/\\\/moedlareuth.de\\\/preview\\\/#website\"},\"primaryImageOfPage\":{\"@id\":\"https:\\\/\\\/moedlareuth.de\\\/abordnung-des-dmz-museumssuedkorea-in-moedlareuth\\\/#primaryimage\"},\"image\":{\"@id\":\"https:\\\/\\\/moedlareuth.de\\\/abordnung-des-dmz-museumssuedkorea-in-moedlareuth\\\/#primaryimage\"},\"thumbnailUrl\":\"https:\\\/\\\/www.moedlareuth.de\\\/wp-content\\\/uploads\\\/2017\\\/08\\\/DMZ-Museum04.jpg\",\"datePublished\":\"2017-05-23T11:42:58+00:00\",\"dateModified\":\"2021-12-07T04:02:31+00:00\",\"breadcrumb\":{\"@id\":\"https:\\\/\\\/moedlareuth.de\\\/abordnung-des-dmz-museumssuedkorea-in-moedlareuth\\\/#breadcrumb\"},\"inLanguage\":\"fr-FR\",\"potentialAction\":[{\"@type\":\"ReadAction\",\"target\":[\"https:\\\/\\\/moedlareuth.de\\\/abordnung-des-dmz-museumssuedkorea-in-moedlareuth\\\/\"]}]},{\"@type\":\"ImageObject\",\"inLanguage\":\"fr-FR\",\"@id\":\"https:\\\/\\\/moedlareuth.de\\\/abordnung-des-dmz-museumssuedkorea-in-moedlareuth\\\/#primaryimage\",\"url\":\"https:\\\/\\\/www.moedlareuth.de\\\/wp-content\\\/uploads\\\/2017\\\/08\\\/DMZ-Museum04.jpg\",\"contentUrl\":\"https:\\\/\\\/www.moedlareuth.de\\\/wp-content\\\/uploads\\\/2017\\\/08\\\/DMZ-Museum04.jpg\",\"width\":1024,\"height\":683,\"caption\":\"DMZ Museum04\"},{\"@type\":\"BreadcrumbList\",\"@id\":\"https:\\\/\\\/moedlareuth.de\\\/abordnung-des-dmz-museumssuedkorea-in-moedlareuth\\\/#breadcrumb\",\"itemListElement\":[{\"@type\":\"ListItem\",\"position\":1,\"name\":\"Startseite\",\"item\":\"https:\\\/\\\/www.moedlareuth.de\\\/\"},{\"@type\":\"ListItem\",\"position\":2,\"name\":\"Abordnung des DMZ-Museums\\\/S\u00fcdkorea in M\u00f6dlareuth\"}]},{\"@type\":\"WebSite\",\"@id\":\"https:\\\/\\\/moedlareuth.de\\\/preview\\\/#website\",\"url\":\"https:\\\/\\\/moedlareuth.de\\\/preview\\\/\",\"name\":\"Deutsch-Deutsches Museum M\u00f6dlareuth\",\"description\":\"Gedenkst\u00e4tte zur deutschen Teilung\",\"publisher\":{\"@id\":\"https:\\\/\\\/moedlareuth.de\\\/preview\\\/#organization\"},\"potentialAction\":[{\"@type\":\"SearchAction\",\"target\":{\"@type\":\"EntryPoint\",\"urlTemplate\":\"https:\\\/\\\/moedlareuth.de\\\/preview\\\/?s={search_term_string}\"},\"query-input\":{\"@type\":\"PropertyValueSpecification\",\"valueRequired\":true,\"valueName\":\"search_term_string\"}}],\"inLanguage\":\"fr-FR\"},{\"@type\":\"Organization\",\"@id\":\"https:\\\/\\\/moedlareuth.de\\\/preview\\\/#organization\",\"name\":\"Deutsch-Deutsches Museum M\u00f6dlareuth\",\"url\":\"https:\\\/\\\/moedlareuth.de\\\/preview\\\/\",\"logo\":{\"@type\":\"ImageObject\",\"inLanguage\":\"fr-FR\",\"@id\":\"https:\\\/\\\/moedlareuth.de\\\/preview\\\/#\\\/schema\\\/logo\\\/image\\\/\",\"url\":\"https:\\\/\\\/www.moedlareuth.de\\\/wp-content\\\/uploads\\\/2022\\\/02\\\/museum_moedlareuth_logo_hell_zusatz.svg\",\"contentUrl\":\"https:\\\/\\\/www.moedlareuth.de\\\/wp-content\\\/uploads\\\/2022\\\/02\\\/museum_moedlareuth_logo_hell_zusatz.svg\",\"width\":255,\"height\":62,\"caption\":\"Deutsch-Deutsches Museum M\u00f6dlareuth\"},\"image\":{\"@id\":\"https:\\\/\\\/moedlareuth.de\\\/preview\\\/#\\\/schema\\\/logo\\\/image\\\/\"}},{\"@type\":\"Person\",\"@id\":\"https:\\\/\\\/moedlareuth.de\\\/preview\\\/#\\\/schema\\\/person\\\/43382e3107ec00feb53f63bc6f4a7716\",\"name\":\"Robert Lebegern\",\"sameAs\":[\"http:\\\/\\\/www.museum-www.moedlareuth.de\"],\"url\":\"https:\\\/\\\/www.moedlareuth.de\\\/fr\\\/author\\\/rl-lra-hof\\\/\"}]}<\/script>\n<!-- \/ Yoast SEO plugin. -->","yoast_head_json":{"title":"Abordnung des DMZ-Museums\/S\u00fcdkorea in M\u00f6dlareuth - Deutsch-Deutsches Museum M\u00f6dlareuth","robots":{"index":"index","follow":"follow","max-snippet":"max-snippet:-1","max-image-preview":"max-image-preview:large","max-video-preview":"max-video-preview:-1"},"canonical":"https:\/\/moedlareuth.de\/abordnung-des-dmz-museumssuedkorea-in-moedlareuth\/","og_locale":"fr_FR","og_type":"article","og_title":"Abordnung des DMZ-Museums\/S\u00fcdkorea in M\u00f6dlareuth - Deutsch-Deutsches Museum M\u00f6dlareuth","og_description":"Am 23. Mai 2017 konnte Museumsleiter Robert Lebegern M.A. eine Abordnung des DMZ-Museums\/S\u00fcdkorea, das ein Kooperationsabkommen mit dem Deutsch-Deutschen Museum M\u00f6dlareuth unterh\u00e4lt, begr\u00fc\u00dfen. Neben einer Besichtigung der Gedenkst\u00e4tte fanden auch Gespr\u00e4che bez\u00fcglich des geplanten\u00a0 Ausstellungsprojektes &#8222;Deutsche Teilung und Wiedervereinigung&#8220; des DMZ-Museums statt, bei dem das Museum M\u00f6dlareuth neben einer inhaltlichen Fachberatung auch\u00a0Exponate aus seiner umfangreichen...","og_url":"https:\/\/moedlareuth.de\/abordnung-des-dmz-museumssuedkorea-in-moedlareuth\/","og_site_name":"Deutsch-Deutsches Museum M\u00f6dlareuth","article_published_time":"2017-05-23T11:42:58+00:00","article_modified_time":"2021-12-07T04:02:31+00:00","og_image":[{"width":1024,"height":683,"url":"https:\/\/moedlareuth.de\/preview\/wp-content\/uploads\/2017\/08\/DMZ-Museum04.jpg","type":"image\/jpeg"}],"author":"Robert Lebegern","twitter_card":"summary_large_image","twitter_misc":{"\u00c9crit par":"Robert Lebegern"},"schema":{"@context":"https:\/\/schema.org","@graph":[{"@type":"Article","@id":"https:\/\/moedlareuth.de\/abordnung-des-dmz-museumssuedkorea-in-moedlareuth\/#article","isPartOf":{"@id":"https:\/\/moedlareuth.de\/abordnung-des-dmz-museumssuedkorea-in-moedlareuth\/"},"author":{"name":"Robert Lebegern","@id":"https:\/\/moedlareuth.de\/preview\/#\/schema\/person\/43382e3107ec00feb53f63bc6f4a7716"},"headline":"Abordnung des DMZ-Museums\/S\u00fcdkorea in M\u00f6dlareuth","datePublished":"2017-05-23T11:42:58+00:00","dateModified":"2021-12-07T04:02:31+00:00","mainEntityOfPage":{"@id":"https:\/\/moedlareuth.de\/abordnung-des-dmz-museumssuedkorea-in-moedlareuth\/"},"wordCount":78,"publisher":{"@id":"https:\/\/moedlareuth.de\/preview\/#organization"},"image":{"@id":"https:\/\/moedlareuth.de\/abordnung-des-dmz-museumssuedkorea-in-moedlareuth\/#primaryimage"},"thumbnailUrl":"https:\/\/www.moedlareuth.de\/wp-content\/uploads\/2017\/08\/DMZ-Museum04.jpg","articleSection":["Aktuelles"],"inLanguage":"fr-FR"},{"@type":"WebPage","@id":"https:\/\/moedlareuth.de\/abordnung-des-dmz-museumssuedkorea-in-moedlareuth\/","url":"https:\/\/moedlareuth.de\/abordnung-des-dmz-museumssuedkorea-in-moedlareuth\/","name":"Abordnung des DMZ-Museums\/S\u00fcdkorea in M\u00f6dlareuth - Deutsch-Deutsches Museum M\u00f6dlareuth","isPartOf":{"@id":"https:\/\/moedlareuth.de\/preview\/#website"},"primaryImageOfPage":{"@id":"https:\/\/moedlareuth.de\/abordnung-des-dmz-museumssuedkorea-in-moedlareuth\/#primaryimage"},"image":{"@id":"https:\/\/moedlareuth.de\/abordnung-des-dmz-museumssuedkorea-in-moedlareuth\/#primaryimage"},"thumbnailUrl":"https:\/\/www.moedlareuth.de\/wp-content\/uploads\/2017\/08\/DMZ-Museum04.jpg","datePublished":"2017-05-23T11:42:58+00:00","dateModified":"2021-12-07T04:02:31+00:00","breadcrumb":{"@id":"https:\/\/moedlareuth.de\/abordnung-des-dmz-museumssuedkorea-in-moedlareuth\/#breadcrumb"},"inLanguage":"fr-FR","potentialAction":[{"@type":"ReadAction","target":["https:\/\/moedlareuth.de\/abordnung-des-dmz-museumssuedkorea-in-moedlareuth\/"]}]},{"@type":"ImageObject","inLanguage":"fr-FR","@id":"https:\/\/moedlareuth.de\/abordnung-des-dmz-museumssuedkorea-in-moedlareuth\/#primaryimage","url":"https:\/\/www.moedlareuth.de\/wp-content\/uploads\/2017\/08\/DMZ-Museum04.jpg","contentUrl":"https:\/\/www.moedlareuth.de\/wp-content\/uploads\/2017\/08\/DMZ-Museum04.jpg","width":1024,"height":683,"caption":"DMZ Museum04"},{"@type":"BreadcrumbList","@id":"https:\/\/moedlareuth.de\/abordnung-des-dmz-museumssuedkorea-in-moedlareuth\/#breadcrumb","itemListElement":[{"@type":"ListItem","position":1,"name":"Startseite","item":"https:\/\/www.moedlareuth.de\/"},{"@type":"ListItem","position":2,"name":"Abordnung des DMZ-Museums\/S\u00fcdkorea in M\u00f6dlareuth"}]},{"@type":"WebSite","@id":"https:\/\/moedlareuth.de\/preview\/#website","url":"https:\/\/moedlareuth.de\/preview\/","name":"Mus\u00e9e germano-allemand de M\u00f6dlareuth","description":"M\u00e9morial de la division de l'Allemagne","publisher":{"@id":"https:\/\/moedlareuth.de\/preview\/#organization"},"potentialAction":[{"@type":"SearchAction","target":{"@type":"EntryPoint","urlTemplate":"https:\/\/moedlareuth.de\/preview\/?s={search_term_string}"},"query-input":{"@type":"PropertyValueSpecification","valueRequired":true,"valueName":"search_term_string"}}],"inLanguage":"fr-FR"},{"@type":"Organization","@id":"https:\/\/moedlareuth.de\/preview\/#organization","name":"Mus\u00e9e germano-allemand de M\u00f6dlareuth","url":"https:\/\/moedlareuth.de\/preview\/","logo":{"@type":"ImageObject","inLanguage":"fr-FR","@id":"https:\/\/moedlareuth.de\/preview\/#\/schema\/logo\/image\/","url":"https:\/\/www.moedlareuth.de\/wp-content\/uploads\/2022\/02\/museum_moedlareuth_logo_hell_zusatz.svg","contentUrl":"https:\/\/www.moedlareuth.de\/wp-content\/uploads\/2022\/02\/museum_moedlareuth_logo_hell_zusatz.svg","width":255,"height":62,"caption":"Deutsch-Deutsches Museum M\u00f6dlareuth"},"image":{"@id":"https:\/\/moedlareuth.de\/preview\/#\/schema\/logo\/image\/"}},{"@type":"Person","@id":"https:\/\/moedlareuth.de\/preview\/#\/schema\/person\/43382e3107ec00feb53f63bc6f4a7716","name":"Robert Lebegern","sameAs":["http:\/\/www.museum-www.moedlareuth.de"],"url":"https:\/\/www.moedlareuth.de\/fr\/author\/rl-lra-hof\/"}]}},"_links":{"self":[{"href":"https:\/\/www.moedlareuth.de\/fr\/wp-json\/wp\/v2\/posts\/920","targetHints":{"allow":["GET"]}}],"collection":[{"href":"https:\/\/www.moedlareuth.de\/fr\/wp-json\/wp\/v2\/posts"}],"about":[{"href":"https:\/\/www.moedlareuth.de\/fr\/wp-json\/wp\/v2\/types\/post"}],"author":[{"embeddable":true,"href":"https:\/\/www.moedlareuth.de\/fr\/wp-json\/wp\/v2\/users\/4"}],"replies":[{"embeddable":true,"href":"https:\/\/www.moedlareuth.de\/fr\/wp-json\/wp\/v2\/comments?post=920"}],"version-history":[{"count":0,"href":"https:\/\/www.moedlareuth.de\/fr\/wp-json\/wp\/v2\/posts\/920\/revisions"}],"wp:featuredmedia":[{"embeddable":true,"href":"https:\/\/www.moedlareuth.de\/fr\/wp-json\/wp\/v2\/media\/921"}],"wp:attachment":[{"href":"https:\/\/www.moedlareuth.de\/fr\/wp-json\/wp\/v2\/media?parent=920"}],"wp:term":[{"taxonomy":"category","embeddable":true,"href":"https:\/\/www.moedlareuth.de\/fr\/wp-json\/wp\/v2\/categories?post=920"},{"taxonomy":"post_tag","embeddable":true,"href":"https:\/\/www.moedlareuth.de\/fr\/wp-json\/wp\/v2\/tags?post=920"}],"curies":[{"name":"wp","href":"https:\/\/api.w.org\/{rel}","templated":true}]}}