{"id":732,"date":"2016-09-19T11:30:58","date_gmt":"2016-09-19T09:30:58","guid":{"rendered":"http:\/\/www.moedlareuth.de\/?p=732"},"modified":"2021-12-07T05:02:31","modified_gmt":"2021-12-07T04:02:31","slug":"vortrag-zwangsaussiedlungen-an-der-innerdeutschen-grenze","status":"publish","type":"post","link":"https:\/\/www.moedlareuth.de\/fr\/vortrag-zwangsaussiedlungen-an-der-innerdeutschen-grenze\/","title":{"rendered":"Vortrag &#8222;Zwangsaussiedlungen an der innerdeutschen Grenze&#8220;"},"content":{"rendered":"<p>Zum Vortrag <strong>\u201eZwangsaussiedlungen aus dem DDR-Grenzgebiet \u2013 was war das?\u201c<\/strong> von <strong>Rainer Potratz M.A. (<\/strong>LAKD Brandenburg) laden wir Sie recht herzlich <strong>am 19. September 2016 um 16.00 Uhr <\/strong>in das Deutsch-Deutsche Museum M\u00f6dlareuth (Kino 1) ein. Eintritt frei!<\/p>\n<p>Die \u00fcber 40 Jahre lange Teilung Deutschlands war verbunden mit vielen Menschenrechtsverletzungen, mit politisch begr\u00fcndeter Verfolgung und mit der T\u00f6tung von Menschen, die die innerdeutsche Grenze \u00fcberschreiten wollten. Bis heute ist die genaue Anzahl der Todesopfer nicht bekannt. In Berlin waren es zwischen August 1961 und November 1989 mindestens 136, die Gesamtzahl der Grenztoten d\u00fcrfte vermutlich \u00fcber 1.000 Personen betragen.<\/p>\n<p>Die Durchsetzung dieses DDR-Grenzregimes verlangte einerseits politische Entscheidungen, Entscheidungstr\u00e4ger und Entscheidungsvollstrecker und f\u00fchrte andererseits zu Verfolgten, Opfern und Betroffenen. Eine Gruppe hiervon waren etwa 12.000 Menschen, die im Rahmen von zwei zentral angeordneten und gesteuerten Aktionen sowie in Einzelf\u00e4llen aus dem DDR-Grenzgebiet gewaltsam zwangsausgesiedelt und in das Landesinnere der DDR verschleppt wurden.<\/p>\n<p>In dem Vortrag sollen die Hintergr\u00fcnde, politischen Strukturen, Gr\u00fcnde und Handlungsabl\u00e4ufe vor allem der Zwangsaussiedlungen vom Juni 1952 beschrieben, analysiert und mit denen vom 3. Oktober 1961 verglichen werden. Zum Schluss wird auf die politische Rehabilitierung der Zwangsausgesiedelten in der Bundesrepublik eigegangen.<\/p>\n<p>&nbsp;<\/p>","protected":false},"excerpt":{"rendered":"<p>Zum Vortrag \u201eZwangsaussiedlungen aus dem DDR-Grenzgebiet \u2013 was war das?\u201c von Rainer Potratz M.A. (LAKD Brandenburg) laden wir Sie recht herzlich am 19. September 2016 um 16.00 Uhr in das Deutsch-Deutsche Museum M\u00f6dlareuth (Kino 1) ein. Eintritt frei! Die \u00fcber 40 Jahre lange Teilung Deutschlands war verbunden mit vielen Menschenrechtsverletzungen, mit politisch begr\u00fcndeter Verfolgung und&#8230;<\/p>","protected":false},"author":4,"featured_media":733,"comment_status":"closed","ping_status":"closed","sticky":false,"template":"","format":"standard","meta":{"_acf_changed":false,"inline_featured_image":false,"_kad_post_transparent":"","_kad_post_title":"","_kad_post_layout":"","_kad_post_sidebar_id":"","_kad_post_content_style":"","_kad_post_vertical_padding":"","_kad_post_feature":"","_kad_post_feature_position":"","_kad_post_header":false,"_kad_post_footer":false,"_kad_post_classname":"","footnotes":""},"categories":[1],"tags":[],"class_list":["post-732","post","type-post","status-publish","format-standard","has-post-thumbnail","hentry","category-aktuelles"],"acf":[],"yoast_head":"<!-- This site is optimized with the Yoast SEO plugin v27.5 - https:\/\/yoast.com\/product\/yoast-seo-wordpress\/ -->\n<title>Vortrag &quot;Zwangsaussiedlungen an der innerdeutschen Grenze&quot; - Deutsch-Deutsches Museum M\u00f6dlareuth<\/title>\n<meta name=\"robots\" content=\"index, follow, max-snippet:-1, max-image-preview:large, max-video-preview:-1\" \/>\n<link rel=\"canonical\" href=\"https:\/\/moedlareuth.de\/vortrag-zwangsaussiedlungen-an-der-innerdeutschen-grenze\/\" \/>\n<meta property=\"og:locale\" content=\"fr_FR\" \/>\n<meta property=\"og:type\" content=\"article\" \/>\n<meta property=\"og:title\" content=\"Vortrag &quot;Zwangsaussiedlungen an der innerdeutschen Grenze&quot; - Deutsch-Deutsches Museum M\u00f6dlareuth\" \/>\n<meta property=\"og:description\" content=\"Zum Vortrag \u201eZwangsaussiedlungen aus dem DDR-Grenzgebiet \u2013 was war das?\u201c von Rainer Potratz M.A. (LAKD Brandenburg) laden wir Sie recht herzlich am 19. September 2016 um 16.00 Uhr in das Deutsch-Deutsche Museum M\u00f6dlareuth (Kino 1) ein. Eintritt frei! Die \u00fcber 40 Jahre lange Teilung Deutschlands war verbunden mit vielen Menschenrechtsverletzungen, mit politisch begr\u00fcndeter Verfolgung und...\" \/>\n<meta property=\"og:url\" content=\"https:\/\/moedlareuth.de\/vortrag-zwangsaussiedlungen-an-der-innerdeutschen-grenze\/\" \/>\n<meta property=\"og:site_name\" content=\"Deutsch-Deutsches Museum M\u00f6dlareuth\" \/>\n<meta property=\"article:published_time\" content=\"2016-09-19T09:30:58+00:00\" \/>\n<meta property=\"article:modified_time\" content=\"2021-12-07T04:02:31+00:00\" \/>\n<meta property=\"og:image\" content=\"https:\/\/moedlareuth.de\/preview\/wp-content\/uploads\/2016\/09\/Vortrag-Zwangsaussiedlungen01-e1473916695552.jpg\" \/>\n\t<meta property=\"og:image:width\" content=\"917\" \/>\n\t<meta property=\"og:image:height\" content=\"1400\" \/>\n\t<meta property=\"og:image:type\" content=\"image\/jpeg\" \/>\n<meta name=\"author\" content=\"Robert Lebegern\" \/>\n<meta name=\"twitter:card\" content=\"summary_large_image\" \/>\n<meta name=\"twitter:label1\" content=\"\u00c9crit par\" \/>\n\t<meta name=\"twitter:data1\" content=\"Robert Lebegern\" \/>\n\t<meta name=\"twitter:label2\" content=\"Dur\u00e9e de lecture estim\u00e9e\" \/>\n\t<meta name=\"twitter:data2\" content=\"1 minute\" \/>\n<script type=\"application\/ld+json\" class=\"yoast-schema-graph\">{\"@context\":\"https:\\\/\\\/schema.org\",\"@graph\":[{\"@type\":\"Article\",\"@id\":\"https:\\\/\\\/moedlareuth.de\\\/vortrag-zwangsaussiedlungen-an-der-innerdeutschen-grenze\\\/#article\",\"isPartOf\":{\"@id\":\"https:\\\/\\\/moedlareuth.de\\\/vortrag-zwangsaussiedlungen-an-der-innerdeutschen-grenze\\\/\"},\"author\":{\"name\":\"Robert Lebegern\",\"@id\":\"https:\\\/\\\/moedlareuth.de\\\/preview\\\/#\\\/schema\\\/person\\\/43382e3107ec00feb53f63bc6f4a7716\"},\"headline\":\"Vortrag &#8222;Zwangsaussiedlungen an der innerdeutschen Grenze&#8220;\",\"datePublished\":\"2016-09-19T09:30:58+00:00\",\"dateModified\":\"2021-12-07T04:02:31+00:00\",\"mainEntityOfPage\":{\"@id\":\"https:\\\/\\\/moedlareuth.de\\\/vortrag-zwangsaussiedlungen-an-der-innerdeutschen-grenze\\\/\"},\"wordCount\":196,\"publisher\":{\"@id\":\"https:\\\/\\\/moedlareuth.de\\\/preview\\\/#organization\"},\"image\":{\"@id\":\"https:\\\/\\\/moedlareuth.de\\\/vortrag-zwangsaussiedlungen-an-der-innerdeutschen-grenze\\\/#primaryimage\"},\"thumbnailUrl\":\"https:\\\/\\\/www.moedlareuth.de\\\/wp-content\\\/uploads\\\/2016\\\/09\\\/Vortrag-Zwangsaussiedlungen01-e1473916695552.jpg\",\"articleSection\":[\"Aktuelles\"],\"inLanguage\":\"fr-FR\"},{\"@type\":\"WebPage\",\"@id\":\"https:\\\/\\\/moedlareuth.de\\\/vortrag-zwangsaussiedlungen-an-der-innerdeutschen-grenze\\\/\",\"url\":\"https:\\\/\\\/moedlareuth.de\\\/vortrag-zwangsaussiedlungen-an-der-innerdeutschen-grenze\\\/\",\"name\":\"Vortrag \\\"Zwangsaussiedlungen an der innerdeutschen Grenze\\\" - Deutsch-Deutsches Museum M\u00f6dlareuth\",\"isPartOf\":{\"@id\":\"https:\\\/\\\/moedlareuth.de\\\/preview\\\/#website\"},\"primaryImageOfPage\":{\"@id\":\"https:\\\/\\\/moedlareuth.de\\\/vortrag-zwangsaussiedlungen-an-der-innerdeutschen-grenze\\\/#primaryimage\"},\"image\":{\"@id\":\"https:\\\/\\\/moedlareuth.de\\\/vortrag-zwangsaussiedlungen-an-der-innerdeutschen-grenze\\\/#primaryimage\"},\"thumbnailUrl\":\"https:\\\/\\\/www.moedlareuth.de\\\/wp-content\\\/uploads\\\/2016\\\/09\\\/Vortrag-Zwangsaussiedlungen01-e1473916695552.jpg\",\"datePublished\":\"2016-09-19T09:30:58+00:00\",\"dateModified\":\"2021-12-07T04:02:31+00:00\",\"breadcrumb\":{\"@id\":\"https:\\\/\\\/moedlareuth.de\\\/vortrag-zwangsaussiedlungen-an-der-innerdeutschen-grenze\\\/#breadcrumb\"},\"inLanguage\":\"fr-FR\",\"potentialAction\":[{\"@type\":\"ReadAction\",\"target\":[\"https:\\\/\\\/moedlareuth.de\\\/vortrag-zwangsaussiedlungen-an-der-innerdeutschen-grenze\\\/\"]}]},{\"@type\":\"ImageObject\",\"inLanguage\":\"fr-FR\",\"@id\":\"https:\\\/\\\/moedlareuth.de\\\/vortrag-zwangsaussiedlungen-an-der-innerdeutschen-grenze\\\/#primaryimage\",\"url\":\"https:\\\/\\\/www.moedlareuth.de\\\/wp-content\\\/uploads\\\/2016\\\/09\\\/Vortrag-Zwangsaussiedlungen01-e1473916695552.jpg\",\"contentUrl\":\"https:\\\/\\\/www.moedlareuth.de\\\/wp-content\\\/uploads\\\/2016\\\/09\\\/Vortrag-Zwangsaussiedlungen01-e1473916695552.jpg\",\"width\":917,\"height\":1400,\"caption\":\"Vortrag Zwangsaussiedlungen01 e1473916695552\"},{\"@type\":\"BreadcrumbList\",\"@id\":\"https:\\\/\\\/moedlareuth.de\\\/vortrag-zwangsaussiedlungen-an-der-innerdeutschen-grenze\\\/#breadcrumb\",\"itemListElement\":[{\"@type\":\"ListItem\",\"position\":1,\"name\":\"Startseite\",\"item\":\"https:\\\/\\\/www.moedlareuth.de\\\/\"},{\"@type\":\"ListItem\",\"position\":2,\"name\":\"Vortrag &#8222;Zwangsaussiedlungen an der innerdeutschen Grenze&#8220;\"}]},{\"@type\":\"WebSite\",\"@id\":\"https:\\\/\\\/moedlareuth.de\\\/preview\\\/#website\",\"url\":\"https:\\\/\\\/moedlareuth.de\\\/preview\\\/\",\"name\":\"Deutsch-Deutsches Museum M\u00f6dlareuth\",\"description\":\"Gedenkst\u00e4tte zur deutschen Teilung\",\"publisher\":{\"@id\":\"https:\\\/\\\/moedlareuth.de\\\/preview\\\/#organization\"},\"potentialAction\":[{\"@type\":\"SearchAction\",\"target\":{\"@type\":\"EntryPoint\",\"urlTemplate\":\"https:\\\/\\\/moedlareuth.de\\\/preview\\\/?s={search_term_string}\"},\"query-input\":{\"@type\":\"PropertyValueSpecification\",\"valueRequired\":true,\"valueName\":\"search_term_string\"}}],\"inLanguage\":\"fr-FR\"},{\"@type\":\"Organization\",\"@id\":\"https:\\\/\\\/moedlareuth.de\\\/preview\\\/#organization\",\"name\":\"Deutsch-Deutsches Museum M\u00f6dlareuth\",\"url\":\"https:\\\/\\\/moedlareuth.de\\\/preview\\\/\",\"logo\":{\"@type\":\"ImageObject\",\"inLanguage\":\"fr-FR\",\"@id\":\"https:\\\/\\\/moedlareuth.de\\\/preview\\\/#\\\/schema\\\/logo\\\/image\\\/\",\"url\":\"https:\\\/\\\/www.moedlareuth.de\\\/wp-content\\\/uploads\\\/2022\\\/02\\\/museum_moedlareuth_logo_hell_zusatz.svg\",\"contentUrl\":\"https:\\\/\\\/www.moedlareuth.de\\\/wp-content\\\/uploads\\\/2022\\\/02\\\/museum_moedlareuth_logo_hell_zusatz.svg\",\"width\":255,\"height\":62,\"caption\":\"Deutsch-Deutsches Museum M\u00f6dlareuth\"},\"image\":{\"@id\":\"https:\\\/\\\/moedlareuth.de\\\/preview\\\/#\\\/schema\\\/logo\\\/image\\\/\"}},{\"@type\":\"Person\",\"@id\":\"https:\\\/\\\/moedlareuth.de\\\/preview\\\/#\\\/schema\\\/person\\\/43382e3107ec00feb53f63bc6f4a7716\",\"name\":\"Robert Lebegern\",\"sameAs\":[\"http:\\\/\\\/www.museum-www.moedlareuth.de\"],\"url\":\"https:\\\/\\\/www.moedlareuth.de\\\/fr\\\/author\\\/rl-lra-hof\\\/\"}]}<\/script>\n<!-- \/ Yoast SEO plugin. -->","yoast_head_json":{"title":"Vortrag \"Zwangsaussiedlungen an der innerdeutschen Grenze\" - Deutsch-Deutsches Museum M\u00f6dlareuth","robots":{"index":"index","follow":"follow","max-snippet":"max-snippet:-1","max-image-preview":"max-image-preview:large","max-video-preview":"max-video-preview:-1"},"canonical":"https:\/\/moedlareuth.de\/vortrag-zwangsaussiedlungen-an-der-innerdeutschen-grenze\/","og_locale":"fr_FR","og_type":"article","og_title":"Vortrag \"Zwangsaussiedlungen an der innerdeutschen Grenze\" - Deutsch-Deutsches Museum M\u00f6dlareuth","og_description":"Zum Vortrag \u201eZwangsaussiedlungen aus dem DDR-Grenzgebiet \u2013 was war das?\u201c von Rainer Potratz M.A. (LAKD Brandenburg) laden wir Sie recht herzlich am 19. September 2016 um 16.00 Uhr in das Deutsch-Deutsche Museum M\u00f6dlareuth (Kino 1) ein. Eintritt frei! Die \u00fcber 40 Jahre lange Teilung Deutschlands war verbunden mit vielen Menschenrechtsverletzungen, mit politisch begr\u00fcndeter Verfolgung und...","og_url":"https:\/\/moedlareuth.de\/vortrag-zwangsaussiedlungen-an-der-innerdeutschen-grenze\/","og_site_name":"Deutsch-Deutsches Museum M\u00f6dlareuth","article_published_time":"2016-09-19T09:30:58+00:00","article_modified_time":"2021-12-07T04:02:31+00:00","og_image":[{"width":917,"height":1400,"url":"https:\/\/moedlareuth.de\/preview\/wp-content\/uploads\/2016\/09\/Vortrag-Zwangsaussiedlungen01-e1473916695552.jpg","type":"image\/jpeg"}],"author":"Robert Lebegern","twitter_card":"summary_large_image","twitter_misc":{"\u00c9crit par":"Robert Lebegern","Dur\u00e9e de lecture estim\u00e9e":"1 minute"},"schema":{"@context":"https:\/\/schema.org","@graph":[{"@type":"Article","@id":"https:\/\/moedlareuth.de\/vortrag-zwangsaussiedlungen-an-der-innerdeutschen-grenze\/#article","isPartOf":{"@id":"https:\/\/moedlareuth.de\/vortrag-zwangsaussiedlungen-an-der-innerdeutschen-grenze\/"},"author":{"name":"Robert Lebegern","@id":"https:\/\/moedlareuth.de\/preview\/#\/schema\/person\/43382e3107ec00feb53f63bc6f4a7716"},"headline":"Vortrag &#8222;Zwangsaussiedlungen an der innerdeutschen Grenze&#8220;","datePublished":"2016-09-19T09:30:58+00:00","dateModified":"2021-12-07T04:02:31+00:00","mainEntityOfPage":{"@id":"https:\/\/moedlareuth.de\/vortrag-zwangsaussiedlungen-an-der-innerdeutschen-grenze\/"},"wordCount":196,"publisher":{"@id":"https:\/\/moedlareuth.de\/preview\/#organization"},"image":{"@id":"https:\/\/moedlareuth.de\/vortrag-zwangsaussiedlungen-an-der-innerdeutschen-grenze\/#primaryimage"},"thumbnailUrl":"https:\/\/www.moedlareuth.de\/wp-content\/uploads\/2016\/09\/Vortrag-Zwangsaussiedlungen01-e1473916695552.jpg","articleSection":["Aktuelles"],"inLanguage":"fr-FR"},{"@type":"WebPage","@id":"https:\/\/moedlareuth.de\/vortrag-zwangsaussiedlungen-an-der-innerdeutschen-grenze\/","url":"https:\/\/moedlareuth.de\/vortrag-zwangsaussiedlungen-an-der-innerdeutschen-grenze\/","name":"Vortrag \"Zwangsaussiedlungen an der innerdeutschen Grenze\" - Deutsch-Deutsches Museum M\u00f6dlareuth","isPartOf":{"@id":"https:\/\/moedlareuth.de\/preview\/#website"},"primaryImageOfPage":{"@id":"https:\/\/moedlareuth.de\/vortrag-zwangsaussiedlungen-an-der-innerdeutschen-grenze\/#primaryimage"},"image":{"@id":"https:\/\/moedlareuth.de\/vortrag-zwangsaussiedlungen-an-der-innerdeutschen-grenze\/#primaryimage"},"thumbnailUrl":"https:\/\/www.moedlareuth.de\/wp-content\/uploads\/2016\/09\/Vortrag-Zwangsaussiedlungen01-e1473916695552.jpg","datePublished":"2016-09-19T09:30:58+00:00","dateModified":"2021-12-07T04:02:31+00:00","breadcrumb":{"@id":"https:\/\/moedlareuth.de\/vortrag-zwangsaussiedlungen-an-der-innerdeutschen-grenze\/#breadcrumb"},"inLanguage":"fr-FR","potentialAction":[{"@type":"ReadAction","target":["https:\/\/moedlareuth.de\/vortrag-zwangsaussiedlungen-an-der-innerdeutschen-grenze\/"]}]},{"@type":"ImageObject","inLanguage":"fr-FR","@id":"https:\/\/moedlareuth.de\/vortrag-zwangsaussiedlungen-an-der-innerdeutschen-grenze\/#primaryimage","url":"https:\/\/www.moedlareuth.de\/wp-content\/uploads\/2016\/09\/Vortrag-Zwangsaussiedlungen01-e1473916695552.jpg","contentUrl":"https:\/\/www.moedlareuth.de\/wp-content\/uploads\/2016\/09\/Vortrag-Zwangsaussiedlungen01-e1473916695552.jpg","width":917,"height":1400,"caption":"Vortrag Zwangsaussiedlungen01 e1473916695552"},{"@type":"BreadcrumbList","@id":"https:\/\/moedlareuth.de\/vortrag-zwangsaussiedlungen-an-der-innerdeutschen-grenze\/#breadcrumb","itemListElement":[{"@type":"ListItem","position":1,"name":"Startseite","item":"https:\/\/www.moedlareuth.de\/"},{"@type":"ListItem","position":2,"name":"Vortrag &#8222;Zwangsaussiedlungen an der innerdeutschen Grenze&#8220;"}]},{"@type":"WebSite","@id":"https:\/\/moedlareuth.de\/preview\/#website","url":"https:\/\/moedlareuth.de\/preview\/","name":"Mus\u00e9e germano-allemand de M\u00f6dlareuth","description":"M\u00e9morial de la division de l'Allemagne","publisher":{"@id":"https:\/\/moedlareuth.de\/preview\/#organization"},"potentialAction":[{"@type":"SearchAction","target":{"@type":"EntryPoint","urlTemplate":"https:\/\/moedlareuth.de\/preview\/?s={search_term_string}"},"query-input":{"@type":"PropertyValueSpecification","valueRequired":true,"valueName":"search_term_string"}}],"inLanguage":"fr-FR"},{"@type":"Organization","@id":"https:\/\/moedlareuth.de\/preview\/#organization","name":"Mus\u00e9e germano-allemand de M\u00f6dlareuth","url":"https:\/\/moedlareuth.de\/preview\/","logo":{"@type":"ImageObject","inLanguage":"fr-FR","@id":"https:\/\/moedlareuth.de\/preview\/#\/schema\/logo\/image\/","url":"https:\/\/www.moedlareuth.de\/wp-content\/uploads\/2022\/02\/museum_moedlareuth_logo_hell_zusatz.svg","contentUrl":"https:\/\/www.moedlareuth.de\/wp-content\/uploads\/2022\/02\/museum_moedlareuth_logo_hell_zusatz.svg","width":255,"height":62,"caption":"Deutsch-Deutsches Museum M\u00f6dlareuth"},"image":{"@id":"https:\/\/moedlareuth.de\/preview\/#\/schema\/logo\/image\/"}},{"@type":"Person","@id":"https:\/\/moedlareuth.de\/preview\/#\/schema\/person\/43382e3107ec00feb53f63bc6f4a7716","name":"Robert Lebegern","sameAs":["http:\/\/www.museum-www.moedlareuth.de"],"url":"https:\/\/www.moedlareuth.de\/fr\/author\/rl-lra-hof\/"}]}},"_links":{"self":[{"href":"https:\/\/www.moedlareuth.de\/fr\/wp-json\/wp\/v2\/posts\/732","targetHints":{"allow":["GET"]}}],"collection":[{"href":"https:\/\/www.moedlareuth.de\/fr\/wp-json\/wp\/v2\/posts"}],"about":[{"href":"https:\/\/www.moedlareuth.de\/fr\/wp-json\/wp\/v2\/types\/post"}],"author":[{"embeddable":true,"href":"https:\/\/www.moedlareuth.de\/fr\/wp-json\/wp\/v2\/users\/4"}],"replies":[{"embeddable":true,"href":"https:\/\/www.moedlareuth.de\/fr\/wp-json\/wp\/v2\/comments?post=732"}],"version-history":[{"count":0,"href":"https:\/\/www.moedlareuth.de\/fr\/wp-json\/wp\/v2\/posts\/732\/revisions"}],"wp:featuredmedia":[{"embeddable":true,"href":"https:\/\/www.moedlareuth.de\/fr\/wp-json\/wp\/v2\/media\/733"}],"wp:attachment":[{"href":"https:\/\/www.moedlareuth.de\/fr\/wp-json\/wp\/v2\/media?parent=732"}],"wp:term":[{"taxonomy":"category","embeddable":true,"href":"https:\/\/www.moedlareuth.de\/fr\/wp-json\/wp\/v2\/categories?post=732"},{"taxonomy":"post_tag","embeddable":true,"href":"https:\/\/www.moedlareuth.de\/fr\/wp-json\/wp\/v2\/tags?post=732"}],"curies":[{"name":"wp","href":"https:\/\/api.w.org\/{rel}","templated":true}]}}