{"id":1942,"date":"2020-09-17T09:50:09","date_gmt":"2020-09-17T07:50:09","guid":{"rendered":"https:\/\/www.moedlareuth.de\/?p=1942"},"modified":"2021-12-07T05:02:29","modified_gmt":"2021-12-07T04:02:29","slug":"langjaehrige-museumsmitarbeiter-verabschiedet","status":"publish","type":"post","link":"https:\/\/www.moedlareuth.de\/fr\/langjaehrige-museumsmitarbeiter-verabschiedet\/","title":{"rendered":"Langj\u00e4hrige Museumsmitarbeiter verabschiedet"},"content":{"rendered":"<p><em>Bei der Verabschiedung von links nach rechts: Christine Franz vom Zweckverband Deutsch Deutsches Museum, Ingolf Hermann, Monika Schmalfu\u00df, Maria Bruckhaus, Museumsleiter Robert Lebegern, Siglinde Waschke und Dr. Ludwig Unger von der Bayerischen Landeszentrale f\u00fcr politische Bildung<\/em><\/p>\n<p>Gleich vier Verabschiedungen wurden am 11.09.2020 im Deutsch-Deutsches Museum M\u00f6dlareuth in M\u00f6dlareuth gefeiert.<br \/>\nNach 28 Dienstjahren hat Landrat Dr. Oliver B\u00e4r Ingolf Hermann in den Ruhestand verabschiedet. Er startete 1992 seine Museums-Laufbahn als freier Mitarbeiter in M\u00f6dlareuth. Von 2006 bis zu seinem Ruhestand war er Museumswart.<br \/>\nZehn Jahre war Siglinde Waschke f\u00fcr das Deutsch-Deutsche Museum t\u00e4tig. Die Seminarrektorin an der Wirth-Realschule Hof wurde vom Bayerischen Staatsministerium f\u00fcr Unterricht und Kultus \u00fcber die Bayerische Landeszentrale f\u00fcr politische Bildungsarbeit als Gedenkst\u00e4ttenp\u00e4dagogin in Teilabordnung im Museum eingesetzt.<br \/>\nMaria Bruckhaus und Monika Schmalfu\u00df waren seit 2001 bzw. 1994 im Museum in M\u00f6dlareuth als Kassenkr\u00e4fte besch\u00e4ftigt, dar\u00fcber hinaus als Zeitzeuginnen eine gro\u00dfe Bereicherung f\u00fcr das Museums.<\/p>\n<p>[wpspd-slider title=&#8220;Verabschiedung&#8220; type=&#8220;slider&#8220; autoplay=&#8220;no&#8220; infinite=&#8220;yes&#8220; duration=&#8220;2000&#8243; fx=&#8220;slide&#8220;]<br \/>\n[wpspd-slide]<img decoding=\"async\" src=\"https:\/\/www.moedlareuth.de\/wp-content\/uploads\/2020\/09\/MM-2020-09-11-021-1024x682.jpg\" \/>[\/wpspd-slide]<br \/>\n[wpspd-slide]<img decoding=\"async\" src=\"https:\/\/www.moedlareuth.de\/wp-content\/uploads\/2020\/09\/MM-2020-09-11-028-1024x682.jpg\" \/>[\/wpspd-slide]<br \/>\n[wpspd-slide]<img decoding=\"async\" src=\"https:\/\/www.moedlareuth.de\/wp-content\/uploads\/2020\/09\/MM-2020-09-11-035-1024x682.jpg\" \/>[\/wpspd-slide]<br \/>\n[wpspd-slide]<img decoding=\"async\" src=\"https:\/\/www.moedlareuth.de\/wp-content\/uploads\/2020\/09\/MM-2020-09-11-086-1024x682.jpg\" \/>[\/wpspd-slide]<br \/>\n[wpspd-slide]<img decoding=\"async\" src=\"https:\/\/www.moedlareuth.de\/wp-content\/uploads\/2020\/09\/MM-2020-09-11-093-683x1024.jpg\" \/>[\/wpspd-slide]<br \/>\n[\/wpspd-slider]<\/p>\n","protected":false},"excerpt":{"rendered":"<p>Bei der Verabschiedung von links nach rechts: Christine Franz vom Zweckverband Deutsch Deutsches Museum, Ingolf Hermann, Monika Schmalfu\u00df, Maria Bruckhaus, Museumsleiter Robert Lebegern, Siglinde Waschke und Dr. Ludwig Unger von der Bayerischen Landeszentrale f\u00fcr politische Bildung Gleich vier Verabschiedungen wurden am 11.09.2020 im Deutsch-Deutsches Museum M\u00f6dlareuth in M\u00f6dlareuth gefeiert. Nach 28 Dienstjahren hat Landrat Dr&#8230;.<\/p>","protected":false},"author":6,"featured_media":1941,"comment_status":"closed","ping_status":"closed","sticky":false,"template":"","format":"standard","meta":{"_acf_changed":false,"inline_featured_image":false,"_kad_post_transparent":"","_kad_post_title":"","_kad_post_layout":"","_kad_post_sidebar_id":"","_kad_post_content_style":"","_kad_post_vertical_padding":"","_kad_post_feature":"","_kad_post_feature_position":"","_kad_post_header":false,"_kad_post_footer":false,"_kad_post_classname":"","footnotes":""},"categories":[1],"tags":[],"class_list":["post-1942","post","type-post","status-publish","format-standard","has-post-thumbnail","hentry","category-aktuelles"],"acf":[],"yoast_head":"<!-- This site is optimized with the Yoast SEO plugin v27.5 - https:\/\/yoast.com\/product\/yoast-seo-wordpress\/ -->\n<title>Langj\u00e4hrige Museumsmitarbeiter verabschiedet - Deutsch-Deutsches Museum M\u00f6dlareuth<\/title>\n<meta name=\"robots\" content=\"index, follow, max-snippet:-1, max-image-preview:large, max-video-preview:-1\" \/>\n<link rel=\"canonical\" href=\"https:\/\/moedlareuth.de\/langjaehrige-museumsmitarbeiter-verabschiedet\/\" \/>\n<meta property=\"og:locale\" content=\"fr_FR\" \/>\n<meta property=\"og:type\" content=\"article\" \/>\n<meta property=\"og:title\" content=\"Langj\u00e4hrige Museumsmitarbeiter verabschiedet - Deutsch-Deutsches Museum M\u00f6dlareuth\" \/>\n<meta property=\"og:description\" content=\"Bei der Verabschiedung von links nach rechts: Christine Franz vom Zweckverband Deutsch Deutsches Museum, Ingolf Hermann, Monika Schmalfu\u00df, Maria Bruckhaus, Museumsleiter Robert Lebegern, Siglinde Waschke und Dr. Ludwig Unger von der Bayerischen Landeszentrale f\u00fcr politische Bildung Gleich vier Verabschiedungen wurden am 11.09.2020 im Deutsch-Deutsches Museum M\u00f6dlareuth in M\u00f6dlareuth gefeiert. Nach 28 Dienstjahren hat Landrat Dr....\" \/>\n<meta property=\"og:url\" content=\"https:\/\/moedlareuth.de\/langjaehrige-museumsmitarbeiter-verabschiedet\/\" \/>\n<meta property=\"og:site_name\" content=\"Deutsch-Deutsches Museum M\u00f6dlareuth\" \/>\n<meta property=\"article:published_time\" content=\"2020-09-17T07:50:09+00:00\" \/>\n<meta property=\"article:modified_time\" content=\"2021-12-07T04:02:29+00:00\" \/>\n<meta property=\"og:image\" content=\"https:\/\/moedlareuth.de\/preview\/wp-content\/uploads\/2020\/09\/MM-2020-09-11-110.jpg\" \/>\n\t<meta property=\"og:image:width\" content=\"1400\" \/>\n\t<meta property=\"og:image:height\" content=\"933\" \/>\n\t<meta property=\"og:image:type\" content=\"image\/jpeg\" \/>\n<meta name=\"author\" content=\"Ronald Schricker\" \/>\n<meta name=\"twitter:card\" content=\"summary_large_image\" \/>\n<meta name=\"twitter:label1\" content=\"\u00c9crit par\" \/>\n\t<meta name=\"twitter:data1\" content=\"Ronald Schricker\" \/>\n\t<meta name=\"twitter:label2\" content=\"Dur\u00e9e de lecture estim\u00e9e\" \/>\n\t<meta name=\"twitter:data2\" content=\"1 minute\" \/>\n<script type=\"application\/ld+json\" class=\"yoast-schema-graph\">{\"@context\":\"https:\\\/\\\/schema.org\",\"@graph\":[{\"@type\":\"Article\",\"@id\":\"https:\\\/\\\/moedlareuth.de\\\/langjaehrige-museumsmitarbeiter-verabschiedet\\\/#article\",\"isPartOf\":{\"@id\":\"https:\\\/\\\/moedlareuth.de\\\/langjaehrige-museumsmitarbeiter-verabschiedet\\\/\"},\"author\":{\"name\":\"Ronald Schricker\",\"@id\":\"https:\\\/\\\/moedlareuth.de\\\/preview\\\/#\\\/schema\\\/person\\\/9194619dfae57e8d77d645ad86c2ea4e\"},\"headline\":\"Langj\u00e4hrige Museumsmitarbeiter verabschiedet\",\"datePublished\":\"2020-09-17T07:50:09+00:00\",\"dateModified\":\"2021-12-07T04:02:29+00:00\",\"mainEntityOfPage\":{\"@id\":\"https:\\\/\\\/moedlareuth.de\\\/langjaehrige-museumsmitarbeiter-verabschiedet\\\/\"},\"wordCount\":185,\"publisher\":{\"@id\":\"https:\\\/\\\/moedlareuth.de\\\/preview\\\/#organization\"},\"image\":{\"@id\":\"https:\\\/\\\/moedlareuth.de\\\/langjaehrige-museumsmitarbeiter-verabschiedet\\\/#primaryimage\"},\"thumbnailUrl\":\"https:\\\/\\\/www.moedlareuth.de\\\/wp-content\\\/uploads\\\/2020\\\/09\\\/MM-2020-09-11-110.jpg\",\"articleSection\":[\"Aktuelles\"],\"inLanguage\":\"fr-FR\"},{\"@type\":\"WebPage\",\"@id\":\"https:\\\/\\\/moedlareuth.de\\\/langjaehrige-museumsmitarbeiter-verabschiedet\\\/\",\"url\":\"https:\\\/\\\/moedlareuth.de\\\/langjaehrige-museumsmitarbeiter-verabschiedet\\\/\",\"name\":\"Langj\u00e4hrige Museumsmitarbeiter verabschiedet - Deutsch-Deutsches Museum M\u00f6dlareuth\",\"isPartOf\":{\"@id\":\"https:\\\/\\\/moedlareuth.de\\\/preview\\\/#website\"},\"primaryImageOfPage\":{\"@id\":\"https:\\\/\\\/moedlareuth.de\\\/langjaehrige-museumsmitarbeiter-verabschiedet\\\/#primaryimage\"},\"image\":{\"@id\":\"https:\\\/\\\/moedlareuth.de\\\/langjaehrige-museumsmitarbeiter-verabschiedet\\\/#primaryimage\"},\"thumbnailUrl\":\"https:\\\/\\\/www.moedlareuth.de\\\/wp-content\\\/uploads\\\/2020\\\/09\\\/MM-2020-09-11-110.jpg\",\"datePublished\":\"2020-09-17T07:50:09+00:00\",\"dateModified\":\"2021-12-07T04:02:29+00:00\",\"breadcrumb\":{\"@id\":\"https:\\\/\\\/moedlareuth.de\\\/langjaehrige-museumsmitarbeiter-verabschiedet\\\/#breadcrumb\"},\"inLanguage\":\"fr-FR\",\"potentialAction\":[{\"@type\":\"ReadAction\",\"target\":[\"https:\\\/\\\/moedlareuth.de\\\/langjaehrige-museumsmitarbeiter-verabschiedet\\\/\"]}]},{\"@type\":\"ImageObject\",\"inLanguage\":\"fr-FR\",\"@id\":\"https:\\\/\\\/moedlareuth.de\\\/langjaehrige-museumsmitarbeiter-verabschiedet\\\/#primaryimage\",\"url\":\"https:\\\/\\\/www.moedlareuth.de\\\/wp-content\\\/uploads\\\/2020\\\/09\\\/MM-2020-09-11-110.jpg\",\"contentUrl\":\"https:\\\/\\\/www.moedlareuth.de\\\/wp-content\\\/uploads\\\/2020\\\/09\\\/MM-2020-09-11-110.jpg\",\"width\":1400,\"height\":933,\"caption\":\"MM 2020 09 11 110\"},{\"@type\":\"BreadcrumbList\",\"@id\":\"https:\\\/\\\/moedlareuth.de\\\/langjaehrige-museumsmitarbeiter-verabschiedet\\\/#breadcrumb\",\"itemListElement\":[{\"@type\":\"ListItem\",\"position\":1,\"name\":\"Startseite\",\"item\":\"https:\\\/\\\/www.moedlareuth.de\\\/\"},{\"@type\":\"ListItem\",\"position\":2,\"name\":\"Langj\u00e4hrige Museumsmitarbeiter verabschiedet\"}]},{\"@type\":\"WebSite\",\"@id\":\"https:\\\/\\\/moedlareuth.de\\\/preview\\\/#website\",\"url\":\"https:\\\/\\\/moedlareuth.de\\\/preview\\\/\",\"name\":\"Deutsch-Deutsches Museum M\u00f6dlareuth\",\"description\":\"Gedenkst\u00e4tte zur deutschen Teilung\",\"publisher\":{\"@id\":\"https:\\\/\\\/moedlareuth.de\\\/preview\\\/#organization\"},\"potentialAction\":[{\"@type\":\"SearchAction\",\"target\":{\"@type\":\"EntryPoint\",\"urlTemplate\":\"https:\\\/\\\/moedlareuth.de\\\/preview\\\/?s={search_term_string}\"},\"query-input\":{\"@type\":\"PropertyValueSpecification\",\"valueRequired\":true,\"valueName\":\"search_term_string\"}}],\"inLanguage\":\"fr-FR\"},{\"@type\":\"Organization\",\"@id\":\"https:\\\/\\\/moedlareuth.de\\\/preview\\\/#organization\",\"name\":\"Deutsch-Deutsches Museum M\u00f6dlareuth\",\"url\":\"https:\\\/\\\/moedlareuth.de\\\/preview\\\/\",\"logo\":{\"@type\":\"ImageObject\",\"inLanguage\":\"fr-FR\",\"@id\":\"https:\\\/\\\/moedlareuth.de\\\/preview\\\/#\\\/schema\\\/logo\\\/image\\\/\",\"url\":\"https:\\\/\\\/www.moedlareuth.de\\\/wp-content\\\/uploads\\\/2022\\\/02\\\/museum_moedlareuth_logo_hell_zusatz.svg\",\"contentUrl\":\"https:\\\/\\\/www.moedlareuth.de\\\/wp-content\\\/uploads\\\/2022\\\/02\\\/museum_moedlareuth_logo_hell_zusatz.svg\",\"width\":255,\"height\":62,\"caption\":\"Deutsch-Deutsches Museum M\u00f6dlareuth\"},\"image\":{\"@id\":\"https:\\\/\\\/moedlareuth.de\\\/preview\\\/#\\\/schema\\\/logo\\\/image\\\/\"}},{\"@type\":\"Person\",\"@id\":\"https:\\\/\\\/moedlareuth.de\\\/preview\\\/#\\\/schema\\\/person\\\/9194619dfae57e8d77d645ad86c2ea4e\",\"name\":\"Ronald Schricker\",\"sameAs\":[\"http:\\\/\\\/www.museum-www.moedlareuth.de\"],\"url\":\"https:\\\/\\\/www.moedlareuth.de\\\/fr\\\/author\\\/rs-lra-hof\\\/\"}]}<\/script>\n<!-- \/ Yoast SEO plugin. -->","yoast_head_json":{"title":"Langj\u00e4hrige Museumsmitarbeiter verabschiedet - Deutsch-Deutsches Museum M\u00f6dlareuth","robots":{"index":"index","follow":"follow","max-snippet":"max-snippet:-1","max-image-preview":"max-image-preview:large","max-video-preview":"max-video-preview:-1"},"canonical":"https:\/\/moedlareuth.de\/langjaehrige-museumsmitarbeiter-verabschiedet\/","og_locale":"fr_FR","og_type":"article","og_title":"Langj\u00e4hrige Museumsmitarbeiter verabschiedet - Deutsch-Deutsches Museum M\u00f6dlareuth","og_description":"Bei der Verabschiedung von links nach rechts: Christine Franz vom Zweckverband Deutsch Deutsches Museum, Ingolf Hermann, Monika Schmalfu\u00df, Maria Bruckhaus, Museumsleiter Robert Lebegern, Siglinde Waschke und Dr. Ludwig Unger von der Bayerischen Landeszentrale f\u00fcr politische Bildung Gleich vier Verabschiedungen wurden am 11.09.2020 im Deutsch-Deutsches Museum M\u00f6dlareuth in M\u00f6dlareuth gefeiert. Nach 28 Dienstjahren hat Landrat Dr....","og_url":"https:\/\/moedlareuth.de\/langjaehrige-museumsmitarbeiter-verabschiedet\/","og_site_name":"Deutsch-Deutsches Museum M\u00f6dlareuth","article_published_time":"2020-09-17T07:50:09+00:00","article_modified_time":"2021-12-07T04:02:29+00:00","og_image":[{"width":1400,"height":933,"url":"https:\/\/moedlareuth.de\/preview\/wp-content\/uploads\/2020\/09\/MM-2020-09-11-110.jpg","type":"image\/jpeg"}],"author":"Ronald Schricker","twitter_card":"summary_large_image","twitter_misc":{"\u00c9crit par":"Ronald Schricker","Dur\u00e9e de lecture estim\u00e9e":"1 minute"},"schema":{"@context":"https:\/\/schema.org","@graph":[{"@type":"Article","@id":"https:\/\/moedlareuth.de\/langjaehrige-museumsmitarbeiter-verabschiedet\/#article","isPartOf":{"@id":"https:\/\/moedlareuth.de\/langjaehrige-museumsmitarbeiter-verabschiedet\/"},"author":{"name":"Ronald Schricker","@id":"https:\/\/moedlareuth.de\/preview\/#\/schema\/person\/9194619dfae57e8d77d645ad86c2ea4e"},"headline":"Langj\u00e4hrige Museumsmitarbeiter verabschiedet","datePublished":"2020-09-17T07:50:09+00:00","dateModified":"2021-12-07T04:02:29+00:00","mainEntityOfPage":{"@id":"https:\/\/moedlareuth.de\/langjaehrige-museumsmitarbeiter-verabschiedet\/"},"wordCount":185,"publisher":{"@id":"https:\/\/moedlareuth.de\/preview\/#organization"},"image":{"@id":"https:\/\/moedlareuth.de\/langjaehrige-museumsmitarbeiter-verabschiedet\/#primaryimage"},"thumbnailUrl":"https:\/\/www.moedlareuth.de\/wp-content\/uploads\/2020\/09\/MM-2020-09-11-110.jpg","articleSection":["Aktuelles"],"inLanguage":"fr-FR"},{"@type":"WebPage","@id":"https:\/\/moedlareuth.de\/langjaehrige-museumsmitarbeiter-verabschiedet\/","url":"https:\/\/moedlareuth.de\/langjaehrige-museumsmitarbeiter-verabschiedet\/","name":"Langj\u00e4hrige Museumsmitarbeiter verabschiedet - Deutsch-Deutsches Museum M\u00f6dlareuth","isPartOf":{"@id":"https:\/\/moedlareuth.de\/preview\/#website"},"primaryImageOfPage":{"@id":"https:\/\/moedlareuth.de\/langjaehrige-museumsmitarbeiter-verabschiedet\/#primaryimage"},"image":{"@id":"https:\/\/moedlareuth.de\/langjaehrige-museumsmitarbeiter-verabschiedet\/#primaryimage"},"thumbnailUrl":"https:\/\/www.moedlareuth.de\/wp-content\/uploads\/2020\/09\/MM-2020-09-11-110.jpg","datePublished":"2020-09-17T07:50:09+00:00","dateModified":"2021-12-07T04:02:29+00:00","breadcrumb":{"@id":"https:\/\/moedlareuth.de\/langjaehrige-museumsmitarbeiter-verabschiedet\/#breadcrumb"},"inLanguage":"fr-FR","potentialAction":[{"@type":"ReadAction","target":["https:\/\/moedlareuth.de\/langjaehrige-museumsmitarbeiter-verabschiedet\/"]}]},{"@type":"ImageObject","inLanguage":"fr-FR","@id":"https:\/\/moedlareuth.de\/langjaehrige-museumsmitarbeiter-verabschiedet\/#primaryimage","url":"https:\/\/www.moedlareuth.de\/wp-content\/uploads\/2020\/09\/MM-2020-09-11-110.jpg","contentUrl":"https:\/\/www.moedlareuth.de\/wp-content\/uploads\/2020\/09\/MM-2020-09-11-110.jpg","width":1400,"height":933,"caption":"MM 2020 09 11 110"},{"@type":"BreadcrumbList","@id":"https:\/\/moedlareuth.de\/langjaehrige-museumsmitarbeiter-verabschiedet\/#breadcrumb","itemListElement":[{"@type":"ListItem","position":1,"name":"Startseite","item":"https:\/\/www.moedlareuth.de\/"},{"@type":"ListItem","position":2,"name":"Langj\u00e4hrige Museumsmitarbeiter verabschiedet"}]},{"@type":"WebSite","@id":"https:\/\/moedlareuth.de\/preview\/#website","url":"https:\/\/moedlareuth.de\/preview\/","name":"Mus\u00e9e germano-allemand de M\u00f6dlareuth","description":"M\u00e9morial de la division de l'Allemagne","publisher":{"@id":"https:\/\/moedlareuth.de\/preview\/#organization"},"potentialAction":[{"@type":"SearchAction","target":{"@type":"EntryPoint","urlTemplate":"https:\/\/moedlareuth.de\/preview\/?s={search_term_string}"},"query-input":{"@type":"PropertyValueSpecification","valueRequired":true,"valueName":"search_term_string"}}],"inLanguage":"fr-FR"},{"@type":"Organization","@id":"https:\/\/moedlareuth.de\/preview\/#organization","name":"Mus\u00e9e germano-allemand de M\u00f6dlareuth","url":"https:\/\/moedlareuth.de\/preview\/","logo":{"@type":"ImageObject","inLanguage":"fr-FR","@id":"https:\/\/moedlareuth.de\/preview\/#\/schema\/logo\/image\/","url":"https:\/\/www.moedlareuth.de\/wp-content\/uploads\/2022\/02\/museum_moedlareuth_logo_hell_zusatz.svg","contentUrl":"https:\/\/www.moedlareuth.de\/wp-content\/uploads\/2022\/02\/museum_moedlareuth_logo_hell_zusatz.svg","width":255,"height":62,"caption":"Deutsch-Deutsches Museum M\u00f6dlareuth"},"image":{"@id":"https:\/\/moedlareuth.de\/preview\/#\/schema\/logo\/image\/"}},{"@type":"Person","@id":"https:\/\/moedlareuth.de\/preview\/#\/schema\/person\/9194619dfae57e8d77d645ad86c2ea4e","name":"Ronald Schricker","sameAs":["http:\/\/www.museum-www.moedlareuth.de"],"url":"https:\/\/www.moedlareuth.de\/fr\/author\/rs-lra-hof\/"}]}},"_links":{"self":[{"href":"https:\/\/www.moedlareuth.de\/fr\/wp-json\/wp\/v2\/posts\/1942","targetHints":{"allow":["GET"]}}],"collection":[{"href":"https:\/\/www.moedlareuth.de\/fr\/wp-json\/wp\/v2\/posts"}],"about":[{"href":"https:\/\/www.moedlareuth.de\/fr\/wp-json\/wp\/v2\/types\/post"}],"author":[{"embeddable":true,"href":"https:\/\/www.moedlareuth.de\/fr\/wp-json\/wp\/v2\/users\/6"}],"replies":[{"embeddable":true,"href":"https:\/\/www.moedlareuth.de\/fr\/wp-json\/wp\/v2\/comments?post=1942"}],"version-history":[{"count":0,"href":"https:\/\/www.moedlareuth.de\/fr\/wp-json\/wp\/v2\/posts\/1942\/revisions"}],"wp:featuredmedia":[{"embeddable":true,"href":"https:\/\/www.moedlareuth.de\/fr\/wp-json\/wp\/v2\/media\/1941"}],"wp:attachment":[{"href":"https:\/\/www.moedlareuth.de\/fr\/wp-json\/wp\/v2\/media?parent=1942"}],"wp:term":[{"taxonomy":"category","embeddable":true,"href":"https:\/\/www.moedlareuth.de\/fr\/wp-json\/wp\/v2\/categories?post=1942"},{"taxonomy":"post_tag","embeddable":true,"href":"https:\/\/www.moedlareuth.de\/fr\/wp-json\/wp\/v2\/tags?post=1942"}],"curies":[{"name":"wp","href":"https:\/\/api.w.org\/{rel}","templated":true}]}}