{"id":1855,"date":"2020-03-13T12:57:18","date_gmt":"2020-03-13T11:57:18","guid":{"rendered":"https:\/\/www.moedlareuth.de\/?p=1855"},"modified":"2021-12-07T05:02:30","modified_gmt":"2021-12-07T04:02:30","slug":"corona-praevention","status":"publish","type":"post","link":"https:\/\/www.moedlareuth.de\/fr\/corona-praevention\/","title":{"rendered":"Corona-Pr\u00e4vention"},"content":{"rendered":"<p><strong>Das Deutsch-Deutsche Museum M\u00f6dlareuth bleibt bis auf Weiteres geschlossen<\/strong><\/p>\n<p>Aufgrund der aktuellen Ausbreitung der Atemwegserkrankung COVID-19 bleibt das Deutsch-Deutsche Museum M\u00f6dlareuth ab Samstag, den 14.03.2020, bis auf Weiteres geschlossen. Dies betrifft auch alle Veranstaltungen und F\u00fchrungen.<\/p>\n<p>Wir bedauern diese Entwicklung sehr, aber die Gesundheit hat h\u00f6chste Priorit\u00e4t. Wir m\u00f6chten uns f\u00fcr die Unannehmlichkeiten entschuldigen und bitten um Ihr Verst\u00e4ndnis.<\/p>\n<p>Die Mitarbeiter des Museums sind weiterhin per Mail und von Montag bis Freitag in der Zeit von 09.00 \u2013 16.00 Uhr telefonisch erreichbar.<\/p>","protected":false},"excerpt":{"rendered":"<p>Das Deutsch-Deutsche Museum M\u00f6dlareuth bleibt bis auf Weiteres geschlossen Aufgrund der aktuellen Ausbreitung der Atemwegserkrankung COVID-19 bleibt das Deutsch-Deutsche Museum M\u00f6dlareuth ab Samstag, den 14.03.2020, bis auf Weiteres geschlossen. Dies betrifft auch alle Veranstaltungen und F\u00fchrungen. Wir bedauern diese Entwicklung sehr, aber die Gesundheit hat h\u00f6chste Priorit\u00e4t. Wir m\u00f6chten uns f\u00fcr die Unannehmlichkeiten entschuldigen und&#8230;<\/p>","protected":false},"author":6,"featured_media":0,"comment_status":"closed","ping_status":"closed","sticky":false,"template":"","format":"standard","meta":{"_acf_changed":false,"inline_featured_image":false,"_kad_post_transparent":"","_kad_post_title":"","_kad_post_layout":"","_kad_post_sidebar_id":"","_kad_post_content_style":"","_kad_post_vertical_padding":"","_kad_post_feature":"","_kad_post_feature_position":"","_kad_post_header":false,"_kad_post_footer":false,"_kad_post_classname":"","footnotes":""},"categories":[1],"tags":[],"class_list":["post-1855","post","type-post","status-publish","format-standard","hentry","category-aktuelles"],"acf":[],"yoast_head":"<!-- This site is optimized with the Yoast SEO plugin v27.5 - https:\/\/yoast.com\/product\/yoast-seo-wordpress\/ -->\n<title>Corona-Pr\u00e4vention - Deutsch-Deutsches Museum M\u00f6dlareuth<\/title>\n<meta name=\"robots\" content=\"index, follow, max-snippet:-1, max-image-preview:large, max-video-preview:-1\" \/>\n<link rel=\"canonical\" href=\"https:\/\/moedlareuth.de\/corona-praevention\/\" \/>\n<meta property=\"og:locale\" content=\"fr_FR\" \/>\n<meta property=\"og:type\" content=\"article\" \/>\n<meta property=\"og:title\" content=\"Corona-Pr\u00e4vention - Deutsch-Deutsches Museum M\u00f6dlareuth\" \/>\n<meta property=\"og:description\" content=\"Das Deutsch-Deutsche Museum M\u00f6dlareuth bleibt bis auf Weiteres geschlossen Aufgrund der aktuellen Ausbreitung der Atemwegserkrankung COVID-19 bleibt das Deutsch-Deutsche Museum M\u00f6dlareuth ab Samstag, den 14.03.2020, bis auf Weiteres geschlossen. Dies betrifft auch alle Veranstaltungen und F\u00fchrungen. Wir bedauern diese Entwicklung sehr, aber die Gesundheit hat h\u00f6chste Priorit\u00e4t. Wir m\u00f6chten uns f\u00fcr die Unannehmlichkeiten entschuldigen und...\" \/>\n<meta property=\"og:url\" content=\"https:\/\/moedlareuth.de\/corona-praevention\/\" \/>\n<meta property=\"og:site_name\" content=\"Deutsch-Deutsches Museum M\u00f6dlareuth\" \/>\n<meta property=\"article:published_time\" content=\"2020-03-13T11:57:18+00:00\" \/>\n<meta property=\"article:modified_time\" content=\"2021-12-07T04:02:30+00:00\" \/>\n<meta name=\"author\" content=\"Ronald Schricker\" \/>\n<meta name=\"twitter:card\" content=\"summary_large_image\" \/>\n<meta name=\"twitter:label1\" content=\"\u00c9crit par\" \/>\n\t<meta name=\"twitter:data1\" content=\"Ronald Schricker\" \/>\n<script type=\"application\/ld+json\" class=\"yoast-schema-graph\">{\"@context\":\"https:\\\/\\\/schema.org\",\"@graph\":[{\"@type\":\"Article\",\"@id\":\"https:\\\/\\\/moedlareuth.de\\\/corona-praevention\\\/#article\",\"isPartOf\":{\"@id\":\"https:\\\/\\\/moedlareuth.de\\\/corona-praevention\\\/\"},\"author\":{\"name\":\"Ronald Schricker\",\"@id\":\"https:\\\/\\\/moedlareuth.de\\\/preview\\\/#\\\/schema\\\/person\\\/9194619dfae57e8d77d645ad86c2ea4e\"},\"headline\":\"Corona-Pr\u00e4vention\",\"datePublished\":\"2020-03-13T11:57:18+00:00\",\"dateModified\":\"2021-12-07T04:02:30+00:00\",\"mainEntityOfPage\":{\"@id\":\"https:\\\/\\\/moedlareuth.de\\\/corona-praevention\\\/\"},\"wordCount\":88,\"publisher\":{\"@id\":\"https:\\\/\\\/moedlareuth.de\\\/preview\\\/#organization\"},\"articleSection\":[\"Aktuelles\"],\"inLanguage\":\"fr-FR\"},{\"@type\":\"WebPage\",\"@id\":\"https:\\\/\\\/moedlareuth.de\\\/corona-praevention\\\/\",\"url\":\"https:\\\/\\\/moedlareuth.de\\\/corona-praevention\\\/\",\"name\":\"Corona-Pr\u00e4vention - Deutsch-Deutsches Museum M\u00f6dlareuth\",\"isPartOf\":{\"@id\":\"https:\\\/\\\/moedlareuth.de\\\/preview\\\/#website\"},\"datePublished\":\"2020-03-13T11:57:18+00:00\",\"dateModified\":\"2021-12-07T04:02:30+00:00\",\"breadcrumb\":{\"@id\":\"https:\\\/\\\/moedlareuth.de\\\/corona-praevention\\\/#breadcrumb\"},\"inLanguage\":\"fr-FR\",\"potentialAction\":[{\"@type\":\"ReadAction\",\"target\":[\"https:\\\/\\\/moedlareuth.de\\\/corona-praevention\\\/\"]}]},{\"@type\":\"BreadcrumbList\",\"@id\":\"https:\\\/\\\/moedlareuth.de\\\/corona-praevention\\\/#breadcrumb\",\"itemListElement\":[{\"@type\":\"ListItem\",\"position\":1,\"name\":\"Startseite\",\"item\":\"https:\\\/\\\/www.moedlareuth.de\\\/\"},{\"@type\":\"ListItem\",\"position\":2,\"name\":\"Corona-Pr\u00e4vention\"}]},{\"@type\":\"WebSite\",\"@id\":\"https:\\\/\\\/moedlareuth.de\\\/preview\\\/#website\",\"url\":\"https:\\\/\\\/moedlareuth.de\\\/preview\\\/\",\"name\":\"Deutsch-Deutsches Museum M\u00f6dlareuth\",\"description\":\"Gedenkst\u00e4tte zur deutschen Teilung\",\"publisher\":{\"@id\":\"https:\\\/\\\/moedlareuth.de\\\/preview\\\/#organization\"},\"potentialAction\":[{\"@type\":\"SearchAction\",\"target\":{\"@type\":\"EntryPoint\",\"urlTemplate\":\"https:\\\/\\\/moedlareuth.de\\\/preview\\\/?s={search_term_string}\"},\"query-input\":{\"@type\":\"PropertyValueSpecification\",\"valueRequired\":true,\"valueName\":\"search_term_string\"}}],\"inLanguage\":\"fr-FR\"},{\"@type\":\"Organization\",\"@id\":\"https:\\\/\\\/moedlareuth.de\\\/preview\\\/#organization\",\"name\":\"Deutsch-Deutsches Museum M\u00f6dlareuth\",\"url\":\"https:\\\/\\\/moedlareuth.de\\\/preview\\\/\",\"logo\":{\"@type\":\"ImageObject\",\"inLanguage\":\"fr-FR\",\"@id\":\"https:\\\/\\\/moedlareuth.de\\\/preview\\\/#\\\/schema\\\/logo\\\/image\\\/\",\"url\":\"https:\\\/\\\/www.moedlareuth.de\\\/wp-content\\\/uploads\\\/2022\\\/02\\\/museum_moedlareuth_logo_hell_zusatz.svg\",\"contentUrl\":\"https:\\\/\\\/www.moedlareuth.de\\\/wp-content\\\/uploads\\\/2022\\\/02\\\/museum_moedlareuth_logo_hell_zusatz.svg\",\"width\":255,\"height\":62,\"caption\":\"Deutsch-Deutsches Museum M\u00f6dlareuth\"},\"image\":{\"@id\":\"https:\\\/\\\/moedlareuth.de\\\/preview\\\/#\\\/schema\\\/logo\\\/image\\\/\"}},{\"@type\":\"Person\",\"@id\":\"https:\\\/\\\/moedlareuth.de\\\/preview\\\/#\\\/schema\\\/person\\\/9194619dfae57e8d77d645ad86c2ea4e\",\"name\":\"Ronald Schricker\",\"sameAs\":[\"http:\\\/\\\/www.museum-www.moedlareuth.de\"],\"url\":\"https:\\\/\\\/www.moedlareuth.de\\\/fr\\\/author\\\/rs-lra-hof\\\/\"}]}<\/script>\n<!-- \/ Yoast SEO plugin. -->","yoast_head_json":{"title":"Corona-Pr\u00e4vention - Deutsch-Deutsches Museum M\u00f6dlareuth","robots":{"index":"index","follow":"follow","max-snippet":"max-snippet:-1","max-image-preview":"max-image-preview:large","max-video-preview":"max-video-preview:-1"},"canonical":"https:\/\/moedlareuth.de\/corona-praevention\/","og_locale":"fr_FR","og_type":"article","og_title":"Corona-Pr\u00e4vention - Deutsch-Deutsches Museum M\u00f6dlareuth","og_description":"Das Deutsch-Deutsche Museum M\u00f6dlareuth bleibt bis auf Weiteres geschlossen Aufgrund der aktuellen Ausbreitung der Atemwegserkrankung COVID-19 bleibt das Deutsch-Deutsche Museum M\u00f6dlareuth ab Samstag, den 14.03.2020, bis auf Weiteres geschlossen. Dies betrifft auch alle Veranstaltungen und F\u00fchrungen. Wir bedauern diese Entwicklung sehr, aber die Gesundheit hat h\u00f6chste Priorit\u00e4t. Wir m\u00f6chten uns f\u00fcr die Unannehmlichkeiten entschuldigen und...","og_url":"https:\/\/moedlareuth.de\/corona-praevention\/","og_site_name":"Deutsch-Deutsches Museum M\u00f6dlareuth","article_published_time":"2020-03-13T11:57:18+00:00","article_modified_time":"2021-12-07T04:02:30+00:00","author":"Ronald Schricker","twitter_card":"summary_large_image","twitter_misc":{"\u00c9crit par":"Ronald Schricker"},"schema":{"@context":"https:\/\/schema.org","@graph":[{"@type":"Article","@id":"https:\/\/moedlareuth.de\/corona-praevention\/#article","isPartOf":{"@id":"https:\/\/moedlareuth.de\/corona-praevention\/"},"author":{"name":"Ronald Schricker","@id":"https:\/\/moedlareuth.de\/preview\/#\/schema\/person\/9194619dfae57e8d77d645ad86c2ea4e"},"headline":"Corona-Pr\u00e4vention","datePublished":"2020-03-13T11:57:18+00:00","dateModified":"2021-12-07T04:02:30+00:00","mainEntityOfPage":{"@id":"https:\/\/moedlareuth.de\/corona-praevention\/"},"wordCount":88,"publisher":{"@id":"https:\/\/moedlareuth.de\/preview\/#organization"},"articleSection":["Aktuelles"],"inLanguage":"fr-FR"},{"@type":"WebPage","@id":"https:\/\/moedlareuth.de\/corona-praevention\/","url":"https:\/\/moedlareuth.de\/corona-praevention\/","name":"Corona-Pr\u00e4vention - Deutsch-Deutsches Museum M\u00f6dlareuth","isPartOf":{"@id":"https:\/\/moedlareuth.de\/preview\/#website"},"datePublished":"2020-03-13T11:57:18+00:00","dateModified":"2021-12-07T04:02:30+00:00","breadcrumb":{"@id":"https:\/\/moedlareuth.de\/corona-praevention\/#breadcrumb"},"inLanguage":"fr-FR","potentialAction":[{"@type":"ReadAction","target":["https:\/\/moedlareuth.de\/corona-praevention\/"]}]},{"@type":"BreadcrumbList","@id":"https:\/\/moedlareuth.de\/corona-praevention\/#breadcrumb","itemListElement":[{"@type":"ListItem","position":1,"name":"Startseite","item":"https:\/\/www.moedlareuth.de\/"},{"@type":"ListItem","position":2,"name":"Corona-Pr\u00e4vention"}]},{"@type":"WebSite","@id":"https:\/\/moedlareuth.de\/preview\/#website","url":"https:\/\/moedlareuth.de\/preview\/","name":"Mus\u00e9e germano-allemand de M\u00f6dlareuth","description":"M\u00e9morial de la division de l'Allemagne","publisher":{"@id":"https:\/\/moedlareuth.de\/preview\/#organization"},"potentialAction":[{"@type":"SearchAction","target":{"@type":"EntryPoint","urlTemplate":"https:\/\/moedlareuth.de\/preview\/?s={search_term_string}"},"query-input":{"@type":"PropertyValueSpecification","valueRequired":true,"valueName":"search_term_string"}}],"inLanguage":"fr-FR"},{"@type":"Organization","@id":"https:\/\/moedlareuth.de\/preview\/#organization","name":"Mus\u00e9e germano-allemand de M\u00f6dlareuth","url":"https:\/\/moedlareuth.de\/preview\/","logo":{"@type":"ImageObject","inLanguage":"fr-FR","@id":"https:\/\/moedlareuth.de\/preview\/#\/schema\/logo\/image\/","url":"https:\/\/www.moedlareuth.de\/wp-content\/uploads\/2022\/02\/museum_moedlareuth_logo_hell_zusatz.svg","contentUrl":"https:\/\/www.moedlareuth.de\/wp-content\/uploads\/2022\/02\/museum_moedlareuth_logo_hell_zusatz.svg","width":255,"height":62,"caption":"Deutsch-Deutsches Museum M\u00f6dlareuth"},"image":{"@id":"https:\/\/moedlareuth.de\/preview\/#\/schema\/logo\/image\/"}},{"@type":"Person","@id":"https:\/\/moedlareuth.de\/preview\/#\/schema\/person\/9194619dfae57e8d77d645ad86c2ea4e","name":"Ronald Schricker","sameAs":["http:\/\/www.museum-www.moedlareuth.de"],"url":"https:\/\/www.moedlareuth.de\/fr\/author\/rs-lra-hof\/"}]}},"_links":{"self":[{"href":"https:\/\/www.moedlareuth.de\/fr\/wp-json\/wp\/v2\/posts\/1855","targetHints":{"allow":["GET"]}}],"collection":[{"href":"https:\/\/www.moedlareuth.de\/fr\/wp-json\/wp\/v2\/posts"}],"about":[{"href":"https:\/\/www.moedlareuth.de\/fr\/wp-json\/wp\/v2\/types\/post"}],"author":[{"embeddable":true,"href":"https:\/\/www.moedlareuth.de\/fr\/wp-json\/wp\/v2\/users\/6"}],"replies":[{"embeddable":true,"href":"https:\/\/www.moedlareuth.de\/fr\/wp-json\/wp\/v2\/comments?post=1855"}],"version-history":[{"count":0,"href":"https:\/\/www.moedlareuth.de\/fr\/wp-json\/wp\/v2\/posts\/1855\/revisions"}],"wp:attachment":[{"href":"https:\/\/www.moedlareuth.de\/fr\/wp-json\/wp\/v2\/media?parent=1855"}],"wp:term":[{"taxonomy":"category","embeddable":true,"href":"https:\/\/www.moedlareuth.de\/fr\/wp-json\/wp\/v2\/categories?post=1855"},{"taxonomy":"post_tag","embeddable":true,"href":"https:\/\/www.moedlareuth.de\/fr\/wp-json\/wp\/v2\/tags?post=1855"}],"curies":[{"name":"wp","href":"https:\/\/api.w.org\/{rel}","templated":true}]}}