{"id":14143,"date":"2024-12-06T13:50:14","date_gmt":"2024-12-06T12:50:14","guid":{"rendered":"https:\/\/www.moedlareuth.de\/?p=14143"},"modified":"2024-12-06T13:50:44","modified_gmt":"2024-12-06T12:50:44","slug":"veranstaltungsankuendigung-35-jahre-grenzoeffnung-in-moedlareuth","status":"publish","type":"post","link":"https:\/\/www.moedlareuth.de\/fr\/veranstaltungsankuendigung-35-jahre-grenzoeffnung-in-moedlareuth\/","title":{"rendered":"Veranstaltungsank\u00fcndigung: <br\/>35 Jahre Grenz\u00f6ffnung in M\u00f6dlareuth"},"content":{"rendered":"<div class=\"wp-block-columns is-layout-flex wp-container-core-columns-is-layout-9d6595d7 wp-block-columns-is-layout-flex\">\n<div class=\"wp-block-column is-layout-flow wp-block-column-is-layout-flow\" style=\"flex-basis:66.66%\">\n<p>Am 9. Dezember 1989 feiert ganz M\u00f6dlareuth seinen Mauerfall. W\u00e4hrend in Berlin bereits im November auf der Mauer getanzt wird, m\u00fcssen sich die M\u00f6dlareuther, deren Dorf ebenfalls Jahrzehnte lang durch eine 3,30 m hohe Mauer getrennt wurde, einen Monat l\u00e4nger gedulden. Am 7. Dezember rei\u00dft ein Bautrupp ein Loch in die Grenzanlagen. Die Bewohner beider Ortsteile M\u00f6dlareuths hatten zuvor f\u00fcr die Grenz\u00f6ffnung demonstriert. Einige Mauersegmente werden schlie\u00dflich entfernt und ein Eisentor eingesetzt.<\/p>\n\n\n\n<p>Den historischen 09.12. feiert das Deutsch-Deutsche Museum M\u00f6dlareuth in diesem Jahr mit einer \u00d6kumenischen Dankandacht und Ansprachen von Zeitzeugen. Zudem begibt sich das Museum auf fotografische Spurensuche zu den Geschehnissen vor, w\u00e4hrend und nach der \u00d6ffnung des Grenz\u00fcbergangs in M\u00f6dlareuth.<\/p>\n\n\n\n<p><strong>Beginn<\/strong> ist um <strong>16:00 Uhr<\/strong> auf dem <strong>Espace en plein air <\/strong>(Au\u00dfenausstellung). Der Eintritt ist frei.<\/p>\n<\/div>\n\n\n\n<div class=\"wp-block-column is-layout-flow wp-block-column-is-layout-flow\" style=\"flex-basis:33.33%\"><\/div>\n<\/div>\n\n\n\n<p><\/p>","protected":false},"excerpt":{"rendered":"<p>Am 9. Dezember 1989 feiert ganz M\u00f6dlareuth seinen Mauerfall. W\u00e4hrend in Berlin bereits im November auf der Mauer getanzt wird, m\u00fcssen sich die M\u00f6dlareuther, deren Dorf ebenfalls Jahrzehnte lang durch eine 3,30 m hohe Mauer getrennt wurde, einen Monat l\u00e4nger gedulden. Am 7. Dezember rei\u00dft ein Bautrupp ein Loch in die Grenzanlagen. Die Bewohner beider&#8230;<\/p>","protected":false},"author":10,"featured_media":14146,"comment_status":"closed","ping_status":"closed","sticky":false,"template":"","format":"standard","meta":{"_acf_changed":false,"inline_featured_image":false,"_kad_post_transparent":"","_kad_post_title":"","_kad_post_layout":"","_kad_post_sidebar_id":"","_kad_post_content_style":"","_kad_post_vertical_padding":"","_kad_post_feature":"","_kad_post_feature_position":"","_kad_post_header":false,"_kad_post_footer":false,"_kad_post_classname":"","footnotes":""},"categories":[1],"tags":[],"class_list":["post-14143","post","type-post","status-publish","format-standard","has-post-thumbnail","hentry","category-aktuelles"],"acf":[],"yoast_head":"<!-- This site is optimized with the Yoast SEO plugin v27.5 - https:\/\/yoast.com\/product\/yoast-seo-wordpress\/ -->\n<title>Veranstaltungsank\u00fcndigung: 35 Jahre Grenz\u00f6ffnung in M\u00f6dlareuth - Deutsch-Deutsches Museum M\u00f6dlareuth<\/title>\n<meta name=\"robots\" content=\"index, follow, max-snippet:-1, max-image-preview:large, max-video-preview:-1\" \/>\n<link rel=\"canonical\" href=\"https:\/\/www.moedlareuth.de\/fr\/veranstaltungsankuendigung-35-jahre-grenzoeffnung-in-moedlareuth\/\" \/>\n<meta property=\"og:locale\" content=\"fr_FR\" \/>\n<meta property=\"og:type\" content=\"article\" \/>\n<meta property=\"og:title\" content=\"Veranstaltungsank\u00fcndigung: 35 Jahre Grenz\u00f6ffnung in M\u00f6dlareuth - Deutsch-Deutsches Museum M\u00f6dlareuth\" \/>\n<meta property=\"og:description\" content=\"Am 9. Dezember 1989 feiert ganz M\u00f6dlareuth seinen Mauerfall. W\u00e4hrend in Berlin bereits im November auf der Mauer getanzt wird, m\u00fcssen sich die M\u00f6dlareuther, deren Dorf ebenfalls Jahrzehnte lang durch eine 3,30 m hohe Mauer getrennt wurde, einen Monat l\u00e4nger gedulden. Am 7. Dezember rei\u00dft ein Bautrupp ein Loch in die Grenzanlagen. Die Bewohner beider...\" \/>\n<meta property=\"og:url\" content=\"https:\/\/www.moedlareuth.de\/fr\/veranstaltungsankuendigung-35-jahre-grenzoeffnung-in-moedlareuth\/\" \/>\n<meta property=\"og:site_name\" content=\"Deutsch-Deutsches Museum M\u00f6dlareuth\" \/>\n<meta property=\"article:published_time\" content=\"2024-12-06T12:50:14+00:00\" \/>\n<meta property=\"article:modified_time\" content=\"2024-12-06T12:50:44+00:00\" \/>\n<meta property=\"og:image\" content=\"https:\/\/www.moedlareuth.de\/wp-content\/uploads\/2024\/12\/35-Jahre-Grenzoeffnung-Moedlareuth.png\" \/>\n\t<meta property=\"og:image:width\" content=\"1080\" \/>\n\t<meta property=\"og:image:height\" content=\"1080\" \/>\n\t<meta property=\"og:image:type\" content=\"image\/png\" \/>\n<meta name=\"author\" content=\"Susan Burger\" \/>\n<meta name=\"twitter:card\" content=\"summary_large_image\" \/>\n<meta name=\"twitter:label1\" content=\"\u00c9crit par\" \/>\n\t<meta name=\"twitter:data1\" content=\"Susan Burger\" \/>\n\t<meta name=\"twitter:label2\" content=\"Dur\u00e9e de lecture estim\u00e9e\" \/>\n\t<meta name=\"twitter:data2\" content=\"1 minute\" \/>\n<script type=\"application\/ld+json\" class=\"yoast-schema-graph\">{\"@context\":\"https:\\\/\\\/schema.org\",\"@graph\":[{\"@type\":\"Article\",\"@id\":\"https:\\\/\\\/www.moedlareuth.de\\\/veranstaltungsankuendigung-35-jahre-grenzoeffnung-in-moedlareuth\\\/#article\",\"isPartOf\":{\"@id\":\"https:\\\/\\\/www.moedlareuth.de\\\/veranstaltungsankuendigung-35-jahre-grenzoeffnung-in-moedlareuth\\\/\"},\"author\":{\"name\":\"Susan Burger\",\"@id\":\"https:\\\/\\\/moedlareuth.de\\\/preview\\\/#\\\/schema\\\/person\\\/42d95c7c900104834e45a22afe68e54d\"},\"headline\":\"Veranstaltungsank\u00fcndigung: 35 Jahre Grenz\u00f6ffnung in M\u00f6dlareuth\",\"datePublished\":\"2024-12-06T12:50:14+00:00\",\"dateModified\":\"2024-12-06T12:50:44+00:00\",\"mainEntityOfPage\":{\"@id\":\"https:\\\/\\\/www.moedlareuth.de\\\/veranstaltungsankuendigung-35-jahre-grenzoeffnung-in-moedlareuth\\\/\"},\"wordCount\":143,\"publisher\":{\"@id\":\"https:\\\/\\\/moedlareuth.de\\\/preview\\\/#organization\"},\"image\":{\"@id\":\"https:\\\/\\\/www.moedlareuth.de\\\/veranstaltungsankuendigung-35-jahre-grenzoeffnung-in-moedlareuth\\\/#primaryimage\"},\"thumbnailUrl\":\"https:\\\/\\\/www.moedlareuth.de\\\/wp-content\\\/uploads\\\/2024\\\/12\\\/35-Jahre-Grenzoeffnung-Moedlareuth.png\",\"articleSection\":[\"Aktuelles\"],\"inLanguage\":\"fr-FR\"},{\"@type\":\"WebPage\",\"@id\":\"https:\\\/\\\/www.moedlareuth.de\\\/veranstaltungsankuendigung-35-jahre-grenzoeffnung-in-moedlareuth\\\/\",\"url\":\"https:\\\/\\\/www.moedlareuth.de\\\/veranstaltungsankuendigung-35-jahre-grenzoeffnung-in-moedlareuth\\\/\",\"name\":\"Veranstaltungsank\u00fcndigung: 35 Jahre Grenz\u00f6ffnung in M\u00f6dlareuth - Deutsch-Deutsches Museum M\u00f6dlareuth\",\"isPartOf\":{\"@id\":\"https:\\\/\\\/moedlareuth.de\\\/preview\\\/#website\"},\"primaryImageOfPage\":{\"@id\":\"https:\\\/\\\/www.moedlareuth.de\\\/veranstaltungsankuendigung-35-jahre-grenzoeffnung-in-moedlareuth\\\/#primaryimage\"},\"image\":{\"@id\":\"https:\\\/\\\/www.moedlareuth.de\\\/veranstaltungsankuendigung-35-jahre-grenzoeffnung-in-moedlareuth\\\/#primaryimage\"},\"thumbnailUrl\":\"https:\\\/\\\/www.moedlareuth.de\\\/wp-content\\\/uploads\\\/2024\\\/12\\\/35-Jahre-Grenzoeffnung-Moedlareuth.png\",\"datePublished\":\"2024-12-06T12:50:14+00:00\",\"dateModified\":\"2024-12-06T12:50:44+00:00\",\"breadcrumb\":{\"@id\":\"https:\\\/\\\/www.moedlareuth.de\\\/veranstaltungsankuendigung-35-jahre-grenzoeffnung-in-moedlareuth\\\/#breadcrumb\"},\"inLanguage\":\"fr-FR\",\"potentialAction\":[{\"@type\":\"ReadAction\",\"target\":[\"https:\\\/\\\/www.moedlareuth.de\\\/veranstaltungsankuendigung-35-jahre-grenzoeffnung-in-moedlareuth\\\/\"]}]},{\"@type\":\"ImageObject\",\"inLanguage\":\"fr-FR\",\"@id\":\"https:\\\/\\\/www.moedlareuth.de\\\/veranstaltungsankuendigung-35-jahre-grenzoeffnung-in-moedlareuth\\\/#primaryimage\",\"url\":\"https:\\\/\\\/www.moedlareuth.de\\\/wp-content\\\/uploads\\\/2024\\\/12\\\/35-Jahre-Grenzoeffnung-Moedlareuth.png\",\"contentUrl\":\"https:\\\/\\\/www.moedlareuth.de\\\/wp-content\\\/uploads\\\/2024\\\/12\\\/35-Jahre-Grenzoeffnung-Moedlareuth.png\",\"width\":1080,\"height\":1080},{\"@type\":\"BreadcrumbList\",\"@id\":\"https:\\\/\\\/www.moedlareuth.de\\\/veranstaltungsankuendigung-35-jahre-grenzoeffnung-in-moedlareuth\\\/#breadcrumb\",\"itemListElement\":[{\"@type\":\"ListItem\",\"position\":1,\"name\":\"Startseite\",\"item\":\"https:\\\/\\\/www.moedlareuth.de\\\/\"},{\"@type\":\"ListItem\",\"position\":2,\"name\":\"Veranstaltungsank\u00fcndigung: 35 Jahre Grenz\u00f6ffnung in M\u00f6dlareuth\"}]},{\"@type\":\"WebSite\",\"@id\":\"https:\\\/\\\/moedlareuth.de\\\/preview\\\/#website\",\"url\":\"https:\\\/\\\/moedlareuth.de\\\/preview\\\/\",\"name\":\"Deutsch-Deutsches Museum M\u00f6dlareuth\",\"description\":\"Gedenkst\u00e4tte zur deutschen Teilung\",\"publisher\":{\"@id\":\"https:\\\/\\\/moedlareuth.de\\\/preview\\\/#organization\"},\"potentialAction\":[{\"@type\":\"SearchAction\",\"target\":{\"@type\":\"EntryPoint\",\"urlTemplate\":\"https:\\\/\\\/moedlareuth.de\\\/preview\\\/?s={search_term_string}\"},\"query-input\":{\"@type\":\"PropertyValueSpecification\",\"valueRequired\":true,\"valueName\":\"search_term_string\"}}],\"inLanguage\":\"fr-FR\"},{\"@type\":\"Organization\",\"@id\":\"https:\\\/\\\/moedlareuth.de\\\/preview\\\/#organization\",\"name\":\"Deutsch-Deutsches Museum M\u00f6dlareuth\",\"url\":\"https:\\\/\\\/moedlareuth.de\\\/preview\\\/\",\"logo\":{\"@type\":\"ImageObject\",\"inLanguage\":\"fr-FR\",\"@id\":\"https:\\\/\\\/moedlareuth.de\\\/preview\\\/#\\\/schema\\\/logo\\\/image\\\/\",\"url\":\"https:\\\/\\\/www.moedlareuth.de\\\/wp-content\\\/uploads\\\/2022\\\/02\\\/museum_moedlareuth_logo_hell_zusatz.svg\",\"contentUrl\":\"https:\\\/\\\/www.moedlareuth.de\\\/wp-content\\\/uploads\\\/2022\\\/02\\\/museum_moedlareuth_logo_hell_zusatz.svg\",\"width\":255,\"height\":62,\"caption\":\"Deutsch-Deutsches Museum M\u00f6dlareuth\"},\"image\":{\"@id\":\"https:\\\/\\\/moedlareuth.de\\\/preview\\\/#\\\/schema\\\/logo\\\/image\\\/\"}},{\"@type\":\"Person\",\"@id\":\"https:\\\/\\\/moedlareuth.de\\\/preview\\\/#\\\/schema\\\/person\\\/42d95c7c900104834e45a22afe68e54d\",\"name\":\"Susan Burger\",\"url\":\"https:\\\/\\\/www.moedlareuth.de\\\/fr\\\/author\\\/s-burger\\\/\"}]}<\/script>\n<!-- \/ Yoast SEO plugin. -->","yoast_head_json":{"title":"Veranstaltungsank\u00fcndigung: 35 Jahre Grenz\u00f6ffnung in M\u00f6dlareuth - Deutsch-Deutsches Museum M\u00f6dlareuth","robots":{"index":"index","follow":"follow","max-snippet":"max-snippet:-1","max-image-preview":"max-image-preview:large","max-video-preview":"max-video-preview:-1"},"canonical":"https:\/\/www.moedlareuth.de\/fr\/veranstaltungsankuendigung-35-jahre-grenzoeffnung-in-moedlareuth\/","og_locale":"fr_FR","og_type":"article","og_title":"Veranstaltungsank\u00fcndigung: 35 Jahre Grenz\u00f6ffnung in M\u00f6dlareuth - Deutsch-Deutsches Museum M\u00f6dlareuth","og_description":"Am 9. Dezember 1989 feiert ganz M\u00f6dlareuth seinen Mauerfall. W\u00e4hrend in Berlin bereits im November auf der Mauer getanzt wird, m\u00fcssen sich die M\u00f6dlareuther, deren Dorf ebenfalls Jahrzehnte lang durch eine 3,30 m hohe Mauer getrennt wurde, einen Monat l\u00e4nger gedulden. Am 7. Dezember rei\u00dft ein Bautrupp ein Loch in die Grenzanlagen. Die Bewohner beider...","og_url":"https:\/\/www.moedlareuth.de\/fr\/veranstaltungsankuendigung-35-jahre-grenzoeffnung-in-moedlareuth\/","og_site_name":"Deutsch-Deutsches Museum M\u00f6dlareuth","article_published_time":"2024-12-06T12:50:14+00:00","article_modified_time":"2024-12-06T12:50:44+00:00","og_image":[{"width":1080,"height":1080,"url":"https:\/\/www.moedlareuth.de\/wp-content\/uploads\/2024\/12\/35-Jahre-Grenzoeffnung-Moedlareuth.png","type":"image\/png"}],"author":"Susan Burger","twitter_card":"summary_large_image","twitter_misc":{"\u00c9crit par":"Susan Burger","Dur\u00e9e de lecture estim\u00e9e":"1 minute"},"schema":{"@context":"https:\/\/schema.org","@graph":[{"@type":"Article","@id":"https:\/\/www.moedlareuth.de\/veranstaltungsankuendigung-35-jahre-grenzoeffnung-in-moedlareuth\/#article","isPartOf":{"@id":"https:\/\/www.moedlareuth.de\/veranstaltungsankuendigung-35-jahre-grenzoeffnung-in-moedlareuth\/"},"author":{"name":"Susan Burger","@id":"https:\/\/moedlareuth.de\/preview\/#\/schema\/person\/42d95c7c900104834e45a22afe68e54d"},"headline":"Veranstaltungsank\u00fcndigung: 35 Jahre Grenz\u00f6ffnung in M\u00f6dlareuth","datePublished":"2024-12-06T12:50:14+00:00","dateModified":"2024-12-06T12:50:44+00:00","mainEntityOfPage":{"@id":"https:\/\/www.moedlareuth.de\/veranstaltungsankuendigung-35-jahre-grenzoeffnung-in-moedlareuth\/"},"wordCount":143,"publisher":{"@id":"https:\/\/moedlareuth.de\/preview\/#organization"},"image":{"@id":"https:\/\/www.moedlareuth.de\/veranstaltungsankuendigung-35-jahre-grenzoeffnung-in-moedlareuth\/#primaryimage"},"thumbnailUrl":"https:\/\/www.moedlareuth.de\/wp-content\/uploads\/2024\/12\/35-Jahre-Grenzoeffnung-Moedlareuth.png","articleSection":["Aktuelles"],"inLanguage":"fr-FR"},{"@type":"WebPage","@id":"https:\/\/www.moedlareuth.de\/veranstaltungsankuendigung-35-jahre-grenzoeffnung-in-moedlareuth\/","url":"https:\/\/www.moedlareuth.de\/veranstaltungsankuendigung-35-jahre-grenzoeffnung-in-moedlareuth\/","name":"Veranstaltungsank\u00fcndigung: 35 Jahre Grenz\u00f6ffnung in M\u00f6dlareuth - Deutsch-Deutsches Museum M\u00f6dlareuth","isPartOf":{"@id":"https:\/\/moedlareuth.de\/preview\/#website"},"primaryImageOfPage":{"@id":"https:\/\/www.moedlareuth.de\/veranstaltungsankuendigung-35-jahre-grenzoeffnung-in-moedlareuth\/#primaryimage"},"image":{"@id":"https:\/\/www.moedlareuth.de\/veranstaltungsankuendigung-35-jahre-grenzoeffnung-in-moedlareuth\/#primaryimage"},"thumbnailUrl":"https:\/\/www.moedlareuth.de\/wp-content\/uploads\/2024\/12\/35-Jahre-Grenzoeffnung-Moedlareuth.png","datePublished":"2024-12-06T12:50:14+00:00","dateModified":"2024-12-06T12:50:44+00:00","breadcrumb":{"@id":"https:\/\/www.moedlareuth.de\/veranstaltungsankuendigung-35-jahre-grenzoeffnung-in-moedlareuth\/#breadcrumb"},"inLanguage":"fr-FR","potentialAction":[{"@type":"ReadAction","target":["https:\/\/www.moedlareuth.de\/veranstaltungsankuendigung-35-jahre-grenzoeffnung-in-moedlareuth\/"]}]},{"@type":"ImageObject","inLanguage":"fr-FR","@id":"https:\/\/www.moedlareuth.de\/veranstaltungsankuendigung-35-jahre-grenzoeffnung-in-moedlareuth\/#primaryimage","url":"https:\/\/www.moedlareuth.de\/wp-content\/uploads\/2024\/12\/35-Jahre-Grenzoeffnung-Moedlareuth.png","contentUrl":"https:\/\/www.moedlareuth.de\/wp-content\/uploads\/2024\/12\/35-Jahre-Grenzoeffnung-Moedlareuth.png","width":1080,"height":1080},{"@type":"BreadcrumbList","@id":"https:\/\/www.moedlareuth.de\/veranstaltungsankuendigung-35-jahre-grenzoeffnung-in-moedlareuth\/#breadcrumb","itemListElement":[{"@type":"ListItem","position":1,"name":"Startseite","item":"https:\/\/www.moedlareuth.de\/"},{"@type":"ListItem","position":2,"name":"Veranstaltungsank\u00fcndigung: 35 Jahre Grenz\u00f6ffnung in M\u00f6dlareuth"}]},{"@type":"WebSite","@id":"https:\/\/moedlareuth.de\/preview\/#website","url":"https:\/\/moedlareuth.de\/preview\/","name":"Mus\u00e9e germano-allemand de M\u00f6dlareuth","description":"M\u00e9morial de la division de l'Allemagne","publisher":{"@id":"https:\/\/moedlareuth.de\/preview\/#organization"},"potentialAction":[{"@type":"SearchAction","target":{"@type":"EntryPoint","urlTemplate":"https:\/\/moedlareuth.de\/preview\/?s={search_term_string}"},"query-input":{"@type":"PropertyValueSpecification","valueRequired":true,"valueName":"search_term_string"}}],"inLanguage":"fr-FR"},{"@type":"Organization","@id":"https:\/\/moedlareuth.de\/preview\/#organization","name":"Mus\u00e9e germano-allemand de M\u00f6dlareuth","url":"https:\/\/moedlareuth.de\/preview\/","logo":{"@type":"ImageObject","inLanguage":"fr-FR","@id":"https:\/\/moedlareuth.de\/preview\/#\/schema\/logo\/image\/","url":"https:\/\/www.moedlareuth.de\/wp-content\/uploads\/2022\/02\/museum_moedlareuth_logo_hell_zusatz.svg","contentUrl":"https:\/\/www.moedlareuth.de\/wp-content\/uploads\/2022\/02\/museum_moedlareuth_logo_hell_zusatz.svg","width":255,"height":62,"caption":"Deutsch-Deutsches Museum M\u00f6dlareuth"},"image":{"@id":"https:\/\/moedlareuth.de\/preview\/#\/schema\/logo\/image\/"}},{"@type":"Person","@id":"https:\/\/moedlareuth.de\/preview\/#\/schema\/person\/42d95c7c900104834e45a22afe68e54d","name":"Susan Burger","url":"https:\/\/www.moedlareuth.de\/fr\/author\/s-burger\/"}]}},"_links":{"self":[{"href":"https:\/\/www.moedlareuth.de\/fr\/wp-json\/wp\/v2\/posts\/14143","targetHints":{"allow":["GET"]}}],"collection":[{"href":"https:\/\/www.moedlareuth.de\/fr\/wp-json\/wp\/v2\/posts"}],"about":[{"href":"https:\/\/www.moedlareuth.de\/fr\/wp-json\/wp\/v2\/types\/post"}],"author":[{"embeddable":true,"href":"https:\/\/www.moedlareuth.de\/fr\/wp-json\/wp\/v2\/users\/10"}],"replies":[{"embeddable":true,"href":"https:\/\/www.moedlareuth.de\/fr\/wp-json\/wp\/v2\/comments?post=14143"}],"version-history":[{"count":5,"href":"https:\/\/www.moedlareuth.de\/fr\/wp-json\/wp\/v2\/posts\/14143\/revisions"}],"predecessor-version":[{"id":14150,"href":"https:\/\/www.moedlareuth.de\/fr\/wp-json\/wp\/v2\/posts\/14143\/revisions\/14150"}],"wp:featuredmedia":[{"embeddable":true,"href":"https:\/\/www.moedlareuth.de\/fr\/wp-json\/wp\/v2\/media\/14146"}],"wp:attachment":[{"href":"https:\/\/www.moedlareuth.de\/fr\/wp-json\/wp\/v2\/media?parent=14143"}],"wp:term":[{"taxonomy":"category","embeddable":true,"href":"https:\/\/www.moedlareuth.de\/fr\/wp-json\/wp\/v2\/categories?post=14143"},{"taxonomy":"post_tag","embeddable":true,"href":"https:\/\/www.moedlareuth.de\/fr\/wp-json\/wp\/v2\/tags?post=14143"}],"curies":[{"name":"wp","href":"https:\/\/api.w.org\/{rel}","templated":true}]}}