{"id":13401,"date":"2024-02-15T16:16:21","date_gmt":"2024-02-15T15:16:21","guid":{"rendered":"https:\/\/www.moedlareuth.de\/?p=13401"},"modified":"2024-02-15T16:16:22","modified_gmt":"2024-02-15T15:16:22","slug":"stellvertretender-britischer-botschafter-zu-besuch","status":"publish","type":"post","link":"https:\/\/www.moedlareuth.de\/fr\/stellvertretender-britischer-botschafter-zu-besuch\/","title":{"rendered":"Stellvertretender britischer Botschafter zu Besuch"},"content":{"rendered":"<p>Auf seinem Weg von Berlin zur Sicherheitskonferenz nach M\u00fcnchen machte der stellvertretende britische Botschafter Kieran Drake einen spontanen Privatbesuch im Museum M\u00f6dlareuth.<\/p>\n\n\n\n<p>Kieran Drake interessiert sich sehr f\u00fcr die Geschichte der deutschen Teilung und erkundete das Museum ohne pers\u00f6nliche F\u00fchrung eigenst\u00e4ndig. <\/p>\n\n\n\n<p>Museumsleiter Robert Lebegern konnte ihm dennoch eine kurze Einf\u00fchrung in den historischen Ort geben und \u00fcber die aktuelle Museumserweiterung informieren.<\/p>","protected":false},"excerpt":{"rendered":"<p>Auf seinem Weg von Berlin zur Sicherheitskonferenz nach M\u00fcnchen machte der stellvertretende britische Botschafter Kieran Drake einen spontanen Privatbesuch im Museum M\u00f6dlareuth. Kieran Drake interessiert sich sehr f\u00fcr die Geschichte der deutschen Teilung und erkundete das Museum ohne pers\u00f6nliche F\u00fchrung eigenst\u00e4ndig. Museumsleiter Robert Lebegern konnte ihm dennoch eine kurze Einf\u00fchrung in den historischen Ort geben&#8230;<\/p>","protected":false},"author":10,"featured_media":13402,"comment_status":"closed","ping_status":"closed","sticky":false,"template":"","format":"standard","meta":{"_acf_changed":false,"inline_featured_image":false,"_kad_post_transparent":"","_kad_post_title":"","_kad_post_layout":"","_kad_post_sidebar_id":"","_kad_post_content_style":"","_kad_post_vertical_padding":"","_kad_post_feature":"","_kad_post_feature_position":"","_kad_post_header":false,"_kad_post_footer":false,"_kad_post_classname":"","footnotes":""},"categories":[1],"tags":[],"class_list":["post-13401","post","type-post","status-publish","format-standard","has-post-thumbnail","hentry","category-aktuelles"],"acf":[],"yoast_head":"<!-- This site is optimized with the Yoast SEO plugin v27.5 - https:\/\/yoast.com\/product\/yoast-seo-wordpress\/ -->\n<title>Stellvertretender britischer Botschafter zu Besuch - Deutsch-Deutsches Museum M\u00f6dlareuth<\/title>\n<meta name=\"robots\" content=\"index, follow, max-snippet:-1, max-image-preview:large, max-video-preview:-1\" \/>\n<link rel=\"canonical\" href=\"https:\/\/www.moedlareuth.de\/fr\/stellvertretender-britischer-botschafter-zu-besuch\/\" \/>\n<meta property=\"og:locale\" content=\"fr_FR\" \/>\n<meta property=\"og:type\" content=\"article\" \/>\n<meta property=\"og:title\" content=\"Stellvertretender britischer Botschafter zu Besuch - Deutsch-Deutsches Museum M\u00f6dlareuth\" \/>\n<meta property=\"og:description\" content=\"Auf seinem Weg von Berlin zur Sicherheitskonferenz nach M\u00fcnchen machte der stellvertretende britische Botschafter Kieran Drake einen spontanen Privatbesuch im Museum M\u00f6dlareuth. Kieran Drake interessiert sich sehr f\u00fcr die Geschichte der deutschen Teilung und erkundete das Museum ohne pers\u00f6nliche F\u00fchrung eigenst\u00e4ndig. Museumsleiter Robert Lebegern konnte ihm dennoch eine kurze Einf\u00fchrung in den historischen Ort geben...\" \/>\n<meta property=\"og:url\" content=\"https:\/\/www.moedlareuth.de\/fr\/stellvertretender-britischer-botschafter-zu-besuch\/\" \/>\n<meta property=\"og:site_name\" content=\"Deutsch-Deutsches Museum M\u00f6dlareuth\" \/>\n<meta property=\"article:published_time\" content=\"2024-02-15T15:16:21+00:00\" \/>\n<meta property=\"article:modified_time\" content=\"2024-02-15T15:16:22+00:00\" \/>\n<meta property=\"og:image\" content=\"https:\/\/www.moedlareuth.de\/wp-content\/uploads\/2024\/02\/2024-02-15_001klein.jpg\" \/>\n\t<meta property=\"og:image:width\" content=\"2121\" \/>\n\t<meta property=\"og:image:height\" content=\"3399\" \/>\n\t<meta property=\"og:image:type\" content=\"image\/jpeg\" \/>\n<meta name=\"author\" content=\"Susan Burger\" \/>\n<meta name=\"twitter:card\" content=\"summary_large_image\" \/>\n<meta name=\"twitter:label1\" content=\"\u00c9crit par\" \/>\n\t<meta name=\"twitter:data1\" content=\"Susan Burger\" \/>\n\t<meta name=\"twitter:label2\" content=\"Dur\u00e9e de lecture estim\u00e9e\" \/>\n\t<meta name=\"twitter:data2\" content=\"1 minute\" \/>\n<script type=\"application\/ld+json\" class=\"yoast-schema-graph\">{\"@context\":\"https:\\\/\\\/schema.org\",\"@graph\":[{\"@type\":\"Article\",\"@id\":\"https:\\\/\\\/www.moedlareuth.de\\\/stellvertretender-britischer-botschafter-zu-besuch\\\/#article\",\"isPartOf\":{\"@id\":\"https:\\\/\\\/www.moedlareuth.de\\\/stellvertretender-britischer-botschafter-zu-besuch\\\/\"},\"author\":{\"name\":\"Susan Burger\",\"@id\":\"https:\\\/\\\/moedlareuth.de\\\/preview\\\/#\\\/schema\\\/person\\\/42d95c7c900104834e45a22afe68e54d\"},\"headline\":\"Stellvertretender britischer Botschafter zu Besuch\",\"datePublished\":\"2024-02-15T15:16:21+00:00\",\"dateModified\":\"2024-02-15T15:16:22+00:00\",\"mainEntityOfPage\":{\"@id\":\"https:\\\/\\\/www.moedlareuth.de\\\/stellvertretender-britischer-botschafter-zu-besuch\\\/\"},\"wordCount\":73,\"publisher\":{\"@id\":\"https:\\\/\\\/moedlareuth.de\\\/preview\\\/#organization\"},\"image\":{\"@id\":\"https:\\\/\\\/www.moedlareuth.de\\\/stellvertretender-britischer-botschafter-zu-besuch\\\/#primaryimage\"},\"thumbnailUrl\":\"https:\\\/\\\/www.moedlareuth.de\\\/wp-content\\\/uploads\\\/2024\\\/02\\\/2024-02-15_001klein.jpg\",\"articleSection\":[\"Aktuelles\"],\"inLanguage\":\"fr-FR\"},{\"@type\":\"WebPage\",\"@id\":\"https:\\\/\\\/www.moedlareuth.de\\\/stellvertretender-britischer-botschafter-zu-besuch\\\/\",\"url\":\"https:\\\/\\\/www.moedlareuth.de\\\/stellvertretender-britischer-botschafter-zu-besuch\\\/\",\"name\":\"Stellvertretender britischer Botschafter zu Besuch - Deutsch-Deutsches Museum M\u00f6dlareuth\",\"isPartOf\":{\"@id\":\"https:\\\/\\\/moedlareuth.de\\\/preview\\\/#website\"},\"primaryImageOfPage\":{\"@id\":\"https:\\\/\\\/www.moedlareuth.de\\\/stellvertretender-britischer-botschafter-zu-besuch\\\/#primaryimage\"},\"image\":{\"@id\":\"https:\\\/\\\/www.moedlareuth.de\\\/stellvertretender-britischer-botschafter-zu-besuch\\\/#primaryimage\"},\"thumbnailUrl\":\"https:\\\/\\\/www.moedlareuth.de\\\/wp-content\\\/uploads\\\/2024\\\/02\\\/2024-02-15_001klein.jpg\",\"datePublished\":\"2024-02-15T15:16:21+00:00\",\"dateModified\":\"2024-02-15T15:16:22+00:00\",\"breadcrumb\":{\"@id\":\"https:\\\/\\\/www.moedlareuth.de\\\/stellvertretender-britischer-botschafter-zu-besuch\\\/#breadcrumb\"},\"inLanguage\":\"fr-FR\",\"potentialAction\":[{\"@type\":\"ReadAction\",\"target\":[\"https:\\\/\\\/www.moedlareuth.de\\\/stellvertretender-britischer-botschafter-zu-besuch\\\/\"]}]},{\"@type\":\"ImageObject\",\"inLanguage\":\"fr-FR\",\"@id\":\"https:\\\/\\\/www.moedlareuth.de\\\/stellvertretender-britischer-botschafter-zu-besuch\\\/#primaryimage\",\"url\":\"https:\\\/\\\/www.moedlareuth.de\\\/wp-content\\\/uploads\\\/2024\\\/02\\\/2024-02-15_001klein.jpg\",\"contentUrl\":\"https:\\\/\\\/www.moedlareuth.de\\\/wp-content\\\/uploads\\\/2024\\\/02\\\/2024-02-15_001klein.jpg\",\"width\":2121,\"height\":3399},{\"@type\":\"BreadcrumbList\",\"@id\":\"https:\\\/\\\/www.moedlareuth.de\\\/stellvertretender-britischer-botschafter-zu-besuch\\\/#breadcrumb\",\"itemListElement\":[{\"@type\":\"ListItem\",\"position\":1,\"name\":\"Startseite\",\"item\":\"https:\\\/\\\/www.moedlareuth.de\\\/\"},{\"@type\":\"ListItem\",\"position\":2,\"name\":\"Stellvertretender britischer Botschafter zu Besuch\"}]},{\"@type\":\"WebSite\",\"@id\":\"https:\\\/\\\/moedlareuth.de\\\/preview\\\/#website\",\"url\":\"https:\\\/\\\/moedlareuth.de\\\/preview\\\/\",\"name\":\"Deutsch-Deutsches Museum M\u00f6dlareuth\",\"description\":\"Gedenkst\u00e4tte zur deutschen Teilung\",\"publisher\":{\"@id\":\"https:\\\/\\\/moedlareuth.de\\\/preview\\\/#organization\"},\"potentialAction\":[{\"@type\":\"SearchAction\",\"target\":{\"@type\":\"EntryPoint\",\"urlTemplate\":\"https:\\\/\\\/moedlareuth.de\\\/preview\\\/?s={search_term_string}\"},\"query-input\":{\"@type\":\"PropertyValueSpecification\",\"valueRequired\":true,\"valueName\":\"search_term_string\"}}],\"inLanguage\":\"fr-FR\"},{\"@type\":\"Organization\",\"@id\":\"https:\\\/\\\/moedlareuth.de\\\/preview\\\/#organization\",\"name\":\"Deutsch-Deutsches Museum M\u00f6dlareuth\",\"url\":\"https:\\\/\\\/moedlareuth.de\\\/preview\\\/\",\"logo\":{\"@type\":\"ImageObject\",\"inLanguage\":\"fr-FR\",\"@id\":\"https:\\\/\\\/moedlareuth.de\\\/preview\\\/#\\\/schema\\\/logo\\\/image\\\/\",\"url\":\"https:\\\/\\\/www.moedlareuth.de\\\/wp-content\\\/uploads\\\/2022\\\/02\\\/museum_moedlareuth_logo_hell_zusatz.svg\",\"contentUrl\":\"https:\\\/\\\/www.moedlareuth.de\\\/wp-content\\\/uploads\\\/2022\\\/02\\\/museum_moedlareuth_logo_hell_zusatz.svg\",\"width\":255,\"height\":62,\"caption\":\"Deutsch-Deutsches Museum M\u00f6dlareuth\"},\"image\":{\"@id\":\"https:\\\/\\\/moedlareuth.de\\\/preview\\\/#\\\/schema\\\/logo\\\/image\\\/\"}},{\"@type\":\"Person\",\"@id\":\"https:\\\/\\\/moedlareuth.de\\\/preview\\\/#\\\/schema\\\/person\\\/42d95c7c900104834e45a22afe68e54d\",\"name\":\"Susan Burger\",\"url\":\"https:\\\/\\\/www.moedlareuth.de\\\/fr\\\/author\\\/s-burger\\\/\"}]}<\/script>\n<!-- \/ Yoast SEO plugin. -->","yoast_head_json":{"title":"Stellvertretender britischer Botschafter zu Besuch - Deutsch-Deutsches Museum M\u00f6dlareuth","robots":{"index":"index","follow":"follow","max-snippet":"max-snippet:-1","max-image-preview":"max-image-preview:large","max-video-preview":"max-video-preview:-1"},"canonical":"https:\/\/www.moedlareuth.de\/fr\/stellvertretender-britischer-botschafter-zu-besuch\/","og_locale":"fr_FR","og_type":"article","og_title":"Stellvertretender britischer Botschafter zu Besuch - Deutsch-Deutsches Museum M\u00f6dlareuth","og_description":"Auf seinem Weg von Berlin zur Sicherheitskonferenz nach M\u00fcnchen machte der stellvertretende britische Botschafter Kieran Drake einen spontanen Privatbesuch im Museum M\u00f6dlareuth. Kieran Drake interessiert sich sehr f\u00fcr die Geschichte der deutschen Teilung und erkundete das Museum ohne pers\u00f6nliche F\u00fchrung eigenst\u00e4ndig. Museumsleiter Robert Lebegern konnte ihm dennoch eine kurze Einf\u00fchrung in den historischen Ort geben...","og_url":"https:\/\/www.moedlareuth.de\/fr\/stellvertretender-britischer-botschafter-zu-besuch\/","og_site_name":"Deutsch-Deutsches Museum M\u00f6dlareuth","article_published_time":"2024-02-15T15:16:21+00:00","article_modified_time":"2024-02-15T15:16:22+00:00","og_image":[{"width":2121,"height":3399,"url":"https:\/\/www.moedlareuth.de\/wp-content\/uploads\/2024\/02\/2024-02-15_001klein.jpg","type":"image\/jpeg"}],"author":"Susan Burger","twitter_card":"summary_large_image","twitter_misc":{"\u00c9crit par":"Susan Burger","Dur\u00e9e de lecture estim\u00e9e":"1 minute"},"schema":{"@context":"https:\/\/schema.org","@graph":[{"@type":"Article","@id":"https:\/\/www.moedlareuth.de\/stellvertretender-britischer-botschafter-zu-besuch\/#article","isPartOf":{"@id":"https:\/\/www.moedlareuth.de\/stellvertretender-britischer-botschafter-zu-besuch\/"},"author":{"name":"Susan Burger","@id":"https:\/\/moedlareuth.de\/preview\/#\/schema\/person\/42d95c7c900104834e45a22afe68e54d"},"headline":"Stellvertretender britischer Botschafter zu Besuch","datePublished":"2024-02-15T15:16:21+00:00","dateModified":"2024-02-15T15:16:22+00:00","mainEntityOfPage":{"@id":"https:\/\/www.moedlareuth.de\/stellvertretender-britischer-botschafter-zu-besuch\/"},"wordCount":73,"publisher":{"@id":"https:\/\/moedlareuth.de\/preview\/#organization"},"image":{"@id":"https:\/\/www.moedlareuth.de\/stellvertretender-britischer-botschafter-zu-besuch\/#primaryimage"},"thumbnailUrl":"https:\/\/www.moedlareuth.de\/wp-content\/uploads\/2024\/02\/2024-02-15_001klein.jpg","articleSection":["Aktuelles"],"inLanguage":"fr-FR"},{"@type":"WebPage","@id":"https:\/\/www.moedlareuth.de\/stellvertretender-britischer-botschafter-zu-besuch\/","url":"https:\/\/www.moedlareuth.de\/stellvertretender-britischer-botschafter-zu-besuch\/","name":"Stellvertretender britischer Botschafter zu Besuch - Deutsch-Deutsches Museum M\u00f6dlareuth","isPartOf":{"@id":"https:\/\/moedlareuth.de\/preview\/#website"},"primaryImageOfPage":{"@id":"https:\/\/www.moedlareuth.de\/stellvertretender-britischer-botschafter-zu-besuch\/#primaryimage"},"image":{"@id":"https:\/\/www.moedlareuth.de\/stellvertretender-britischer-botschafter-zu-besuch\/#primaryimage"},"thumbnailUrl":"https:\/\/www.moedlareuth.de\/wp-content\/uploads\/2024\/02\/2024-02-15_001klein.jpg","datePublished":"2024-02-15T15:16:21+00:00","dateModified":"2024-02-15T15:16:22+00:00","breadcrumb":{"@id":"https:\/\/www.moedlareuth.de\/stellvertretender-britischer-botschafter-zu-besuch\/#breadcrumb"},"inLanguage":"fr-FR","potentialAction":[{"@type":"ReadAction","target":["https:\/\/www.moedlareuth.de\/stellvertretender-britischer-botschafter-zu-besuch\/"]}]},{"@type":"ImageObject","inLanguage":"fr-FR","@id":"https:\/\/www.moedlareuth.de\/stellvertretender-britischer-botschafter-zu-besuch\/#primaryimage","url":"https:\/\/www.moedlareuth.de\/wp-content\/uploads\/2024\/02\/2024-02-15_001klein.jpg","contentUrl":"https:\/\/www.moedlareuth.de\/wp-content\/uploads\/2024\/02\/2024-02-15_001klein.jpg","width":2121,"height":3399},{"@type":"BreadcrumbList","@id":"https:\/\/www.moedlareuth.de\/stellvertretender-britischer-botschafter-zu-besuch\/#breadcrumb","itemListElement":[{"@type":"ListItem","position":1,"name":"Startseite","item":"https:\/\/www.moedlareuth.de\/"},{"@type":"ListItem","position":2,"name":"Stellvertretender britischer Botschafter zu Besuch"}]},{"@type":"WebSite","@id":"https:\/\/moedlareuth.de\/preview\/#website","url":"https:\/\/moedlareuth.de\/preview\/","name":"Mus\u00e9e germano-allemand de M\u00f6dlareuth","description":"M\u00e9morial de la division de l'Allemagne","publisher":{"@id":"https:\/\/moedlareuth.de\/preview\/#organization"},"potentialAction":[{"@type":"SearchAction","target":{"@type":"EntryPoint","urlTemplate":"https:\/\/moedlareuth.de\/preview\/?s={search_term_string}"},"query-input":{"@type":"PropertyValueSpecification","valueRequired":true,"valueName":"search_term_string"}}],"inLanguage":"fr-FR"},{"@type":"Organization","@id":"https:\/\/moedlareuth.de\/preview\/#organization","name":"Mus\u00e9e germano-allemand de M\u00f6dlareuth","url":"https:\/\/moedlareuth.de\/preview\/","logo":{"@type":"ImageObject","inLanguage":"fr-FR","@id":"https:\/\/moedlareuth.de\/preview\/#\/schema\/logo\/image\/","url":"https:\/\/www.moedlareuth.de\/wp-content\/uploads\/2022\/02\/museum_moedlareuth_logo_hell_zusatz.svg","contentUrl":"https:\/\/www.moedlareuth.de\/wp-content\/uploads\/2022\/02\/museum_moedlareuth_logo_hell_zusatz.svg","width":255,"height":62,"caption":"Deutsch-Deutsches Museum M\u00f6dlareuth"},"image":{"@id":"https:\/\/moedlareuth.de\/preview\/#\/schema\/logo\/image\/"}},{"@type":"Person","@id":"https:\/\/moedlareuth.de\/preview\/#\/schema\/person\/42d95c7c900104834e45a22afe68e54d","name":"Susan Burger","url":"https:\/\/www.moedlareuth.de\/fr\/author\/s-burger\/"}]}},"_links":{"self":[{"href":"https:\/\/www.moedlareuth.de\/fr\/wp-json\/wp\/v2\/posts\/13401","targetHints":{"allow":["GET"]}}],"collection":[{"href":"https:\/\/www.moedlareuth.de\/fr\/wp-json\/wp\/v2\/posts"}],"about":[{"href":"https:\/\/www.moedlareuth.de\/fr\/wp-json\/wp\/v2\/types\/post"}],"author":[{"embeddable":true,"href":"https:\/\/www.moedlareuth.de\/fr\/wp-json\/wp\/v2\/users\/10"}],"replies":[{"embeddable":true,"href":"https:\/\/www.moedlareuth.de\/fr\/wp-json\/wp\/v2\/comments?post=13401"}],"version-history":[{"count":1,"href":"https:\/\/www.moedlareuth.de\/fr\/wp-json\/wp\/v2\/posts\/13401\/revisions"}],"predecessor-version":[{"id":13403,"href":"https:\/\/www.moedlareuth.de\/fr\/wp-json\/wp\/v2\/posts\/13401\/revisions\/13403"}],"wp:featuredmedia":[{"embeddable":true,"href":"https:\/\/www.moedlareuth.de\/fr\/wp-json\/wp\/v2\/media\/13402"}],"wp:attachment":[{"href":"https:\/\/www.moedlareuth.de\/fr\/wp-json\/wp\/v2\/media?parent=13401"}],"wp:term":[{"taxonomy":"category","embeddable":true,"href":"https:\/\/www.moedlareuth.de\/fr\/wp-json\/wp\/v2\/categories?post=13401"},{"taxonomy":"post_tag","embeddable":true,"href":"https:\/\/www.moedlareuth.de\/fr\/wp-json\/wp\/v2\/tags?post=13401"}],"curies":[{"name":"wp","href":"https:\/\/api.w.org\/{rel}","templated":true}]}}