{"id":13211,"date":"2023-12-19T13:44:06","date_gmt":"2023-12-19T12:44:06","guid":{"rendered":"https:\/\/www.moedlareuth.de\/?p=13211"},"modified":"2023-12-19T13:44:56","modified_gmt":"2023-12-19T12:44:56","slug":"aktueller-stand-neubau-und-ausstellungsentwurf","status":"publish","type":"post","link":"https:\/\/www.moedlareuth.de\/fr\/aktueller-stand-neubau-und-ausstellungsentwurf\/","title":{"rendered":"Aktueller Stand Neubau und <br> Ausstellungsentwurf"},"content":{"rendered":"<p>Der Rohbau des Museumsneubaus ist inzwischen weit vorangeschritten, nun wird der Ausbau vorbereitet. Zuletzt wurden die Auftr\u00e4ge f\u00fcr Metallbauarbeiten und Dachabdichtungsarbeiten vergeben. Das berichtete Projektsteuerer Maximilian Loos von Drees &amp; Sommer. \u201eDiese Woche soll beim aktuell laufenden Holzbau noch m\u00f6glichst viel erledigt, W\u00e4nde und Decken gesetzt werden, bevor es in die Winterpause geht\u201c, so Loos. Die Kosten f\u00fcr das Erweiterungsprojekt liegen weiterhin im Plan.<\/p>\n\n\n\n<p>Stefanie Spiegelhalder und Alexander Hagedorn von facts and fiction legten den Gestaltungsentwurfs f\u00fcr die zuk\u00fcnftige Dauerausstellung im Neubau vor. Gem\u00e4\u00df des vom wissenschaftlichen Beirat erarbeiteten Ausstellungskonzepts wird die Ausstellung Gro\u00dfteils in historische Epochen unterteilt sein, von Epoche 1 \u201eDeutschland wird geteilt\u201c bis hin zu Epoche 4 \u201eGrenz\u00f6ffnung\u201c mit einer eindrucksvollen Inszenierung der Ereignisse.<\/p>\n\n\n\n<p>\u201eDas Zusammentragen der Inhalte und des Materials ist nun abgeschlossen, alle W\u00e4nde der Ausstellung sind verplant\u201c, berichtete Stefanie Spiegelhalder. Auch das Fluchtflugzeug, das als eines der gr\u00f6\u00dften Exponate im Neubau ein Eyecatcher sein wird, ist \u2013 wie berichtet \u2013 bereits in M\u00f6dlareuth. Der Gestaltungsentwurf sieht vor, dass jede Epoche eine eindrucksvolle Auftaktinszenierung erh\u00e4lt und dann n\u00e4her erl\u00e4utert wird. Zum Einsatz kommt dabei ein Medienmix aus Bildern, Texten, dreidimensionalen Ausstellungsst\u00fccken, Filmmaterial und Audiostationen mit Zeitzeugenberichten.<\/p>\n\n\n\n<p>\u201eDie Ausstellung beginnt bereits im Foyer mit einer ersten zentralen Inszenierung aus einer Zitate-Wand und dem 3D-Modell des Dorfes\u201c, erkl\u00e4rte Alexander Hagedorn. \u201eIn der sich anschlie\u00dfenden gro\u00dfen Ausstellungshalle wird es keine abgeschlossenen R\u00e4ume, sondern einen Rundgang geben, der vorgegeben durch die Architektur auf einen Fluchtpunkt zul\u00e4uft und sich verdichtet\u201c, so Hagedorn zur Besucherf\u00fchrung. \u201eWir wollen die Besucher intuitiv durch die Ausstellung f\u00fchren, ohne ein Gef\u00fchl des Zwangs.\u201c<\/p>\n\n\n\n<p>Sowohl die Geschichte M\u00f6dlareuths als auch der weltpolitische Rahmen werden dabei beleuchtet. Auch durch ein gro\u00dfes Panoramafenster wird eine Verbindung zwischen Ausstellungsinhalten und der Lebensrealit\u00e4t im Dorf hergestellt: Der Blick aus dem Inneren reicht bis zum Dorf mit dem Au\u00dfengel\u00e4nde und den Sperranlagen. \u201eAuch die Perspektive von drau\u00dfen ins Innere, auf die Ausstellung, die zwei Stockwerke und das von der Decke h\u00e4ngende Flugzeug wird sehr attraktiv sein\u201c, so Hagedorn.<\/p>\n\n\n\n<p>Abschlie\u00dfend pr\u00e4sentierten die beiden Ausstellungsgestalter dem Gremium Muster von Materialien und Schriften, die in der Ausstellung verwendet werden.<\/p>\n\n\n\n<figure class=\"wp-block-image size-full\"><a href=\"https:\/\/www.moedlareuth.de\/wp-content\/uploads\/2023\/12\/Praesentation-gr-Gruppe-Praesentation-Hagedorn-Spiegelhalder-Fuegmann-Franz-Hennig-Baer-Ramming-Kaetzel-Lebegern-20231215_135029.jpg\"><img fetchpriority=\"high\" decoding=\"async\" width=\"3282\" height=\"2188\" src=\"https:\/\/www.moedlareuth.de\/wp-content\/uploads\/2023\/12\/Praesentation-gr-Gruppe-Praesentation-Hagedorn-Spiegelhalder-Fuegmann-Franz-Hennig-Baer-Ramming-Kaetzel-Lebegern-20231215_135029.jpg\" alt=\"\" class=\"wp-image-13215\"\/><\/a><\/figure>\n\n\n\n<p>\u201eDie Ausstellung ist das zentrale Element unseres Erweiterungsprojektes. Ich freue mich sehr auf die Umsetzung\u201c, so das Fazit des Zweckverbandsvorsitzenden Landrat Dr. Oliver B\u00e4r.<\/p>\n\n\n\n<p>\u201eMit dieser Ausstellung setzen wir unseren Bildungsauftrag um\u201c, so der stellvertretende Vorsitzende Landrat Thomas F\u00fcgmann, der dem Team von facts and fiction viel Erfolg bei der Umsetzung w\u00fcnschte. Der pr\u00e4sentierte Entwurf wurde von der Zweckverbandsversammlung sehr positiv aufgenommen und zur Umsetzung freigegeben. Somit kann nun die Umsetzung und konkrete grafische Ausgestaltung der Inhalte erfolgen.<\/p>","protected":false},"excerpt":{"rendered":"<p>Der Rohbau des Museumsneubaus ist inzwischen weit vorangeschritten, nun wird der Ausbau vorbereitet. Zuletzt wurden die Auftr\u00e4ge f\u00fcr Metallbauarbeiten und Dachabdichtungsarbeiten vergeben. Das berichtete Projektsteuerer Maximilian Loos von Drees &amp; Sommer. \u201eDiese Woche soll beim aktuell laufenden Holzbau noch m\u00f6glichst viel erledigt, W\u00e4nde und Decken gesetzt werden, bevor es in die Winterpause geht\u201c, so Loos&#8230;.<\/p>","protected":false},"author":10,"featured_media":13214,"comment_status":"closed","ping_status":"closed","sticky":false,"template":"","format":"standard","meta":{"_acf_changed":false,"inline_featured_image":false,"_kad_post_transparent":"","_kad_post_title":"","_kad_post_layout":"","_kad_post_sidebar_id":"","_kad_post_content_style":"","_kad_post_vertical_padding":"","_kad_post_feature":"","_kad_post_feature_position":"","_kad_post_header":false,"_kad_post_footer":false,"_kad_post_classname":"","footnotes":""},"categories":[1],"tags":[],"class_list":["post-13211","post","type-post","status-publish","format-standard","has-post-thumbnail","hentry","category-aktuelles"],"acf":[],"yoast_head":"<!-- This site is optimized with the Yoast SEO plugin v27.5 - https:\/\/yoast.com\/product\/yoast-seo-wordpress\/ -->\n<title>Aktueller Stand Neubau und  Ausstellungsentwurf - Deutsch-Deutsches Museum M\u00f6dlareuth<\/title>\n<meta name=\"robots\" content=\"index, follow, max-snippet:-1, max-image-preview:large, max-video-preview:-1\" \/>\n<link rel=\"canonical\" href=\"https:\/\/www.moedlareuth.de\/fr\/aktueller-stand-neubau-und-ausstellungsentwurf\/\" \/>\n<meta property=\"og:locale\" content=\"fr_FR\" \/>\n<meta property=\"og:type\" content=\"article\" \/>\n<meta property=\"og:title\" content=\"Aktueller Stand Neubau und  Ausstellungsentwurf - Deutsch-Deutsches Museum M\u00f6dlareuth\" \/>\n<meta property=\"og:description\" content=\"Der Rohbau des Museumsneubaus ist inzwischen weit vorangeschritten, nun wird der Ausbau vorbereitet. Zuletzt wurden die Auftr\u00e4ge f\u00fcr Metallbauarbeiten und Dachabdichtungsarbeiten vergeben. Das berichtete Projektsteuerer Maximilian Loos von Drees &amp; Sommer. \u201eDiese Woche soll beim aktuell laufenden Holzbau noch m\u00f6glichst viel erledigt, W\u00e4nde und Decken gesetzt werden, bevor es in die Winterpause geht\u201c, so Loos....\" \/>\n<meta property=\"og:url\" content=\"https:\/\/www.moedlareuth.de\/fr\/aktueller-stand-neubau-und-ausstellungsentwurf\/\" \/>\n<meta property=\"og:site_name\" content=\"Deutsch-Deutsches Museum M\u00f6dlareuth\" \/>\n<meta property=\"article:published_time\" content=\"2023-12-19T12:44:06+00:00\" \/>\n<meta property=\"article:modified_time\" content=\"2023-12-19T12:44:56+00:00\" \/>\n<meta property=\"og:image\" content=\"https:\/\/www.moedlareuth.de\/wp-content\/uploads\/2023\/12\/Praesentatiion-Gruppe-Hagedorn-Spiegelhalder-Fuegmann-Hennig-Baer-20231215_1347380.jpg\" \/>\n\t<meta property=\"og:image:width\" content=\"2309\" \/>\n\t<meta property=\"og:image:height\" content=\"1732\" \/>\n\t<meta property=\"og:image:type\" content=\"image\/jpeg\" \/>\n<meta name=\"author\" content=\"Susan Burger\" \/>\n<meta name=\"twitter:card\" content=\"summary_large_image\" \/>\n<meta name=\"twitter:label1\" content=\"\u00c9crit par\" \/>\n\t<meta name=\"twitter:data1\" content=\"Susan Burger\" \/>\n\t<meta name=\"twitter:label2\" content=\"Dur\u00e9e de lecture estim\u00e9e\" \/>\n\t<meta name=\"twitter:data2\" content=\"3 minutes\" \/>\n<script type=\"application\/ld+json\" class=\"yoast-schema-graph\">{\"@context\":\"https:\\\/\\\/schema.org\",\"@graph\":[{\"@type\":\"Article\",\"@id\":\"https:\\\/\\\/www.moedlareuth.de\\\/aktueller-stand-neubau-und-ausstellungsentwurf\\\/#article\",\"isPartOf\":{\"@id\":\"https:\\\/\\\/www.moedlareuth.de\\\/aktueller-stand-neubau-und-ausstellungsentwurf\\\/\"},\"author\":{\"name\":\"Susan Burger\",\"@id\":\"https:\\\/\\\/moedlareuth.de\\\/preview\\\/#\\\/schema\\\/person\\\/42d95c7c900104834e45a22afe68e54d\"},\"headline\":\"Aktueller Stand Neubau und Ausstellungsentwurf\",\"datePublished\":\"2023-12-19T12:44:06+00:00\",\"dateModified\":\"2023-12-19T12:44:56+00:00\",\"mainEntityOfPage\":{\"@id\":\"https:\\\/\\\/www.moedlareuth.de\\\/aktueller-stand-neubau-und-ausstellungsentwurf\\\/\"},\"wordCount\":461,\"publisher\":{\"@id\":\"https:\\\/\\\/moedlareuth.de\\\/preview\\\/#organization\"},\"image\":{\"@id\":\"https:\\\/\\\/www.moedlareuth.de\\\/aktueller-stand-neubau-und-ausstellungsentwurf\\\/#primaryimage\"},\"thumbnailUrl\":\"https:\\\/\\\/www.moedlareuth.de\\\/wp-content\\\/uploads\\\/2023\\\/12\\\/Praesentatiion-Gruppe-Hagedorn-Spiegelhalder-Fuegmann-Hennig-Baer-20231215_1347380.jpg\",\"articleSection\":[\"Aktuelles\"],\"inLanguage\":\"fr-FR\"},{\"@type\":\"WebPage\",\"@id\":\"https:\\\/\\\/www.moedlareuth.de\\\/aktueller-stand-neubau-und-ausstellungsentwurf\\\/\",\"url\":\"https:\\\/\\\/www.moedlareuth.de\\\/aktueller-stand-neubau-und-ausstellungsentwurf\\\/\",\"name\":\"Aktueller Stand Neubau und Ausstellungsentwurf - Deutsch-Deutsches Museum M\u00f6dlareuth\",\"isPartOf\":{\"@id\":\"https:\\\/\\\/moedlareuth.de\\\/preview\\\/#website\"},\"primaryImageOfPage\":{\"@id\":\"https:\\\/\\\/www.moedlareuth.de\\\/aktueller-stand-neubau-und-ausstellungsentwurf\\\/#primaryimage\"},\"image\":{\"@id\":\"https:\\\/\\\/www.moedlareuth.de\\\/aktueller-stand-neubau-und-ausstellungsentwurf\\\/#primaryimage\"},\"thumbnailUrl\":\"https:\\\/\\\/www.moedlareuth.de\\\/wp-content\\\/uploads\\\/2023\\\/12\\\/Praesentatiion-Gruppe-Hagedorn-Spiegelhalder-Fuegmann-Hennig-Baer-20231215_1347380.jpg\",\"datePublished\":\"2023-12-19T12:44:06+00:00\",\"dateModified\":\"2023-12-19T12:44:56+00:00\",\"breadcrumb\":{\"@id\":\"https:\\\/\\\/www.moedlareuth.de\\\/aktueller-stand-neubau-und-ausstellungsentwurf\\\/#breadcrumb\"},\"inLanguage\":\"fr-FR\",\"potentialAction\":[{\"@type\":\"ReadAction\",\"target\":[\"https:\\\/\\\/www.moedlareuth.de\\\/aktueller-stand-neubau-und-ausstellungsentwurf\\\/\"]}]},{\"@type\":\"ImageObject\",\"inLanguage\":\"fr-FR\",\"@id\":\"https:\\\/\\\/www.moedlareuth.de\\\/aktueller-stand-neubau-und-ausstellungsentwurf\\\/#primaryimage\",\"url\":\"https:\\\/\\\/www.moedlareuth.de\\\/wp-content\\\/uploads\\\/2023\\\/12\\\/Praesentatiion-Gruppe-Hagedorn-Spiegelhalder-Fuegmann-Hennig-Baer-20231215_1347380.jpg\",\"contentUrl\":\"https:\\\/\\\/www.moedlareuth.de\\\/wp-content\\\/uploads\\\/2023\\\/12\\\/Praesentatiion-Gruppe-Hagedorn-Spiegelhalder-Fuegmann-Hennig-Baer-20231215_1347380.jpg\",\"width\":2309,\"height\":1732},{\"@type\":\"BreadcrumbList\",\"@id\":\"https:\\\/\\\/www.moedlareuth.de\\\/aktueller-stand-neubau-und-ausstellungsentwurf\\\/#breadcrumb\",\"itemListElement\":[{\"@type\":\"ListItem\",\"position\":1,\"name\":\"Startseite\",\"item\":\"https:\\\/\\\/www.moedlareuth.de\\\/\"},{\"@type\":\"ListItem\",\"position\":2,\"name\":\"Aktueller Stand Neubau und Ausstellungsentwurf\"}]},{\"@type\":\"WebSite\",\"@id\":\"https:\\\/\\\/moedlareuth.de\\\/preview\\\/#website\",\"url\":\"https:\\\/\\\/moedlareuth.de\\\/preview\\\/\",\"name\":\"Deutsch-Deutsches Museum M\u00f6dlareuth\",\"description\":\"Gedenkst\u00e4tte zur deutschen Teilung\",\"publisher\":{\"@id\":\"https:\\\/\\\/moedlareuth.de\\\/preview\\\/#organization\"},\"potentialAction\":[{\"@type\":\"SearchAction\",\"target\":{\"@type\":\"EntryPoint\",\"urlTemplate\":\"https:\\\/\\\/moedlareuth.de\\\/preview\\\/?s={search_term_string}\"},\"query-input\":{\"@type\":\"PropertyValueSpecification\",\"valueRequired\":true,\"valueName\":\"search_term_string\"}}],\"inLanguage\":\"fr-FR\"},{\"@type\":\"Organization\",\"@id\":\"https:\\\/\\\/moedlareuth.de\\\/preview\\\/#organization\",\"name\":\"Deutsch-Deutsches Museum M\u00f6dlareuth\",\"url\":\"https:\\\/\\\/moedlareuth.de\\\/preview\\\/\",\"logo\":{\"@type\":\"ImageObject\",\"inLanguage\":\"fr-FR\",\"@id\":\"https:\\\/\\\/moedlareuth.de\\\/preview\\\/#\\\/schema\\\/logo\\\/image\\\/\",\"url\":\"https:\\\/\\\/www.moedlareuth.de\\\/wp-content\\\/uploads\\\/2022\\\/02\\\/museum_moedlareuth_logo_hell_zusatz.svg\",\"contentUrl\":\"https:\\\/\\\/www.moedlareuth.de\\\/wp-content\\\/uploads\\\/2022\\\/02\\\/museum_moedlareuth_logo_hell_zusatz.svg\",\"width\":255,\"height\":62,\"caption\":\"Deutsch-Deutsches Museum M\u00f6dlareuth\"},\"image\":{\"@id\":\"https:\\\/\\\/moedlareuth.de\\\/preview\\\/#\\\/schema\\\/logo\\\/image\\\/\"}},{\"@type\":\"Person\",\"@id\":\"https:\\\/\\\/moedlareuth.de\\\/preview\\\/#\\\/schema\\\/person\\\/42d95c7c900104834e45a22afe68e54d\",\"name\":\"Susan Burger\",\"url\":\"https:\\\/\\\/www.moedlareuth.de\\\/fr\\\/author\\\/s-burger\\\/\"}]}<\/script>\n<!-- \/ Yoast SEO plugin. -->","yoast_head_json":{"title":"Aktueller Stand Neubau und  Ausstellungsentwurf - Deutsch-Deutsches Museum M\u00f6dlareuth","robots":{"index":"index","follow":"follow","max-snippet":"max-snippet:-1","max-image-preview":"max-image-preview:large","max-video-preview":"max-video-preview:-1"},"canonical":"https:\/\/www.moedlareuth.de\/fr\/aktueller-stand-neubau-und-ausstellungsentwurf\/","og_locale":"fr_FR","og_type":"article","og_title":"Aktueller Stand Neubau und  Ausstellungsentwurf - Deutsch-Deutsches Museum M\u00f6dlareuth","og_description":"Der Rohbau des Museumsneubaus ist inzwischen weit vorangeschritten, nun wird der Ausbau vorbereitet. Zuletzt wurden die Auftr\u00e4ge f\u00fcr Metallbauarbeiten und Dachabdichtungsarbeiten vergeben. Das berichtete Projektsteuerer Maximilian Loos von Drees &amp; Sommer. \u201eDiese Woche soll beim aktuell laufenden Holzbau noch m\u00f6glichst viel erledigt, W\u00e4nde und Decken gesetzt werden, bevor es in die Winterpause geht\u201c, so Loos....","og_url":"https:\/\/www.moedlareuth.de\/fr\/aktueller-stand-neubau-und-ausstellungsentwurf\/","og_site_name":"Deutsch-Deutsches Museum M\u00f6dlareuth","article_published_time":"2023-12-19T12:44:06+00:00","article_modified_time":"2023-12-19T12:44:56+00:00","og_image":[{"width":2309,"height":1732,"url":"https:\/\/www.moedlareuth.de\/wp-content\/uploads\/2023\/12\/Praesentatiion-Gruppe-Hagedorn-Spiegelhalder-Fuegmann-Hennig-Baer-20231215_1347380.jpg","type":"image\/jpeg"}],"author":"Susan Burger","twitter_card":"summary_large_image","twitter_misc":{"\u00c9crit par":"Susan Burger","Dur\u00e9e de lecture estim\u00e9e":"3 minutes"},"schema":{"@context":"https:\/\/schema.org","@graph":[{"@type":"Article","@id":"https:\/\/www.moedlareuth.de\/aktueller-stand-neubau-und-ausstellungsentwurf\/#article","isPartOf":{"@id":"https:\/\/www.moedlareuth.de\/aktueller-stand-neubau-und-ausstellungsentwurf\/"},"author":{"name":"Susan Burger","@id":"https:\/\/moedlareuth.de\/preview\/#\/schema\/person\/42d95c7c900104834e45a22afe68e54d"},"headline":"Aktueller Stand Neubau und Ausstellungsentwurf","datePublished":"2023-12-19T12:44:06+00:00","dateModified":"2023-12-19T12:44:56+00:00","mainEntityOfPage":{"@id":"https:\/\/www.moedlareuth.de\/aktueller-stand-neubau-und-ausstellungsentwurf\/"},"wordCount":461,"publisher":{"@id":"https:\/\/moedlareuth.de\/preview\/#organization"},"image":{"@id":"https:\/\/www.moedlareuth.de\/aktueller-stand-neubau-und-ausstellungsentwurf\/#primaryimage"},"thumbnailUrl":"https:\/\/www.moedlareuth.de\/wp-content\/uploads\/2023\/12\/Praesentatiion-Gruppe-Hagedorn-Spiegelhalder-Fuegmann-Hennig-Baer-20231215_1347380.jpg","articleSection":["Aktuelles"],"inLanguage":"fr-FR"},{"@type":"WebPage","@id":"https:\/\/www.moedlareuth.de\/aktueller-stand-neubau-und-ausstellungsentwurf\/","url":"https:\/\/www.moedlareuth.de\/aktueller-stand-neubau-und-ausstellungsentwurf\/","name":"Aktueller Stand Neubau und Ausstellungsentwurf - Deutsch-Deutsches Museum M\u00f6dlareuth","isPartOf":{"@id":"https:\/\/moedlareuth.de\/preview\/#website"},"primaryImageOfPage":{"@id":"https:\/\/www.moedlareuth.de\/aktueller-stand-neubau-und-ausstellungsentwurf\/#primaryimage"},"image":{"@id":"https:\/\/www.moedlareuth.de\/aktueller-stand-neubau-und-ausstellungsentwurf\/#primaryimage"},"thumbnailUrl":"https:\/\/www.moedlareuth.de\/wp-content\/uploads\/2023\/12\/Praesentatiion-Gruppe-Hagedorn-Spiegelhalder-Fuegmann-Hennig-Baer-20231215_1347380.jpg","datePublished":"2023-12-19T12:44:06+00:00","dateModified":"2023-12-19T12:44:56+00:00","breadcrumb":{"@id":"https:\/\/www.moedlareuth.de\/aktueller-stand-neubau-und-ausstellungsentwurf\/#breadcrumb"},"inLanguage":"fr-FR","potentialAction":[{"@type":"ReadAction","target":["https:\/\/www.moedlareuth.de\/aktueller-stand-neubau-und-ausstellungsentwurf\/"]}]},{"@type":"ImageObject","inLanguage":"fr-FR","@id":"https:\/\/www.moedlareuth.de\/aktueller-stand-neubau-und-ausstellungsentwurf\/#primaryimage","url":"https:\/\/www.moedlareuth.de\/wp-content\/uploads\/2023\/12\/Praesentatiion-Gruppe-Hagedorn-Spiegelhalder-Fuegmann-Hennig-Baer-20231215_1347380.jpg","contentUrl":"https:\/\/www.moedlareuth.de\/wp-content\/uploads\/2023\/12\/Praesentatiion-Gruppe-Hagedorn-Spiegelhalder-Fuegmann-Hennig-Baer-20231215_1347380.jpg","width":2309,"height":1732},{"@type":"BreadcrumbList","@id":"https:\/\/www.moedlareuth.de\/aktueller-stand-neubau-und-ausstellungsentwurf\/#breadcrumb","itemListElement":[{"@type":"ListItem","position":1,"name":"Startseite","item":"https:\/\/www.moedlareuth.de\/"},{"@type":"ListItem","position":2,"name":"Aktueller Stand Neubau und Ausstellungsentwurf"}]},{"@type":"WebSite","@id":"https:\/\/moedlareuth.de\/preview\/#website","url":"https:\/\/moedlareuth.de\/preview\/","name":"Mus\u00e9e germano-allemand de M\u00f6dlareuth","description":"M\u00e9morial de la division de l'Allemagne","publisher":{"@id":"https:\/\/moedlareuth.de\/preview\/#organization"},"potentialAction":[{"@type":"SearchAction","target":{"@type":"EntryPoint","urlTemplate":"https:\/\/moedlareuth.de\/preview\/?s={search_term_string}"},"query-input":{"@type":"PropertyValueSpecification","valueRequired":true,"valueName":"search_term_string"}}],"inLanguage":"fr-FR"},{"@type":"Organization","@id":"https:\/\/moedlareuth.de\/preview\/#organization","name":"Mus\u00e9e germano-allemand de M\u00f6dlareuth","url":"https:\/\/moedlareuth.de\/preview\/","logo":{"@type":"ImageObject","inLanguage":"fr-FR","@id":"https:\/\/moedlareuth.de\/preview\/#\/schema\/logo\/image\/","url":"https:\/\/www.moedlareuth.de\/wp-content\/uploads\/2022\/02\/museum_moedlareuth_logo_hell_zusatz.svg","contentUrl":"https:\/\/www.moedlareuth.de\/wp-content\/uploads\/2022\/02\/museum_moedlareuth_logo_hell_zusatz.svg","width":255,"height":62,"caption":"Deutsch-Deutsches Museum M\u00f6dlareuth"},"image":{"@id":"https:\/\/moedlareuth.de\/preview\/#\/schema\/logo\/image\/"}},{"@type":"Person","@id":"https:\/\/moedlareuth.de\/preview\/#\/schema\/person\/42d95c7c900104834e45a22afe68e54d","name":"Susan Burger","url":"https:\/\/www.moedlareuth.de\/fr\/author\/s-burger\/"}]}},"_links":{"self":[{"href":"https:\/\/www.moedlareuth.de\/fr\/wp-json\/wp\/v2\/posts\/13211","targetHints":{"allow":["GET"]}}],"collection":[{"href":"https:\/\/www.moedlareuth.de\/fr\/wp-json\/wp\/v2\/posts"}],"about":[{"href":"https:\/\/www.moedlareuth.de\/fr\/wp-json\/wp\/v2\/types\/post"}],"author":[{"embeddable":true,"href":"https:\/\/www.moedlareuth.de\/fr\/wp-json\/wp\/v2\/users\/10"}],"replies":[{"embeddable":true,"href":"https:\/\/www.moedlareuth.de\/fr\/wp-json\/wp\/v2\/comments?post=13211"}],"version-history":[{"count":3,"href":"https:\/\/www.moedlareuth.de\/fr\/wp-json\/wp\/v2\/posts\/13211\/revisions"}],"predecessor-version":[{"id":13219,"href":"https:\/\/www.moedlareuth.de\/fr\/wp-json\/wp\/v2\/posts\/13211\/revisions\/13219"}],"wp:featuredmedia":[{"embeddable":true,"href":"https:\/\/www.moedlareuth.de\/fr\/wp-json\/wp\/v2\/media\/13214"}],"wp:attachment":[{"href":"https:\/\/www.moedlareuth.de\/fr\/wp-json\/wp\/v2\/media?parent=13211"}],"wp:term":[{"taxonomy":"category","embeddable":true,"href":"https:\/\/www.moedlareuth.de\/fr\/wp-json\/wp\/v2\/categories?post=13211"},{"taxonomy":"post_tag","embeddable":true,"href":"https:\/\/www.moedlareuth.de\/fr\/wp-json\/wp\/v2\/tags?post=13211"}],"curies":[{"name":"wp","href":"https:\/\/api.w.org\/{rel}","templated":true}]}}