{"id":695,"date":"2016-06-10T09:42:34","date_gmt":"2016-06-10T07:42:34","guid":{"rendered":"http:\/\/www.moedlareuth.de\/?p=695"},"modified":"2021-12-07T05:02:31","modified_gmt":"2021-12-07T04:02:31","slug":"gastvortrag-inoffizielle-mitarbeiter-des-ministeriums-fuer-staatssicherheit-forschungsstand-und-perspektiven","status":"publish","type":"post","link":"https:\/\/www.moedlareuth.de\/es\/gastvortrag-inoffizielle-mitarbeiter-des-ministeriums-fuer-staatssicherheit-forschungsstand-und-perspektiven\/","title":{"rendered":"Gastvortrag \u201eInoffizielle Mitarbeiter des Ministeriums f\u00fcr Staatssicherheit \u2013 Forschungsstand und Perspektiven\u201c"},"content":{"rendered":"<p>Zum Gastvortrag <strong>\u201eInoffizielle Mitarbeiter des Ministeriums f\u00fcr Staatssicherheit \u2013 Forschungsstand und Perspektiven\u201c<\/strong> von <strong>Dr. Helmut M\u00fcller-Enbergs <\/strong>Syddansk Universitet (D\u00e4nemark)\u00a0laden wir Sie recht herzlich am <strong>13. Juni 2016<\/strong> um <strong>16.00 Uhr<\/strong> in das Deutsch-Deutsche Museum M\u00f6dlareuth (Kino 1) ein.<\/p>\n<p><span style=\"color: #000000; font-family: Arial;\">Was wei\u00df man ein Vierteljahrhundert nach der Deutschen Einheit eigentlich \u00fcber inoffizielle Mitarbeiter (IM) des MfS? Waren sie nur kleine R\u00e4dchen im gro\u00dfen Betrieb der SED-Diktatur? Oder waren sie so bedeutend, wie zuweilen zu lesen ist? <\/span><span style=\"color: #000000; font-family: Arial;\">Wer waren sie also? Wie viele gab es? Wie war das Geschlechterverh\u00e4ltnis? Wie wurde man es? Und die K\u00f6nigsfrage: Warum machten Menschen mit, obgleich sie wussten, dass sie in der DDR gesellschaftlich als \u201eSpitzel\u201c gelten w\u00fcrden, im Westen als \u201eSpione\u201c, die \u2013 erwischte man sie \u2013 zu einer Haftstrafe verurteilt werden konnten.<\/span><span style=\"color: #000000; font-family: Arial;\">\u00a0<\/span><\/p>\n<p><span style=\"color: #000000; font-family: Arial;\">Diesen und anderen Fragen wird Dr. Helmut M\u00fcller-Enbergs (Syddansk Universitet) in seinem Vortrag nachgehen.<\/span><\/p>\n<p>&nbsp;<\/p>\n<p><span style=\"color: #000000; font-family: Arial; font-size: small;\">\u00a0<\/span><\/p>\n<p>&nbsp;<\/p>\n<p><span style=\"color: #000000; font-family: Arial; font-size: small;\">\u00a0<\/span><\/p>\n<p>&nbsp;<\/p>","protected":false},"excerpt":{"rendered":"<p>Zum Gastvortrag \u201eInoffizielle Mitarbeiter des Ministeriums f\u00fcr Staatssicherheit \u2013 Forschungsstand und Perspektiven\u201c von Dr. Helmut M\u00fcller-Enbergs Syddansk Universitet (D\u00e4nemark)\u00a0laden wir Sie recht herzlich am 13. Juni 2016 um 16.00 Uhr in das Deutsch-Deutsche Museum M\u00f6dlareuth (Kino 1) ein. Was wei\u00df man ein Vierteljahrhundert nach der Deutschen Einheit eigentlich \u00fcber inoffizielle Mitarbeiter (IM) des MfS? Waren&#8230;<\/p>","protected":false},"author":6,"featured_media":210,"comment_status":"closed","ping_status":"closed","sticky":false,"template":"","format":"standard","meta":{"_acf_changed":false,"inline_featured_image":false,"_kad_post_transparent":"","_kad_post_title":"","_kad_post_layout":"","_kad_post_sidebar_id":"","_kad_post_content_style":"","_kad_post_vertical_padding":"","_kad_post_feature":"","_kad_post_feature_position":"","_kad_post_header":false,"_kad_post_footer":false,"_kad_post_classname":"","footnotes":""},"categories":[1],"tags":[],"class_list":["post-695","post","type-post","status-publish","format-standard","has-post-thumbnail","hentry","category-aktuelles"],"acf":[],"yoast_head":"<!-- This site is optimized with the Yoast SEO plugin v27.5 - https:\/\/yoast.com\/product\/yoast-seo-wordpress\/ -->\n<title>Gastvortrag \u201eInoffizielle Mitarbeiter des Ministeriums f\u00fcr Staatssicherheit \u2013 Forschungsstand und Perspektiven\u201c - Deutsch-Deutsches Museum M\u00f6dlareuth<\/title>\n<meta name=\"robots\" content=\"index, follow, max-snippet:-1, max-image-preview:large, max-video-preview:-1\" \/>\n<link rel=\"canonical\" href=\"https:\/\/moedlareuth.de\/gastvortrag-inoffizielle-mitarbeiter-des-ministeriums-fuer-staatssicherheit-forschungsstand-und-perspektiven\/\" \/>\n<meta property=\"og:locale\" content=\"es_ES\" \/>\n<meta property=\"og:type\" content=\"article\" \/>\n<meta property=\"og:title\" content=\"Gastvortrag \u201eInoffizielle Mitarbeiter des Ministeriums f\u00fcr Staatssicherheit \u2013 Forschungsstand und Perspektiven\u201c - Deutsch-Deutsches Museum M\u00f6dlareuth\" \/>\n<meta property=\"og:description\" content=\"Zum Gastvortrag \u201eInoffizielle Mitarbeiter des Ministeriums f\u00fcr Staatssicherheit \u2013 Forschungsstand und Perspektiven\u201c von Dr. Helmut M\u00fcller-Enbergs Syddansk Universitet (D\u00e4nemark)\u00a0laden wir Sie recht herzlich am 13. Juni 2016 um 16.00 Uhr in das Deutsch-Deutsche Museum M\u00f6dlareuth (Kino 1) ein. Was wei\u00df man ein Vierteljahrhundert nach der Deutschen Einheit eigentlich \u00fcber inoffizielle Mitarbeiter (IM) des MfS? Waren...\" \/>\n<meta property=\"og:url\" content=\"https:\/\/moedlareuth.de\/gastvortrag-inoffizielle-mitarbeiter-des-ministeriums-fuer-staatssicherheit-forschungsstand-und-perspektiven\/\" \/>\n<meta property=\"og:site_name\" content=\"Deutsch-Deutsches Museum M\u00f6dlareuth\" \/>\n<meta property=\"article:published_time\" content=\"2016-06-10T07:42:34+00:00\" \/>\n<meta property=\"article:modified_time\" content=\"2021-12-07T04:02:31+00:00\" \/>\n<meta property=\"og:image\" content=\"https:\/\/moedlareuth.de\/preview\/wp-content\/uploads\/2015\/11\/42DDMM\u00f6dlareuth.jpg\" \/>\n\t<meta property=\"og:image:width\" content=\"1772\" \/>\n\t<meta property=\"og:image:height\" content=\"1182\" \/>\n\t<meta property=\"og:image:type\" content=\"image\/jpeg\" \/>\n<meta name=\"author\" content=\"Ronald Schricker\" \/>\n<meta name=\"twitter:card\" content=\"summary_large_image\" \/>\n<meta name=\"twitter:label1\" content=\"Escrito por\" \/>\n\t<meta name=\"twitter:data1\" content=\"Ronald Schricker\" \/>\n\t<meta name=\"twitter:label2\" content=\"Tiempo de lectura\" \/>\n\t<meta name=\"twitter:data2\" content=\"1 minuto\" \/>\n<script type=\"application\/ld+json\" class=\"yoast-schema-graph\">{\"@context\":\"https:\\\/\\\/schema.org\",\"@graph\":[{\"@type\":\"Article\",\"@id\":\"https:\\\/\\\/moedlareuth.de\\\/gastvortrag-inoffizielle-mitarbeiter-des-ministeriums-fuer-staatssicherheit-forschungsstand-und-perspektiven\\\/#article\",\"isPartOf\":{\"@id\":\"https:\\\/\\\/moedlareuth.de\\\/gastvortrag-inoffizielle-mitarbeiter-des-ministeriums-fuer-staatssicherheit-forschungsstand-und-perspektiven\\\/\"},\"author\":{\"name\":\"Ronald Schricker\",\"@id\":\"https:\\\/\\\/moedlareuth.de\\\/preview\\\/#\\\/schema\\\/person\\\/9194619dfae57e8d77d645ad86c2ea4e\"},\"headline\":\"Gastvortrag \u201eInoffizielle Mitarbeiter des Ministeriums f\u00fcr Staatssicherheit \u2013 Forschungsstand und Perspektiven\u201c\",\"datePublished\":\"2016-06-10T07:42:34+00:00\",\"dateModified\":\"2021-12-07T04:02:31+00:00\",\"mainEntityOfPage\":{\"@id\":\"https:\\\/\\\/moedlareuth.de\\\/gastvortrag-inoffizielle-mitarbeiter-des-ministeriums-fuer-staatssicherheit-forschungsstand-und-perspektiven\\\/\"},\"wordCount\":158,\"publisher\":{\"@id\":\"https:\\\/\\\/moedlareuth.de\\\/preview\\\/#organization\"},\"image\":{\"@id\":\"https:\\\/\\\/moedlareuth.de\\\/gastvortrag-inoffizielle-mitarbeiter-des-ministeriums-fuer-staatssicherheit-forschungsstand-und-perspektiven\\\/#primaryimage\"},\"thumbnailUrl\":\"https:\\\/\\\/www.moedlareuth.de\\\/wp-content\\\/uploads\\\/2015\\\/11\\\/42DDMM\u00f6dlareuth.jpg\",\"articleSection\":[\"Aktuelles\"],\"inLanguage\":\"es\"},{\"@type\":\"WebPage\",\"@id\":\"https:\\\/\\\/moedlareuth.de\\\/gastvortrag-inoffizielle-mitarbeiter-des-ministeriums-fuer-staatssicherheit-forschungsstand-und-perspektiven\\\/\",\"url\":\"https:\\\/\\\/moedlareuth.de\\\/gastvortrag-inoffizielle-mitarbeiter-des-ministeriums-fuer-staatssicherheit-forschungsstand-und-perspektiven\\\/\",\"name\":\"Gastvortrag \u201eInoffizielle Mitarbeiter des Ministeriums f\u00fcr Staatssicherheit \u2013 Forschungsstand und Perspektiven\u201c - Deutsch-Deutsches Museum M\u00f6dlareuth\",\"isPartOf\":{\"@id\":\"https:\\\/\\\/moedlareuth.de\\\/preview\\\/#website\"},\"primaryImageOfPage\":{\"@id\":\"https:\\\/\\\/moedlareuth.de\\\/gastvortrag-inoffizielle-mitarbeiter-des-ministeriums-fuer-staatssicherheit-forschungsstand-und-perspektiven\\\/#primaryimage\"},\"image\":{\"@id\":\"https:\\\/\\\/moedlareuth.de\\\/gastvortrag-inoffizielle-mitarbeiter-des-ministeriums-fuer-staatssicherheit-forschungsstand-und-perspektiven\\\/#primaryimage\"},\"thumbnailUrl\":\"https:\\\/\\\/www.moedlareuth.de\\\/wp-content\\\/uploads\\\/2015\\\/11\\\/42DDMM\u00f6dlareuth.jpg\",\"datePublished\":\"2016-06-10T07:42:34+00:00\",\"dateModified\":\"2021-12-07T04:02:31+00:00\",\"breadcrumb\":{\"@id\":\"https:\\\/\\\/moedlareuth.de\\\/gastvortrag-inoffizielle-mitarbeiter-des-ministeriums-fuer-staatssicherheit-forschungsstand-und-perspektiven\\\/#breadcrumb\"},\"inLanguage\":\"es\",\"potentialAction\":[{\"@type\":\"ReadAction\",\"target\":[\"https:\\\/\\\/moedlareuth.de\\\/gastvortrag-inoffizielle-mitarbeiter-des-ministeriums-fuer-staatssicherheit-forschungsstand-und-perspektiven\\\/\"]}]},{\"@type\":\"ImageObject\",\"inLanguage\":\"es\",\"@id\":\"https:\\\/\\\/moedlareuth.de\\\/gastvortrag-inoffizielle-mitarbeiter-des-ministeriums-fuer-staatssicherheit-forschungsstand-und-perspektiven\\\/#primaryimage\",\"url\":\"https:\\\/\\\/www.moedlareuth.de\\\/wp-content\\\/uploads\\\/2015\\\/11\\\/42DDMM\u00f6dlareuth.jpg\",\"contentUrl\":\"https:\\\/\\\/www.moedlareuth.de\\\/wp-content\\\/uploads\\\/2015\\\/11\\\/42DDMM\u00f6dlareuth.jpg\",\"width\":1772,\"height\":1182,\"caption\":\"Au\u00dfengel\u00e4nde mit original erhaltener Betonsperrmauer \u00a9 Museum M\u00f6dlareuth\"},{\"@type\":\"BreadcrumbList\",\"@id\":\"https:\\\/\\\/moedlareuth.de\\\/gastvortrag-inoffizielle-mitarbeiter-des-ministeriums-fuer-staatssicherheit-forschungsstand-und-perspektiven\\\/#breadcrumb\",\"itemListElement\":[{\"@type\":\"ListItem\",\"position\":1,\"name\":\"Startseite\",\"item\":\"https:\\\/\\\/www.moedlareuth.de\\\/\"},{\"@type\":\"ListItem\",\"position\":2,\"name\":\"Gastvortrag \u201eInoffizielle Mitarbeiter des Ministeriums f\u00fcr Staatssicherheit \u2013 Forschungsstand und Perspektiven\u201c\"}]},{\"@type\":\"WebSite\",\"@id\":\"https:\\\/\\\/moedlareuth.de\\\/preview\\\/#website\",\"url\":\"https:\\\/\\\/moedlareuth.de\\\/preview\\\/\",\"name\":\"Deutsch-Deutsches Museum M\u00f6dlareuth\",\"description\":\"Gedenkst\u00e4tte zur deutschen Teilung\",\"publisher\":{\"@id\":\"https:\\\/\\\/moedlareuth.de\\\/preview\\\/#organization\"},\"potentialAction\":[{\"@type\":\"SearchAction\",\"target\":{\"@type\":\"EntryPoint\",\"urlTemplate\":\"https:\\\/\\\/moedlareuth.de\\\/preview\\\/?s={search_term_string}\"},\"query-input\":{\"@type\":\"PropertyValueSpecification\",\"valueRequired\":true,\"valueName\":\"search_term_string\"}}],\"inLanguage\":\"es\"},{\"@type\":\"Organization\",\"@id\":\"https:\\\/\\\/moedlareuth.de\\\/preview\\\/#organization\",\"name\":\"Deutsch-Deutsches Museum M\u00f6dlareuth\",\"url\":\"https:\\\/\\\/moedlareuth.de\\\/preview\\\/\",\"logo\":{\"@type\":\"ImageObject\",\"inLanguage\":\"es\",\"@id\":\"https:\\\/\\\/moedlareuth.de\\\/preview\\\/#\\\/schema\\\/logo\\\/image\\\/\",\"url\":\"https:\\\/\\\/www.moedlareuth.de\\\/wp-content\\\/uploads\\\/2022\\\/02\\\/museum_moedlareuth_logo_hell_zusatz.svg\",\"contentUrl\":\"https:\\\/\\\/www.moedlareuth.de\\\/wp-content\\\/uploads\\\/2022\\\/02\\\/museum_moedlareuth_logo_hell_zusatz.svg\",\"width\":255,\"height\":62,\"caption\":\"Deutsch-Deutsches Museum M\u00f6dlareuth\"},\"image\":{\"@id\":\"https:\\\/\\\/moedlareuth.de\\\/preview\\\/#\\\/schema\\\/logo\\\/image\\\/\"}},{\"@type\":\"Person\",\"@id\":\"https:\\\/\\\/moedlareuth.de\\\/preview\\\/#\\\/schema\\\/person\\\/9194619dfae57e8d77d645ad86c2ea4e\",\"name\":\"Ronald Schricker\",\"sameAs\":[\"http:\\\/\\\/www.museum-www.moedlareuth.de\"],\"url\":\"https:\\\/\\\/www.moedlareuth.de\\\/es\\\/author\\\/rs-lra-hof\\\/\"}]}<\/script>\n<!-- \/ Yoast SEO plugin. -->","yoast_head_json":{"title":"Gastvortrag \u201eInoffizielle Mitarbeiter des Ministeriums f\u00fcr Staatssicherheit \u2013 Forschungsstand und Perspektiven\u201c - Deutsch-Deutsches Museum M\u00f6dlareuth","robots":{"index":"index","follow":"follow","max-snippet":"max-snippet:-1","max-image-preview":"max-image-preview:large","max-video-preview":"max-video-preview:-1"},"canonical":"https:\/\/moedlareuth.de\/gastvortrag-inoffizielle-mitarbeiter-des-ministeriums-fuer-staatssicherheit-forschungsstand-und-perspektiven\/","og_locale":"es_ES","og_type":"article","og_title":"Gastvortrag \u201eInoffizielle Mitarbeiter des Ministeriums f\u00fcr Staatssicherheit \u2013 Forschungsstand und Perspektiven\u201c - Deutsch-Deutsches Museum M\u00f6dlareuth","og_description":"Zum Gastvortrag \u201eInoffizielle Mitarbeiter des Ministeriums f\u00fcr Staatssicherheit \u2013 Forschungsstand und Perspektiven\u201c von Dr. Helmut M\u00fcller-Enbergs Syddansk Universitet (D\u00e4nemark)\u00a0laden wir Sie recht herzlich am 13. Juni 2016 um 16.00 Uhr in das Deutsch-Deutsche Museum M\u00f6dlareuth (Kino 1) ein. Was wei\u00df man ein Vierteljahrhundert nach der Deutschen Einheit eigentlich \u00fcber inoffizielle Mitarbeiter (IM) des MfS? Waren...","og_url":"https:\/\/moedlareuth.de\/gastvortrag-inoffizielle-mitarbeiter-des-ministeriums-fuer-staatssicherheit-forschungsstand-und-perspektiven\/","og_site_name":"Deutsch-Deutsches Museum M\u00f6dlareuth","article_published_time":"2016-06-10T07:42:34+00:00","article_modified_time":"2021-12-07T04:02:31+00:00","og_image":[{"width":1772,"height":1182,"url":"https:\/\/moedlareuth.de\/preview\/wp-content\/uploads\/2015\/11\/42DDMM\u00f6dlareuth.jpg","type":"image\/jpeg"}],"author":"Ronald Schricker","twitter_card":"summary_large_image","twitter_misc":{"Escrito por":"Ronald Schricker","Tiempo de lectura":"1 minuto"},"schema":{"@context":"https:\/\/schema.org","@graph":[{"@type":"Article","@id":"https:\/\/moedlareuth.de\/gastvortrag-inoffizielle-mitarbeiter-des-ministeriums-fuer-staatssicherheit-forschungsstand-und-perspektiven\/#article","isPartOf":{"@id":"https:\/\/moedlareuth.de\/gastvortrag-inoffizielle-mitarbeiter-des-ministeriums-fuer-staatssicherheit-forschungsstand-und-perspektiven\/"},"author":{"name":"Ronald Schricker","@id":"https:\/\/moedlareuth.de\/preview\/#\/schema\/person\/9194619dfae57e8d77d645ad86c2ea4e"},"headline":"Gastvortrag \u201eInoffizielle Mitarbeiter des Ministeriums f\u00fcr Staatssicherheit \u2013 Forschungsstand und Perspektiven\u201c","datePublished":"2016-06-10T07:42:34+00:00","dateModified":"2021-12-07T04:02:31+00:00","mainEntityOfPage":{"@id":"https:\/\/moedlareuth.de\/gastvortrag-inoffizielle-mitarbeiter-des-ministeriums-fuer-staatssicherheit-forschungsstand-und-perspektiven\/"},"wordCount":158,"publisher":{"@id":"https:\/\/moedlareuth.de\/preview\/#organization"},"image":{"@id":"https:\/\/moedlareuth.de\/gastvortrag-inoffizielle-mitarbeiter-des-ministeriums-fuer-staatssicherheit-forschungsstand-und-perspektiven\/#primaryimage"},"thumbnailUrl":"https:\/\/www.moedlareuth.de\/wp-content\/uploads\/2015\/11\/42DDMM\u00f6dlareuth.jpg","articleSection":["Aktuelles"],"inLanguage":"es"},{"@type":"WebPage","@id":"https:\/\/moedlareuth.de\/gastvortrag-inoffizielle-mitarbeiter-des-ministeriums-fuer-staatssicherheit-forschungsstand-und-perspektiven\/","url":"https:\/\/moedlareuth.de\/gastvortrag-inoffizielle-mitarbeiter-des-ministeriums-fuer-staatssicherheit-forschungsstand-und-perspektiven\/","name":"Gastvortrag \u201eInoffizielle Mitarbeiter des Ministeriums f\u00fcr Staatssicherheit \u2013 Forschungsstand und Perspektiven\u201c - Deutsch-Deutsches Museum M\u00f6dlareuth","isPartOf":{"@id":"https:\/\/moedlareuth.de\/preview\/#website"},"primaryImageOfPage":{"@id":"https:\/\/moedlareuth.de\/gastvortrag-inoffizielle-mitarbeiter-des-ministeriums-fuer-staatssicherheit-forschungsstand-und-perspektiven\/#primaryimage"},"image":{"@id":"https:\/\/moedlareuth.de\/gastvortrag-inoffizielle-mitarbeiter-des-ministeriums-fuer-staatssicherheit-forschungsstand-und-perspektiven\/#primaryimage"},"thumbnailUrl":"https:\/\/www.moedlareuth.de\/wp-content\/uploads\/2015\/11\/42DDMM\u00f6dlareuth.jpg","datePublished":"2016-06-10T07:42:34+00:00","dateModified":"2021-12-07T04:02:31+00:00","breadcrumb":{"@id":"https:\/\/moedlareuth.de\/gastvortrag-inoffizielle-mitarbeiter-des-ministeriums-fuer-staatssicherheit-forschungsstand-und-perspektiven\/#breadcrumb"},"inLanguage":"es","potentialAction":[{"@type":"ReadAction","target":["https:\/\/moedlareuth.de\/gastvortrag-inoffizielle-mitarbeiter-des-ministeriums-fuer-staatssicherheit-forschungsstand-und-perspektiven\/"]}]},{"@type":"ImageObject","inLanguage":"es","@id":"https:\/\/moedlareuth.de\/gastvortrag-inoffizielle-mitarbeiter-des-ministeriums-fuer-staatssicherheit-forschungsstand-und-perspektiven\/#primaryimage","url":"https:\/\/www.moedlareuth.de\/wp-content\/uploads\/2015\/11\/42DDMM\u00f6dlareuth.jpg","contentUrl":"https:\/\/www.moedlareuth.de\/wp-content\/uploads\/2015\/11\/42DDMM\u00f6dlareuth.jpg","width":1772,"height":1182,"caption":"Au\u00dfengel\u00e4nde mit original erhaltener Betonsperrmauer \u00a9 Museum M\u00f6dlareuth"},{"@type":"BreadcrumbList","@id":"https:\/\/moedlareuth.de\/gastvortrag-inoffizielle-mitarbeiter-des-ministeriums-fuer-staatssicherheit-forschungsstand-und-perspektiven\/#breadcrumb","itemListElement":[{"@type":"ListItem","position":1,"name":"Startseite","item":"https:\/\/www.moedlareuth.de\/"},{"@type":"ListItem","position":2,"name":"Gastvortrag \u201eInoffizielle Mitarbeiter des Ministeriums f\u00fcr Staatssicherheit \u2013 Forschungsstand und Perspektiven\u201c"}]},{"@type":"WebSite","@id":"https:\/\/moedlareuth.de\/preview\/#website","url":"https:\/\/moedlareuth.de\/preview\/","name":"Deutsch-Deutsches Museum M\u00f6dlareuth","description":"Monumento a la divisi\u00f3n de Alemania","publisher":{"@id":"https:\/\/moedlareuth.de\/preview\/#organization"},"potentialAction":[{"@type":"SearchAction","target":{"@type":"EntryPoint","urlTemplate":"https:\/\/moedlareuth.de\/preview\/?s={search_term_string}"},"query-input":{"@type":"PropertyValueSpecification","valueRequired":true,"valueName":"search_term_string"}}],"inLanguage":"es"},{"@type":"Organization","@id":"https:\/\/moedlareuth.de\/preview\/#organization","name":"Deutsch-Deutsches Museum M\u00f6dlareuth","url":"https:\/\/moedlareuth.de\/preview\/","logo":{"@type":"ImageObject","inLanguage":"es","@id":"https:\/\/moedlareuth.de\/preview\/#\/schema\/logo\/image\/","url":"https:\/\/www.moedlareuth.de\/wp-content\/uploads\/2022\/02\/museum_moedlareuth_logo_hell_zusatz.svg","contentUrl":"https:\/\/www.moedlareuth.de\/wp-content\/uploads\/2022\/02\/museum_moedlareuth_logo_hell_zusatz.svg","width":255,"height":62,"caption":"Deutsch-Deutsches Museum M\u00f6dlareuth"},"image":{"@id":"https:\/\/moedlareuth.de\/preview\/#\/schema\/logo\/image\/"}},{"@type":"Person","@id":"https:\/\/moedlareuth.de\/preview\/#\/schema\/person\/9194619dfae57e8d77d645ad86c2ea4e","name":"ronald schricker","sameAs":["http:\/\/www.museum-www.moedlareuth.de"],"url":"https:\/\/www.moedlareuth.de\/es\/author\/rs-lra-hof\/"}]}},"_links":{"self":[{"href":"https:\/\/www.moedlareuth.de\/es\/wp-json\/wp\/v2\/posts\/695","targetHints":{"allow":["GET"]}}],"collection":[{"href":"https:\/\/www.moedlareuth.de\/es\/wp-json\/wp\/v2\/posts"}],"about":[{"href":"https:\/\/www.moedlareuth.de\/es\/wp-json\/wp\/v2\/types\/post"}],"author":[{"embeddable":true,"href":"https:\/\/www.moedlareuth.de\/es\/wp-json\/wp\/v2\/users\/6"}],"replies":[{"embeddable":true,"href":"https:\/\/www.moedlareuth.de\/es\/wp-json\/wp\/v2\/comments?post=695"}],"version-history":[{"count":0,"href":"https:\/\/www.moedlareuth.de\/es\/wp-json\/wp\/v2\/posts\/695\/revisions"}],"wp:featuredmedia":[{"embeddable":true,"href":"https:\/\/www.moedlareuth.de\/es\/wp-json\/wp\/v2\/media\/210"}],"wp:attachment":[{"href":"https:\/\/www.moedlareuth.de\/es\/wp-json\/wp\/v2\/media?parent=695"}],"wp:term":[{"taxonomy":"category","embeddable":true,"href":"https:\/\/www.moedlareuth.de\/es\/wp-json\/wp\/v2\/categories?post=695"},{"taxonomy":"post_tag","embeddable":true,"href":"https:\/\/www.moedlareuth.de\/es\/wp-json\/wp\/v2\/tags?post=695"}],"curies":[{"name":"wp","href":"https:\/\/api.w.org\/{rel}","templated":true}]}}