{"id":2091,"date":"2021-03-16T16:42:00","date_gmt":"2021-03-16T15:42:00","guid":{"rendered":"https:\/\/www.moedlareuth.de\/?p=2091"},"modified":"2021-12-07T05:02:29","modified_gmt":"2021-12-07T04:02:29","slug":"29-sitzung-der-zweckverbandsversammlung","status":"publish","type":"post","link":"https:\/\/www.moedlareuth.de\/es\/29-sitzung-der-zweckverbandsversammlung\/","title":{"rendered":"29. Sitzung der Zweckverbandsversammlung"},"content":{"rendered":"<p>Die Planungen f\u00fcr die Erweiterung des Deutsch-Deutschen Museums M\u00f6dlareuth schreiten weiter voran. Der Zweckverband informierte in seiner 29. Sitzung am 16.03.2021 in der Turnhalle in T\u00f6pen \u00fcber den aktuellen Sachstand, beschloss den Haushalt f\u00fcr 2021 und gab einen Ausblick auf die als N\u00e4chstes anstehenden Ma\u00dfnahmen. Zudem wurde ein Projektausschuss berufen.<\/p>\n<p>Nachdem die n\u00f6tigen Abstimmungen mit den F\u00f6rdermittelgebern durchgef\u00fchrt wurden, laufen derzeit die ersten VgV-Verfahren etwa f\u00fcr Sanit\u00e4r, Elektro und die Tragwerksplanung. Als N\u00e4chstes steht das VgV-Verfahren zur Auswahl eines geeigneten Ausstellungsgestalters an. F\u00fcr das Jahr 2022 ist zun\u00e4chst die Umgestaltung der Au\u00dfenanlagen und des Freigel\u00e4ndes vorgesehen. Bis Ende 2024 soll der Museumsneubau mit Dauerausstellung abgeschlossen sein.<\/p>\n<p>Auch die digitale Weiterentwicklung des Museums ist Teil des Gesamtkonzepts. \u201eWir erweitern das Museum nicht nur, wir digitalisieren es auch. So k\u00f6nnen wir Geschichte zeitgem\u00e4\u00df pr\u00e4sentieren.\u201c, erkl\u00e4rte Landrat Dr. Oliver B\u00e4r. Dazu habe man etwa vom Freistaat Th\u00fcringen Projektmittel in H\u00f6he von 50.000 Euro in Aussicht gestellt bekommen. Diese sollen unter anderem f\u00fcr die Anschaffung von EDV-Technik, die Erweiterung der Website sowie den Ausbau des digitalen Archivs verwendet, f\u00fcr das zum Beispiel Interviews mit Zeitzeugen angefertigt werden.<\/p>\n\n\n<figure class=\"wp-block-gallery columns-2 is-cropped wp-block-gallery-1 is-layout-flex wp-block-gallery-is-layout-flex\"><ul class=\"blocks-gallery-grid\"><li class=\"blocks-gallery-item\"><figure><a href=\"https:\/\/www.moedlareuth.de\/wp-content\/uploads\/2021\/03\/20210316_161736_kl.jpg\"><img fetchpriority=\"high\" decoding=\"async\" width=\"1024\" height=\"576\" src=\"https:\/\/www.moedlareuth.de\/wp-content\/uploads\/2021\/03\/20210316_161736_kl-1024x576.jpg\" alt=\"\" data-id=\"2097\" data-full-url=\"https:\/\/www.moedlareuth.de\/wp-content\/uploads\/2021\/03\/20210316_161736_kl.jpg\" data-link=\"https:\/\/www.moedlareuth.de\/20210316_161736_kl\/\" class=\"wp-image-2097\"\/><\/a><\/figure><\/li><li class=\"blocks-gallery-item\"><figure><a href=\"https:\/\/www.moedlareuth.de\/wp-content\/uploads\/2021\/03\/29.-Sitzung-Zweckverbandsversammlung01.jpg\"><img decoding=\"async\" width=\"1024\" height=\"498\" src=\"https:\/\/www.moedlareuth.de\/wp-content\/uploads\/2021\/03\/29.-Sitzung-Zweckverbandsversammlung01-1024x498.jpg\" alt=\"\" data-id=\"2092\" data-full-url=\"https:\/\/www.moedlareuth.de\/wp-content\/uploads\/2021\/03\/29.-Sitzung-Zweckverbandsversammlung01.jpg\" data-link=\"https:\/\/www.moedlareuth.de\/29-sitzung-der-zweckverbandsversammlung\/29-sitzung-zweckverbandsversammlung01\/\" class=\"wp-image-2092\"\/><\/a><\/figure><\/li><\/ul><\/figure>","protected":false},"excerpt":{"rendered":"<p>Die Planungen f\u00fcr die Erweiterung des Deutsch-Deutschen Museums M\u00f6dlareuth schreiten weiter voran. Der Zweckverband informierte in seiner 29. Sitzung am 16.03.2021 in der Turnhalle in T\u00f6pen \u00fcber den aktuellen Sachstand, beschloss den Haushalt f\u00fcr 2021 und gab einen Ausblick auf die als N\u00e4chstes anstehenden Ma\u00dfnahmen. Zudem wurde ein Projektausschuss berufen. Nachdem die n\u00f6tigen Abstimmungen mit&#8230;<\/p>","protected":false},"author":4,"featured_media":2092,"comment_status":"closed","ping_status":"closed","sticky":false,"template":"","format":"standard","meta":{"_acf_changed":false,"inline_featured_image":false,"_kad_post_transparent":"","_kad_post_title":"","_kad_post_layout":"","_kad_post_sidebar_id":"","_kad_post_content_style":"","_kad_post_vertical_padding":"","_kad_post_feature":"","_kad_post_feature_position":"","_kad_post_header":false,"_kad_post_footer":false,"_kad_post_classname":"","footnotes":""},"categories":[1],"tags":[],"class_list":["post-2091","post","type-post","status-publish","format-standard","has-post-thumbnail","hentry","category-aktuelles"],"acf":[],"yoast_head":"<!-- This site is optimized with the Yoast SEO plugin v27.5 - https:\/\/yoast.com\/product\/yoast-seo-wordpress\/ -->\n<title>29. Sitzung der Zweckverbandsversammlung - Deutsch-Deutsches Museum M\u00f6dlareuth<\/title>\n<meta name=\"robots\" content=\"index, follow, max-snippet:-1, max-image-preview:large, max-video-preview:-1\" \/>\n<link rel=\"canonical\" href=\"https:\/\/moedlareuth.de\/29-sitzung-der-zweckverbandsversammlung\/\" \/>\n<meta property=\"og:locale\" content=\"es_ES\" \/>\n<meta property=\"og:type\" content=\"article\" \/>\n<meta property=\"og:title\" content=\"29. Sitzung der Zweckverbandsversammlung - Deutsch-Deutsches Museum M\u00f6dlareuth\" \/>\n<meta property=\"og:description\" content=\"Die Planungen f\u00fcr die Erweiterung des Deutsch-Deutschen Museums M\u00f6dlareuth schreiten weiter voran. Der Zweckverband informierte in seiner 29. Sitzung am 16.03.2021 in der Turnhalle in T\u00f6pen \u00fcber den aktuellen Sachstand, beschloss den Haushalt f\u00fcr 2021 und gab einen Ausblick auf die als N\u00e4chstes anstehenden Ma\u00dfnahmen. Zudem wurde ein Projektausschuss berufen. Nachdem die n\u00f6tigen Abstimmungen mit...\" \/>\n<meta property=\"og:url\" content=\"https:\/\/moedlareuth.de\/29-sitzung-der-zweckverbandsversammlung\/\" \/>\n<meta property=\"og:site_name\" content=\"Deutsch-Deutsches Museum M\u00f6dlareuth\" \/>\n<meta property=\"article:published_time\" content=\"2021-03-16T15:42:00+00:00\" \/>\n<meta property=\"article:modified_time\" content=\"2021-12-07T04:02:29+00:00\" \/>\n<meta property=\"og:image\" content=\"https:\/\/moedlareuth.de\/preview\/wp-content\/uploads\/2021\/03\/29.-Sitzung-Zweckverbandsversammlung01-e1618462537364.jpg\" \/>\n\t<meta property=\"og:image:width\" content=\"1400\" \/>\n\t<meta property=\"og:image:height\" content=\"681\" \/>\n\t<meta property=\"og:image:type\" content=\"image\/jpeg\" \/>\n<meta name=\"author\" content=\"Robert Lebegern\" \/>\n<meta name=\"twitter:card\" content=\"summary_large_image\" \/>\n<meta name=\"twitter:label1\" content=\"Escrito por\" \/>\n\t<meta name=\"twitter:data1\" content=\"Robert Lebegern\" \/>\n\t<meta name=\"twitter:label2\" content=\"Tiempo de lectura\" \/>\n\t<meta name=\"twitter:data2\" content=\"1 minuto\" \/>\n<script type=\"application\/ld+json\" class=\"yoast-schema-graph\">{\"@context\":\"https:\\\/\\\/schema.org\",\"@graph\":[{\"@type\":\"Article\",\"@id\":\"https:\\\/\\\/moedlareuth.de\\\/29-sitzung-der-zweckverbandsversammlung\\\/#article\",\"isPartOf\":{\"@id\":\"https:\\\/\\\/moedlareuth.de\\\/29-sitzung-der-zweckverbandsversammlung\\\/\"},\"author\":{\"name\":\"Robert Lebegern\",\"@id\":\"https:\\\/\\\/moedlareuth.de\\\/preview\\\/#\\\/schema\\\/person\\\/43382e3107ec00feb53f63bc6f4a7716\"},\"headline\":\"29. Sitzung der Zweckverbandsversammlung\",\"datePublished\":\"2021-03-16T15:42:00+00:00\",\"dateModified\":\"2021-12-07T04:02:29+00:00\",\"mainEntityOfPage\":{\"@id\":\"https:\\\/\\\/moedlareuth.de\\\/29-sitzung-der-zweckverbandsversammlung\\\/\"},\"wordCount\":204,\"publisher\":{\"@id\":\"https:\\\/\\\/moedlareuth.de\\\/preview\\\/#organization\"},\"image\":{\"@id\":\"https:\\\/\\\/moedlareuth.de\\\/29-sitzung-der-zweckverbandsversammlung\\\/#primaryimage\"},\"thumbnailUrl\":\"https:\\\/\\\/www.moedlareuth.de\\\/wp-content\\\/uploads\\\/2021\\\/03\\\/29.-Sitzung-Zweckverbandsversammlung01-e1618462537364.jpg\",\"articleSection\":[\"Aktuelles\"],\"inLanguage\":\"es\"},{\"@type\":\"WebPage\",\"@id\":\"https:\\\/\\\/moedlareuth.de\\\/29-sitzung-der-zweckverbandsversammlung\\\/\",\"url\":\"https:\\\/\\\/moedlareuth.de\\\/29-sitzung-der-zweckverbandsversammlung\\\/\",\"name\":\"29. Sitzung der Zweckverbandsversammlung - Deutsch-Deutsches Museum M\u00f6dlareuth\",\"isPartOf\":{\"@id\":\"https:\\\/\\\/moedlareuth.de\\\/preview\\\/#website\"},\"primaryImageOfPage\":{\"@id\":\"https:\\\/\\\/moedlareuth.de\\\/29-sitzung-der-zweckverbandsversammlung\\\/#primaryimage\"},\"image\":{\"@id\":\"https:\\\/\\\/moedlareuth.de\\\/29-sitzung-der-zweckverbandsversammlung\\\/#primaryimage\"},\"thumbnailUrl\":\"https:\\\/\\\/www.moedlareuth.de\\\/wp-content\\\/uploads\\\/2021\\\/03\\\/29.-Sitzung-Zweckverbandsversammlung01-e1618462537364.jpg\",\"datePublished\":\"2021-03-16T15:42:00+00:00\",\"dateModified\":\"2021-12-07T04:02:29+00:00\",\"breadcrumb\":{\"@id\":\"https:\\\/\\\/moedlareuth.de\\\/29-sitzung-der-zweckverbandsversammlung\\\/#breadcrumb\"},\"inLanguage\":\"es\",\"potentialAction\":[{\"@type\":\"ReadAction\",\"target\":[\"https:\\\/\\\/moedlareuth.de\\\/29-sitzung-der-zweckverbandsversammlung\\\/\"]}]},{\"@type\":\"ImageObject\",\"inLanguage\":\"es\",\"@id\":\"https:\\\/\\\/moedlareuth.de\\\/29-sitzung-der-zweckverbandsversammlung\\\/#primaryimage\",\"url\":\"https:\\\/\\\/www.moedlareuth.de\\\/wp-content\\\/uploads\\\/2021\\\/03\\\/29.-Sitzung-Zweckverbandsversammlung01-e1618462537364.jpg\",\"contentUrl\":\"https:\\\/\\\/www.moedlareuth.de\\\/wp-content\\\/uploads\\\/2021\\\/03\\\/29.-Sitzung-Zweckverbandsversammlung01-e1618462537364.jpg\",\"width\":1400,\"height\":681,\"caption\":\"29. Sitzung Zweckverbandsversammlung01 e1618462537364\"},{\"@type\":\"BreadcrumbList\",\"@id\":\"https:\\\/\\\/moedlareuth.de\\\/29-sitzung-der-zweckverbandsversammlung\\\/#breadcrumb\",\"itemListElement\":[{\"@type\":\"ListItem\",\"position\":1,\"name\":\"Startseite\",\"item\":\"https:\\\/\\\/www.moedlareuth.de\\\/\"},{\"@type\":\"ListItem\",\"position\":2,\"name\":\"29. Sitzung der Zweckverbandsversammlung\"}]},{\"@type\":\"WebSite\",\"@id\":\"https:\\\/\\\/moedlareuth.de\\\/preview\\\/#website\",\"url\":\"https:\\\/\\\/moedlareuth.de\\\/preview\\\/\",\"name\":\"Deutsch-Deutsches Museum M\u00f6dlareuth\",\"description\":\"Gedenkst\u00e4tte zur deutschen Teilung\",\"publisher\":{\"@id\":\"https:\\\/\\\/moedlareuth.de\\\/preview\\\/#organization\"},\"potentialAction\":[{\"@type\":\"SearchAction\",\"target\":{\"@type\":\"EntryPoint\",\"urlTemplate\":\"https:\\\/\\\/moedlareuth.de\\\/preview\\\/?s={search_term_string}\"},\"query-input\":{\"@type\":\"PropertyValueSpecification\",\"valueRequired\":true,\"valueName\":\"search_term_string\"}}],\"inLanguage\":\"es\"},{\"@type\":\"Organization\",\"@id\":\"https:\\\/\\\/moedlareuth.de\\\/preview\\\/#organization\",\"name\":\"Deutsch-Deutsches Museum M\u00f6dlareuth\",\"url\":\"https:\\\/\\\/moedlareuth.de\\\/preview\\\/\",\"logo\":{\"@type\":\"ImageObject\",\"inLanguage\":\"es\",\"@id\":\"https:\\\/\\\/moedlareuth.de\\\/preview\\\/#\\\/schema\\\/logo\\\/image\\\/\",\"url\":\"https:\\\/\\\/www.moedlareuth.de\\\/wp-content\\\/uploads\\\/2022\\\/02\\\/museum_moedlareuth_logo_hell_zusatz.svg\",\"contentUrl\":\"https:\\\/\\\/www.moedlareuth.de\\\/wp-content\\\/uploads\\\/2022\\\/02\\\/museum_moedlareuth_logo_hell_zusatz.svg\",\"width\":255,\"height\":62,\"caption\":\"Deutsch-Deutsches Museum M\u00f6dlareuth\"},\"image\":{\"@id\":\"https:\\\/\\\/moedlareuth.de\\\/preview\\\/#\\\/schema\\\/logo\\\/image\\\/\"}},{\"@type\":\"Person\",\"@id\":\"https:\\\/\\\/moedlareuth.de\\\/preview\\\/#\\\/schema\\\/person\\\/43382e3107ec00feb53f63bc6f4a7716\",\"name\":\"Robert Lebegern\",\"sameAs\":[\"http:\\\/\\\/www.museum-www.moedlareuth.de\"],\"url\":\"https:\\\/\\\/www.moedlareuth.de\\\/es\\\/author\\\/rl-lra-hof\\\/\"}]}<\/script>\n<!-- \/ Yoast SEO plugin. -->","yoast_head_json":{"title":"29. Sitzung der Zweckverbandsversammlung - Deutsch-Deutsches Museum M\u00f6dlareuth","robots":{"index":"index","follow":"follow","max-snippet":"max-snippet:-1","max-image-preview":"max-image-preview:large","max-video-preview":"max-video-preview:-1"},"canonical":"https:\/\/moedlareuth.de\/29-sitzung-der-zweckverbandsversammlung\/","og_locale":"es_ES","og_type":"article","og_title":"29. Sitzung der Zweckverbandsversammlung - Deutsch-Deutsches Museum M\u00f6dlareuth","og_description":"Die Planungen f\u00fcr die Erweiterung des Deutsch-Deutschen Museums M\u00f6dlareuth schreiten weiter voran. Der Zweckverband informierte in seiner 29. Sitzung am 16.03.2021 in der Turnhalle in T\u00f6pen \u00fcber den aktuellen Sachstand, beschloss den Haushalt f\u00fcr 2021 und gab einen Ausblick auf die als N\u00e4chstes anstehenden Ma\u00dfnahmen. Zudem wurde ein Projektausschuss berufen. Nachdem die n\u00f6tigen Abstimmungen mit...","og_url":"https:\/\/moedlareuth.de\/29-sitzung-der-zweckverbandsversammlung\/","og_site_name":"Deutsch-Deutsches Museum M\u00f6dlareuth","article_published_time":"2021-03-16T15:42:00+00:00","article_modified_time":"2021-12-07T04:02:29+00:00","og_image":[{"width":1400,"height":681,"url":"https:\/\/moedlareuth.de\/preview\/wp-content\/uploads\/2021\/03\/29.-Sitzung-Zweckverbandsversammlung01-e1618462537364.jpg","type":"image\/jpeg"}],"author":"Robert Lebegern","twitter_card":"summary_large_image","twitter_misc":{"Escrito por":"Robert Lebegern","Tiempo de lectura":"1 minuto"},"schema":{"@context":"https:\/\/schema.org","@graph":[{"@type":"Article","@id":"https:\/\/moedlareuth.de\/29-sitzung-der-zweckverbandsversammlung\/#article","isPartOf":{"@id":"https:\/\/moedlareuth.de\/29-sitzung-der-zweckverbandsversammlung\/"},"author":{"name":"Robert Lebegern","@id":"https:\/\/moedlareuth.de\/preview\/#\/schema\/person\/43382e3107ec00feb53f63bc6f4a7716"},"headline":"29. Sitzung der Zweckverbandsversammlung","datePublished":"2021-03-16T15:42:00+00:00","dateModified":"2021-12-07T04:02:29+00:00","mainEntityOfPage":{"@id":"https:\/\/moedlareuth.de\/29-sitzung-der-zweckverbandsversammlung\/"},"wordCount":204,"publisher":{"@id":"https:\/\/moedlareuth.de\/preview\/#organization"},"image":{"@id":"https:\/\/moedlareuth.de\/29-sitzung-der-zweckverbandsversammlung\/#primaryimage"},"thumbnailUrl":"https:\/\/www.moedlareuth.de\/wp-content\/uploads\/2021\/03\/29.-Sitzung-Zweckverbandsversammlung01-e1618462537364.jpg","articleSection":["Aktuelles"],"inLanguage":"es"},{"@type":"WebPage","@id":"https:\/\/moedlareuth.de\/29-sitzung-der-zweckverbandsversammlung\/","url":"https:\/\/moedlareuth.de\/29-sitzung-der-zweckverbandsversammlung\/","name":"29. Sitzung der Zweckverbandsversammlung - Deutsch-Deutsches Museum M\u00f6dlareuth","isPartOf":{"@id":"https:\/\/moedlareuth.de\/preview\/#website"},"primaryImageOfPage":{"@id":"https:\/\/moedlareuth.de\/29-sitzung-der-zweckverbandsversammlung\/#primaryimage"},"image":{"@id":"https:\/\/moedlareuth.de\/29-sitzung-der-zweckverbandsversammlung\/#primaryimage"},"thumbnailUrl":"https:\/\/www.moedlareuth.de\/wp-content\/uploads\/2021\/03\/29.-Sitzung-Zweckverbandsversammlung01-e1618462537364.jpg","datePublished":"2021-03-16T15:42:00+00:00","dateModified":"2021-12-07T04:02:29+00:00","breadcrumb":{"@id":"https:\/\/moedlareuth.de\/29-sitzung-der-zweckverbandsversammlung\/#breadcrumb"},"inLanguage":"es","potentialAction":[{"@type":"ReadAction","target":["https:\/\/moedlareuth.de\/29-sitzung-der-zweckverbandsversammlung\/"]}]},{"@type":"ImageObject","inLanguage":"es","@id":"https:\/\/moedlareuth.de\/29-sitzung-der-zweckverbandsversammlung\/#primaryimage","url":"https:\/\/www.moedlareuth.de\/wp-content\/uploads\/2021\/03\/29.-Sitzung-Zweckverbandsversammlung01-e1618462537364.jpg","contentUrl":"https:\/\/www.moedlareuth.de\/wp-content\/uploads\/2021\/03\/29.-Sitzung-Zweckverbandsversammlung01-e1618462537364.jpg","width":1400,"height":681,"caption":"29. Sitzung Zweckverbandsversammlung01 e1618462537364"},{"@type":"BreadcrumbList","@id":"https:\/\/moedlareuth.de\/29-sitzung-der-zweckverbandsversammlung\/#breadcrumb","itemListElement":[{"@type":"ListItem","position":1,"name":"Startseite","item":"https:\/\/www.moedlareuth.de\/"},{"@type":"ListItem","position":2,"name":"29. Sitzung der Zweckverbandsversammlung"}]},{"@type":"WebSite","@id":"https:\/\/moedlareuth.de\/preview\/#website","url":"https:\/\/moedlareuth.de\/preview\/","name":"Deutsch-Deutsches Museum M\u00f6dlareuth","description":"Monumento a la divisi\u00f3n de Alemania","publisher":{"@id":"https:\/\/moedlareuth.de\/preview\/#organization"},"potentialAction":[{"@type":"SearchAction","target":{"@type":"EntryPoint","urlTemplate":"https:\/\/moedlareuth.de\/preview\/?s={search_term_string}"},"query-input":{"@type":"PropertyValueSpecification","valueRequired":true,"valueName":"search_term_string"}}],"inLanguage":"es"},{"@type":"Organization","@id":"https:\/\/moedlareuth.de\/preview\/#organization","name":"Deutsch-Deutsches Museum M\u00f6dlareuth","url":"https:\/\/moedlareuth.de\/preview\/","logo":{"@type":"ImageObject","inLanguage":"es","@id":"https:\/\/moedlareuth.de\/preview\/#\/schema\/logo\/image\/","url":"https:\/\/www.moedlareuth.de\/wp-content\/uploads\/2022\/02\/museum_moedlareuth_logo_hell_zusatz.svg","contentUrl":"https:\/\/www.moedlareuth.de\/wp-content\/uploads\/2022\/02\/museum_moedlareuth_logo_hell_zusatz.svg","width":255,"height":62,"caption":"Deutsch-Deutsches Museum M\u00f6dlareuth"},"image":{"@id":"https:\/\/moedlareuth.de\/preview\/#\/schema\/logo\/image\/"}},{"@type":"Person","@id":"https:\/\/moedlareuth.de\/preview\/#\/schema\/person\/43382e3107ec00feb53f63bc6f4a7716","name":"Robert Lebegern","sameAs":["http:\/\/www.museum-www.moedlareuth.de"],"url":"https:\/\/www.moedlareuth.de\/es\/author\/rl-lra-hof\/"}]}},"_links":{"self":[{"href":"https:\/\/www.moedlareuth.de\/es\/wp-json\/wp\/v2\/posts\/2091","targetHints":{"allow":["GET"]}}],"collection":[{"href":"https:\/\/www.moedlareuth.de\/es\/wp-json\/wp\/v2\/posts"}],"about":[{"href":"https:\/\/www.moedlareuth.de\/es\/wp-json\/wp\/v2\/types\/post"}],"author":[{"embeddable":true,"href":"https:\/\/www.moedlareuth.de\/es\/wp-json\/wp\/v2\/users\/4"}],"replies":[{"embeddable":true,"href":"https:\/\/www.moedlareuth.de\/es\/wp-json\/wp\/v2\/comments?post=2091"}],"version-history":[{"count":0,"href":"https:\/\/www.moedlareuth.de\/es\/wp-json\/wp\/v2\/posts\/2091\/revisions"}],"wp:featuredmedia":[{"embeddable":true,"href":"https:\/\/www.moedlareuth.de\/es\/wp-json\/wp\/v2\/media\/2092"}],"wp:attachment":[{"href":"https:\/\/www.moedlareuth.de\/es\/wp-json\/wp\/v2\/media?parent=2091"}],"wp:term":[{"taxonomy":"category","embeddable":true,"href":"https:\/\/www.moedlareuth.de\/es\/wp-json\/wp\/v2\/categories?post=2091"},{"taxonomy":"post_tag","embeddable":true,"href":"https:\/\/www.moedlareuth.de\/es\/wp-json\/wp\/v2\/tags?post=2091"}],"curies":[{"name":"wp","href":"https:\/\/api.w.org\/{rel}","templated":true}]}}