{"id":16684,"date":"2026-03-12T12:42:12","date_gmt":"2026-03-12T11:42:12","guid":{"rendered":"https:\/\/www.moedlareuth.de\/?p=16684"},"modified":"2026-03-12T12:43:51","modified_gmt":"2026-03-12T11:43:51","slug":"stellenausschreibung-wissenschaftlicher-mitarbeiter-w-m-d","status":"publish","type":"post","link":"https:\/\/www.moedlareuth.de\/es\/stellenausschreibung-wissenschaftlicher-mitarbeiter-w-m-d\/","title":{"rendered":"Stellenausschreibung wissenschaftlicher Mitarbeiter (w \/ m \/d)"},"content":{"rendered":"<p>Der Zweckverband \u201eDeutsch-Deutsches Museum M\u00f6dlareuth\u201c sucht zum n\u00e4chstm\u00f6glichen Zeitpunkt <strong>einen wissenschaftlichen Mitarbeiter (w \/ m \/ d) in Vollzeit (39 Stunden pro Woche)<\/strong>. Die Verg\u00fctung erfolgt nach Entgeltgruppe 10 TV\u00f6D. Die Besch\u00e4ftigung erfolgt zun\u00e4chst befristet f\u00fcr zwei Jahre.<\/p>\n\n\n\n<p>M\u00f6dlareuth wurde als \u201eLittle Berlin\u201c weltweit bekannt und gilt als Inbegriff f\u00fcr die Teilung Deutschlands und deren \u00dcberwindung. Das Dorf war vom Ende des Zweiten Weltkrieges 1945 bis zum Sturz der Mauer 1989 ein geteilter Ort. Mit dem Bau eines \u00fcbermannshohen Holzbretterzaunes leitete die SED-F\u00fchrung Ende Mai 1952 die Abriegelung beider Ortsh\u00e4lften ein. 1966 folgte der Bau der 700 m langen Betonsperrmauer quer durch das Dorf. Die Menschen erlebten vor Ort ganz pers\u00f6nlich, was Teilung bedeutet \u2013 M\u00f6dlareuth als Mikrokosmos der deutschen Teilungsgeschichte.<\/p>\n\n\n\n<p>Am 9. Dezember 1989, genau einen Monat nach dem Sturz der Mauer in Berlin, wurde in M\u00f6dlareuth ein Grenz\u00fcbergang er\u00f6ffnet. Am 17. Juni 1990 erfolgte der Teilabriss der Mauer. Gleichzeitig entstand aus b\u00fcrgerschaftlichem Engagement die Idee, ein St\u00fcck Mauer als Denkmal zu erhalten \u2013 die Geburtsstunde des Deutsch-Deutschen Museums M\u00f6dlareuth. Heute stellt M\u00f6dlareuth einen Erinnerungsort von nationaler Bedeutung dar. Kernst\u00fcck der Gedenkst\u00e4tte bildet das Freigel\u00e4nde von rund f\u00fcnf Hektar Fl\u00e4che mit vorhandenen Grenzsperranlagen. Dar\u00fcber hinaus existiert eine breite Sammlung von Archivalien und Objekten. Eine umfangreiche Erweiterung wurde mit dem Neubau eines Museumsgeb\u00e4udes mit neuer Dauerausstellung im Herbst 2025 abgeschlossen. Sonderausstellungen und ein vielf\u00e4ltiges Bildungsprogramm erg\u00e4nzen das Angebot. Etwa 80.000 Personen besuchen j\u00e4hrlich diesen authentischen Lernort im Rahmen der historisch-politischen Bildung, darunter auch zahlreiche Sch\u00fcler- und Erwachsenengruppen.<\/p>\n\n\n\n<p><strong>Ihre Aufgaben:<\/strong><\/p>\n\n\n\n<ul class=\"wp-block-list\">\n<li>Mitarbeit bei der Weiterentwicklung und Realisierung der Dauerausstellung sowie Konzipierung und Realisierung von Sonderausstellungen<\/li>\n\n\n\n<li>Mitarbeit bei der Erstellung wissenschaftlicher Publikationen<\/li>\n\n\n\n<li>Inhaltliche Besucherbegleitung (Kinder\/Jugendliche\/Erwachsenengruppen)<\/li>\n\n\n\n<li>Konzeption und Durchf\u00fchrung von Vermittlungsformaten f\u00fcr unterschiedliche Zielgruppen (z.B. Seminare, Workshops und Exkursionen)<\/li>\n\n\n\n<li>Wissenschaftliche Inventarisierung mit modernen IT-Programmen und depotgerechte Lagerung des Sammlungsbestandes nach konservatorischen Gesichtspunkten sowie Objektverwaltung<\/li>\n\n\n\n<li>Erweiterung und Erg\u00e4nzung der Informationen des museumsspezifischen Sammlungsbestandes (Filme, Fotos, Archivalien, Publikationen und dreidimensionale Objekte)<\/li>\n\n\n\n<li>Durchf\u00fchrung von Zeitzeugenbefragungen<\/li>\n\n\n\n<li>Kooperation mit anderen Gedenkst\u00e4tten und Museen sowie Zusammenarbeit mit Schulen und Bildungseinrichtungen<\/li>\n\n\n\n<li>Mitarbeit bei allt\u00e4glichen Querschnittsaufgaben<\/li>\n<\/ul>\n\n\n\n<p><strong>Unsere Anforderungen:<\/strong><\/p>\n\n\n\n<ul class=\"wp-block-list\">\n<li>Abgeschlossenes Hochschulstudium\/Fachhochschulstudium (Bachelor, Master, Diplom, Staatsexamen oder vergleichbar) in einem f\u00fcr die Position relevanten Fachbereich wie z.B. Geschichts-, Kultur- oder Sozialwissenschaften oder eine vergleichbare Qualifikation<\/li>\n\n\n\n<li>Sehr gute Kenntnisse der Geschichte der deutschen Teilung und des Transformations-<br>prozesses sowie zur Erinnerungskultur heute<\/li>\n\n\n\n<li>Kenntnisse in der wissenschaftlichen Bearbeitung und in der Vermittlung von historischen und gesellschaftlichen Themen<\/li>\n\n\n\n<li>Erfahrungen im Projektmanagement und der administrativen Bearbeitung von Projekten<\/li>\n\n\n\n<li>Souver\u00e4ner Umgang mit den g\u00e4ngigen MS-Office-Programmen<\/li>\n\n\n\n<li>Textsicherheit<\/li>\n\n\n\n<li>Teamf\u00e4higkeit, Kreativit\u00e4t, Organisationstalent<\/li>\n\n\n\n<li>Hohe kommunikative Kompetenz, kritisches wie kreatives Denken sowie selbstst\u00e4ndige, l\u00f6sungsorientierte Arbeitsweise<\/li>\n\n\n\n<li>\u00dcberdurchschnittliche Einsatzbereitschaft und zeitliche Flexibilit\u00e4t<\/li>\n\n\n\n<li>Englischkenntnisse (B1-Niveau)<\/li>\n\n\n\n<li>F\u00fchrerschein Klasse B<\/li>\n\n\n\n<li>Identifikation mit den Zielsetzungen des Deutsch-Deutschen Museums M\u00f6dlareuth<\/li>\n<\/ul>\n\n\n\n<p><strong>Wir bieten Ihnen:<\/strong><\/p>\n\n\n\n<ul class=\"wp-block-list\">\n<li>Vielf\u00e4ltiges und kreatives Arbeitsfeld mit Verantwortung und Gestaltungsm\u00f6glichkeiten<\/li>\n\n\n\n<li>M\u00f6glichkeit, eigene Ideen einzubringen und umzusetzen<\/li>\n\n\n\n<li>Mitarbeit in einem freundlichen, engagierten und kollegialen Team<\/li>\n\n\n\n<li>Gelegenheit zur beruflichen Fortbildung<\/li>\n\n\n\n<li>Flexible Arbeitszeitgestaltung im Rahmen der dienstlichen Notwendigkeiten<\/li>\n<\/ul>\n\n\n\n<p>Das Deutsch-Deutsche Museum M\u00f6dlareuth f\u00f6rdert aktiv die Gleichstellung aller Mitarbeitenden. Das Stellenangebot richtet sich an alle Interessentinnen und Interessenten unabh\u00e4ngig von Geschlecht, sexueller Orientierung und Identit\u00e4t, Nationalit\u00e4t, kultureller und sozialer Herkunft, Alter, Religion, Weltanschauung oder Behinderung. Schwerbehinderte werden bei gleicher Eignung unter Ber\u00fccksichtigung aller Umst\u00e4nde des Einzelfalls bevorzugt. Die Stelle ist nicht teilzeitf\u00e4hig.<\/p>\n\n\n\n<p>Ihre aussagekr\u00e4ftigen Bewerbungsunterlagen senden Sie bitte bis 30.03.2026 per Email an<\/p>\n\n\n\n<p><a href=\"mailto:Bewerbungmuseum@landkreis-hof.de\">Bewerbungmuseum@landkreis-hof.de<\/a><\/p>\n\n\n\n<p>F\u00fcr R\u00fcckfragen steht Ihnen Museumsleiter Robert Lebegern M.A. (Tel: 09295\/9150122 oder 09295\/915010 , Email: robert.lebegern@museum-moedlareuth.de ) zur Verf\u00fcgung.<\/p>\n\n\n\n<p>Im Rahmen des Auswahlverfahrens entstehende Reisekosten k\u00f6nnen nicht erstattet werden. Mit Ihrer Bewerbung erkl\u00e4ren Sie sich mit der Speicherung und Verarbeitung Ihrer personenbezogenen Daten bis drei Monate nach Abschluss des Bewerbungsprozesses einverstanden.<\/p>\n\n\n\n<p><\/p>\n\n\n\n<p><\/p>","protected":false},"excerpt":{"rendered":"<p>Der Zweckverband \u201eDeutsch-Deutsches Museum M\u00f6dlareuth\u201c sucht zum n\u00e4chstm\u00f6glichen Zeitpunkt einen wissenschaftlichen Mitarbeiter (w \/ m \/ d) in Vollzeit (39 Stunden pro Woche). Die Verg\u00fctung erfolgt nach Entgeltgruppe 10 TV\u00f6D. Die Besch\u00e4ftigung erfolgt zun\u00e4chst befristet f\u00fcr zwei Jahre. M\u00f6dlareuth wurde als \u201eLittle Berlin\u201c weltweit bekannt und gilt als Inbegriff f\u00fcr die Teilung Deutschlands und deren&#8230;<\/p>","protected":false},"author":10,"featured_media":11757,"comment_status":"closed","ping_status":"closed","sticky":false,"template":"","format":"standard","meta":{"_acf_changed":false,"inline_featured_image":false,"_kad_post_transparent":"","_kad_post_title":"","_kad_post_layout":"","_kad_post_sidebar_id":"","_kad_post_content_style":"","_kad_post_vertical_padding":"","_kad_post_feature":"","_kad_post_feature_position":"","_kad_post_header":false,"_kad_post_footer":false,"_kad_post_classname":"","footnotes":""},"categories":[1],"tags":[],"class_list":["post-16684","post","type-post","status-publish","format-standard","has-post-thumbnail","hentry","category-aktuelles"],"acf":[],"yoast_head":"<!-- This site is optimized with the Yoast SEO plugin v27.4 - https:\/\/yoast.com\/product\/yoast-seo-wordpress\/ -->\n<title>Stellenausschreibung wissenschaftlicher Mitarbeiter (w \/ m \/d) - Deutsch-Deutsches Museum M\u00f6dlareuth<\/title>\n<meta name=\"robots\" content=\"index, follow, max-snippet:-1, max-image-preview:large, max-video-preview:-1\" \/>\n<link rel=\"canonical\" href=\"https:\/\/www.moedlareuth.de\/es\/stellenausschreibung-wissenschaftlicher-mitarbeiter-w-m-d\/\" \/>\n<meta property=\"og:locale\" content=\"es_ES\" \/>\n<meta property=\"og:type\" content=\"article\" \/>\n<meta property=\"og:title\" content=\"Stellenausschreibung wissenschaftlicher Mitarbeiter (w \/ m \/d) - Deutsch-Deutsches Museum M\u00f6dlareuth\" \/>\n<meta property=\"og:description\" content=\"Der Zweckverband \u201eDeutsch-Deutsches Museum M\u00f6dlareuth\u201c sucht zum n\u00e4chstm\u00f6glichen Zeitpunkt einen wissenschaftlichen Mitarbeiter (w \/ m \/ d) in Vollzeit (39 Stunden pro Woche). Die Verg\u00fctung erfolgt nach Entgeltgruppe 10 TV\u00f6D. Die Besch\u00e4ftigung erfolgt zun\u00e4chst befristet f\u00fcr zwei Jahre. M\u00f6dlareuth wurde als \u201eLittle Berlin\u201c weltweit bekannt und gilt als Inbegriff f\u00fcr die Teilung Deutschlands und deren...\" \/>\n<meta property=\"og:url\" content=\"https:\/\/www.moedlareuth.de\/es\/stellenausschreibung-wissenschaftlicher-mitarbeiter-w-m-d\/\" \/>\n<meta property=\"og:site_name\" content=\"Deutsch-Deutsches Museum M\u00f6dlareuth\" \/>\n<meta property=\"article:published_time\" content=\"2026-03-12T11:42:12+00:00\" \/>\n<meta property=\"article:modified_time\" content=\"2026-03-12T11:43:51+00:00\" \/>\n<meta name=\"author\" content=\"Susan Burger\" \/>\n<meta name=\"twitter:card\" content=\"summary_large_image\" \/>\n<meta name=\"twitter:label1\" content=\"Escrito por\" \/>\n\t<meta name=\"twitter:data1\" content=\"Susan Burger\" \/>\n\t<meta name=\"twitter:label2\" content=\"Tiempo de lectura\" \/>\n\t<meta name=\"twitter:data2\" content=\"4 minutos\" \/>\n<script type=\"application\/ld+json\" class=\"yoast-schema-graph\">{\"@context\":\"https:\\\/\\\/schema.org\",\"@graph\":[{\"@type\":\"Article\",\"@id\":\"https:\\\/\\\/www.moedlareuth.de\\\/stellenausschreibung-wissenschaftlicher-mitarbeiter-w-m-d\\\/#article\",\"isPartOf\":{\"@id\":\"https:\\\/\\\/www.moedlareuth.de\\\/stellenausschreibung-wissenschaftlicher-mitarbeiter-w-m-d\\\/\"},\"author\":{\"name\":\"Susan Burger\",\"@id\":\"https:\\\/\\\/moedlareuth.de\\\/preview\\\/#\\\/schema\\\/person\\\/42d95c7c900104834e45a22afe68e54d\"},\"headline\":\"Stellenausschreibung wissenschaftlicher Mitarbeiter (w \\\/ m \\\/d)\",\"datePublished\":\"2026-03-12T11:42:12+00:00\",\"dateModified\":\"2026-03-12T11:43:51+00:00\",\"mainEntityOfPage\":{\"@id\":\"https:\\\/\\\/www.moedlareuth.de\\\/stellenausschreibung-wissenschaftlicher-mitarbeiter-w-m-d\\\/\"},\"wordCount\":650,\"publisher\":{\"@id\":\"https:\\\/\\\/moedlareuth.de\\\/preview\\\/#organization\"},\"image\":{\"@id\":\"https:\\\/\\\/www.moedlareuth.de\\\/stellenausschreibung-wissenschaftlicher-mitarbeiter-w-m-d\\\/#primaryimage\"},\"thumbnailUrl\":\"https:\\\/\\\/www.moedlareuth.de\\\/wp-content\\\/uploads\\\/2022\\\/05\\\/museum_moedlareuth_logo_grau.svg\",\"articleSection\":[\"Aktuelles\"],\"inLanguage\":\"es\"},{\"@type\":\"WebPage\",\"@id\":\"https:\\\/\\\/www.moedlareuth.de\\\/stellenausschreibung-wissenschaftlicher-mitarbeiter-w-m-d\\\/\",\"url\":\"https:\\\/\\\/www.moedlareuth.de\\\/stellenausschreibung-wissenschaftlicher-mitarbeiter-w-m-d\\\/\",\"name\":\"Stellenausschreibung wissenschaftlicher Mitarbeiter (w \\\/ m \\\/d) - Deutsch-Deutsches Museum M\u00f6dlareuth\",\"isPartOf\":{\"@id\":\"https:\\\/\\\/moedlareuth.de\\\/preview\\\/#website\"},\"primaryImageOfPage\":{\"@id\":\"https:\\\/\\\/www.moedlareuth.de\\\/stellenausschreibung-wissenschaftlicher-mitarbeiter-w-m-d\\\/#primaryimage\"},\"image\":{\"@id\":\"https:\\\/\\\/www.moedlareuth.de\\\/stellenausschreibung-wissenschaftlicher-mitarbeiter-w-m-d\\\/#primaryimage\"},\"thumbnailUrl\":\"https:\\\/\\\/www.moedlareuth.de\\\/wp-content\\\/uploads\\\/2022\\\/05\\\/museum_moedlareuth_logo_grau.svg\",\"datePublished\":\"2026-03-12T11:42:12+00:00\",\"dateModified\":\"2026-03-12T11:43:51+00:00\",\"breadcrumb\":{\"@id\":\"https:\\\/\\\/www.moedlareuth.de\\\/stellenausschreibung-wissenschaftlicher-mitarbeiter-w-m-d\\\/#breadcrumb\"},\"inLanguage\":\"es\",\"potentialAction\":[{\"@type\":\"ReadAction\",\"target\":[\"https:\\\/\\\/www.moedlareuth.de\\\/stellenausschreibung-wissenschaftlicher-mitarbeiter-w-m-d\\\/\"]}]},{\"@type\":\"ImageObject\",\"inLanguage\":\"es\",\"@id\":\"https:\\\/\\\/www.moedlareuth.de\\\/stellenausschreibung-wissenschaftlicher-mitarbeiter-w-m-d\\\/#primaryimage\",\"url\":\"https:\\\/\\\/www.moedlareuth.de\\\/wp-content\\\/uploads\\\/2022\\\/05\\\/museum_moedlareuth_logo_grau.svg\",\"contentUrl\":\"https:\\\/\\\/www.moedlareuth.de\\\/wp-content\\\/uploads\\\/2022\\\/05\\\/museum_moedlareuth_logo_grau.svg\",\"width\":1920,\"height\":1080},{\"@type\":\"BreadcrumbList\",\"@id\":\"https:\\\/\\\/www.moedlareuth.de\\\/stellenausschreibung-wissenschaftlicher-mitarbeiter-w-m-d\\\/#breadcrumb\",\"itemListElement\":[{\"@type\":\"ListItem\",\"position\":1,\"name\":\"Startseite\",\"item\":\"https:\\\/\\\/www.moedlareuth.de\\\/\"},{\"@type\":\"ListItem\",\"position\":2,\"name\":\"Stellenausschreibung wissenschaftlicher Mitarbeiter (w \\\/ m \\\/d)\"}]},{\"@type\":\"WebSite\",\"@id\":\"https:\\\/\\\/moedlareuth.de\\\/preview\\\/#website\",\"url\":\"https:\\\/\\\/moedlareuth.de\\\/preview\\\/\",\"name\":\"Deutsch-Deutsches Museum M\u00f6dlareuth\",\"description\":\"Gedenkst\u00e4tte zur deutschen Teilung\",\"publisher\":{\"@id\":\"https:\\\/\\\/moedlareuth.de\\\/preview\\\/#organization\"},\"potentialAction\":[{\"@type\":\"SearchAction\",\"target\":{\"@type\":\"EntryPoint\",\"urlTemplate\":\"https:\\\/\\\/moedlareuth.de\\\/preview\\\/?s={search_term_string}\"},\"query-input\":{\"@type\":\"PropertyValueSpecification\",\"valueRequired\":true,\"valueName\":\"search_term_string\"}}],\"inLanguage\":\"es\"},{\"@type\":\"Organization\",\"@id\":\"https:\\\/\\\/moedlareuth.de\\\/preview\\\/#organization\",\"name\":\"Deutsch-Deutsches Museum M\u00f6dlareuth\",\"url\":\"https:\\\/\\\/moedlareuth.de\\\/preview\\\/\",\"logo\":{\"@type\":\"ImageObject\",\"inLanguage\":\"es\",\"@id\":\"https:\\\/\\\/moedlareuth.de\\\/preview\\\/#\\\/schema\\\/logo\\\/image\\\/\",\"url\":\"https:\\\/\\\/www.moedlareuth.de\\\/wp-content\\\/uploads\\\/2022\\\/02\\\/museum_moedlareuth_logo_hell_zusatz.svg\",\"contentUrl\":\"https:\\\/\\\/www.moedlareuth.de\\\/wp-content\\\/uploads\\\/2022\\\/02\\\/museum_moedlareuth_logo_hell_zusatz.svg\",\"width\":255,\"height\":62,\"caption\":\"Deutsch-Deutsches Museum M\u00f6dlareuth\"},\"image\":{\"@id\":\"https:\\\/\\\/moedlareuth.de\\\/preview\\\/#\\\/schema\\\/logo\\\/image\\\/\"}},{\"@type\":\"Person\",\"@id\":\"https:\\\/\\\/moedlareuth.de\\\/preview\\\/#\\\/schema\\\/person\\\/42d95c7c900104834e45a22afe68e54d\",\"name\":\"Susan Burger\",\"url\":\"https:\\\/\\\/www.moedlareuth.de\\\/es\\\/author\\\/s-burger\\\/\"}]}<\/script>\n<!-- \/ Yoast SEO plugin. -->","yoast_head_json":{"title":"Stellenausschreibung wissenschaftlicher Mitarbeiter (w \/ m \/d) - Deutsch-Deutsches Museum M\u00f6dlareuth","robots":{"index":"index","follow":"follow","max-snippet":"max-snippet:-1","max-image-preview":"max-image-preview:large","max-video-preview":"max-video-preview:-1"},"canonical":"https:\/\/www.moedlareuth.de\/es\/stellenausschreibung-wissenschaftlicher-mitarbeiter-w-m-d\/","og_locale":"es_ES","og_type":"article","og_title":"Stellenausschreibung wissenschaftlicher Mitarbeiter (w \/ m \/d) - Deutsch-Deutsches Museum M\u00f6dlareuth","og_description":"Der Zweckverband \u201eDeutsch-Deutsches Museum M\u00f6dlareuth\u201c sucht zum n\u00e4chstm\u00f6glichen Zeitpunkt einen wissenschaftlichen Mitarbeiter (w \/ m \/ d) in Vollzeit (39 Stunden pro Woche). Die Verg\u00fctung erfolgt nach Entgeltgruppe 10 TV\u00f6D. Die Besch\u00e4ftigung erfolgt zun\u00e4chst befristet f\u00fcr zwei Jahre. M\u00f6dlareuth wurde als \u201eLittle Berlin\u201c weltweit bekannt und gilt als Inbegriff f\u00fcr die Teilung Deutschlands und deren...","og_url":"https:\/\/www.moedlareuth.de\/es\/stellenausschreibung-wissenschaftlicher-mitarbeiter-w-m-d\/","og_site_name":"Deutsch-Deutsches Museum M\u00f6dlareuth","article_published_time":"2026-03-12T11:42:12+00:00","article_modified_time":"2026-03-12T11:43:51+00:00","author":"Susan Burger","twitter_card":"summary_large_image","twitter_misc":{"Escrito por":"Susan Burger","Tiempo de lectura":"4 minutos"},"schema":{"@context":"https:\/\/schema.org","@graph":[{"@type":"Article","@id":"https:\/\/www.moedlareuth.de\/stellenausschreibung-wissenschaftlicher-mitarbeiter-w-m-d\/#article","isPartOf":{"@id":"https:\/\/www.moedlareuth.de\/stellenausschreibung-wissenschaftlicher-mitarbeiter-w-m-d\/"},"author":{"name":"Susan Burger","@id":"https:\/\/moedlareuth.de\/preview\/#\/schema\/person\/42d95c7c900104834e45a22afe68e54d"},"headline":"Stellenausschreibung wissenschaftlicher Mitarbeiter (w \/ m \/d)","datePublished":"2026-03-12T11:42:12+00:00","dateModified":"2026-03-12T11:43:51+00:00","mainEntityOfPage":{"@id":"https:\/\/www.moedlareuth.de\/stellenausschreibung-wissenschaftlicher-mitarbeiter-w-m-d\/"},"wordCount":650,"publisher":{"@id":"https:\/\/moedlareuth.de\/preview\/#organization"},"image":{"@id":"https:\/\/www.moedlareuth.de\/stellenausschreibung-wissenschaftlicher-mitarbeiter-w-m-d\/#primaryimage"},"thumbnailUrl":"https:\/\/www.moedlareuth.de\/wp-content\/uploads\/2022\/05\/museum_moedlareuth_logo_grau.svg","articleSection":["Aktuelles"],"inLanguage":"es"},{"@type":"WebPage","@id":"https:\/\/www.moedlareuth.de\/stellenausschreibung-wissenschaftlicher-mitarbeiter-w-m-d\/","url":"https:\/\/www.moedlareuth.de\/stellenausschreibung-wissenschaftlicher-mitarbeiter-w-m-d\/","name":"Stellenausschreibung wissenschaftlicher Mitarbeiter (w \/ m \/d) - Deutsch-Deutsches Museum M\u00f6dlareuth","isPartOf":{"@id":"https:\/\/moedlareuth.de\/preview\/#website"},"primaryImageOfPage":{"@id":"https:\/\/www.moedlareuth.de\/stellenausschreibung-wissenschaftlicher-mitarbeiter-w-m-d\/#primaryimage"},"image":{"@id":"https:\/\/www.moedlareuth.de\/stellenausschreibung-wissenschaftlicher-mitarbeiter-w-m-d\/#primaryimage"},"thumbnailUrl":"https:\/\/www.moedlareuth.de\/wp-content\/uploads\/2022\/05\/museum_moedlareuth_logo_grau.svg","datePublished":"2026-03-12T11:42:12+00:00","dateModified":"2026-03-12T11:43:51+00:00","breadcrumb":{"@id":"https:\/\/www.moedlareuth.de\/stellenausschreibung-wissenschaftlicher-mitarbeiter-w-m-d\/#breadcrumb"},"inLanguage":"es","potentialAction":[{"@type":"ReadAction","target":["https:\/\/www.moedlareuth.de\/stellenausschreibung-wissenschaftlicher-mitarbeiter-w-m-d\/"]}]},{"@type":"ImageObject","inLanguage":"es","@id":"https:\/\/www.moedlareuth.de\/stellenausschreibung-wissenschaftlicher-mitarbeiter-w-m-d\/#primaryimage","url":"https:\/\/www.moedlareuth.de\/wp-content\/uploads\/2022\/05\/museum_moedlareuth_logo_grau.svg","contentUrl":"https:\/\/www.moedlareuth.de\/wp-content\/uploads\/2022\/05\/museum_moedlareuth_logo_grau.svg","width":1920,"height":1080},{"@type":"BreadcrumbList","@id":"https:\/\/www.moedlareuth.de\/stellenausschreibung-wissenschaftlicher-mitarbeiter-w-m-d\/#breadcrumb","itemListElement":[{"@type":"ListItem","position":1,"name":"Startseite","item":"https:\/\/www.moedlareuth.de\/"},{"@type":"ListItem","position":2,"name":"Stellenausschreibung wissenschaftlicher Mitarbeiter (w \/ m \/d)"}]},{"@type":"WebSite","@id":"https:\/\/moedlareuth.de\/preview\/#website","url":"https:\/\/moedlareuth.de\/preview\/","name":"Deutsch-Deutsches Museum M\u00f6dlareuth","description":"Monumento a la divisi\u00f3n de Alemania","publisher":{"@id":"https:\/\/moedlareuth.de\/preview\/#organization"},"potentialAction":[{"@type":"SearchAction","target":{"@type":"EntryPoint","urlTemplate":"https:\/\/moedlareuth.de\/preview\/?s={search_term_string}"},"query-input":{"@type":"PropertyValueSpecification","valueRequired":true,"valueName":"search_term_string"}}],"inLanguage":"es"},{"@type":"Organization","@id":"https:\/\/moedlareuth.de\/preview\/#organization","name":"Deutsch-Deutsches Museum M\u00f6dlareuth","url":"https:\/\/moedlareuth.de\/preview\/","logo":{"@type":"ImageObject","inLanguage":"es","@id":"https:\/\/moedlareuth.de\/preview\/#\/schema\/logo\/image\/","url":"https:\/\/www.moedlareuth.de\/wp-content\/uploads\/2022\/02\/museum_moedlareuth_logo_hell_zusatz.svg","contentUrl":"https:\/\/www.moedlareuth.de\/wp-content\/uploads\/2022\/02\/museum_moedlareuth_logo_hell_zusatz.svg","width":255,"height":62,"caption":"Deutsch-Deutsches Museum M\u00f6dlareuth"},"image":{"@id":"https:\/\/moedlareuth.de\/preview\/#\/schema\/logo\/image\/"}},{"@type":"Person","@id":"https:\/\/moedlareuth.de\/preview\/#\/schema\/person\/42d95c7c900104834e45a22afe68e54d","name":"Susan Burger","url":"https:\/\/www.moedlareuth.de\/es\/author\/s-burger\/"}]}},"_links":{"self":[{"href":"https:\/\/www.moedlareuth.de\/es\/wp-json\/wp\/v2\/posts\/16684","targetHints":{"allow":["GET"]}}],"collection":[{"href":"https:\/\/www.moedlareuth.de\/es\/wp-json\/wp\/v2\/posts"}],"about":[{"href":"https:\/\/www.moedlareuth.de\/es\/wp-json\/wp\/v2\/types\/post"}],"author":[{"embeddable":true,"href":"https:\/\/www.moedlareuth.de\/es\/wp-json\/wp\/v2\/users\/10"}],"replies":[{"embeddable":true,"href":"https:\/\/www.moedlareuth.de\/es\/wp-json\/wp\/v2\/comments?post=16684"}],"version-history":[{"count":2,"href":"https:\/\/www.moedlareuth.de\/es\/wp-json\/wp\/v2\/posts\/16684\/revisions"}],"predecessor-version":[{"id":16717,"href":"https:\/\/www.moedlareuth.de\/es\/wp-json\/wp\/v2\/posts\/16684\/revisions\/16717"}],"wp:featuredmedia":[{"embeddable":true,"href":"https:\/\/www.moedlareuth.de\/es\/wp-json\/wp\/v2\/media\/11757"}],"wp:attachment":[{"href":"https:\/\/www.moedlareuth.de\/es\/wp-json\/wp\/v2\/media?parent=16684"}],"wp:term":[{"taxonomy":"category","embeddable":true,"href":"https:\/\/www.moedlareuth.de\/es\/wp-json\/wp\/v2\/categories?post=16684"},{"taxonomy":"post_tag","embeddable":true,"href":"https:\/\/www.moedlareuth.de\/es\/wp-json\/wp\/v2\/tags?post=16684"}],"curies":[{"name":"wp","href":"https:\/\/api.w.org\/{rel}","templated":true}]}}