{"id":14327,"date":"2025-04-10T12:38:17","date_gmt":"2025-04-10T10:38:17","guid":{"rendered":"https:\/\/www.moedlareuth.de\/?p=14327"},"modified":"2025-04-14T13:59:34","modified_gmt":"2025-04-14T11:59:34","slug":"neue-dauerausstellung-umzug-eines-weiteren-grossobjekts","status":"publish","type":"post","link":"https:\/\/www.moedlareuth.de\/es\/neue-dauerausstellung-umzug-eines-weiteren-grossobjekts\/","title":{"rendered":"Neue Dauerausstellung \u2013 Umzug eines weiteren Gro\u00dfobjekts"},"content":{"rendered":"<p>Die Arbeiten am Museumsneubau und f\u00fcr die neue Dauerausstellung laufen auf Hochtouren \u2013 am 4. April 2025 wurde ein weiteres Gro\u00dfobjekt in die neue 500 m\u00b2 gro\u00dfe Ausstellungshalle transportiert. Im vergangenen Jahr war als erstes Exponat bereits ein Segment der Berliner Mauer in das neue Geb\u00e4ude verbracht worden: Aufgrund von dessen Gr\u00f6\u00dfe und Gewicht musste der Umzug vor Fertigstellung des neuen Eingangsbereichs erfolgen.<\/p>\n\n\n\n<p>\u00c4hnlich verhielt es sich nun mit der \u201eDOWA 81\u201c. Das selbst konstruierte Leichtflugzeug sollte der f\u00fcnfk\u00f6pfigen Familie Dr. Wagner 1981 die Flucht in die Bundesrepublik erm\u00f6glichen. Das Fluchtvorhaben wurde von der Stasi aufgedeckt, die Familie am geplanten Fluchttag verhaftet. Der Ingenieur Dr. Gerhard Wagner, seine Ehefrau und die beiden \u00e4lteren S\u00f6hne erhielten Haftstrafen. 1982 wurden sie von der Bundesrepublik freigekauft.<\/p>\n\n\n\n<p>Das Fluchtflugzeug selbst befand sich bis zur Friedlichen Revolution 1989 in der Asservatenkammer des Ministeriums f\u00fcr Staatssicherheit in Ost-Berlin. 1991 gelangte es in das Deutsche Museum Au\u00dfenstelle Flugwerft Schlei\u00dfheim und wurde in der dortigen Dauerausstellung gezeigt. Im Oktober 2023 erhielt das Museum M\u00f6dlareuth die DOWA 81 als Dauerleihgabe und zeigt diese in der neuen Ausstellung an prominenter Stelle. Mit Er\u00f6ffnung des Neubaus wird das Flugzeug f\u00fcr Besucher wieder zu besichtigen sein.<\/p>\n\n\n\n<p>Es folgt eine Bildergalerie des Transports von der Fahrzeughalle in das neue Hauptgeb\u00e4ude. Das letzte Foto zeigt Inge Wagner, Dr. Gerhard Wagner und einen Freund der Familie beim Betrachten des nun positionierten Leichtflugzeugs.<\/p>\n\n\n\n<figure class=\"wp-block-gallery has-nested-images columns-default is-cropped wp-block-gallery-1 is-layout-flex wp-block-gallery-is-layout-flex\">\n<figure class=\"wp-block-image size-large\"><a href=\"https:\/\/www.moedlareuth.de\/wp-content\/uploads\/2025\/04\/01_Verladen-vor-Halle-scaled.jpg\"><img fetchpriority=\"high\" decoding=\"async\" width=\"768\" height=\"1024\" data-id=\"14334\" src=\"https:\/\/www.moedlareuth.de\/wp-content\/uploads\/2025\/04\/01_Verladen-vor-Halle-768x1024.jpg\" alt=\"\" class=\"wp-image-14334\" srcset=\"https:\/\/www.moedlareuth.de\/wp-content\/uploads\/2025\/04\/01_Verladen-vor-Halle-768x1024.jpg 768w, https:\/\/www.moedlareuth.de\/wp-content\/uploads\/2025\/04\/01_Verladen-vor-Halle-225x300.jpg 225w, https:\/\/www.moedlareuth.de\/wp-content\/uploads\/2025\/04\/01_Verladen-vor-Halle-1152x1536.jpg 1152w, https:\/\/www.moedlareuth.de\/wp-content\/uploads\/2025\/04\/01_Verladen-vor-Halle-1536x2048.jpg 1536w, https:\/\/www.moedlareuth.de\/wp-content\/uploads\/2025\/04\/01_Verladen-vor-Halle-9x12.jpg 9w, https:\/\/www.moedlareuth.de\/wp-content\/uploads\/2025\/04\/01_Verladen-vor-Halle-scaled.jpg 1920w\" sizes=\"(max-width: 768px) 100vw, 768px\" \/><\/a><\/figure>\n\n\n\n<figure class=\"wp-block-image size-large\"><a href=\"https:\/\/www.moedlareuth.de\/wp-content\/uploads\/2025\/04\/02_Ankunft-Neubau-scaled.jpg\"><img decoding=\"async\" width=\"768\" height=\"1024\" data-id=\"14330\" src=\"https:\/\/www.moedlareuth.de\/wp-content\/uploads\/2025\/04\/02_Ankunft-Neubau-768x1024.jpg\" alt=\"\" class=\"wp-image-14330\" srcset=\"https:\/\/www.moedlareuth.de\/wp-content\/uploads\/2025\/04\/02_Ankunft-Neubau-768x1024.jpg 768w, https:\/\/www.moedlareuth.de\/wp-content\/uploads\/2025\/04\/02_Ankunft-Neubau-225x300.jpg 225w, https:\/\/www.moedlareuth.de\/wp-content\/uploads\/2025\/04\/02_Ankunft-Neubau-1152x1536.jpg 1152w, https:\/\/www.moedlareuth.de\/wp-content\/uploads\/2025\/04\/02_Ankunft-Neubau-1536x2048.jpg 1536w, https:\/\/www.moedlareuth.de\/wp-content\/uploads\/2025\/04\/02_Ankunft-Neubau-9x12.jpg 9w, https:\/\/www.moedlareuth.de\/wp-content\/uploads\/2025\/04\/02_Ankunft-Neubau-scaled.jpg 1920w\" sizes=\"(max-width: 768px) 100vw, 768px\" \/><\/a><\/figure>\n\n\n\n<figure class=\"wp-block-image size-large\"><a href=\"https:\/\/www.moedlareuth.de\/wp-content\/uploads\/2025\/04\/03_Dowa-Boden-scaled.jpg\"><img decoding=\"async\" width=\"768\" height=\"1024\" data-id=\"14332\" src=\"https:\/\/www.moedlareuth.de\/wp-content\/uploads\/2025\/04\/03_Dowa-Boden-768x1024.jpg\" alt=\"\" class=\"wp-image-14332\" srcset=\"https:\/\/www.moedlareuth.de\/wp-content\/uploads\/2025\/04\/03_Dowa-Boden-768x1024.jpg 768w, https:\/\/www.moedlareuth.de\/wp-content\/uploads\/2025\/04\/03_Dowa-Boden-225x300.jpg 225w, https:\/\/www.moedlareuth.de\/wp-content\/uploads\/2025\/04\/03_Dowa-Boden-1152x1536.jpg 1152w, https:\/\/www.moedlareuth.de\/wp-content\/uploads\/2025\/04\/03_Dowa-Boden-1536x2048.jpg 1536w, https:\/\/www.moedlareuth.de\/wp-content\/uploads\/2025\/04\/03_Dowa-Boden-9x12.jpg 9w, https:\/\/www.moedlareuth.de\/wp-content\/uploads\/2025\/04\/03_Dowa-Boden-scaled.jpg 1920w\" sizes=\"(max-width: 768px) 100vw, 768px\" \/><\/a><\/figure>\n\n\n\n<figure class=\"wp-block-image size-large\"><a href=\"https:\/\/www.moedlareuth.de\/wp-content\/uploads\/2025\/04\/04_Dowa-Luft-scaled.jpg\"><img loading=\"lazy\" decoding=\"async\" width=\"768\" height=\"1024\" data-id=\"14331\" src=\"https:\/\/www.moedlareuth.de\/wp-content\/uploads\/2025\/04\/04_Dowa-Luft-768x1024.jpg\" alt=\"\" class=\"wp-image-14331\" srcset=\"https:\/\/www.moedlareuth.de\/wp-content\/uploads\/2025\/04\/04_Dowa-Luft-768x1024.jpg 768w, https:\/\/www.moedlareuth.de\/wp-content\/uploads\/2025\/04\/04_Dowa-Luft-225x300.jpg 225w, https:\/\/www.moedlareuth.de\/wp-content\/uploads\/2025\/04\/04_Dowa-Luft-1152x1536.jpg 1152w, https:\/\/www.moedlareuth.de\/wp-content\/uploads\/2025\/04\/04_Dowa-Luft-1536x2048.jpg 1536w, https:\/\/www.moedlareuth.de\/wp-content\/uploads\/2025\/04\/04_Dowa-Luft-9x12.jpg 9w, https:\/\/www.moedlareuth.de\/wp-content\/uploads\/2025\/04\/04_Dowa-Luft-scaled.jpg 1920w\" sizes=\"(max-width: 768px) 100vw, 768px\" \/><\/a><\/figure>\n\n\n\n<figure class=\"wp-block-image size-large\"><a href=\"https:\/\/www.moedlareuth.de\/wp-content\/uploads\/2025\/04\/05_Befestigung-Dowa-scaled.jpg\"><img loading=\"lazy\" decoding=\"async\" width=\"1024\" height=\"576\" data-id=\"14328\" src=\"https:\/\/www.moedlareuth.de\/wp-content\/uploads\/2025\/04\/05_Befestigung-Dowa-1024x576.jpg\" alt=\"\" class=\"wp-image-14328\" srcset=\"https:\/\/www.moedlareuth.de\/wp-content\/uploads\/2025\/04\/05_Befestigung-Dowa-1024x576.jpg 1024w, https:\/\/www.moedlareuth.de\/wp-content\/uploads\/2025\/04\/05_Befestigung-Dowa-300x169.jpg 300w, https:\/\/www.moedlareuth.de\/wp-content\/uploads\/2025\/04\/05_Befestigung-Dowa-768x432.jpg 768w, https:\/\/www.moedlareuth.de\/wp-content\/uploads\/2025\/04\/05_Befestigung-Dowa-1536x864.jpg 1536w, https:\/\/www.moedlareuth.de\/wp-content\/uploads\/2025\/04\/05_Befestigung-Dowa-2048x1152.jpg 2048w, https:\/\/www.moedlareuth.de\/wp-content\/uploads\/2025\/04\/05_Befestigung-Dowa-18x10.jpg 18w\" sizes=\"(max-width: 1024px) 100vw, 1024px\" \/><\/a><\/figure>\n\n\n\n<figure class=\"wp-block-image size-large\"><a href=\"https:\/\/www.moedlareuth.de\/wp-content\/uploads\/2025\/04\/06_Dowa-mit-von-links-Familie-Wagner-und-Freund-der-Familie-scaled.jpg\"><img loading=\"lazy\" decoding=\"async\" width=\"768\" height=\"1024\" data-id=\"14329\" src=\"https:\/\/www.moedlareuth.de\/wp-content\/uploads\/2025\/04\/06_Dowa-mit-von-links-Familie-Wagner-und-Freund-der-Familie-768x1024.jpg\" alt=\"\" class=\"wp-image-14329\" srcset=\"https:\/\/www.moedlareuth.de\/wp-content\/uploads\/2025\/04\/06_Dowa-mit-von-links-Familie-Wagner-und-Freund-der-Familie-768x1024.jpg 768w, https:\/\/www.moedlareuth.de\/wp-content\/uploads\/2025\/04\/06_Dowa-mit-von-links-Familie-Wagner-und-Freund-der-Familie-225x300.jpg 225w, https:\/\/www.moedlareuth.de\/wp-content\/uploads\/2025\/04\/06_Dowa-mit-von-links-Familie-Wagner-und-Freund-der-Familie-1152x1536.jpg 1152w, https:\/\/www.moedlareuth.de\/wp-content\/uploads\/2025\/04\/06_Dowa-mit-von-links-Familie-Wagner-und-Freund-der-Familie-1536x2048.jpg 1536w, https:\/\/www.moedlareuth.de\/wp-content\/uploads\/2025\/04\/06_Dowa-mit-von-links-Familie-Wagner-und-Freund-der-Familie-9x12.jpg 9w, https:\/\/www.moedlareuth.de\/wp-content\/uploads\/2025\/04\/06_Dowa-mit-von-links-Familie-Wagner-und-Freund-der-Familie-scaled.jpg 1920w\" sizes=\"(max-width: 768px) 100vw, 768px\" \/><\/a><\/figure>\n<\/figure>\n\n\n\n<p><\/p>","protected":false},"excerpt":{"rendered":"<p>Die Arbeiten am Museumsneubau und f\u00fcr die neue Dauerausstellung laufen auf Hochtouren \u2013 am 4. April 2025 wurde ein weiteres Gro\u00dfobjekt in die neue 500 m\u00b2 gro\u00dfe Ausstellungshalle transportiert. Im vergangenen Jahr war als erstes Exponat bereits ein Segment der Berliner Mauer in das neue Geb\u00e4ude verbracht worden: Aufgrund von dessen Gr\u00f6\u00dfe und Gewicht musste&#8230;<\/p>","protected":false},"author":10,"featured_media":14335,"comment_status":"closed","ping_status":"closed","sticky":false,"template":"","format":"standard","meta":{"_acf_changed":false,"inline_featured_image":false,"_kad_post_transparent":"","_kad_post_title":"","_kad_post_layout":"","_kad_post_sidebar_id":"","_kad_post_content_style":"","_kad_post_vertical_padding":"","_kad_post_feature":"","_kad_post_feature_position":"","_kad_post_header":false,"_kad_post_footer":false,"_kad_post_classname":"","footnotes":""},"categories":[1],"tags":[],"class_list":["post-14327","post","type-post","status-publish","format-standard","has-post-thumbnail","hentry","category-aktuelles"],"acf":[],"yoast_head":"<!-- This site is optimized with the Yoast SEO plugin v27.5 - https:\/\/yoast.com\/product\/yoast-seo-wordpress\/ -->\n<title>Neue Dauerausstellung \u2013 Umzug eines weiteren Gro\u00dfobjekts - Deutsch-Deutsches Museum M\u00f6dlareuth<\/title>\n<meta name=\"robots\" content=\"index, follow, max-snippet:-1, max-image-preview:large, max-video-preview:-1\" \/>\n<link rel=\"canonical\" href=\"https:\/\/www.moedlareuth.de\/es\/neue-dauerausstellung-umzug-eines-weiteren-grossobjekts\/\" \/>\n<meta property=\"og:locale\" content=\"es_ES\" \/>\n<meta property=\"og:type\" content=\"article\" \/>\n<meta property=\"og:title\" content=\"Neue Dauerausstellung \u2013 Umzug eines weiteren Gro\u00dfobjekts - Deutsch-Deutsches Museum M\u00f6dlareuth\" \/>\n<meta property=\"og:description\" content=\"Die Arbeiten am Museumsneubau und f\u00fcr die neue Dauerausstellung laufen auf Hochtouren \u2013 am 4. April 2025 wurde ein weiteres Gro\u00dfobjekt in die neue 500 m\u00b2 gro\u00dfe Ausstellungshalle transportiert. Im vergangenen Jahr war als erstes Exponat bereits ein Segment der Berliner Mauer in das neue Geb\u00e4ude verbracht worden: Aufgrund von dessen Gr\u00f6\u00dfe und Gewicht musste...\" \/>\n<meta property=\"og:url\" content=\"https:\/\/www.moedlareuth.de\/es\/neue-dauerausstellung-umzug-eines-weiteren-grossobjekts\/\" \/>\n<meta property=\"og:site_name\" content=\"Deutsch-Deutsches Museum M\u00f6dlareuth\" \/>\n<meta property=\"article:published_time\" content=\"2025-04-10T10:38:17+00:00\" \/>\n<meta property=\"article:modified_time\" content=\"2025-04-14T11:59:34+00:00\" \/>\n<meta property=\"og:image\" content=\"https:\/\/www.moedlareuth.de\/wp-content\/uploads\/2025\/04\/07_Dowa-haengt_quer-scaled.jpg\" \/>\n\t<meta property=\"og:image:width\" content=\"2560\" \/>\n\t<meta property=\"og:image:height\" content=\"2005\" \/>\n\t<meta property=\"og:image:type\" content=\"image\/jpeg\" \/>\n<meta name=\"author\" content=\"Susan Burger\" \/>\n<meta name=\"twitter:card\" content=\"summary_large_image\" \/>\n<meta name=\"twitter:label1\" content=\"Escrito por\" \/>\n\t<meta name=\"twitter:data1\" content=\"Susan Burger\" \/>\n\t<meta name=\"twitter:label2\" content=\"Tiempo de lectura\" \/>\n\t<meta name=\"twitter:data2\" content=\"3 minutos\" \/>\n<script type=\"application\/ld+json\" class=\"yoast-schema-graph\">{\"@context\":\"https:\\\/\\\/schema.org\",\"@graph\":[{\"@type\":\"Article\",\"@id\":\"https:\\\/\\\/www.moedlareuth.de\\\/neue-dauerausstellung-umzug-eines-weiteren-grossobjekts\\\/#article\",\"isPartOf\":{\"@id\":\"https:\\\/\\\/www.moedlareuth.de\\\/neue-dauerausstellung-umzug-eines-weiteren-grossobjekts\\\/\"},\"author\":{\"name\":\"Susan Burger\",\"@id\":\"https:\\\/\\\/moedlareuth.de\\\/preview\\\/#\\\/schema\\\/person\\\/42d95c7c900104834e45a22afe68e54d\"},\"headline\":\"Neue Dauerausstellung \u2013 Umzug eines weiteren Gro\u00dfobjekts\",\"datePublished\":\"2025-04-10T10:38:17+00:00\",\"dateModified\":\"2025-04-14T11:59:34+00:00\",\"mainEntityOfPage\":{\"@id\":\"https:\\\/\\\/www.moedlareuth.de\\\/neue-dauerausstellung-umzug-eines-weiteren-grossobjekts\\\/\"},\"wordCount\":239,\"publisher\":{\"@id\":\"https:\\\/\\\/moedlareuth.de\\\/preview\\\/#organization\"},\"image\":{\"@id\":\"https:\\\/\\\/www.moedlareuth.de\\\/neue-dauerausstellung-umzug-eines-weiteren-grossobjekts\\\/#primaryimage\"},\"thumbnailUrl\":\"https:\\\/\\\/www.moedlareuth.de\\\/wp-content\\\/uploads\\\/2025\\\/04\\\/07_Dowa-haengt_quer-scaled.jpg\",\"articleSection\":[\"Aktuelles\"],\"inLanguage\":\"es\"},{\"@type\":\"WebPage\",\"@id\":\"https:\\\/\\\/www.moedlareuth.de\\\/neue-dauerausstellung-umzug-eines-weiteren-grossobjekts\\\/\",\"url\":\"https:\\\/\\\/www.moedlareuth.de\\\/neue-dauerausstellung-umzug-eines-weiteren-grossobjekts\\\/\",\"name\":\"Neue Dauerausstellung \u2013 Umzug eines weiteren Gro\u00dfobjekts - Deutsch-Deutsches Museum M\u00f6dlareuth\",\"isPartOf\":{\"@id\":\"https:\\\/\\\/moedlareuth.de\\\/preview\\\/#website\"},\"primaryImageOfPage\":{\"@id\":\"https:\\\/\\\/www.moedlareuth.de\\\/neue-dauerausstellung-umzug-eines-weiteren-grossobjekts\\\/#primaryimage\"},\"image\":{\"@id\":\"https:\\\/\\\/www.moedlareuth.de\\\/neue-dauerausstellung-umzug-eines-weiteren-grossobjekts\\\/#primaryimage\"},\"thumbnailUrl\":\"https:\\\/\\\/www.moedlareuth.de\\\/wp-content\\\/uploads\\\/2025\\\/04\\\/07_Dowa-haengt_quer-scaled.jpg\",\"datePublished\":\"2025-04-10T10:38:17+00:00\",\"dateModified\":\"2025-04-14T11:59:34+00:00\",\"breadcrumb\":{\"@id\":\"https:\\\/\\\/www.moedlareuth.de\\\/neue-dauerausstellung-umzug-eines-weiteren-grossobjekts\\\/#breadcrumb\"},\"inLanguage\":\"es\",\"potentialAction\":[{\"@type\":\"ReadAction\",\"target\":[\"https:\\\/\\\/www.moedlareuth.de\\\/neue-dauerausstellung-umzug-eines-weiteren-grossobjekts\\\/\"]}]},{\"@type\":\"ImageObject\",\"inLanguage\":\"es\",\"@id\":\"https:\\\/\\\/www.moedlareuth.de\\\/neue-dauerausstellung-umzug-eines-weiteren-grossobjekts\\\/#primaryimage\",\"url\":\"https:\\\/\\\/www.moedlareuth.de\\\/wp-content\\\/uploads\\\/2025\\\/04\\\/07_Dowa-haengt_quer-scaled.jpg\",\"contentUrl\":\"https:\\\/\\\/www.moedlareuth.de\\\/wp-content\\\/uploads\\\/2025\\\/04\\\/07_Dowa-haengt_quer-scaled.jpg\",\"width\":2560,\"height\":2005},{\"@type\":\"BreadcrumbList\",\"@id\":\"https:\\\/\\\/www.moedlareuth.de\\\/neue-dauerausstellung-umzug-eines-weiteren-grossobjekts\\\/#breadcrumb\",\"itemListElement\":[{\"@type\":\"ListItem\",\"position\":1,\"name\":\"Startseite\",\"item\":\"https:\\\/\\\/www.moedlareuth.de\\\/\"},{\"@type\":\"ListItem\",\"position\":2,\"name\":\"Neue Dauerausstellung \u2013 Umzug eines weiteren Gro\u00dfobjekts\"}]},{\"@type\":\"WebSite\",\"@id\":\"https:\\\/\\\/moedlareuth.de\\\/preview\\\/#website\",\"url\":\"https:\\\/\\\/moedlareuth.de\\\/preview\\\/\",\"name\":\"Deutsch-Deutsches Museum M\u00f6dlareuth\",\"description\":\"Gedenkst\u00e4tte zur deutschen Teilung\",\"publisher\":{\"@id\":\"https:\\\/\\\/moedlareuth.de\\\/preview\\\/#organization\"},\"potentialAction\":[{\"@type\":\"SearchAction\",\"target\":{\"@type\":\"EntryPoint\",\"urlTemplate\":\"https:\\\/\\\/moedlareuth.de\\\/preview\\\/?s={search_term_string}\"},\"query-input\":{\"@type\":\"PropertyValueSpecification\",\"valueRequired\":true,\"valueName\":\"search_term_string\"}}],\"inLanguage\":\"es\"},{\"@type\":\"Organization\",\"@id\":\"https:\\\/\\\/moedlareuth.de\\\/preview\\\/#organization\",\"name\":\"Deutsch-Deutsches Museum M\u00f6dlareuth\",\"url\":\"https:\\\/\\\/moedlareuth.de\\\/preview\\\/\",\"logo\":{\"@type\":\"ImageObject\",\"inLanguage\":\"es\",\"@id\":\"https:\\\/\\\/moedlareuth.de\\\/preview\\\/#\\\/schema\\\/logo\\\/image\\\/\",\"url\":\"https:\\\/\\\/www.moedlareuth.de\\\/wp-content\\\/uploads\\\/2022\\\/02\\\/museum_moedlareuth_logo_hell_zusatz.svg\",\"contentUrl\":\"https:\\\/\\\/www.moedlareuth.de\\\/wp-content\\\/uploads\\\/2022\\\/02\\\/museum_moedlareuth_logo_hell_zusatz.svg\",\"width\":255,\"height\":62,\"caption\":\"Deutsch-Deutsches Museum M\u00f6dlareuth\"},\"image\":{\"@id\":\"https:\\\/\\\/moedlareuth.de\\\/preview\\\/#\\\/schema\\\/logo\\\/image\\\/\"}},{\"@type\":\"Person\",\"@id\":\"https:\\\/\\\/moedlareuth.de\\\/preview\\\/#\\\/schema\\\/person\\\/42d95c7c900104834e45a22afe68e54d\",\"name\":\"Susan Burger\",\"url\":\"https:\\\/\\\/www.moedlareuth.de\\\/es\\\/author\\\/s-burger\\\/\"}]}<\/script>\n<!-- \/ Yoast SEO plugin. -->","yoast_head_json":{"title":"Neue Dauerausstellung \u2013 Umzug eines weiteren Gro\u00dfobjekts - Deutsch-Deutsches Museum M\u00f6dlareuth","robots":{"index":"index","follow":"follow","max-snippet":"max-snippet:-1","max-image-preview":"max-image-preview:large","max-video-preview":"max-video-preview:-1"},"canonical":"https:\/\/www.moedlareuth.de\/es\/neue-dauerausstellung-umzug-eines-weiteren-grossobjekts\/","og_locale":"es_ES","og_type":"article","og_title":"Neue Dauerausstellung \u2013 Umzug eines weiteren Gro\u00dfobjekts - Deutsch-Deutsches Museum M\u00f6dlareuth","og_description":"Die Arbeiten am Museumsneubau und f\u00fcr die neue Dauerausstellung laufen auf Hochtouren \u2013 am 4. April 2025 wurde ein weiteres Gro\u00dfobjekt in die neue 500 m\u00b2 gro\u00dfe Ausstellungshalle transportiert. Im vergangenen Jahr war als erstes Exponat bereits ein Segment der Berliner Mauer in das neue Geb\u00e4ude verbracht worden: Aufgrund von dessen Gr\u00f6\u00dfe und Gewicht musste...","og_url":"https:\/\/www.moedlareuth.de\/es\/neue-dauerausstellung-umzug-eines-weiteren-grossobjekts\/","og_site_name":"Deutsch-Deutsches Museum M\u00f6dlareuth","article_published_time":"2025-04-10T10:38:17+00:00","article_modified_time":"2025-04-14T11:59:34+00:00","og_image":[{"width":2560,"height":2005,"url":"https:\/\/www.moedlareuth.de\/wp-content\/uploads\/2025\/04\/07_Dowa-haengt_quer-scaled.jpg","type":"image\/jpeg"}],"author":"Susan Burger","twitter_card":"summary_large_image","twitter_misc":{"Escrito por":"Susan Burger","Tiempo de lectura":"3 minutos"},"schema":{"@context":"https:\/\/schema.org","@graph":[{"@type":"Article","@id":"https:\/\/www.moedlareuth.de\/neue-dauerausstellung-umzug-eines-weiteren-grossobjekts\/#article","isPartOf":{"@id":"https:\/\/www.moedlareuth.de\/neue-dauerausstellung-umzug-eines-weiteren-grossobjekts\/"},"author":{"name":"Susan Burger","@id":"https:\/\/moedlareuth.de\/preview\/#\/schema\/person\/42d95c7c900104834e45a22afe68e54d"},"headline":"Neue Dauerausstellung \u2013 Umzug eines weiteren Gro\u00dfobjekts","datePublished":"2025-04-10T10:38:17+00:00","dateModified":"2025-04-14T11:59:34+00:00","mainEntityOfPage":{"@id":"https:\/\/www.moedlareuth.de\/neue-dauerausstellung-umzug-eines-weiteren-grossobjekts\/"},"wordCount":239,"publisher":{"@id":"https:\/\/moedlareuth.de\/preview\/#organization"},"image":{"@id":"https:\/\/www.moedlareuth.de\/neue-dauerausstellung-umzug-eines-weiteren-grossobjekts\/#primaryimage"},"thumbnailUrl":"https:\/\/www.moedlareuth.de\/wp-content\/uploads\/2025\/04\/07_Dowa-haengt_quer-scaled.jpg","articleSection":["Aktuelles"],"inLanguage":"es"},{"@type":"WebPage","@id":"https:\/\/www.moedlareuth.de\/neue-dauerausstellung-umzug-eines-weiteren-grossobjekts\/","url":"https:\/\/www.moedlareuth.de\/neue-dauerausstellung-umzug-eines-weiteren-grossobjekts\/","name":"Neue Dauerausstellung \u2013 Umzug eines weiteren Gro\u00dfobjekts - Deutsch-Deutsches Museum M\u00f6dlareuth","isPartOf":{"@id":"https:\/\/moedlareuth.de\/preview\/#website"},"primaryImageOfPage":{"@id":"https:\/\/www.moedlareuth.de\/neue-dauerausstellung-umzug-eines-weiteren-grossobjekts\/#primaryimage"},"image":{"@id":"https:\/\/www.moedlareuth.de\/neue-dauerausstellung-umzug-eines-weiteren-grossobjekts\/#primaryimage"},"thumbnailUrl":"https:\/\/www.moedlareuth.de\/wp-content\/uploads\/2025\/04\/07_Dowa-haengt_quer-scaled.jpg","datePublished":"2025-04-10T10:38:17+00:00","dateModified":"2025-04-14T11:59:34+00:00","breadcrumb":{"@id":"https:\/\/www.moedlareuth.de\/neue-dauerausstellung-umzug-eines-weiteren-grossobjekts\/#breadcrumb"},"inLanguage":"es","potentialAction":[{"@type":"ReadAction","target":["https:\/\/www.moedlareuth.de\/neue-dauerausstellung-umzug-eines-weiteren-grossobjekts\/"]}]},{"@type":"ImageObject","inLanguage":"es","@id":"https:\/\/www.moedlareuth.de\/neue-dauerausstellung-umzug-eines-weiteren-grossobjekts\/#primaryimage","url":"https:\/\/www.moedlareuth.de\/wp-content\/uploads\/2025\/04\/07_Dowa-haengt_quer-scaled.jpg","contentUrl":"https:\/\/www.moedlareuth.de\/wp-content\/uploads\/2025\/04\/07_Dowa-haengt_quer-scaled.jpg","width":2560,"height":2005},{"@type":"BreadcrumbList","@id":"https:\/\/www.moedlareuth.de\/neue-dauerausstellung-umzug-eines-weiteren-grossobjekts\/#breadcrumb","itemListElement":[{"@type":"ListItem","position":1,"name":"Startseite","item":"https:\/\/www.moedlareuth.de\/"},{"@type":"ListItem","position":2,"name":"Neue Dauerausstellung \u2013 Umzug eines weiteren Gro\u00dfobjekts"}]},{"@type":"WebSite","@id":"https:\/\/moedlareuth.de\/preview\/#website","url":"https:\/\/moedlareuth.de\/preview\/","name":"Deutsch-Deutsches Museum M\u00f6dlareuth","description":"Monumento a la divisi\u00f3n de Alemania","publisher":{"@id":"https:\/\/moedlareuth.de\/preview\/#organization"},"potentialAction":[{"@type":"SearchAction","target":{"@type":"EntryPoint","urlTemplate":"https:\/\/moedlareuth.de\/preview\/?s={search_term_string}"},"query-input":{"@type":"PropertyValueSpecification","valueRequired":true,"valueName":"search_term_string"}}],"inLanguage":"es"},{"@type":"Organization","@id":"https:\/\/moedlareuth.de\/preview\/#organization","name":"Deutsch-Deutsches Museum M\u00f6dlareuth","url":"https:\/\/moedlareuth.de\/preview\/","logo":{"@type":"ImageObject","inLanguage":"es","@id":"https:\/\/moedlareuth.de\/preview\/#\/schema\/logo\/image\/","url":"https:\/\/www.moedlareuth.de\/wp-content\/uploads\/2022\/02\/museum_moedlareuth_logo_hell_zusatz.svg","contentUrl":"https:\/\/www.moedlareuth.de\/wp-content\/uploads\/2022\/02\/museum_moedlareuth_logo_hell_zusatz.svg","width":255,"height":62,"caption":"Deutsch-Deutsches Museum M\u00f6dlareuth"},"image":{"@id":"https:\/\/moedlareuth.de\/preview\/#\/schema\/logo\/image\/"}},{"@type":"Person","@id":"https:\/\/moedlareuth.de\/preview\/#\/schema\/person\/42d95c7c900104834e45a22afe68e54d","name":"Susan Burger","url":"https:\/\/www.moedlareuth.de\/es\/author\/s-burger\/"}]}},"_links":{"self":[{"href":"https:\/\/www.moedlareuth.de\/es\/wp-json\/wp\/v2\/posts\/14327","targetHints":{"allow":["GET"]}}],"collection":[{"href":"https:\/\/www.moedlareuth.de\/es\/wp-json\/wp\/v2\/posts"}],"about":[{"href":"https:\/\/www.moedlareuth.de\/es\/wp-json\/wp\/v2\/types\/post"}],"author":[{"embeddable":true,"href":"https:\/\/www.moedlareuth.de\/es\/wp-json\/wp\/v2\/users\/10"}],"replies":[{"embeddable":true,"href":"https:\/\/www.moedlareuth.de\/es\/wp-json\/wp\/v2\/comments?post=14327"}],"version-history":[{"count":3,"href":"https:\/\/www.moedlareuth.de\/es\/wp-json\/wp\/v2\/posts\/14327\/revisions"}],"predecessor-version":[{"id":14345,"href":"https:\/\/www.moedlareuth.de\/es\/wp-json\/wp\/v2\/posts\/14327\/revisions\/14345"}],"wp:featuredmedia":[{"embeddable":true,"href":"https:\/\/www.moedlareuth.de\/es\/wp-json\/wp\/v2\/media\/14335"}],"wp:attachment":[{"href":"https:\/\/www.moedlareuth.de\/es\/wp-json\/wp\/v2\/media?parent=14327"}],"wp:term":[{"taxonomy":"category","embeddable":true,"href":"https:\/\/www.moedlareuth.de\/es\/wp-json\/wp\/v2\/categories?post=14327"},{"taxonomy":"post_tag","embeddable":true,"href":"https:\/\/www.moedlareuth.de\/es\/wp-json\/wp\/v2\/tags?post=14327"}],"curies":[{"name":"wp","href":"https:\/\/api.w.org\/{rel}","templated":true}]}}