{"id":14161,"date":"2024-12-12T16:04:36","date_gmt":"2024-12-12T15:04:36","guid":{"rendered":"https:\/\/www.moedlareuth.de\/?p=14161"},"modified":"2024-12-12T16:04:37","modified_gmt":"2024-12-12T15:04:37","slug":"35-jaehriges-jubilaeum-moedlareuth-feiert-seinen-mauerfall-und-geht-mit-vr-neue-wege-in-der-erinnerungsarbeit","status":"publish","type":"post","link":"https:\/\/www.moedlareuth.de\/es\/35-jaehriges-jubilaeum-moedlareuth-feiert-seinen-mauerfall-und-geht-mit-vr-neue-wege-in-der-erinnerungsarbeit\/","title":{"rendered":"35-j\u00e4hriges Jubil\u00e4um: M\u00f6dlareuth feiert seinen Mauerfall und geht mit VR neue Wege in der Erinnerungsarbeit"},"content":{"rendered":"<p>Ein historischer Moment: Am 9. Dezember 1989 feierten die M\u00f6dlareuther den Fall der Mauer, die ihr Dorf teilte. Vergangenen Montag gedachte das Deutsch-Deutsche Museum gemeinsam mit dem ganzen Dorf und zahlreichen G\u00e4sten des Jubil\u00e4ums bei einer stimmungsvollen \u00f6kumenischen Dankandacht im Au\u00dfengel\u00e4nde mit Kerzen, Posaunenchor und Zeitzeugenberichten. Anschlie\u00dfend lie\u00df eine Diashow mit Aufnahmen von damals sowie ein neues VR-Projekt im Museum Erinnerungen wieder wach werden.<\/p>\n\n\n<div class=\"wp-block-image\">\n<figure class=\"aligncenter size-large is-resized\"><a href=\"https:\/\/www.moedlareuth.de\/wp-content\/uploads\/2024\/12\/MM-2024-12-09_014kl-scaled.jpg\"><img fetchpriority=\"high\" decoding=\"async\" width=\"1920\" height=\"2560\" src=\"https:\/\/www.moedlareuth.de\/wp-content\/uploads\/2024\/12\/MM-2024-12-09_014kl-edited-1-scaled.jpg\" alt=\"\" class=\"wp-image-14169\" style=\"width:343px;height:auto\" srcset=\"https:\/\/www.moedlareuth.de\/wp-content\/uploads\/2024\/12\/MM-2024-12-09_014kl-edited-1-scaled.jpg 1920w, https:\/\/www.moedlareuth.de\/wp-content\/uploads\/2024\/12\/MM-2024-12-09_014kl-edited-1-225x300.jpg 225w, https:\/\/www.moedlareuth.de\/wp-content\/uploads\/2024\/12\/MM-2024-12-09_014kl-edited-1-768x1024.jpg 768w, https:\/\/www.moedlareuth.de\/wp-content\/uploads\/2024\/12\/MM-2024-12-09_014kl-edited-1-1152x1536.jpg 1152w, https:\/\/www.moedlareuth.de\/wp-content\/uploads\/2024\/12\/MM-2024-12-09_014kl-edited-1-1536x2048.jpg 1536w, https:\/\/www.moedlareuth.de\/wp-content\/uploads\/2024\/12\/MM-2024-12-09_014kl-edited-1-9x12.jpg 9w\" sizes=\"(max-width: 1920px) 100vw, 1920px\" \/><\/a><\/figure>\n<\/div>\n\n\n<p><strong>Dankbarkeit f\u00fcr die Grenz\u00f6ffnung<\/strong><\/p>\n\n\n\n<p>\u201eIch bin dankbar, dass die Mauer in M\u00f6dlareuth gefallen ist. Wir hatten damals die Idee, dass etwas erhalten bleiben muss, damit zuk\u00fcnftige Generationen sehen k\u00f6nnen, wie es einmal war. Und damit es nie wieder so weit kommt, dass es zu Teilungen oder sogar Bestrebungen zur Abschaffung der Demokratie kommt\u201c, erinnert sich Zeitzeuge Arnold Friedrich, der als damaliger B\u00fcrgermeister von T\u00f6pen 1989 auch f\u00fcr den bayerischen Teil M\u00f6dlareuths verantwortlich war.<\/p>\n\n\n<div class=\"wp-block-image\">\n<figure class=\"aligncenter size-large is-resized\"><a href=\"https:\/\/www.moedlareuth.de\/wp-content\/uploads\/2024\/12\/MM-2024-12-09_021kl-scaled.jpg\"><img decoding=\"async\" width=\"768\" height=\"1024\" src=\"https:\/\/www.moedlareuth.de\/wp-content\/uploads\/2024\/12\/MM-2024-12-09_021kl-768x1024.jpg\" alt=\"\" class=\"wp-image-14165\" style=\"width:360px;height:auto\" srcset=\"https:\/\/www.moedlareuth.de\/wp-content\/uploads\/2024\/12\/MM-2024-12-09_021kl-768x1024.jpg 768w, https:\/\/www.moedlareuth.de\/wp-content\/uploads\/2024\/12\/MM-2024-12-09_021kl-225x300.jpg 225w, https:\/\/www.moedlareuth.de\/wp-content\/uploads\/2024\/12\/MM-2024-12-09_021kl-1152x1536.jpg 1152w, https:\/\/www.moedlareuth.de\/wp-content\/uploads\/2024\/12\/MM-2024-12-09_021kl-1536x2048.jpg 1536w, https:\/\/www.moedlareuth.de\/wp-content\/uploads\/2024\/12\/MM-2024-12-09_021kl-9x12.jpg 9w, https:\/\/www.moedlareuth.de\/wp-content\/uploads\/2024\/12\/MM-2024-12-09_021kl-scaled.jpg 1920w\" sizes=\"(max-width: 768px) 100vw, 768px\" \/><\/a><\/figure>\n<\/div>\n\n\n<p><\/p>\n\n\n\n<p>\u201eWir feiern dieses Jahr \u201a35 Jahre Mauerfall\u2018 an vielen Orten, weil wir eine Region der Einheit sind\u201c, so Landrat Dr. Oliver B\u00e4r, Vorsitzender des Zweckverbandes Deutsch-Deutsches Museum M\u00f6dlareuth. \u201eEs ist eine sch\u00f6ne Tradition, an die Gl\u00fccksmomente zu erinnern. Und es freut mich, dass die Historie mit der Zukunft verbinden \u2013 dass wir heute einerseits Zeitzeugen zu Wort kommen lassen, aber auch durch erste Einblicke in ein neues VR-Projekt M\u00f6dlareuth auf besondere Art und Weise erlebbar machen.\u201c<\/p>\n\n\n\n<p>Am 9. Dezember 1989 feierte ganz M\u00f6dlareuth seinen Mauerfall. W\u00e4hrend in Berlin bereits im November auf der Mauer getanzt wurde, mussten sich die M\u00f6dlareuther, deren Dorf ebenfalls Jahrzehnte lang durch eine 3,30 Meter hohe und zirka 700 Meter lange Mauer getrennt wurde, noch einen Monat l\u00e4nger gedulden. Die Bewohner beider Ortsteile M\u00f6dlareuths hatten f\u00fcr die Grenz\u00f6ffnung demonstriert. Unter den Augen zahlreicher Schaulustiger riss schlie\u00dflich am 7. Dezember auf Veranlassung des damaligen T\u00f6pener B\u00fcrgermeister Arnold Friedrich ein Bagger ein Loch in das Bauwerk. Zugleich entstand die Idee, einen Teil der Mauer als Mahnmal f\u00fcr k\u00fcnftige Generationen zu bewahren. Heute bilden die etwa 100 Meter der original erhaltenen Betonsperrmauer und ein Beobachtungsturm das Kernst\u00fcck des Deutsch-Deutschen Museums M\u00f6dlareuth.<\/p>\n\n\n\n<p><strong>35 Jahre danach: Virtual Reality erm\u00f6glicht Zeitreise in die Geschichte M\u00f6dlareuths<\/strong><\/p>\n\n\n\n<p>Auch ein aktuelles Vorhaben des Smart City-Digitalisierungsprojektes des Landkreises Hof, hoferland.digital, nimmt sich der Erinnerung an die deutsch-deutsche Teilung an: Mittels virtueller Realit\u00e4t sollen auch nachfolgende Generationen in die bewegte Geschichte des geteilten Dorfes an der innerdeutschen Grenze eintauchen k\u00f6nnen. Insgesamt acht Szenen erz\u00e4hlen etwa vom Mauerbau, dem Alltag an der Grenze bis hin zur Fluchtsituation. Das VR-Projekt befindet sich derzeit in der Entwicklung, doch die ersten vier von acht Szenen konnten dieser Tage bereits gesichtet werden.<\/p>\n\n\n\n<p>Am Rande der Gedenkveranstaltung zu \u201e35 Jahren der Grenz\u00f6ffnung\u201c nutzten insbesondere die M\u00f6dlareutherinnen und M\u00f6dlareuther die Gelegenheit, erste Entwicklungsstufen der Inhalte in Augenschein zu nehmen, und zeigten sich anschlie\u00dfend begeistert. Gerade f\u00fcr Zeitzeugen war der Blick durch die VR-Brille ein emotionaler Moment. Zudem sind ihre R\u00fcckmeldungen zu den Szenen wertvoll f\u00fcr das Entwicklungsteam.<\/p>\n\n\n<div class=\"wp-block-image\">\n<figure class=\"aligncenter size-large is-resized\"><a href=\"https:\/\/www.moedlareuth.de\/wp-content\/uploads\/2024\/12\/MM-2024-12-09_046kl-scaled-e1734015715856.jpg\"><img decoding=\"async\" width=\"893\" height=\"1024\" src=\"https:\/\/www.moedlareuth.de\/wp-content\/uploads\/2024\/12\/MM-2024-12-09_046kl-scaled-e1734015715856-893x1024.jpg\" alt=\"\" class=\"wp-image-14167\" style=\"width:392px;height:auto\" srcset=\"https:\/\/www.moedlareuth.de\/wp-content\/uploads\/2024\/12\/MM-2024-12-09_046kl-scaled-e1734015715856-893x1024.jpg 893w, https:\/\/www.moedlareuth.de\/wp-content\/uploads\/2024\/12\/MM-2024-12-09_046kl-scaled-e1734015715856-262x300.jpg 262w, https:\/\/www.moedlareuth.de\/wp-content\/uploads\/2024\/12\/MM-2024-12-09_046kl-scaled-e1734015715856-768x881.jpg 768w, https:\/\/www.moedlareuth.de\/wp-content\/uploads\/2024\/12\/MM-2024-12-09_046kl-scaled-e1734015715856-1339x1536.jpg 1339w, https:\/\/www.moedlareuth.de\/wp-content\/uploads\/2024\/12\/MM-2024-12-09_046kl-scaled-e1734015715856-1786x2048.jpg 1786w, https:\/\/www.moedlareuth.de\/wp-content\/uploads\/2024\/12\/MM-2024-12-09_046kl-scaled-e1734015715856-10x12.jpg 10w, https:\/\/www.moedlareuth.de\/wp-content\/uploads\/2024\/12\/MM-2024-12-09_046kl-scaled-e1734015715856.jpg 1920w\" sizes=\"(max-width: 893px) 100vw, 893px\" \/><\/a><\/figure>\n<\/div>\n\n\n<p>Eine der Szenen zeigt zum Beispiel die Ereignisse im Dezember 1989. Beiderseits der Grenze hatten die Dorfbewohner damals die \u00d6ffnung der Mauer gefordert. Schlie\u00dflich wurde B\u00fcrgermeister Arnold Friedrich auf der Schaufel eines Baggers \u00fcber die Mauer gehoben, um mit den Bewohnern auf der anderen Seite sprechen zu k\u00f6nnen. 35 Jahre sp\u00e4ter konnte Arnold Friedrich diese Szenen nun noch einmal durchleben.<\/p>","protected":false},"excerpt":{"rendered":"<p>Ein historischer Moment: Am 9. Dezember 1989 feierten die M\u00f6dlareuther den Fall der Mauer, die ihr Dorf teilte. Vergangenen Montag gedachte das Deutsch-Deutsche Museum gemeinsam mit dem ganzen Dorf und zahlreichen G\u00e4sten des Jubil\u00e4ums bei einer stimmungsvollen \u00f6kumenischen Dankandacht im Au\u00dfengel\u00e4nde mit Kerzen, Posaunenchor und Zeitzeugenberichten. Anschlie\u00dfend lie\u00df eine Diashow mit Aufnahmen von damals sowie&#8230;<\/p>","protected":false},"author":10,"featured_media":14163,"comment_status":"closed","ping_status":"closed","sticky":false,"template":"","format":"standard","meta":{"_acf_changed":false,"inline_featured_image":false,"_kad_post_transparent":"","_kad_post_title":"","_kad_post_layout":"","_kad_post_sidebar_id":"","_kad_post_content_style":"","_kad_post_vertical_padding":"","_kad_post_feature":"","_kad_post_feature_position":"","_kad_post_header":false,"_kad_post_footer":false,"_kad_post_classname":"","footnotes":""},"categories":[1],"tags":[],"class_list":["post-14161","post","type-post","status-publish","format-standard","has-post-thumbnail","hentry","category-aktuelles"],"acf":[],"yoast_head":"<!-- This site is optimized with the Yoast SEO plugin v27.5 - https:\/\/yoast.com\/product\/yoast-seo-wordpress\/ -->\n<title>35-j\u00e4hriges Jubil\u00e4um: M\u00f6dlareuth feiert seinen Mauerfall und geht mit VR neue Wege in der Erinnerungsarbeit - Deutsch-Deutsches Museum M\u00f6dlareuth<\/title>\n<meta name=\"robots\" content=\"index, follow, max-snippet:-1, max-image-preview:large, max-video-preview:-1\" \/>\n<link rel=\"canonical\" href=\"https:\/\/www.moedlareuth.de\/es\/35-jaehriges-jubilaeum-moedlareuth-feiert-seinen-mauerfall-und-geht-mit-vr-neue-wege-in-der-erinnerungsarbeit\/\" \/>\n<meta property=\"og:locale\" content=\"es_ES\" \/>\n<meta property=\"og:type\" content=\"article\" \/>\n<meta property=\"og:title\" content=\"35-j\u00e4hriges Jubil\u00e4um: M\u00f6dlareuth feiert seinen Mauerfall und geht mit VR neue Wege in der Erinnerungsarbeit - Deutsch-Deutsches Museum M\u00f6dlareuth\" \/>\n<meta property=\"og:description\" content=\"Ein historischer Moment: Am 9. Dezember 1989 feierten die M\u00f6dlareuther den Fall der Mauer, die ihr Dorf teilte. Vergangenen Montag gedachte das Deutsch-Deutsche Museum gemeinsam mit dem ganzen Dorf und zahlreichen G\u00e4sten des Jubil\u00e4ums bei einer stimmungsvollen \u00f6kumenischen Dankandacht im Au\u00dfengel\u00e4nde mit Kerzen, Posaunenchor und Zeitzeugenberichten. Anschlie\u00dfend lie\u00df eine Diashow mit Aufnahmen von damals sowie...\" \/>\n<meta property=\"og:url\" content=\"https:\/\/www.moedlareuth.de\/es\/35-jaehriges-jubilaeum-moedlareuth-feiert-seinen-mauerfall-und-geht-mit-vr-neue-wege-in-der-erinnerungsarbeit\/\" \/>\n<meta property=\"og:site_name\" content=\"Deutsch-Deutsches Museum M\u00f6dlareuth\" \/>\n<meta property=\"article:published_time\" content=\"2024-12-12T15:04:36+00:00\" \/>\n<meta property=\"article:modified_time\" content=\"2024-12-12T15:04:37+00:00\" \/>\n<meta property=\"og:image\" content=\"https:\/\/www.moedlareuth.de\/wp-content\/uploads\/2024\/12\/MM-2024-12-09_011kl-scaled.jpg\" \/>\n\t<meta property=\"og:image:width\" content=\"1920\" \/>\n\t<meta property=\"og:image:height\" content=\"2560\" \/>\n\t<meta property=\"og:image:type\" content=\"image\/jpeg\" \/>\n<meta name=\"author\" content=\"Susan Burger\" \/>\n<meta name=\"twitter:card\" content=\"summary_large_image\" \/>\n<meta name=\"twitter:label1\" content=\"Escrito por\" \/>\n\t<meta name=\"twitter:data1\" content=\"Susan Burger\" \/>\n\t<meta name=\"twitter:label2\" content=\"Tiempo de lectura\" \/>\n\t<meta name=\"twitter:data2\" content=\"4 minutos\" \/>\n<script type=\"application\/ld+json\" class=\"yoast-schema-graph\">{\"@context\":\"https:\\\/\\\/schema.org\",\"@graph\":[{\"@type\":\"Article\",\"@id\":\"https:\\\/\\\/www.moedlareuth.de\\\/35-jaehriges-jubilaeum-moedlareuth-feiert-seinen-mauerfall-und-geht-mit-vr-neue-wege-in-der-erinnerungsarbeit\\\/#article\",\"isPartOf\":{\"@id\":\"https:\\\/\\\/www.moedlareuth.de\\\/35-jaehriges-jubilaeum-moedlareuth-feiert-seinen-mauerfall-und-geht-mit-vr-neue-wege-in-der-erinnerungsarbeit\\\/\"},\"author\":{\"name\":\"Susan Burger\",\"@id\":\"https:\\\/\\\/moedlareuth.de\\\/preview\\\/#\\\/schema\\\/person\\\/42d95c7c900104834e45a22afe68e54d\"},\"headline\":\"35-j\u00e4hriges Jubil\u00e4um: M\u00f6dlareuth feiert seinen Mauerfall und geht mit VR neue Wege in der Erinnerungsarbeit\",\"datePublished\":\"2024-12-12T15:04:36+00:00\",\"dateModified\":\"2024-12-12T15:04:37+00:00\",\"mainEntityOfPage\":{\"@id\":\"https:\\\/\\\/www.moedlareuth.de\\\/35-jaehriges-jubilaeum-moedlareuth-feiert-seinen-mauerfall-und-geht-mit-vr-neue-wege-in-der-erinnerungsarbeit\\\/\"},\"wordCount\":584,\"publisher\":{\"@id\":\"https:\\\/\\\/moedlareuth.de\\\/preview\\\/#organization\"},\"image\":{\"@id\":\"https:\\\/\\\/www.moedlareuth.de\\\/35-jaehriges-jubilaeum-moedlareuth-feiert-seinen-mauerfall-und-geht-mit-vr-neue-wege-in-der-erinnerungsarbeit\\\/#primaryimage\"},\"thumbnailUrl\":\"https:\\\/\\\/www.moedlareuth.de\\\/wp-content\\\/uploads\\\/2024\\\/12\\\/MM-2024-12-09_011kl-scaled.jpg\",\"articleSection\":[\"Aktuelles\"],\"inLanguage\":\"es\"},{\"@type\":\"WebPage\",\"@id\":\"https:\\\/\\\/www.moedlareuth.de\\\/35-jaehriges-jubilaeum-moedlareuth-feiert-seinen-mauerfall-und-geht-mit-vr-neue-wege-in-der-erinnerungsarbeit\\\/\",\"url\":\"https:\\\/\\\/www.moedlareuth.de\\\/35-jaehriges-jubilaeum-moedlareuth-feiert-seinen-mauerfall-und-geht-mit-vr-neue-wege-in-der-erinnerungsarbeit\\\/\",\"name\":\"35-j\u00e4hriges Jubil\u00e4um: M\u00f6dlareuth feiert seinen Mauerfall und geht mit VR neue Wege in der Erinnerungsarbeit - Deutsch-Deutsches Museum M\u00f6dlareuth\",\"isPartOf\":{\"@id\":\"https:\\\/\\\/moedlareuth.de\\\/preview\\\/#website\"},\"primaryImageOfPage\":{\"@id\":\"https:\\\/\\\/www.moedlareuth.de\\\/35-jaehriges-jubilaeum-moedlareuth-feiert-seinen-mauerfall-und-geht-mit-vr-neue-wege-in-der-erinnerungsarbeit\\\/#primaryimage\"},\"image\":{\"@id\":\"https:\\\/\\\/www.moedlareuth.de\\\/35-jaehriges-jubilaeum-moedlareuth-feiert-seinen-mauerfall-und-geht-mit-vr-neue-wege-in-der-erinnerungsarbeit\\\/#primaryimage\"},\"thumbnailUrl\":\"https:\\\/\\\/www.moedlareuth.de\\\/wp-content\\\/uploads\\\/2024\\\/12\\\/MM-2024-12-09_011kl-scaled.jpg\",\"datePublished\":\"2024-12-12T15:04:36+00:00\",\"dateModified\":\"2024-12-12T15:04:37+00:00\",\"breadcrumb\":{\"@id\":\"https:\\\/\\\/www.moedlareuth.de\\\/35-jaehriges-jubilaeum-moedlareuth-feiert-seinen-mauerfall-und-geht-mit-vr-neue-wege-in-der-erinnerungsarbeit\\\/#breadcrumb\"},\"inLanguage\":\"es\",\"potentialAction\":[{\"@type\":\"ReadAction\",\"target\":[\"https:\\\/\\\/www.moedlareuth.de\\\/35-jaehriges-jubilaeum-moedlareuth-feiert-seinen-mauerfall-und-geht-mit-vr-neue-wege-in-der-erinnerungsarbeit\\\/\"]}]},{\"@type\":\"ImageObject\",\"inLanguage\":\"es\",\"@id\":\"https:\\\/\\\/www.moedlareuth.de\\\/35-jaehriges-jubilaeum-moedlareuth-feiert-seinen-mauerfall-und-geht-mit-vr-neue-wege-in-der-erinnerungsarbeit\\\/#primaryimage\",\"url\":\"https:\\\/\\\/www.moedlareuth.de\\\/wp-content\\\/uploads\\\/2024\\\/12\\\/MM-2024-12-09_011kl-scaled.jpg\",\"contentUrl\":\"https:\\\/\\\/www.moedlareuth.de\\\/wp-content\\\/uploads\\\/2024\\\/12\\\/MM-2024-12-09_011kl-scaled.jpg\",\"width\":1920,\"height\":2560},{\"@type\":\"BreadcrumbList\",\"@id\":\"https:\\\/\\\/www.moedlareuth.de\\\/35-jaehriges-jubilaeum-moedlareuth-feiert-seinen-mauerfall-und-geht-mit-vr-neue-wege-in-der-erinnerungsarbeit\\\/#breadcrumb\",\"itemListElement\":[{\"@type\":\"ListItem\",\"position\":1,\"name\":\"Startseite\",\"item\":\"https:\\\/\\\/www.moedlareuth.de\\\/\"},{\"@type\":\"ListItem\",\"position\":2,\"name\":\"35-j\u00e4hriges Jubil\u00e4um: M\u00f6dlareuth feiert seinen Mauerfall und geht mit VR neue Wege in der Erinnerungsarbeit\"}]},{\"@type\":\"WebSite\",\"@id\":\"https:\\\/\\\/moedlareuth.de\\\/preview\\\/#website\",\"url\":\"https:\\\/\\\/moedlareuth.de\\\/preview\\\/\",\"name\":\"Deutsch-Deutsches Museum M\u00f6dlareuth\",\"description\":\"Gedenkst\u00e4tte zur deutschen Teilung\",\"publisher\":{\"@id\":\"https:\\\/\\\/moedlareuth.de\\\/preview\\\/#organization\"},\"potentialAction\":[{\"@type\":\"SearchAction\",\"target\":{\"@type\":\"EntryPoint\",\"urlTemplate\":\"https:\\\/\\\/moedlareuth.de\\\/preview\\\/?s={search_term_string}\"},\"query-input\":{\"@type\":\"PropertyValueSpecification\",\"valueRequired\":true,\"valueName\":\"search_term_string\"}}],\"inLanguage\":\"es\"},{\"@type\":\"Organization\",\"@id\":\"https:\\\/\\\/moedlareuth.de\\\/preview\\\/#organization\",\"name\":\"Deutsch-Deutsches Museum M\u00f6dlareuth\",\"url\":\"https:\\\/\\\/moedlareuth.de\\\/preview\\\/\",\"logo\":{\"@type\":\"ImageObject\",\"inLanguage\":\"es\",\"@id\":\"https:\\\/\\\/moedlareuth.de\\\/preview\\\/#\\\/schema\\\/logo\\\/image\\\/\",\"url\":\"https:\\\/\\\/www.moedlareuth.de\\\/wp-content\\\/uploads\\\/2022\\\/02\\\/museum_moedlareuth_logo_hell_zusatz.svg\",\"contentUrl\":\"https:\\\/\\\/www.moedlareuth.de\\\/wp-content\\\/uploads\\\/2022\\\/02\\\/museum_moedlareuth_logo_hell_zusatz.svg\",\"width\":255,\"height\":62,\"caption\":\"Deutsch-Deutsches Museum M\u00f6dlareuth\"},\"image\":{\"@id\":\"https:\\\/\\\/moedlareuth.de\\\/preview\\\/#\\\/schema\\\/logo\\\/image\\\/\"}},{\"@type\":\"Person\",\"@id\":\"https:\\\/\\\/moedlareuth.de\\\/preview\\\/#\\\/schema\\\/person\\\/42d95c7c900104834e45a22afe68e54d\",\"name\":\"Susan Burger\",\"url\":\"https:\\\/\\\/www.moedlareuth.de\\\/es\\\/author\\\/s-burger\\\/\"}]}<\/script>\n<!-- \/ Yoast SEO plugin. -->","yoast_head_json":{"title":"35-j\u00e4hriges Jubil\u00e4um: M\u00f6dlareuth feiert seinen Mauerfall und geht mit VR neue Wege in der Erinnerungsarbeit - Deutsch-Deutsches Museum M\u00f6dlareuth","robots":{"index":"index","follow":"follow","max-snippet":"max-snippet:-1","max-image-preview":"max-image-preview:large","max-video-preview":"max-video-preview:-1"},"canonical":"https:\/\/www.moedlareuth.de\/es\/35-jaehriges-jubilaeum-moedlareuth-feiert-seinen-mauerfall-und-geht-mit-vr-neue-wege-in-der-erinnerungsarbeit\/","og_locale":"es_ES","og_type":"article","og_title":"35-j\u00e4hriges Jubil\u00e4um: M\u00f6dlareuth feiert seinen Mauerfall und geht mit VR neue Wege in der Erinnerungsarbeit - Deutsch-Deutsches Museum M\u00f6dlareuth","og_description":"Ein historischer Moment: Am 9. Dezember 1989 feierten die M\u00f6dlareuther den Fall der Mauer, die ihr Dorf teilte. Vergangenen Montag gedachte das Deutsch-Deutsche Museum gemeinsam mit dem ganzen Dorf und zahlreichen G\u00e4sten des Jubil\u00e4ums bei einer stimmungsvollen \u00f6kumenischen Dankandacht im Au\u00dfengel\u00e4nde mit Kerzen, Posaunenchor und Zeitzeugenberichten. Anschlie\u00dfend lie\u00df eine Diashow mit Aufnahmen von damals sowie...","og_url":"https:\/\/www.moedlareuth.de\/es\/35-jaehriges-jubilaeum-moedlareuth-feiert-seinen-mauerfall-und-geht-mit-vr-neue-wege-in-der-erinnerungsarbeit\/","og_site_name":"Deutsch-Deutsches Museum M\u00f6dlareuth","article_published_time":"2024-12-12T15:04:36+00:00","article_modified_time":"2024-12-12T15:04:37+00:00","og_image":[{"width":1920,"height":2560,"url":"https:\/\/www.moedlareuth.de\/wp-content\/uploads\/2024\/12\/MM-2024-12-09_011kl-scaled.jpg","type":"image\/jpeg"}],"author":"Susan Burger","twitter_card":"summary_large_image","twitter_misc":{"Escrito por":"Susan Burger","Tiempo de lectura":"4 minutos"},"schema":{"@context":"https:\/\/schema.org","@graph":[{"@type":"Article","@id":"https:\/\/www.moedlareuth.de\/35-jaehriges-jubilaeum-moedlareuth-feiert-seinen-mauerfall-und-geht-mit-vr-neue-wege-in-der-erinnerungsarbeit\/#article","isPartOf":{"@id":"https:\/\/www.moedlareuth.de\/35-jaehriges-jubilaeum-moedlareuth-feiert-seinen-mauerfall-und-geht-mit-vr-neue-wege-in-der-erinnerungsarbeit\/"},"author":{"name":"Susan Burger","@id":"https:\/\/moedlareuth.de\/preview\/#\/schema\/person\/42d95c7c900104834e45a22afe68e54d"},"headline":"35-j\u00e4hriges Jubil\u00e4um: M\u00f6dlareuth feiert seinen Mauerfall und geht mit VR neue Wege in der Erinnerungsarbeit","datePublished":"2024-12-12T15:04:36+00:00","dateModified":"2024-12-12T15:04:37+00:00","mainEntityOfPage":{"@id":"https:\/\/www.moedlareuth.de\/35-jaehriges-jubilaeum-moedlareuth-feiert-seinen-mauerfall-und-geht-mit-vr-neue-wege-in-der-erinnerungsarbeit\/"},"wordCount":584,"publisher":{"@id":"https:\/\/moedlareuth.de\/preview\/#organization"},"image":{"@id":"https:\/\/www.moedlareuth.de\/35-jaehriges-jubilaeum-moedlareuth-feiert-seinen-mauerfall-und-geht-mit-vr-neue-wege-in-der-erinnerungsarbeit\/#primaryimage"},"thumbnailUrl":"https:\/\/www.moedlareuth.de\/wp-content\/uploads\/2024\/12\/MM-2024-12-09_011kl-scaled.jpg","articleSection":["Aktuelles"],"inLanguage":"es"},{"@type":"WebPage","@id":"https:\/\/www.moedlareuth.de\/35-jaehriges-jubilaeum-moedlareuth-feiert-seinen-mauerfall-und-geht-mit-vr-neue-wege-in-der-erinnerungsarbeit\/","url":"https:\/\/www.moedlareuth.de\/35-jaehriges-jubilaeum-moedlareuth-feiert-seinen-mauerfall-und-geht-mit-vr-neue-wege-in-der-erinnerungsarbeit\/","name":"35-j\u00e4hriges Jubil\u00e4um: M\u00f6dlareuth feiert seinen Mauerfall und geht mit VR neue Wege in der Erinnerungsarbeit - Deutsch-Deutsches Museum M\u00f6dlareuth","isPartOf":{"@id":"https:\/\/moedlareuth.de\/preview\/#website"},"primaryImageOfPage":{"@id":"https:\/\/www.moedlareuth.de\/35-jaehriges-jubilaeum-moedlareuth-feiert-seinen-mauerfall-und-geht-mit-vr-neue-wege-in-der-erinnerungsarbeit\/#primaryimage"},"image":{"@id":"https:\/\/www.moedlareuth.de\/35-jaehriges-jubilaeum-moedlareuth-feiert-seinen-mauerfall-und-geht-mit-vr-neue-wege-in-der-erinnerungsarbeit\/#primaryimage"},"thumbnailUrl":"https:\/\/www.moedlareuth.de\/wp-content\/uploads\/2024\/12\/MM-2024-12-09_011kl-scaled.jpg","datePublished":"2024-12-12T15:04:36+00:00","dateModified":"2024-12-12T15:04:37+00:00","breadcrumb":{"@id":"https:\/\/www.moedlareuth.de\/35-jaehriges-jubilaeum-moedlareuth-feiert-seinen-mauerfall-und-geht-mit-vr-neue-wege-in-der-erinnerungsarbeit\/#breadcrumb"},"inLanguage":"es","potentialAction":[{"@type":"ReadAction","target":["https:\/\/www.moedlareuth.de\/35-jaehriges-jubilaeum-moedlareuth-feiert-seinen-mauerfall-und-geht-mit-vr-neue-wege-in-der-erinnerungsarbeit\/"]}]},{"@type":"ImageObject","inLanguage":"es","@id":"https:\/\/www.moedlareuth.de\/35-jaehriges-jubilaeum-moedlareuth-feiert-seinen-mauerfall-und-geht-mit-vr-neue-wege-in-der-erinnerungsarbeit\/#primaryimage","url":"https:\/\/www.moedlareuth.de\/wp-content\/uploads\/2024\/12\/MM-2024-12-09_011kl-scaled.jpg","contentUrl":"https:\/\/www.moedlareuth.de\/wp-content\/uploads\/2024\/12\/MM-2024-12-09_011kl-scaled.jpg","width":1920,"height":2560},{"@type":"BreadcrumbList","@id":"https:\/\/www.moedlareuth.de\/35-jaehriges-jubilaeum-moedlareuth-feiert-seinen-mauerfall-und-geht-mit-vr-neue-wege-in-der-erinnerungsarbeit\/#breadcrumb","itemListElement":[{"@type":"ListItem","position":1,"name":"Startseite","item":"https:\/\/www.moedlareuth.de\/"},{"@type":"ListItem","position":2,"name":"35-j\u00e4hriges Jubil\u00e4um: M\u00f6dlareuth feiert seinen Mauerfall und geht mit VR neue Wege in der Erinnerungsarbeit"}]},{"@type":"WebSite","@id":"https:\/\/moedlareuth.de\/preview\/#website","url":"https:\/\/moedlareuth.de\/preview\/","name":"Deutsch-Deutsches Museum M\u00f6dlareuth","description":"Monumento a la divisi\u00f3n de Alemania","publisher":{"@id":"https:\/\/moedlareuth.de\/preview\/#organization"},"potentialAction":[{"@type":"SearchAction","target":{"@type":"EntryPoint","urlTemplate":"https:\/\/moedlareuth.de\/preview\/?s={search_term_string}"},"query-input":{"@type":"PropertyValueSpecification","valueRequired":true,"valueName":"search_term_string"}}],"inLanguage":"es"},{"@type":"Organization","@id":"https:\/\/moedlareuth.de\/preview\/#organization","name":"Deutsch-Deutsches Museum M\u00f6dlareuth","url":"https:\/\/moedlareuth.de\/preview\/","logo":{"@type":"ImageObject","inLanguage":"es","@id":"https:\/\/moedlareuth.de\/preview\/#\/schema\/logo\/image\/","url":"https:\/\/www.moedlareuth.de\/wp-content\/uploads\/2022\/02\/museum_moedlareuth_logo_hell_zusatz.svg","contentUrl":"https:\/\/www.moedlareuth.de\/wp-content\/uploads\/2022\/02\/museum_moedlareuth_logo_hell_zusatz.svg","width":255,"height":62,"caption":"Deutsch-Deutsches Museum M\u00f6dlareuth"},"image":{"@id":"https:\/\/moedlareuth.de\/preview\/#\/schema\/logo\/image\/"}},{"@type":"Person","@id":"https:\/\/moedlareuth.de\/preview\/#\/schema\/person\/42d95c7c900104834e45a22afe68e54d","name":"Susan Burger","url":"https:\/\/www.moedlareuth.de\/es\/author\/s-burger\/"}]}},"_links":{"self":[{"href":"https:\/\/www.moedlareuth.de\/es\/wp-json\/wp\/v2\/posts\/14161","targetHints":{"allow":["GET"]}}],"collection":[{"href":"https:\/\/www.moedlareuth.de\/es\/wp-json\/wp\/v2\/posts"}],"about":[{"href":"https:\/\/www.moedlareuth.de\/es\/wp-json\/wp\/v2\/types\/post"}],"author":[{"embeddable":true,"href":"https:\/\/www.moedlareuth.de\/es\/wp-json\/wp\/v2\/users\/10"}],"replies":[{"embeddable":true,"href":"https:\/\/www.moedlareuth.de\/es\/wp-json\/wp\/v2\/comments?post=14161"}],"version-history":[{"count":2,"href":"https:\/\/www.moedlareuth.de\/es\/wp-json\/wp\/v2\/posts\/14161\/revisions"}],"predecessor-version":[{"id":14173,"href":"https:\/\/www.moedlareuth.de\/es\/wp-json\/wp\/v2\/posts\/14161\/revisions\/14173"}],"wp:featuredmedia":[{"embeddable":true,"href":"https:\/\/www.moedlareuth.de\/es\/wp-json\/wp\/v2\/media\/14163"}],"wp:attachment":[{"href":"https:\/\/www.moedlareuth.de\/es\/wp-json\/wp\/v2\/media?parent=14161"}],"wp:term":[{"taxonomy":"category","embeddable":true,"href":"https:\/\/www.moedlareuth.de\/es\/wp-json\/wp\/v2\/categories?post=14161"},{"taxonomy":"post_tag","embeddable":true,"href":"https:\/\/www.moedlareuth.de\/es\/wp-json\/wp\/v2\/tags?post=14161"}],"curies":[{"name":"wp","href":"https:\/\/api.w.org\/{rel}","templated":true}]}}