{"id":14023,"date":"2024-11-05T16:38:14","date_gmt":"2024-11-05T15:38:14","guid":{"rendered":"https:\/\/www.moedlareuth.de\/?p=14023"},"modified":"2024-11-05T16:38:15","modified_gmt":"2024-11-05T15:38:15","slug":"09-11-2024-35-jahre-mauerfall","status":"publish","type":"post","link":"https:\/\/www.moedlareuth.de\/es\/09-11-2024-35-jahre-mauerfall\/","title":{"rendered":"09.11.2024 &#8211; 35 Jahre Mauerfall"},"content":{"rendered":"<p class=\"has-text-align-left\">Zur Er\u00f6ffnung der Open-Air-Ausstellung <strong>&#8222;Grenz\u00f6ffnungen im Vogtland 1989\/90&#8220; am 09.11.2024 um 16.00 Uhr<\/strong> laden wir Sie herzlich in unser Freigel\u00e4nde ein.<\/p>\n\n\n\n<p>Nach dem Sturz der Mauer in Berlin am 09. November 1989 und der \u00d6ffnung der innerdeutschen Grenze nutzen Hunderttausende DDR-B\u00fcrger ihre Reisefreiheit zu einem Besuch in West-Berlin und der Bundesrepublik. Den hupenden Trabant- und Wartburg-Fahrern wird im Westen ein herzlicher Empfang bereitet.<\/p>\n\n\n\n<p>Kilometerlange Staus und lange Wartezeiten bilden sich an den wenigen Grenz\u00fcbergangsstellen. Sehr schnell werden alte Verkehrsverbindungen wieder hergestellt und bis Ostern 1990 \u00fcber 140 Grenz\u00fcberg\u00e4nge neu geschaffen.<\/p>\n\n\n\n<p>Im Landkreis Hof entstehen zwischen Bayern und Sachsen bzw. Th\u00fcringen zehn neue Grenz\u00fcberg\u00e4nge: Ullitz \u2013 Wiedersberg (12.11.1989), Hof \u2013 Plauen (19.11.1989), Blechschmidtenhammer \u2013 Blankenstein (02.12.1989), M\u00f6dlareuth-West \u2013 M\u00f6dlareuth-Ost (09.12.1989), T\u00f6pen \u2013 Juchh\u00f6h (21.12.1989), Nentschau \u2013 Posseck (21.12.1989), Untertiefengr\u00fcn \u2013 Hirschberg (30.12.1989), Gattendorf \u2013 Gassenreuth (02.01.1990), Kr\u00f6tenm\u00fchle \u2013 Seibis (27.01.1990) und M\u00fcnchenreuth \u2013 Grobau (12.04.1990).<\/p>\n\n\n\n<p>Volksfestartige Stimmung, grenzenlose Freude und unvergessliche Begegnungen pr\u00e4gen das Bild dieses Umbruchs im bayerischen, s\u00e4chsischen und th\u00fcringischen Vogtland, das sich bis heute fest im Ged\u00e4chtnis der Grenzbev\u00f6lkerung verankert hat.<\/p>\n\n\n\n<p>Die Open-Air-Ausstellung, die von der Bundesstiftung zur Aufarbeitung der SED-Diktatur aus Spendenmitteln von Susanne Heimpel gef\u00f6rdert wurde, zeigt mit gro\u00dfformatigen Fotos die Grenz\u00f6ffnungen im Vogtland 1989\/90.<\/p>\n\n\n\n<p><\/p>","protected":false},"excerpt":{"rendered":"<p>Zur Er\u00f6ffnung der Open-Air-Ausstellung &#8222;Grenz\u00f6ffnungen im Vogtland 1989\/90&#8220; am 09.11.2024 um 16.00 Uhr laden wir Sie herzlich in unser Freigel\u00e4nde ein. Nach dem Sturz der Mauer in Berlin am 09. November 1989 und der \u00d6ffnung der innerdeutschen Grenze nutzen Hunderttausende DDR-B\u00fcrger ihre Reisefreiheit zu einem Besuch in West-Berlin und der Bundesrepublik. Den hupenden Trabant- und&#8230;<\/p>","protected":false},"author":10,"featured_media":6120,"comment_status":"closed","ping_status":"closed","sticky":false,"template":"","format":"standard","meta":{"_acf_changed":false,"inline_featured_image":false,"_kad_post_transparent":"","_kad_post_title":"","_kad_post_layout":"","_kad_post_sidebar_id":"","_kad_post_content_style":"","_kad_post_vertical_padding":"","_kad_post_feature":"","_kad_post_feature_position":"","_kad_post_header":false,"_kad_post_footer":false,"_kad_post_classname":"","footnotes":""},"categories":[1],"tags":[],"class_list":["post-14023","post","type-post","status-publish","format-standard","has-post-thumbnail","hentry","category-aktuelles"],"acf":[],"yoast_head":"<!-- This site is optimized with the Yoast SEO plugin v27.5 - https:\/\/yoast.com\/product\/yoast-seo-wordpress\/ -->\n<title>09.11.2024 - 35 Jahre Mauerfall - Deutsch-Deutsches Museum M\u00f6dlareuth<\/title>\n<meta name=\"robots\" content=\"index, follow, max-snippet:-1, max-image-preview:large, max-video-preview:-1\" \/>\n<link rel=\"canonical\" href=\"https:\/\/www.moedlareuth.de\/es\/09-11-2024-35-jahre-mauerfall\/\" \/>\n<meta property=\"og:locale\" content=\"es_ES\" \/>\n<meta property=\"og:type\" content=\"article\" \/>\n<meta property=\"og:title\" content=\"09.11.2024 - 35 Jahre Mauerfall - Deutsch-Deutsches Museum M\u00f6dlareuth\" \/>\n<meta property=\"og:description\" content=\"Zur Er\u00f6ffnung der Open-Air-Ausstellung &#8222;Grenz\u00f6ffnungen im Vogtland 1989\/90&#8220; am 09.11.2024 um 16.00 Uhr laden wir Sie herzlich in unser Freigel\u00e4nde ein. Nach dem Sturz der Mauer in Berlin am 09. November 1989 und der \u00d6ffnung der innerdeutschen Grenze nutzen Hunderttausende DDR-B\u00fcrger ihre Reisefreiheit zu einem Besuch in West-Berlin und der Bundesrepublik. Den hupenden Trabant- und...\" \/>\n<meta property=\"og:url\" content=\"https:\/\/www.moedlareuth.de\/es\/09-11-2024-35-jahre-mauerfall\/\" \/>\n<meta property=\"og:site_name\" content=\"Deutsch-Deutsches Museum M\u00f6dlareuth\" \/>\n<meta property=\"article:published_time\" content=\"2024-11-05T15:38:14+00:00\" \/>\n<meta property=\"article:modified_time\" content=\"2024-11-05T15:38:15+00:00\" \/>\n<meta property=\"og:image\" content=\"https:\/\/www.moedlareuth.de\/wp-content\/uploads\/2015\/11\/MM-12-02-04.jpg\" \/>\n\t<meta property=\"og:image:width\" content=\"5200\" \/>\n\t<meta property=\"og:image:height\" content=\"3967\" \/>\n\t<meta property=\"og:image:type\" content=\"image\/jpeg\" \/>\n<meta name=\"author\" content=\"Susan Burger\" \/>\n<meta name=\"twitter:card\" content=\"summary_large_image\" \/>\n<meta name=\"twitter:label1\" content=\"Escrito por\" \/>\n\t<meta name=\"twitter:data1\" content=\"Susan Burger\" \/>\n\t<meta name=\"twitter:label2\" content=\"Tiempo de lectura\" \/>\n\t<meta name=\"twitter:data2\" content=\"2 minutos\" \/>\n<script type=\"application\/ld+json\" class=\"yoast-schema-graph\">{\"@context\":\"https:\\\/\\\/schema.org\",\"@graph\":[{\"@type\":\"Article\",\"@id\":\"https:\\\/\\\/www.moedlareuth.de\\\/09-11-2024-35-jahre-mauerfall\\\/#article\",\"isPartOf\":{\"@id\":\"https:\\\/\\\/www.moedlareuth.de\\\/09-11-2024-35-jahre-mauerfall\\\/\"},\"author\":{\"name\":\"Susan Burger\",\"@id\":\"https:\\\/\\\/moedlareuth.de\\\/preview\\\/#\\\/schema\\\/person\\\/42d95c7c900104834e45a22afe68e54d\"},\"headline\":\"09.11.2024 &#8211; 35 Jahre Mauerfall\",\"datePublished\":\"2024-11-05T15:38:14+00:00\",\"dateModified\":\"2024-11-05T15:38:15+00:00\",\"mainEntityOfPage\":{\"@id\":\"https:\\\/\\\/www.moedlareuth.de\\\/09-11-2024-35-jahre-mauerfall\\\/\"},\"wordCount\":200,\"publisher\":{\"@id\":\"https:\\\/\\\/moedlareuth.de\\\/preview\\\/#organization\"},\"image\":{\"@id\":\"https:\\\/\\\/www.moedlareuth.de\\\/09-11-2024-35-jahre-mauerfall\\\/#primaryimage\"},\"thumbnailUrl\":\"https:\\\/\\\/www.moedlareuth.de\\\/wp-content\\\/uploads\\\/2015\\\/11\\\/MM-12-02-04.jpg\",\"articleSection\":[\"Aktuelles\"],\"inLanguage\":\"es\"},{\"@type\":\"WebPage\",\"@id\":\"https:\\\/\\\/www.moedlareuth.de\\\/09-11-2024-35-jahre-mauerfall\\\/\",\"url\":\"https:\\\/\\\/www.moedlareuth.de\\\/09-11-2024-35-jahre-mauerfall\\\/\",\"name\":\"09.11.2024 - 35 Jahre Mauerfall - Deutsch-Deutsches Museum M\u00f6dlareuth\",\"isPartOf\":{\"@id\":\"https:\\\/\\\/moedlareuth.de\\\/preview\\\/#website\"},\"primaryImageOfPage\":{\"@id\":\"https:\\\/\\\/www.moedlareuth.de\\\/09-11-2024-35-jahre-mauerfall\\\/#primaryimage\"},\"image\":{\"@id\":\"https:\\\/\\\/www.moedlareuth.de\\\/09-11-2024-35-jahre-mauerfall\\\/#primaryimage\"},\"thumbnailUrl\":\"https:\\\/\\\/www.moedlareuth.de\\\/wp-content\\\/uploads\\\/2015\\\/11\\\/MM-12-02-04.jpg\",\"datePublished\":\"2024-11-05T15:38:14+00:00\",\"dateModified\":\"2024-11-05T15:38:15+00:00\",\"breadcrumb\":{\"@id\":\"https:\\\/\\\/www.moedlareuth.de\\\/09-11-2024-35-jahre-mauerfall\\\/#breadcrumb\"},\"inLanguage\":\"es\",\"potentialAction\":[{\"@type\":\"ReadAction\",\"target\":[\"https:\\\/\\\/www.moedlareuth.de\\\/09-11-2024-35-jahre-mauerfall\\\/\"]}]},{\"@type\":\"ImageObject\",\"inLanguage\":\"es\",\"@id\":\"https:\\\/\\\/www.moedlareuth.de\\\/09-11-2024-35-jahre-mauerfall\\\/#primaryimage\",\"url\":\"https:\\\/\\\/www.moedlareuth.de\\\/wp-content\\\/uploads\\\/2015\\\/11\\\/MM-12-02-04.jpg\",\"contentUrl\":\"https:\\\/\\\/www.moedlareuth.de\\\/wp-content\\\/uploads\\\/2015\\\/11\\\/MM-12-02-04.jpg\",\"width\":5200,\"height\":3967,\"caption\":\"seit 1990 Museum und Gedenkst\u00e4tte \\\/ Mediathek des Deutsch-Deutschen Museum M\u00f6dlareuth\"},{\"@type\":\"BreadcrumbList\",\"@id\":\"https:\\\/\\\/www.moedlareuth.de\\\/09-11-2024-35-jahre-mauerfall\\\/#breadcrumb\",\"itemListElement\":[{\"@type\":\"ListItem\",\"position\":1,\"name\":\"Startseite\",\"item\":\"https:\\\/\\\/www.moedlareuth.de\\\/\"},{\"@type\":\"ListItem\",\"position\":2,\"name\":\"09.11.2024 &#8211; 35 Jahre Mauerfall\"}]},{\"@type\":\"WebSite\",\"@id\":\"https:\\\/\\\/moedlareuth.de\\\/preview\\\/#website\",\"url\":\"https:\\\/\\\/moedlareuth.de\\\/preview\\\/\",\"name\":\"Deutsch-Deutsches Museum M\u00f6dlareuth\",\"description\":\"Gedenkst\u00e4tte zur deutschen Teilung\",\"publisher\":{\"@id\":\"https:\\\/\\\/moedlareuth.de\\\/preview\\\/#organization\"},\"potentialAction\":[{\"@type\":\"SearchAction\",\"target\":{\"@type\":\"EntryPoint\",\"urlTemplate\":\"https:\\\/\\\/moedlareuth.de\\\/preview\\\/?s={search_term_string}\"},\"query-input\":{\"@type\":\"PropertyValueSpecification\",\"valueRequired\":true,\"valueName\":\"search_term_string\"}}],\"inLanguage\":\"es\"},{\"@type\":\"Organization\",\"@id\":\"https:\\\/\\\/moedlareuth.de\\\/preview\\\/#organization\",\"name\":\"Deutsch-Deutsches Museum M\u00f6dlareuth\",\"url\":\"https:\\\/\\\/moedlareuth.de\\\/preview\\\/\",\"logo\":{\"@type\":\"ImageObject\",\"inLanguage\":\"es\",\"@id\":\"https:\\\/\\\/moedlareuth.de\\\/preview\\\/#\\\/schema\\\/logo\\\/image\\\/\",\"url\":\"https:\\\/\\\/www.moedlareuth.de\\\/wp-content\\\/uploads\\\/2022\\\/02\\\/museum_moedlareuth_logo_hell_zusatz.svg\",\"contentUrl\":\"https:\\\/\\\/www.moedlareuth.de\\\/wp-content\\\/uploads\\\/2022\\\/02\\\/museum_moedlareuth_logo_hell_zusatz.svg\",\"width\":255,\"height\":62,\"caption\":\"Deutsch-Deutsches Museum M\u00f6dlareuth\"},\"image\":{\"@id\":\"https:\\\/\\\/moedlareuth.de\\\/preview\\\/#\\\/schema\\\/logo\\\/image\\\/\"}},{\"@type\":\"Person\",\"@id\":\"https:\\\/\\\/moedlareuth.de\\\/preview\\\/#\\\/schema\\\/person\\\/42d95c7c900104834e45a22afe68e54d\",\"name\":\"Susan Burger\",\"url\":\"https:\\\/\\\/www.moedlareuth.de\\\/es\\\/author\\\/s-burger\\\/\"}]}<\/script>\n<!-- \/ Yoast SEO plugin. -->","yoast_head_json":{"title":"09.11.2024 - 35 Jahre Mauerfall - Deutsch-Deutsches Museum M\u00f6dlareuth","robots":{"index":"index","follow":"follow","max-snippet":"max-snippet:-1","max-image-preview":"max-image-preview:large","max-video-preview":"max-video-preview:-1"},"canonical":"https:\/\/www.moedlareuth.de\/es\/09-11-2024-35-jahre-mauerfall\/","og_locale":"es_ES","og_type":"article","og_title":"09.11.2024 - 35 Jahre Mauerfall - Deutsch-Deutsches Museum M\u00f6dlareuth","og_description":"Zur Er\u00f6ffnung der Open-Air-Ausstellung &#8222;Grenz\u00f6ffnungen im Vogtland 1989\/90&#8220; am 09.11.2024 um 16.00 Uhr laden wir Sie herzlich in unser Freigel\u00e4nde ein. Nach dem Sturz der Mauer in Berlin am 09. November 1989 und der \u00d6ffnung der innerdeutschen Grenze nutzen Hunderttausende DDR-B\u00fcrger ihre Reisefreiheit zu einem Besuch in West-Berlin und der Bundesrepublik. Den hupenden Trabant- und...","og_url":"https:\/\/www.moedlareuth.de\/es\/09-11-2024-35-jahre-mauerfall\/","og_site_name":"Deutsch-Deutsches Museum M\u00f6dlareuth","article_published_time":"2024-11-05T15:38:14+00:00","article_modified_time":"2024-11-05T15:38:15+00:00","og_image":[{"width":5200,"height":3967,"url":"https:\/\/www.moedlareuth.de\/wp-content\/uploads\/2015\/11\/MM-12-02-04.jpg","type":"image\/jpeg"}],"author":"Susan Burger","twitter_card":"summary_large_image","twitter_misc":{"Escrito por":"Susan Burger","Tiempo de lectura":"2 minutos"},"schema":{"@context":"https:\/\/schema.org","@graph":[{"@type":"Article","@id":"https:\/\/www.moedlareuth.de\/09-11-2024-35-jahre-mauerfall\/#article","isPartOf":{"@id":"https:\/\/www.moedlareuth.de\/09-11-2024-35-jahre-mauerfall\/"},"author":{"name":"Susan Burger","@id":"https:\/\/moedlareuth.de\/preview\/#\/schema\/person\/42d95c7c900104834e45a22afe68e54d"},"headline":"09.11.2024 &#8211; 35 Jahre Mauerfall","datePublished":"2024-11-05T15:38:14+00:00","dateModified":"2024-11-05T15:38:15+00:00","mainEntityOfPage":{"@id":"https:\/\/www.moedlareuth.de\/09-11-2024-35-jahre-mauerfall\/"},"wordCount":200,"publisher":{"@id":"https:\/\/moedlareuth.de\/preview\/#organization"},"image":{"@id":"https:\/\/www.moedlareuth.de\/09-11-2024-35-jahre-mauerfall\/#primaryimage"},"thumbnailUrl":"https:\/\/www.moedlareuth.de\/wp-content\/uploads\/2015\/11\/MM-12-02-04.jpg","articleSection":["Aktuelles"],"inLanguage":"es"},{"@type":"WebPage","@id":"https:\/\/www.moedlareuth.de\/09-11-2024-35-jahre-mauerfall\/","url":"https:\/\/www.moedlareuth.de\/09-11-2024-35-jahre-mauerfall\/","name":"09.11.2024 - 35 Jahre Mauerfall - Deutsch-Deutsches Museum M\u00f6dlareuth","isPartOf":{"@id":"https:\/\/moedlareuth.de\/preview\/#website"},"primaryImageOfPage":{"@id":"https:\/\/www.moedlareuth.de\/09-11-2024-35-jahre-mauerfall\/#primaryimage"},"image":{"@id":"https:\/\/www.moedlareuth.de\/09-11-2024-35-jahre-mauerfall\/#primaryimage"},"thumbnailUrl":"https:\/\/www.moedlareuth.de\/wp-content\/uploads\/2015\/11\/MM-12-02-04.jpg","datePublished":"2024-11-05T15:38:14+00:00","dateModified":"2024-11-05T15:38:15+00:00","breadcrumb":{"@id":"https:\/\/www.moedlareuth.de\/09-11-2024-35-jahre-mauerfall\/#breadcrumb"},"inLanguage":"es","potentialAction":[{"@type":"ReadAction","target":["https:\/\/www.moedlareuth.de\/09-11-2024-35-jahre-mauerfall\/"]}]},{"@type":"ImageObject","inLanguage":"es","@id":"https:\/\/www.moedlareuth.de\/09-11-2024-35-jahre-mauerfall\/#primaryimage","url":"https:\/\/www.moedlareuth.de\/wp-content\/uploads\/2015\/11\/MM-12-02-04.jpg","contentUrl":"https:\/\/www.moedlareuth.de\/wp-content\/uploads\/2015\/11\/MM-12-02-04.jpg","width":5200,"height":3967,"caption":"seit 1990 Museum und Gedenkst\u00e4tte \/ Mediathek des Deutsch-Deutschen Museum M\u00f6dlareuth"},{"@type":"BreadcrumbList","@id":"https:\/\/www.moedlareuth.de\/09-11-2024-35-jahre-mauerfall\/#breadcrumb","itemListElement":[{"@type":"ListItem","position":1,"name":"Startseite","item":"https:\/\/www.moedlareuth.de\/"},{"@type":"ListItem","position":2,"name":"09.11.2024 &#8211; 35 Jahre Mauerfall"}]},{"@type":"WebSite","@id":"https:\/\/moedlareuth.de\/preview\/#website","url":"https:\/\/moedlareuth.de\/preview\/","name":"Deutsch-Deutsches Museum M\u00f6dlareuth","description":"Monumento a la divisi\u00f3n de Alemania","publisher":{"@id":"https:\/\/moedlareuth.de\/preview\/#organization"},"potentialAction":[{"@type":"SearchAction","target":{"@type":"EntryPoint","urlTemplate":"https:\/\/moedlareuth.de\/preview\/?s={search_term_string}"},"query-input":{"@type":"PropertyValueSpecification","valueRequired":true,"valueName":"search_term_string"}}],"inLanguage":"es"},{"@type":"Organization","@id":"https:\/\/moedlareuth.de\/preview\/#organization","name":"Deutsch-Deutsches Museum M\u00f6dlareuth","url":"https:\/\/moedlareuth.de\/preview\/","logo":{"@type":"ImageObject","inLanguage":"es","@id":"https:\/\/moedlareuth.de\/preview\/#\/schema\/logo\/image\/","url":"https:\/\/www.moedlareuth.de\/wp-content\/uploads\/2022\/02\/museum_moedlareuth_logo_hell_zusatz.svg","contentUrl":"https:\/\/www.moedlareuth.de\/wp-content\/uploads\/2022\/02\/museum_moedlareuth_logo_hell_zusatz.svg","width":255,"height":62,"caption":"Deutsch-Deutsches Museum M\u00f6dlareuth"},"image":{"@id":"https:\/\/moedlareuth.de\/preview\/#\/schema\/logo\/image\/"}},{"@type":"Person","@id":"https:\/\/moedlareuth.de\/preview\/#\/schema\/person\/42d95c7c900104834e45a22afe68e54d","name":"Susan Burger","url":"https:\/\/www.moedlareuth.de\/es\/author\/s-burger\/"}]}},"_links":{"self":[{"href":"https:\/\/www.moedlareuth.de\/es\/wp-json\/wp\/v2\/posts\/14023","targetHints":{"allow":["GET"]}}],"collection":[{"href":"https:\/\/www.moedlareuth.de\/es\/wp-json\/wp\/v2\/posts"}],"about":[{"href":"https:\/\/www.moedlareuth.de\/es\/wp-json\/wp\/v2\/types\/post"}],"author":[{"embeddable":true,"href":"https:\/\/www.moedlareuth.de\/es\/wp-json\/wp\/v2\/users\/10"}],"replies":[{"embeddable":true,"href":"https:\/\/www.moedlareuth.de\/es\/wp-json\/wp\/v2\/comments?post=14023"}],"version-history":[{"count":2,"href":"https:\/\/www.moedlareuth.de\/es\/wp-json\/wp\/v2\/posts\/14023\/revisions"}],"predecessor-version":[{"id":14026,"href":"https:\/\/www.moedlareuth.de\/es\/wp-json\/wp\/v2\/posts\/14023\/revisions\/14026"}],"wp:featuredmedia":[{"embeddable":true,"href":"https:\/\/www.moedlareuth.de\/es\/wp-json\/wp\/v2\/media\/6120"}],"wp:attachment":[{"href":"https:\/\/www.moedlareuth.de\/es\/wp-json\/wp\/v2\/media?parent=14023"}],"wp:term":[{"taxonomy":"category","embeddable":true,"href":"https:\/\/www.moedlareuth.de\/es\/wp-json\/wp\/v2\/categories?post=14023"},{"taxonomy":"post_tag","embeddable":true,"href":"https:\/\/www.moedlareuth.de\/es\/wp-json\/wp\/v2\/tags?post=14023"}],"curies":[{"name":"wp","href":"https:\/\/api.w.org\/{rel}","templated":true}]}}