{"id":13646,"date":"2024-06-11T11:41:00","date_gmt":"2024-06-11T09:41:00","guid":{"rendered":"https:\/\/www.moedlareuth.de\/?p=13646"},"modified":"2024-06-11T11:41:01","modified_gmt":"2024-06-11T09:41:01","slug":"besuch-des-thueringer-landesbeauftragten-und-der-stiftung-naturschutz","status":"publish","type":"post","link":"https:\/\/www.moedlareuth.de\/es\/besuch-des-thueringer-landesbeauftragten-und-der-stiftung-naturschutz\/","title":{"rendered":"Besuch des Th\u00fcringer Landesbeauftragten und der Stiftung Naturschutz"},"content":{"rendered":"<p>In den letzten Tagen war der Th\u00fcringer Landesbeauftragte (ThLA) Dr. Peter Wurschi zusammen mit der kommissarischen Gesch\u00e4ftsf\u00fchrung der Stiftung Naturschutz Th\u00fcringen (SNT), Carlotta Schulz an den vier Grenzmuseen des Freistaates zu Besuch. Museumsleiter Robert Lebegern konnte beide G\u00e4ste im Rahmen ihrer Rundreise am 23. Mai 2024 im Deutsch-Deutschen Museum willkommen hei\u00dfen und informierte anhand einer ausf\u00fchrlichen Pr\u00e4sentation \u00fcber die derzeitige umfangreiche Museumserweiterung. Nach einem Rundgang \u00fcber das neu gestaltete Freigel\u00e4nde und einer Besichtigung der derzeitigen Baustelle des Museumsneubaus fanden Gespr\u00e4che \u00fcber Aufgaben und Perspektiven der Erinnerungsorte und anstehende Kooperationen statt. \u201eDie Verbindung der historischen und naturschutzfachlichen Dimension des Gr\u00fcnen Bandes soll in M\u00f6dlareuth durch zus\u00e4tzliche p\u00e4dagogische Angebote und Projekte in Kooperation mit der Stiftung Naturschutz Th\u00fcringen weiter ausgebaut und gest\u00e4rkt werden\u201c, res\u00fcmierte Robert Lebegern als ein wichtiges Gespr\u00e4chsergebnis.<\/p>\n\n\n\n<p>\u00dcber das Nationale Naturmonument \u201eGr\u00fcnes Band Th\u00fcringen\u201c sind die Grenzmuseen und die Stiftung Naturschutz Th\u00fcringen miteinander verbunden. Die vorhandene Natur zu erhalten und an die innerdeutsche Grenze und ihre \u00dcberwindung zu erinnern, ist dabei gemeinsames Interesse. \u201eDurch die stattfindenden und anstehenden Neugestaltungen der Ausstellungen in den Gedenkst\u00e4tten, wird ihre Bedeutung als Vermittler von Geschichte direkt am Gr\u00fcnen Band noch einmal unterstrichen.\u201c, so Dr. Peter Wurschi.<\/p>\n\n\n\n<p>Das gemeinsame Angebot der Museen mit der SNT soll hierbei in Zukunft ebenfalls ausgebaut werden. \u201eDurch die Auswahl des \u201eGr\u00fcnen Bandes Deutschland\u201c auf die nationale Vorschlagsliste des UNESCO Weltkulturerbes, wird die besondere Bedeutung dieser Landschaftsmarke \u00fcberdeutlich.\u201c, betont Carlotta Schulz.<\/p>\n\n\n\n<p>F\u00fcr den Landesbeauftragten und die Stiftung Naturschutz Th\u00fcringen bedeutet das Ansporn und Auftrag zu gleich. Nur in einem gemischten Antrag, in dem Natur und Kultur als gleichwertige Teile des UNESCO Welterbes angesehen werden, besteht Aussicht auf Erfolg. Von den vier Th\u00fcringer Grenzmuseen aus, k\u00f6nnen zusammen mit der Stiftung Naturschutz und weiteren Akteuren Impulse f\u00fcr die l\u00e4nder\u00fcbergreifende Entwicklung des \u201eGr\u00fcnen Bandes\u201c ausgehen. Daf\u00fcr wurde ein regelm\u00e4\u00dfiger Informationsaustausch vereinbart und gemeinsame Projekte verabredet. Der Weg zum Weltkulturerbe hat gerade erst begonnen.<\/p>\n\n\n\n<p>Foto (v.l.n.r.): Robert Lebegern M.A. (Museumsleiter), Carlotta Schulz (Stiftung Naturschutz Th\u00fcringen), Dr. Peter Wurschi (Th\u00fcringer Landesbeauftragte).<\/p>","protected":false},"excerpt":{"rendered":"<p>In den letzten Tagen war der Th\u00fcringer Landesbeauftragte (ThLA) Dr. Peter Wurschi zusammen mit der kommissarischen Gesch\u00e4ftsf\u00fchrung der Stiftung Naturschutz Th\u00fcringen (SNT), Carlotta Schulz an den vier Grenzmuseen des Freistaates zu Besuch. Museumsleiter Robert Lebegern konnte beide G\u00e4ste im Rahmen ihrer Rundreise am 23. Mai 2024 im Deutsch-Deutschen Museum willkommen hei\u00dfen und informierte anhand einer&#8230;<\/p>","protected":false},"author":4,"featured_media":13647,"comment_status":"closed","ping_status":"closed","sticky":false,"template":"","format":"standard","meta":{"_acf_changed":false,"inline_featured_image":false,"_kad_post_transparent":"","_kad_post_title":"","_kad_post_layout":"","_kad_post_sidebar_id":"","_kad_post_content_style":"","_kad_post_vertical_padding":"","_kad_post_feature":"","_kad_post_feature_position":"","_kad_post_header":false,"_kad_post_footer":false,"_kad_post_classname":"","footnotes":""},"categories":[1],"tags":[],"class_list":["post-13646","post","type-post","status-publish","format-standard","has-post-thumbnail","hentry","category-aktuelles"],"acf":[],"yoast_head":"<!-- This site is optimized with the Yoast SEO plugin v27.5 - https:\/\/yoast.com\/product\/yoast-seo-wordpress\/ -->\n<title>Besuch des Th\u00fcringer Landesbeauftragten und der Stiftung Naturschutz - Deutsch-Deutsches Museum M\u00f6dlareuth<\/title>\n<meta name=\"robots\" content=\"index, follow, max-snippet:-1, max-image-preview:large, max-video-preview:-1\" \/>\n<link rel=\"canonical\" href=\"https:\/\/www.moedlareuth.de\/es\/besuch-des-thueringer-landesbeauftragten-und-der-stiftung-naturschutz\/\" \/>\n<meta property=\"og:locale\" content=\"es_ES\" \/>\n<meta property=\"og:type\" content=\"article\" \/>\n<meta property=\"og:title\" content=\"Besuch des Th\u00fcringer Landesbeauftragten und der Stiftung Naturschutz - Deutsch-Deutsches Museum M\u00f6dlareuth\" \/>\n<meta property=\"og:description\" content=\"In den letzten Tagen war der Th\u00fcringer Landesbeauftragte (ThLA) Dr. Peter Wurschi zusammen mit der kommissarischen Gesch\u00e4ftsf\u00fchrung der Stiftung Naturschutz Th\u00fcringen (SNT), Carlotta Schulz an den vier Grenzmuseen des Freistaates zu Besuch. Museumsleiter Robert Lebegern konnte beide G\u00e4ste im Rahmen ihrer Rundreise am 23. Mai 2024 im Deutsch-Deutschen Museum willkommen hei\u00dfen und informierte anhand einer...\" \/>\n<meta property=\"og:url\" content=\"https:\/\/www.moedlareuth.de\/es\/besuch-des-thueringer-landesbeauftragten-und-der-stiftung-naturschutz\/\" \/>\n<meta property=\"og:site_name\" content=\"Deutsch-Deutsches Museum M\u00f6dlareuth\" \/>\n<meta property=\"article:published_time\" content=\"2024-06-11T09:41:00+00:00\" \/>\n<meta property=\"article:modified_time\" content=\"2024-06-11T09:41:01+00:00\" \/>\n<meta property=\"og:image\" content=\"https:\/\/www.moedlareuth.de\/wp-content\/uploads\/2024\/06\/2024-05-23-Besuch-Stiftung-Naturschutz-Foto.jpg\" \/>\n\t<meta property=\"og:image:width\" content=\"3879\" \/>\n\t<meta property=\"og:image:height\" content=\"2841\" \/>\n\t<meta property=\"og:image:type\" content=\"image\/jpeg\" \/>\n<meta name=\"author\" content=\"Robert Lebegern\" \/>\n<meta name=\"twitter:card\" content=\"summary_large_image\" \/>\n<meta name=\"twitter:label1\" content=\"Escrito por\" \/>\n\t<meta name=\"twitter:data1\" content=\"Robert Lebegern\" \/>\n\t<meta name=\"twitter:label2\" content=\"Tiempo de lectura\" \/>\n\t<meta name=\"twitter:data2\" content=\"3 minutos\" \/>\n<script type=\"application\/ld+json\" class=\"yoast-schema-graph\">{\"@context\":\"https:\\\/\\\/schema.org\",\"@graph\":[{\"@type\":\"Article\",\"@id\":\"https:\\\/\\\/www.moedlareuth.de\\\/besuch-des-thueringer-landesbeauftragten-und-der-stiftung-naturschutz\\\/#article\",\"isPartOf\":{\"@id\":\"https:\\\/\\\/www.moedlareuth.de\\\/besuch-des-thueringer-landesbeauftragten-und-der-stiftung-naturschutz\\\/\"},\"author\":{\"name\":\"Robert Lebegern\",\"@id\":\"https:\\\/\\\/moedlareuth.de\\\/preview\\\/#\\\/schema\\\/person\\\/43382e3107ec00feb53f63bc6f4a7716\"},\"headline\":\"Besuch des Th\u00fcringer Landesbeauftragten und der Stiftung Naturschutz\",\"datePublished\":\"2024-06-11T09:41:00+00:00\",\"dateModified\":\"2024-06-11T09:41:01+00:00\",\"mainEntityOfPage\":{\"@id\":\"https:\\\/\\\/www.moedlareuth.de\\\/besuch-des-thueringer-landesbeauftragten-und-der-stiftung-naturschutz\\\/\"},\"wordCount\":374,\"publisher\":{\"@id\":\"https:\\\/\\\/moedlareuth.de\\\/preview\\\/#organization\"},\"image\":{\"@id\":\"https:\\\/\\\/www.moedlareuth.de\\\/besuch-des-thueringer-landesbeauftragten-und-der-stiftung-naturschutz\\\/#primaryimage\"},\"thumbnailUrl\":\"https:\\\/\\\/www.moedlareuth.de\\\/wp-content\\\/uploads\\\/2024\\\/06\\\/2024-05-23-Besuch-Stiftung-Naturschutz-Foto.jpg\",\"articleSection\":[\"Aktuelles\"],\"inLanguage\":\"es\"},{\"@type\":\"WebPage\",\"@id\":\"https:\\\/\\\/www.moedlareuth.de\\\/besuch-des-thueringer-landesbeauftragten-und-der-stiftung-naturschutz\\\/\",\"url\":\"https:\\\/\\\/www.moedlareuth.de\\\/besuch-des-thueringer-landesbeauftragten-und-der-stiftung-naturschutz\\\/\",\"name\":\"Besuch des Th\u00fcringer Landesbeauftragten und der Stiftung Naturschutz - Deutsch-Deutsches Museum M\u00f6dlareuth\",\"isPartOf\":{\"@id\":\"https:\\\/\\\/moedlareuth.de\\\/preview\\\/#website\"},\"primaryImageOfPage\":{\"@id\":\"https:\\\/\\\/www.moedlareuth.de\\\/besuch-des-thueringer-landesbeauftragten-und-der-stiftung-naturschutz\\\/#primaryimage\"},\"image\":{\"@id\":\"https:\\\/\\\/www.moedlareuth.de\\\/besuch-des-thueringer-landesbeauftragten-und-der-stiftung-naturschutz\\\/#primaryimage\"},\"thumbnailUrl\":\"https:\\\/\\\/www.moedlareuth.de\\\/wp-content\\\/uploads\\\/2024\\\/06\\\/2024-05-23-Besuch-Stiftung-Naturschutz-Foto.jpg\",\"datePublished\":\"2024-06-11T09:41:00+00:00\",\"dateModified\":\"2024-06-11T09:41:01+00:00\",\"breadcrumb\":{\"@id\":\"https:\\\/\\\/www.moedlareuth.de\\\/besuch-des-thueringer-landesbeauftragten-und-der-stiftung-naturschutz\\\/#breadcrumb\"},\"inLanguage\":\"es\",\"potentialAction\":[{\"@type\":\"ReadAction\",\"target\":[\"https:\\\/\\\/www.moedlareuth.de\\\/besuch-des-thueringer-landesbeauftragten-und-der-stiftung-naturschutz\\\/\"]}]},{\"@type\":\"ImageObject\",\"inLanguage\":\"es\",\"@id\":\"https:\\\/\\\/www.moedlareuth.de\\\/besuch-des-thueringer-landesbeauftragten-und-der-stiftung-naturschutz\\\/#primaryimage\",\"url\":\"https:\\\/\\\/www.moedlareuth.de\\\/wp-content\\\/uploads\\\/2024\\\/06\\\/2024-05-23-Besuch-Stiftung-Naturschutz-Foto.jpg\",\"contentUrl\":\"https:\\\/\\\/www.moedlareuth.de\\\/wp-content\\\/uploads\\\/2024\\\/06\\\/2024-05-23-Besuch-Stiftung-Naturschutz-Foto.jpg\",\"width\":3879,\"height\":2841},{\"@type\":\"BreadcrumbList\",\"@id\":\"https:\\\/\\\/www.moedlareuth.de\\\/besuch-des-thueringer-landesbeauftragten-und-der-stiftung-naturschutz\\\/#breadcrumb\",\"itemListElement\":[{\"@type\":\"ListItem\",\"position\":1,\"name\":\"Startseite\",\"item\":\"https:\\\/\\\/www.moedlareuth.de\\\/\"},{\"@type\":\"ListItem\",\"position\":2,\"name\":\"Besuch des Th\u00fcringer Landesbeauftragten und der Stiftung Naturschutz\"}]},{\"@type\":\"WebSite\",\"@id\":\"https:\\\/\\\/moedlareuth.de\\\/preview\\\/#website\",\"url\":\"https:\\\/\\\/moedlareuth.de\\\/preview\\\/\",\"name\":\"Deutsch-Deutsches Museum M\u00f6dlareuth\",\"description\":\"Gedenkst\u00e4tte zur deutschen Teilung\",\"publisher\":{\"@id\":\"https:\\\/\\\/moedlareuth.de\\\/preview\\\/#organization\"},\"potentialAction\":[{\"@type\":\"SearchAction\",\"target\":{\"@type\":\"EntryPoint\",\"urlTemplate\":\"https:\\\/\\\/moedlareuth.de\\\/preview\\\/?s={search_term_string}\"},\"query-input\":{\"@type\":\"PropertyValueSpecification\",\"valueRequired\":true,\"valueName\":\"search_term_string\"}}],\"inLanguage\":\"es\"},{\"@type\":\"Organization\",\"@id\":\"https:\\\/\\\/moedlareuth.de\\\/preview\\\/#organization\",\"name\":\"Deutsch-Deutsches Museum M\u00f6dlareuth\",\"url\":\"https:\\\/\\\/moedlareuth.de\\\/preview\\\/\",\"logo\":{\"@type\":\"ImageObject\",\"inLanguage\":\"es\",\"@id\":\"https:\\\/\\\/moedlareuth.de\\\/preview\\\/#\\\/schema\\\/logo\\\/image\\\/\",\"url\":\"https:\\\/\\\/www.moedlareuth.de\\\/wp-content\\\/uploads\\\/2022\\\/02\\\/museum_moedlareuth_logo_hell_zusatz.svg\",\"contentUrl\":\"https:\\\/\\\/www.moedlareuth.de\\\/wp-content\\\/uploads\\\/2022\\\/02\\\/museum_moedlareuth_logo_hell_zusatz.svg\",\"width\":255,\"height\":62,\"caption\":\"Deutsch-Deutsches Museum M\u00f6dlareuth\"},\"image\":{\"@id\":\"https:\\\/\\\/moedlareuth.de\\\/preview\\\/#\\\/schema\\\/logo\\\/image\\\/\"}},{\"@type\":\"Person\",\"@id\":\"https:\\\/\\\/moedlareuth.de\\\/preview\\\/#\\\/schema\\\/person\\\/43382e3107ec00feb53f63bc6f4a7716\",\"name\":\"Robert Lebegern\",\"sameAs\":[\"http:\\\/\\\/www.museum-www.moedlareuth.de\"],\"url\":\"https:\\\/\\\/www.moedlareuth.de\\\/es\\\/author\\\/rl-lra-hof\\\/\"}]}<\/script>\n<!-- \/ Yoast SEO plugin. -->","yoast_head_json":{"title":"Besuch des Th\u00fcringer Landesbeauftragten und der Stiftung Naturschutz - Deutsch-Deutsches Museum M\u00f6dlareuth","robots":{"index":"index","follow":"follow","max-snippet":"max-snippet:-1","max-image-preview":"max-image-preview:large","max-video-preview":"max-video-preview:-1"},"canonical":"https:\/\/www.moedlareuth.de\/es\/besuch-des-thueringer-landesbeauftragten-und-der-stiftung-naturschutz\/","og_locale":"es_ES","og_type":"article","og_title":"Besuch des Th\u00fcringer Landesbeauftragten und der Stiftung Naturschutz - Deutsch-Deutsches Museum M\u00f6dlareuth","og_description":"In den letzten Tagen war der Th\u00fcringer Landesbeauftragte (ThLA) Dr. Peter Wurschi zusammen mit der kommissarischen Gesch\u00e4ftsf\u00fchrung der Stiftung Naturschutz Th\u00fcringen (SNT), Carlotta Schulz an den vier Grenzmuseen des Freistaates zu Besuch. Museumsleiter Robert Lebegern konnte beide G\u00e4ste im Rahmen ihrer Rundreise am 23. Mai 2024 im Deutsch-Deutschen Museum willkommen hei\u00dfen und informierte anhand einer...","og_url":"https:\/\/www.moedlareuth.de\/es\/besuch-des-thueringer-landesbeauftragten-und-der-stiftung-naturschutz\/","og_site_name":"Deutsch-Deutsches Museum M\u00f6dlareuth","article_published_time":"2024-06-11T09:41:00+00:00","article_modified_time":"2024-06-11T09:41:01+00:00","og_image":[{"width":3879,"height":2841,"url":"https:\/\/www.moedlareuth.de\/wp-content\/uploads\/2024\/06\/2024-05-23-Besuch-Stiftung-Naturschutz-Foto.jpg","type":"image\/jpeg"}],"author":"Robert Lebegern","twitter_card":"summary_large_image","twitter_misc":{"Escrito por":"Robert Lebegern","Tiempo de lectura":"3 minutos"},"schema":{"@context":"https:\/\/schema.org","@graph":[{"@type":"Article","@id":"https:\/\/www.moedlareuth.de\/besuch-des-thueringer-landesbeauftragten-und-der-stiftung-naturschutz\/#article","isPartOf":{"@id":"https:\/\/www.moedlareuth.de\/besuch-des-thueringer-landesbeauftragten-und-der-stiftung-naturschutz\/"},"author":{"name":"Robert Lebegern","@id":"https:\/\/moedlareuth.de\/preview\/#\/schema\/person\/43382e3107ec00feb53f63bc6f4a7716"},"headline":"Besuch des Th\u00fcringer Landesbeauftragten und der Stiftung Naturschutz","datePublished":"2024-06-11T09:41:00+00:00","dateModified":"2024-06-11T09:41:01+00:00","mainEntityOfPage":{"@id":"https:\/\/www.moedlareuth.de\/besuch-des-thueringer-landesbeauftragten-und-der-stiftung-naturschutz\/"},"wordCount":374,"publisher":{"@id":"https:\/\/moedlareuth.de\/preview\/#organization"},"image":{"@id":"https:\/\/www.moedlareuth.de\/besuch-des-thueringer-landesbeauftragten-und-der-stiftung-naturschutz\/#primaryimage"},"thumbnailUrl":"https:\/\/www.moedlareuth.de\/wp-content\/uploads\/2024\/06\/2024-05-23-Besuch-Stiftung-Naturschutz-Foto.jpg","articleSection":["Aktuelles"],"inLanguage":"es"},{"@type":"WebPage","@id":"https:\/\/www.moedlareuth.de\/besuch-des-thueringer-landesbeauftragten-und-der-stiftung-naturschutz\/","url":"https:\/\/www.moedlareuth.de\/besuch-des-thueringer-landesbeauftragten-und-der-stiftung-naturschutz\/","name":"Besuch des Th\u00fcringer Landesbeauftragten und der Stiftung Naturschutz - Deutsch-Deutsches Museum M\u00f6dlareuth","isPartOf":{"@id":"https:\/\/moedlareuth.de\/preview\/#website"},"primaryImageOfPage":{"@id":"https:\/\/www.moedlareuth.de\/besuch-des-thueringer-landesbeauftragten-und-der-stiftung-naturschutz\/#primaryimage"},"image":{"@id":"https:\/\/www.moedlareuth.de\/besuch-des-thueringer-landesbeauftragten-und-der-stiftung-naturschutz\/#primaryimage"},"thumbnailUrl":"https:\/\/www.moedlareuth.de\/wp-content\/uploads\/2024\/06\/2024-05-23-Besuch-Stiftung-Naturschutz-Foto.jpg","datePublished":"2024-06-11T09:41:00+00:00","dateModified":"2024-06-11T09:41:01+00:00","breadcrumb":{"@id":"https:\/\/www.moedlareuth.de\/besuch-des-thueringer-landesbeauftragten-und-der-stiftung-naturschutz\/#breadcrumb"},"inLanguage":"es","potentialAction":[{"@type":"ReadAction","target":["https:\/\/www.moedlareuth.de\/besuch-des-thueringer-landesbeauftragten-und-der-stiftung-naturschutz\/"]}]},{"@type":"ImageObject","inLanguage":"es","@id":"https:\/\/www.moedlareuth.de\/besuch-des-thueringer-landesbeauftragten-und-der-stiftung-naturschutz\/#primaryimage","url":"https:\/\/www.moedlareuth.de\/wp-content\/uploads\/2024\/06\/2024-05-23-Besuch-Stiftung-Naturschutz-Foto.jpg","contentUrl":"https:\/\/www.moedlareuth.de\/wp-content\/uploads\/2024\/06\/2024-05-23-Besuch-Stiftung-Naturschutz-Foto.jpg","width":3879,"height":2841},{"@type":"BreadcrumbList","@id":"https:\/\/www.moedlareuth.de\/besuch-des-thueringer-landesbeauftragten-und-der-stiftung-naturschutz\/#breadcrumb","itemListElement":[{"@type":"ListItem","position":1,"name":"Startseite","item":"https:\/\/www.moedlareuth.de\/"},{"@type":"ListItem","position":2,"name":"Besuch des Th\u00fcringer Landesbeauftragten und der Stiftung Naturschutz"}]},{"@type":"WebSite","@id":"https:\/\/moedlareuth.de\/preview\/#website","url":"https:\/\/moedlareuth.de\/preview\/","name":"Deutsch-Deutsches Museum M\u00f6dlareuth","description":"Monumento a la divisi\u00f3n de Alemania","publisher":{"@id":"https:\/\/moedlareuth.de\/preview\/#organization"},"potentialAction":[{"@type":"SearchAction","target":{"@type":"EntryPoint","urlTemplate":"https:\/\/moedlareuth.de\/preview\/?s={search_term_string}"},"query-input":{"@type":"PropertyValueSpecification","valueRequired":true,"valueName":"search_term_string"}}],"inLanguage":"es"},{"@type":"Organization","@id":"https:\/\/moedlareuth.de\/preview\/#organization","name":"Deutsch-Deutsches Museum M\u00f6dlareuth","url":"https:\/\/moedlareuth.de\/preview\/","logo":{"@type":"ImageObject","inLanguage":"es","@id":"https:\/\/moedlareuth.de\/preview\/#\/schema\/logo\/image\/","url":"https:\/\/www.moedlareuth.de\/wp-content\/uploads\/2022\/02\/museum_moedlareuth_logo_hell_zusatz.svg","contentUrl":"https:\/\/www.moedlareuth.de\/wp-content\/uploads\/2022\/02\/museum_moedlareuth_logo_hell_zusatz.svg","width":255,"height":62,"caption":"Deutsch-Deutsches Museum M\u00f6dlareuth"},"image":{"@id":"https:\/\/moedlareuth.de\/preview\/#\/schema\/logo\/image\/"}},{"@type":"Person","@id":"https:\/\/moedlareuth.de\/preview\/#\/schema\/person\/43382e3107ec00feb53f63bc6f4a7716","name":"Robert Lebegern","sameAs":["http:\/\/www.museum-www.moedlareuth.de"],"url":"https:\/\/www.moedlareuth.de\/es\/author\/rl-lra-hof\/"}]}},"_links":{"self":[{"href":"https:\/\/www.moedlareuth.de\/es\/wp-json\/wp\/v2\/posts\/13646","targetHints":{"allow":["GET"]}}],"collection":[{"href":"https:\/\/www.moedlareuth.de\/es\/wp-json\/wp\/v2\/posts"}],"about":[{"href":"https:\/\/www.moedlareuth.de\/es\/wp-json\/wp\/v2\/types\/post"}],"author":[{"embeddable":true,"href":"https:\/\/www.moedlareuth.de\/es\/wp-json\/wp\/v2\/users\/4"}],"replies":[{"embeddable":true,"href":"https:\/\/www.moedlareuth.de\/es\/wp-json\/wp\/v2\/comments?post=13646"}],"version-history":[{"count":4,"href":"https:\/\/www.moedlareuth.de\/es\/wp-json\/wp\/v2\/posts\/13646\/revisions"}],"predecessor-version":[{"id":13651,"href":"https:\/\/www.moedlareuth.de\/es\/wp-json\/wp\/v2\/posts\/13646\/revisions\/13651"}],"wp:featuredmedia":[{"embeddable":true,"href":"https:\/\/www.moedlareuth.de\/es\/wp-json\/wp\/v2\/media\/13647"}],"wp:attachment":[{"href":"https:\/\/www.moedlareuth.de\/es\/wp-json\/wp\/v2\/media?parent=13646"}],"wp:term":[{"taxonomy":"category","embeddable":true,"href":"https:\/\/www.moedlareuth.de\/es\/wp-json\/wp\/v2\/categories?post=13646"},{"taxonomy":"post_tag","embeddable":true,"href":"https:\/\/www.moedlareuth.de\/es\/wp-json\/wp\/v2\/tags?post=13646"}],"curies":[{"name":"wp","href":"https:\/\/api.w.org\/{rel}","templated":true}]}}