{"id":1290,"date":"2019-05-14T12:25:00","date_gmt":"2019-05-14T10:25:00","guid":{"rendered":"http:\/\/www.moedlareuth.de\/?p=1290"},"modified":"2021-12-07T05:02:30","modified_gmt":"2021-12-07T04:02:30","slug":"auftakt-zum-jubilaeumsjahr-deutsch-deutsches-museum-moedlareuth-zeigt-sonderausstellung","status":"publish","type":"post","link":"https:\/\/www.moedlareuth.de\/es\/auftakt-zum-jubilaeumsjahr-deutsch-deutsches-museum-moedlareuth-zeigt-sonderausstellung\/","title":{"rendered":"Auftakt zum Jubil\u00e4umsjahr: Deutsch-Deutsches Museum M\u00f6dlareuth zeigt Sonderausstellung"},"content":{"rendered":"<p><strong>Traurigkeit.<\/strong><\/p>\n<p><strong>Freude.<\/strong><\/p>\n<p><strong>Abschied.<\/strong><\/p>\n<p><strong>Sehnsucht.<\/strong><\/p>\n<p><strong>Es sind Bilder, die vom Auge direkt ins Herz gehen.<\/strong><\/p>\n<p>M\u00fcde Menschen auf dem Weg von der Arbeit nach Hause. Jugendliche, gelangweilt vor einem runtergekommenen Club. Ein verfallener Altbau hinter dem Werbeschild eines M\u00f6belhauses. Vor den zerschlagenen Fenstern und der heruntergekommenen Fassade prangt der\u00a0Schriftzug: &#8222;Wohnkultur&#8220;.<\/p>\n<p>Es sind Bilder \u00fcber das Leben der Menschen in der ehemaligen DDR.<\/p>\n<p>Fotografiert von Harald Hauswald in den achtziger Jahren.<\/p>\n<p><strong>\u201eVoll der Osten \u2013 Leben in der DDR\u201c, so der Titel der Sonderausstellung, mit der das Deutsch-Deutsche Museum M\u00f6dlareuth in das diesj\u00e4hrige Jubil\u00e4umsjahr 30 Jahre Friedliche Revolution startet.<\/strong><\/p>\n<p>Die Pl\u00e4tze im Ausstellungsraum des Museums reichen zur Er\u00f6ffnung der Ausstellung nicht aus. Das Interesse an den Bildern, die das ungeschminkte Leben der Menschen in der ehemaligen DDR zeigen, ist enorm. Die rund 70 Besucher, darunter B\u00fcrger aus M\u00f6dlareuth, Vertreter aus Politik, Partner und Freunde des Museums sowie Sch\u00fcler der zehnten Klassen zweier Gymnasien aus Wittenberg und Wei\u00dfenburg, sind begeistert von der Authentizit\u00e4t der Ausstellung.<\/p>\n<p>\u201eBetrachtet man die Fotos, bekommt man irgendwie ein beklemmendes Gef\u00fchl\u201c, so eine Sch\u00fclerin.<\/p>\n<p>Tats\u00e4chlich haben die \u00fcber 100 Fotos von Fotograf Harald Hauswald, der selbst in der DDR aufgewachsen ist, nichts gemein mit dem staatlich verordneten Idealbild des gl\u00fccklichen sozialistischen Menschen. Vielmehr vermitteln sie ein realistisches Bild des damaligen Alltags.<\/p>\n<p>Der Historiker und Buchautor Stefan Wolle, der ebenfalls in der DDR gro\u00df geworden ist, hat zu den Bildern Texte geschrieben. Die Ausstellungstafeln verlinken mit QR-Codes zu kurzen Videointerviews, in denen der Fotograf dar\u00fcber berichtet, wie das jeweilige Foto entstanden ist.<\/p>\n<p>\u201eEigentlich hat man das alles damals als normal empfunden\u201c, so Hauswald.<\/p>\n<p>Seine Aufnahmen ver\u00f6ffentlichte der Fotograf in den achtziger Jahren als erster DDR-Fotograf auch in westdeutschen Magazinen, darunter im \u201eStern\u201c oder in \u201eGeo\u201c. Die Arbeiten blieben nat\u00fcrlich auch den SED-Beh\u00f6rden und der Stasi nicht verborgen. Mehr als ein Dutzend Mal sa\u00df er deshalb zum Verh\u00f6r.<\/p>\n<p>\u201eAuch wenn subjektiv, zeigen sie doch in allen Bilddokumenten die vielf\u00e4ltigen Facetten des DDR-Alltags, die die B\u00fcrger dazu bewegten, auf die Stra\u00dfe zu gehen und damit die Friedliche Revolution in Gang setzten\u201c, fasst Museumsleiter Robert Lebegern die Eindr\u00fccke der Ausstellung zusammen.<\/p>\n<p>Die Ausstellung wurde von der Bundesstiftung zur Aufarbeitung der SED-Diktatur in Kooperation mit dem Ostkreuz-Verein f\u00fcr Fotografie konzipiert.<\/p>\n<p><strong>Sie ist bis zum 15. September 2019, von Dienstag bis Sonntag von 9.00 bis 18.00 Uhr, sowie nach Vereinbarung ge\u00f6ffnet.<\/strong><\/p>\n<p>[wpspd-slider title=&#8220;Voll der Osten&#8220; type=&#8220;slider&#8220; autoplay=&#8220;no&#8220; infinite=&#8220;yes&#8220; duration=&#8220;2000&#8243; fx=&#8220;slide&#8220;]<br \/>\n[wpspd-slide]<img decoding=\"async\" class=\"details-image\" draggable=\"false\" src=\"http:\/\/www.moedlareuth.de\/wp-content\/uploads\/2019\/05\/MM-2019-05-13-028-1024x683.jpg\" alt=\"\" \/>[\/wpspd-slide]<br \/>\n[wpspd-slide]<img decoding=\"async\" class=\"details-image\" draggable=\"false\" src=\"http:\/\/www.moedlareuth.de\/wp-content\/uploads\/2019\/05\/MM-2019-05-13-023-1024x683.jpg\" alt=\"\" \/>[\/wpspd-slide]<br \/>\n[wpspd-slide]<img decoding=\"async\" class=\"details-image\" draggable=\"false\" src=\"http:\/\/www.moedlareuth.de\/wp-content\/uploads\/2019\/05\/MM-2019-05-13-015-1024x683.jpg\" alt=\"\" \/>[\/wpspd-slide]<br \/>\n[\/wpspd-slider]<\/p>\n","protected":false},"excerpt":{"rendered":"<p>Traurigkeit. Freude. Abschied. Sehnsucht. Es sind Bilder, die vom Auge direkt ins Herz gehen. M\u00fcde Menschen auf dem Weg von der Arbeit nach Hause. Jugendliche, gelangweilt vor einem runtergekommenen Club. Ein verfallener Altbau hinter dem Werbeschild eines M\u00f6belhauses. Vor den zerschlagenen Fenstern und der heruntergekommenen Fassade prangt der\u00a0Schriftzug: &#8222;Wohnkultur&#8220;. Es sind Bilder \u00fcber das Leben&#8230;<\/p>","protected":false},"author":6,"featured_media":1287,"comment_status":"closed","ping_status":"closed","sticky":false,"template":"","format":"standard","meta":{"_acf_changed":false,"inline_featured_image":false,"_kad_post_transparent":"","_kad_post_title":"","_kad_post_layout":"","_kad_post_sidebar_id":"","_kad_post_content_style":"","_kad_post_vertical_padding":"","_kad_post_feature":"","_kad_post_feature_position":"","_kad_post_header":false,"_kad_post_footer":false,"_kad_post_classname":"","footnotes":""},"categories":[1],"tags":[],"class_list":["post-1290","post","type-post","status-publish","format-standard","has-post-thumbnail","hentry","category-aktuelles"],"acf":[],"yoast_head":"<!-- This site is optimized with the Yoast SEO plugin v27.5 - https:\/\/yoast.com\/product\/yoast-seo-wordpress\/ -->\n<title>Auftakt zum Jubil\u00e4umsjahr: Deutsch-Deutsches Museum M\u00f6dlareuth zeigt Sonderausstellung - Deutsch-Deutsches Museum M\u00f6dlareuth<\/title>\n<meta name=\"robots\" content=\"index, follow, max-snippet:-1, max-image-preview:large, max-video-preview:-1\" \/>\n<link rel=\"canonical\" href=\"https:\/\/moedlareuth.de\/auftakt-zum-jubilaeumsjahr-deutsch-deutsches-museum-moedlareuth-zeigt-sonderausstellung\/\" \/>\n<meta property=\"og:locale\" content=\"es_ES\" \/>\n<meta property=\"og:type\" content=\"article\" \/>\n<meta property=\"og:title\" content=\"Auftakt zum Jubil\u00e4umsjahr: Deutsch-Deutsches Museum M\u00f6dlareuth zeigt Sonderausstellung - Deutsch-Deutsches Museum M\u00f6dlareuth\" \/>\n<meta property=\"og:description\" content=\"Traurigkeit. Freude. Abschied. Sehnsucht. Es sind Bilder, die vom Auge direkt ins Herz gehen. M\u00fcde Menschen auf dem Weg von der Arbeit nach Hause. Jugendliche, gelangweilt vor einem runtergekommenen Club. Ein verfallener Altbau hinter dem Werbeschild eines M\u00f6belhauses. Vor den zerschlagenen Fenstern und der heruntergekommenen Fassade prangt der\u00a0Schriftzug: &#8222;Wohnkultur&#8220;. Es sind Bilder \u00fcber das Leben...\" \/>\n<meta property=\"og:url\" content=\"https:\/\/moedlareuth.de\/auftakt-zum-jubilaeumsjahr-deutsch-deutsches-museum-moedlareuth-zeigt-sonderausstellung\/\" \/>\n<meta property=\"og:site_name\" content=\"Deutsch-Deutsches Museum M\u00f6dlareuth\" \/>\n<meta property=\"article:published_time\" content=\"2019-05-14T10:25:00+00:00\" \/>\n<meta property=\"article:modified_time\" content=\"2021-12-07T04:02:30+00:00\" \/>\n<meta property=\"og:image\" content=\"https:\/\/moedlareuth.de\/preview\/wp-content\/uploads\/2019\/05\/MM-2019-05-13-015-e1557828789482.jpg\" \/>\n\t<meta property=\"og:image:width\" content=\"1400\" \/>\n\t<meta property=\"og:image:height\" content=\"933\" \/>\n\t<meta property=\"og:image:type\" content=\"image\/jpeg\" \/>\n<meta name=\"author\" content=\"Ronald Schricker\" \/>\n<meta name=\"twitter:card\" content=\"summary_large_image\" \/>\n<meta name=\"twitter:label1\" content=\"Escrito por\" \/>\n\t<meta name=\"twitter:data1\" content=\"Ronald Schricker\" \/>\n\t<meta name=\"twitter:label2\" content=\"Tiempo de lectura\" \/>\n\t<meta name=\"twitter:data2\" content=\"2 minutos\" \/>\n<script type=\"application\/ld+json\" class=\"yoast-schema-graph\">{\"@context\":\"https:\\\/\\\/schema.org\",\"@graph\":[{\"@type\":\"Article\",\"@id\":\"https:\\\/\\\/moedlareuth.de\\\/auftakt-zum-jubilaeumsjahr-deutsch-deutsches-museum-moedlareuth-zeigt-sonderausstellung\\\/#article\",\"isPartOf\":{\"@id\":\"https:\\\/\\\/moedlareuth.de\\\/auftakt-zum-jubilaeumsjahr-deutsch-deutsches-museum-moedlareuth-zeigt-sonderausstellung\\\/\"},\"author\":{\"name\":\"Ronald Schricker\",\"@id\":\"https:\\\/\\\/moedlareuth.de\\\/preview\\\/#\\\/schema\\\/person\\\/9194619dfae57e8d77d645ad86c2ea4e\"},\"headline\":\"Auftakt zum Jubil\u00e4umsjahr: Deutsch-Deutsches Museum M\u00f6dlareuth zeigt Sonderausstellung\",\"datePublished\":\"2019-05-14T10:25:00+00:00\",\"dateModified\":\"2021-12-07T04:02:30+00:00\",\"mainEntityOfPage\":{\"@id\":\"https:\\\/\\\/moedlareuth.de\\\/auftakt-zum-jubilaeumsjahr-deutsch-deutsches-museum-moedlareuth-zeigt-sonderausstellung\\\/\"},\"wordCount\":437,\"publisher\":{\"@id\":\"https:\\\/\\\/moedlareuth.de\\\/preview\\\/#organization\"},\"image\":{\"@id\":\"https:\\\/\\\/moedlareuth.de\\\/auftakt-zum-jubilaeumsjahr-deutsch-deutsches-museum-moedlareuth-zeigt-sonderausstellung\\\/#primaryimage\"},\"thumbnailUrl\":\"https:\\\/\\\/www.moedlareuth.de\\\/wp-content\\\/uploads\\\/2019\\\/05\\\/MM-2019-05-13-015-e1557828789482.jpg\",\"articleSection\":[\"Aktuelles\"],\"inLanguage\":\"es\"},{\"@type\":\"WebPage\",\"@id\":\"https:\\\/\\\/moedlareuth.de\\\/auftakt-zum-jubilaeumsjahr-deutsch-deutsches-museum-moedlareuth-zeigt-sonderausstellung\\\/\",\"url\":\"https:\\\/\\\/moedlareuth.de\\\/auftakt-zum-jubilaeumsjahr-deutsch-deutsches-museum-moedlareuth-zeigt-sonderausstellung\\\/\",\"name\":\"Auftakt zum Jubil\u00e4umsjahr: Deutsch-Deutsches Museum M\u00f6dlareuth zeigt Sonderausstellung - Deutsch-Deutsches Museum M\u00f6dlareuth\",\"isPartOf\":{\"@id\":\"https:\\\/\\\/moedlareuth.de\\\/preview\\\/#website\"},\"primaryImageOfPage\":{\"@id\":\"https:\\\/\\\/moedlareuth.de\\\/auftakt-zum-jubilaeumsjahr-deutsch-deutsches-museum-moedlareuth-zeigt-sonderausstellung\\\/#primaryimage\"},\"image\":{\"@id\":\"https:\\\/\\\/moedlareuth.de\\\/auftakt-zum-jubilaeumsjahr-deutsch-deutsches-museum-moedlareuth-zeigt-sonderausstellung\\\/#primaryimage\"},\"thumbnailUrl\":\"https:\\\/\\\/www.moedlareuth.de\\\/wp-content\\\/uploads\\\/2019\\\/05\\\/MM-2019-05-13-015-e1557828789482.jpg\",\"datePublished\":\"2019-05-14T10:25:00+00:00\",\"dateModified\":\"2021-12-07T04:02:30+00:00\",\"breadcrumb\":{\"@id\":\"https:\\\/\\\/moedlareuth.de\\\/auftakt-zum-jubilaeumsjahr-deutsch-deutsches-museum-moedlareuth-zeigt-sonderausstellung\\\/#breadcrumb\"},\"inLanguage\":\"es\",\"potentialAction\":[{\"@type\":\"ReadAction\",\"target\":[\"https:\\\/\\\/moedlareuth.de\\\/auftakt-zum-jubilaeumsjahr-deutsch-deutsches-museum-moedlareuth-zeigt-sonderausstellung\\\/\"]}]},{\"@type\":\"ImageObject\",\"inLanguage\":\"es\",\"@id\":\"https:\\\/\\\/moedlareuth.de\\\/auftakt-zum-jubilaeumsjahr-deutsch-deutsches-museum-moedlareuth-zeigt-sonderausstellung\\\/#primaryimage\",\"url\":\"https:\\\/\\\/www.moedlareuth.de\\\/wp-content\\\/uploads\\\/2019\\\/05\\\/MM-2019-05-13-015-e1557828789482.jpg\",\"contentUrl\":\"https:\\\/\\\/www.moedlareuth.de\\\/wp-content\\\/uploads\\\/2019\\\/05\\\/MM-2019-05-13-015-e1557828789482.jpg\",\"width\":1400,\"height\":933,\"caption\":\"MM 2019 05 13 015 e1557828789482\"},{\"@type\":\"BreadcrumbList\",\"@id\":\"https:\\\/\\\/moedlareuth.de\\\/auftakt-zum-jubilaeumsjahr-deutsch-deutsches-museum-moedlareuth-zeigt-sonderausstellung\\\/#breadcrumb\",\"itemListElement\":[{\"@type\":\"ListItem\",\"position\":1,\"name\":\"Startseite\",\"item\":\"https:\\\/\\\/www.moedlareuth.de\\\/\"},{\"@type\":\"ListItem\",\"position\":2,\"name\":\"Auftakt zum Jubil\u00e4umsjahr: Deutsch-Deutsches Museum M\u00f6dlareuth zeigt Sonderausstellung\"}]},{\"@type\":\"WebSite\",\"@id\":\"https:\\\/\\\/moedlareuth.de\\\/preview\\\/#website\",\"url\":\"https:\\\/\\\/moedlareuth.de\\\/preview\\\/\",\"name\":\"Deutsch-Deutsches Museum M\u00f6dlareuth\",\"description\":\"Gedenkst\u00e4tte zur deutschen Teilung\",\"publisher\":{\"@id\":\"https:\\\/\\\/moedlareuth.de\\\/preview\\\/#organization\"},\"potentialAction\":[{\"@type\":\"SearchAction\",\"target\":{\"@type\":\"EntryPoint\",\"urlTemplate\":\"https:\\\/\\\/moedlareuth.de\\\/preview\\\/?s={search_term_string}\"},\"query-input\":{\"@type\":\"PropertyValueSpecification\",\"valueRequired\":true,\"valueName\":\"search_term_string\"}}],\"inLanguage\":\"es\"},{\"@type\":\"Organization\",\"@id\":\"https:\\\/\\\/moedlareuth.de\\\/preview\\\/#organization\",\"name\":\"Deutsch-Deutsches Museum M\u00f6dlareuth\",\"url\":\"https:\\\/\\\/moedlareuth.de\\\/preview\\\/\",\"logo\":{\"@type\":\"ImageObject\",\"inLanguage\":\"es\",\"@id\":\"https:\\\/\\\/moedlareuth.de\\\/preview\\\/#\\\/schema\\\/logo\\\/image\\\/\",\"url\":\"https:\\\/\\\/www.moedlareuth.de\\\/wp-content\\\/uploads\\\/2022\\\/02\\\/museum_moedlareuth_logo_hell_zusatz.svg\",\"contentUrl\":\"https:\\\/\\\/www.moedlareuth.de\\\/wp-content\\\/uploads\\\/2022\\\/02\\\/museum_moedlareuth_logo_hell_zusatz.svg\",\"width\":255,\"height\":62,\"caption\":\"Deutsch-Deutsches Museum M\u00f6dlareuth\"},\"image\":{\"@id\":\"https:\\\/\\\/moedlareuth.de\\\/preview\\\/#\\\/schema\\\/logo\\\/image\\\/\"}},{\"@type\":\"Person\",\"@id\":\"https:\\\/\\\/moedlareuth.de\\\/preview\\\/#\\\/schema\\\/person\\\/9194619dfae57e8d77d645ad86c2ea4e\",\"name\":\"Ronald Schricker\",\"sameAs\":[\"http:\\\/\\\/www.museum-www.moedlareuth.de\"],\"url\":\"https:\\\/\\\/www.moedlareuth.de\\\/es\\\/author\\\/rs-lra-hof\\\/\"}]}<\/script>\n<!-- \/ Yoast SEO plugin. -->","yoast_head_json":{"title":"Auftakt zum Jubil\u00e4umsjahr: Deutsch-Deutsches Museum M\u00f6dlareuth zeigt Sonderausstellung - Deutsch-Deutsches Museum M\u00f6dlareuth","robots":{"index":"index","follow":"follow","max-snippet":"max-snippet:-1","max-image-preview":"max-image-preview:large","max-video-preview":"max-video-preview:-1"},"canonical":"https:\/\/moedlareuth.de\/auftakt-zum-jubilaeumsjahr-deutsch-deutsches-museum-moedlareuth-zeigt-sonderausstellung\/","og_locale":"es_ES","og_type":"article","og_title":"Auftakt zum Jubil\u00e4umsjahr: Deutsch-Deutsches Museum M\u00f6dlareuth zeigt Sonderausstellung - Deutsch-Deutsches Museum M\u00f6dlareuth","og_description":"Traurigkeit. Freude. Abschied. Sehnsucht. Es sind Bilder, die vom Auge direkt ins Herz gehen. M\u00fcde Menschen auf dem Weg von der Arbeit nach Hause. Jugendliche, gelangweilt vor einem runtergekommenen Club. Ein verfallener Altbau hinter dem Werbeschild eines M\u00f6belhauses. Vor den zerschlagenen Fenstern und der heruntergekommenen Fassade prangt der\u00a0Schriftzug: &#8222;Wohnkultur&#8220;. Es sind Bilder \u00fcber das Leben...","og_url":"https:\/\/moedlareuth.de\/auftakt-zum-jubilaeumsjahr-deutsch-deutsches-museum-moedlareuth-zeigt-sonderausstellung\/","og_site_name":"Deutsch-Deutsches Museum M\u00f6dlareuth","article_published_time":"2019-05-14T10:25:00+00:00","article_modified_time":"2021-12-07T04:02:30+00:00","og_image":[{"width":1400,"height":933,"url":"https:\/\/moedlareuth.de\/preview\/wp-content\/uploads\/2019\/05\/MM-2019-05-13-015-e1557828789482.jpg","type":"image\/jpeg"}],"author":"Ronald Schricker","twitter_card":"summary_large_image","twitter_misc":{"Escrito por":"Ronald Schricker","Tiempo de lectura":"2 minutos"},"schema":{"@context":"https:\/\/schema.org","@graph":[{"@type":"Article","@id":"https:\/\/moedlareuth.de\/auftakt-zum-jubilaeumsjahr-deutsch-deutsches-museum-moedlareuth-zeigt-sonderausstellung\/#article","isPartOf":{"@id":"https:\/\/moedlareuth.de\/auftakt-zum-jubilaeumsjahr-deutsch-deutsches-museum-moedlareuth-zeigt-sonderausstellung\/"},"author":{"name":"Ronald Schricker","@id":"https:\/\/moedlareuth.de\/preview\/#\/schema\/person\/9194619dfae57e8d77d645ad86c2ea4e"},"headline":"Auftakt zum Jubil\u00e4umsjahr: Deutsch-Deutsches Museum M\u00f6dlareuth zeigt Sonderausstellung","datePublished":"2019-05-14T10:25:00+00:00","dateModified":"2021-12-07T04:02:30+00:00","mainEntityOfPage":{"@id":"https:\/\/moedlareuth.de\/auftakt-zum-jubilaeumsjahr-deutsch-deutsches-museum-moedlareuth-zeigt-sonderausstellung\/"},"wordCount":437,"publisher":{"@id":"https:\/\/moedlareuth.de\/preview\/#organization"},"image":{"@id":"https:\/\/moedlareuth.de\/auftakt-zum-jubilaeumsjahr-deutsch-deutsches-museum-moedlareuth-zeigt-sonderausstellung\/#primaryimage"},"thumbnailUrl":"https:\/\/www.moedlareuth.de\/wp-content\/uploads\/2019\/05\/MM-2019-05-13-015-e1557828789482.jpg","articleSection":["Aktuelles"],"inLanguage":"es"},{"@type":"WebPage","@id":"https:\/\/moedlareuth.de\/auftakt-zum-jubilaeumsjahr-deutsch-deutsches-museum-moedlareuth-zeigt-sonderausstellung\/","url":"https:\/\/moedlareuth.de\/auftakt-zum-jubilaeumsjahr-deutsch-deutsches-museum-moedlareuth-zeigt-sonderausstellung\/","name":"Auftakt zum Jubil\u00e4umsjahr: Deutsch-Deutsches Museum M\u00f6dlareuth zeigt Sonderausstellung - Deutsch-Deutsches Museum M\u00f6dlareuth","isPartOf":{"@id":"https:\/\/moedlareuth.de\/preview\/#website"},"primaryImageOfPage":{"@id":"https:\/\/moedlareuth.de\/auftakt-zum-jubilaeumsjahr-deutsch-deutsches-museum-moedlareuth-zeigt-sonderausstellung\/#primaryimage"},"image":{"@id":"https:\/\/moedlareuth.de\/auftakt-zum-jubilaeumsjahr-deutsch-deutsches-museum-moedlareuth-zeigt-sonderausstellung\/#primaryimage"},"thumbnailUrl":"https:\/\/www.moedlareuth.de\/wp-content\/uploads\/2019\/05\/MM-2019-05-13-015-e1557828789482.jpg","datePublished":"2019-05-14T10:25:00+00:00","dateModified":"2021-12-07T04:02:30+00:00","breadcrumb":{"@id":"https:\/\/moedlareuth.de\/auftakt-zum-jubilaeumsjahr-deutsch-deutsches-museum-moedlareuth-zeigt-sonderausstellung\/#breadcrumb"},"inLanguage":"es","potentialAction":[{"@type":"ReadAction","target":["https:\/\/moedlareuth.de\/auftakt-zum-jubilaeumsjahr-deutsch-deutsches-museum-moedlareuth-zeigt-sonderausstellung\/"]}]},{"@type":"ImageObject","inLanguage":"es","@id":"https:\/\/moedlareuth.de\/auftakt-zum-jubilaeumsjahr-deutsch-deutsches-museum-moedlareuth-zeigt-sonderausstellung\/#primaryimage","url":"https:\/\/www.moedlareuth.de\/wp-content\/uploads\/2019\/05\/MM-2019-05-13-015-e1557828789482.jpg","contentUrl":"https:\/\/www.moedlareuth.de\/wp-content\/uploads\/2019\/05\/MM-2019-05-13-015-e1557828789482.jpg","width":1400,"height":933,"caption":"MM 2019 05 13 015 e1557828789482"},{"@type":"BreadcrumbList","@id":"https:\/\/moedlareuth.de\/auftakt-zum-jubilaeumsjahr-deutsch-deutsches-museum-moedlareuth-zeigt-sonderausstellung\/#breadcrumb","itemListElement":[{"@type":"ListItem","position":1,"name":"Startseite","item":"https:\/\/www.moedlareuth.de\/"},{"@type":"ListItem","position":2,"name":"Auftakt zum Jubil\u00e4umsjahr: Deutsch-Deutsches Museum M\u00f6dlareuth zeigt Sonderausstellung"}]},{"@type":"WebSite","@id":"https:\/\/moedlareuth.de\/preview\/#website","url":"https:\/\/moedlareuth.de\/preview\/","name":"Deutsch-Deutsches Museum M\u00f6dlareuth","description":"Monumento a la divisi\u00f3n de Alemania","publisher":{"@id":"https:\/\/moedlareuth.de\/preview\/#organization"},"potentialAction":[{"@type":"SearchAction","target":{"@type":"EntryPoint","urlTemplate":"https:\/\/moedlareuth.de\/preview\/?s={search_term_string}"},"query-input":{"@type":"PropertyValueSpecification","valueRequired":true,"valueName":"search_term_string"}}],"inLanguage":"es"},{"@type":"Organization","@id":"https:\/\/moedlareuth.de\/preview\/#organization","name":"Deutsch-Deutsches Museum M\u00f6dlareuth","url":"https:\/\/moedlareuth.de\/preview\/","logo":{"@type":"ImageObject","inLanguage":"es","@id":"https:\/\/moedlareuth.de\/preview\/#\/schema\/logo\/image\/","url":"https:\/\/www.moedlareuth.de\/wp-content\/uploads\/2022\/02\/museum_moedlareuth_logo_hell_zusatz.svg","contentUrl":"https:\/\/www.moedlareuth.de\/wp-content\/uploads\/2022\/02\/museum_moedlareuth_logo_hell_zusatz.svg","width":255,"height":62,"caption":"Deutsch-Deutsches Museum M\u00f6dlareuth"},"image":{"@id":"https:\/\/moedlareuth.de\/preview\/#\/schema\/logo\/image\/"}},{"@type":"Person","@id":"https:\/\/moedlareuth.de\/preview\/#\/schema\/person\/9194619dfae57e8d77d645ad86c2ea4e","name":"ronald schricker","sameAs":["http:\/\/www.museum-www.moedlareuth.de"],"url":"https:\/\/www.moedlareuth.de\/es\/author\/rs-lra-hof\/"}]}},"_links":{"self":[{"href":"https:\/\/www.moedlareuth.de\/es\/wp-json\/wp\/v2\/posts\/1290","targetHints":{"allow":["GET"]}}],"collection":[{"href":"https:\/\/www.moedlareuth.de\/es\/wp-json\/wp\/v2\/posts"}],"about":[{"href":"https:\/\/www.moedlareuth.de\/es\/wp-json\/wp\/v2\/types\/post"}],"author":[{"embeddable":true,"href":"https:\/\/www.moedlareuth.de\/es\/wp-json\/wp\/v2\/users\/6"}],"replies":[{"embeddable":true,"href":"https:\/\/www.moedlareuth.de\/es\/wp-json\/wp\/v2\/comments?post=1290"}],"version-history":[{"count":0,"href":"https:\/\/www.moedlareuth.de\/es\/wp-json\/wp\/v2\/posts\/1290\/revisions"}],"wp:featuredmedia":[{"embeddable":true,"href":"https:\/\/www.moedlareuth.de\/es\/wp-json\/wp\/v2\/media\/1287"}],"wp:attachment":[{"href":"https:\/\/www.moedlareuth.de\/es\/wp-json\/wp\/v2\/media?parent=1290"}],"wp:term":[{"taxonomy":"category","embeddable":true,"href":"https:\/\/www.moedlareuth.de\/es\/wp-json\/wp\/v2\/categories?post=1290"},{"taxonomy":"post_tag","embeddable":true,"href":"https:\/\/www.moedlareuth.de\/es\/wp-json\/wp\/v2\/tags?post=1290"}],"curies":[{"name":"wp","href":"https:\/\/api.w.org\/{rel}","templated":true}]}}