{"id":12898,"date":"2023-12-06T14:55:55","date_gmt":"2023-12-06T13:55:55","guid":{"rendered":"https:\/\/www.moedlareuth.de\/?p=12898"},"modified":"2023-12-06T14:55:56","modified_gmt":"2023-12-06T13:55:56","slug":"zeitzeugen-berichten-von-ihren-grenzerfahrungen","status":"publish","type":"post","link":"https:\/\/www.moedlareuth.de\/es\/zeitzeugen-berichten-von-ihren-grenzerfahrungen\/","title":{"rendered":"Zeitzeugen berichten von ihren Grenzerfahrungen"},"content":{"rendered":"<p>Im Deutsch-Deutschen Museum M\u00f6dlareuth fand die dritte Staffel von Zeitzeugen-Interviews statt, die dieses Mal durch die Bundesstiftung zur Aufarbeitung der SED-Diktatur aus Spendenmitteln von Susanne Heimpel in H\u00f6he von 5.000 Euro gef\u00f6rdert wurden. In Zusammenarbeit mit FebruarFilm GmbH aus Berlin wurden 12 Zeitzeugen zu ihren Grenzerfahrungen, Erlebnissen und Erinnerungen insbesondere zu den Themenbereichen Flucht, Prager Botschaftsfl\u00fcchtlinge und Massendemonstrationen in Plauen befragt. Auch ehemalige Beamte der Bayerischen Grenzpolizei und damalige Angeh\u00f6rige der DDR-Grenztruppen stellten sich als Interviewpartner zur Verf\u00fcgung. \u201eDie filmische Aufzeichnung der biografischen Interviews dient auch der Sicherung des regionalen Ged\u00e4chtnisses zur deutschen Teilungsgeschichte in der bayerisch-s\u00e4chsisch-th\u00fcringischen Grenzregion\u201c, erkl\u00e4rt Museumsleiter Robert Lebegern. Zudem werden Ausschnitte aus den Interviews als Medienstationen in der Dauerausstellung im neuen Museumsgeb\u00e4ude zu sehen sein.<\/p>\n\n\n\n<figure class=\"wp-block-image size-large\"><a href=\"https:\/\/www.moedlareuth.de\/wp-content\/uploads\/2023\/12\/Zeitzeugeninterviews-Pressemitteilung02-scaled.jpg\"><img fetchpriority=\"high\" decoding=\"async\" width=\"1024\" height=\"768\" src=\"https:\/\/www.moedlareuth.de\/wp-content\/uploads\/2023\/12\/Zeitzeugeninterviews-Pressemitteilung02-1024x768.jpg\" alt=\"\" class=\"wp-image-12899\" srcset=\"https:\/\/www.moedlareuth.de\/wp-content\/uploads\/2023\/12\/Zeitzeugeninterviews-Pressemitteilung02-1024x768.jpg 1024w, https:\/\/www.moedlareuth.de\/wp-content\/uploads\/2023\/12\/Zeitzeugeninterviews-Pressemitteilung02-300x225.jpg 300w, https:\/\/www.moedlareuth.de\/wp-content\/uploads\/2023\/12\/Zeitzeugeninterviews-Pressemitteilung02-768x576.jpg 768w, https:\/\/www.moedlareuth.de\/wp-content\/uploads\/2023\/12\/Zeitzeugeninterviews-Pressemitteilung02-1536x1152.jpg 1536w, https:\/\/www.moedlareuth.de\/wp-content\/uploads\/2023\/12\/Zeitzeugeninterviews-Pressemitteilung02-2048x1536.jpg 2048w, https:\/\/www.moedlareuth.de\/wp-content\/uploads\/2023\/12\/Zeitzeugeninterviews-Pressemitteilung02-16x12.jpg 16w\" sizes=\"(max-width: 1024px) 100vw, 1024px\" \/><\/a><\/figure>\n\n\n\n<p>Das Foto zeigt von links nach rechts: Kameramann Luca Schliefer, Redakteur Fabio Mauro, Zeitzeuge Gerald Metke, der am 31. Oktober 1987 in der N\u00e4he von Blankenberg die DDR-Grenzsperranlagen \u00fcberwinden und nach Bayern fliehen konnte sowie Museumsleiter Robert Lebegern.<\/p>","protected":false},"excerpt":{"rendered":"<p>Im Deutsch-Deutschen Museum M\u00f6dlareuth fand die dritte Staffel von Zeitzeugen-Interviews statt, die dieses Mal durch die Bundesstiftung zur Aufarbeitung der SED-Diktatur aus Spendenmitteln von Susanne Heimpel in H\u00f6he von 5.000 Euro gef\u00f6rdert wurden. In Zusammenarbeit mit FebruarFilm GmbH aus Berlin wurden 12 Zeitzeugen zu ihren Grenzerfahrungen, Erlebnissen und Erinnerungen insbesondere zu den Themenbereichen Flucht, Prager&#8230;<\/p>","protected":false},"author":10,"featured_media":12899,"comment_status":"closed","ping_status":"closed","sticky":false,"template":"","format":"standard","meta":{"_acf_changed":false,"inline_featured_image":false,"_kad_post_transparent":"","_kad_post_title":"","_kad_post_layout":"","_kad_post_sidebar_id":"","_kad_post_content_style":"","_kad_post_vertical_padding":"","_kad_post_feature":"","_kad_post_feature_position":"","_kad_post_header":false,"_kad_post_footer":false,"_kad_post_classname":"","footnotes":""},"categories":[1],"tags":[],"class_list":["post-12898","post","type-post","status-publish","format-standard","has-post-thumbnail","hentry","category-aktuelles"],"acf":[],"yoast_head":"<!-- This site is optimized with the Yoast SEO plugin v27.5 - https:\/\/yoast.com\/product\/yoast-seo-wordpress\/ -->\n<title>Zeitzeugen berichten von ihren Grenzerfahrungen - Deutsch-Deutsches Museum M\u00f6dlareuth<\/title>\n<meta name=\"robots\" content=\"index, follow, max-snippet:-1, max-image-preview:large, max-video-preview:-1\" \/>\n<link rel=\"canonical\" href=\"https:\/\/www.moedlareuth.de\/es\/zeitzeugen-berichten-von-ihren-grenzerfahrungen\/\" \/>\n<meta property=\"og:locale\" content=\"es_ES\" \/>\n<meta property=\"og:type\" content=\"article\" \/>\n<meta property=\"og:title\" content=\"Zeitzeugen berichten von ihren Grenzerfahrungen - Deutsch-Deutsches Museum M\u00f6dlareuth\" \/>\n<meta property=\"og:description\" content=\"Im Deutsch-Deutschen Museum M\u00f6dlareuth fand die dritte Staffel von Zeitzeugen-Interviews statt, die dieses Mal durch die Bundesstiftung zur Aufarbeitung der SED-Diktatur aus Spendenmitteln von Susanne Heimpel in H\u00f6he von 5.000 Euro gef\u00f6rdert wurden. In Zusammenarbeit mit FebruarFilm GmbH aus Berlin wurden 12 Zeitzeugen zu ihren Grenzerfahrungen, Erlebnissen und Erinnerungen insbesondere zu den Themenbereichen Flucht, Prager...\" \/>\n<meta property=\"og:url\" content=\"https:\/\/www.moedlareuth.de\/es\/zeitzeugen-berichten-von-ihren-grenzerfahrungen\/\" \/>\n<meta property=\"og:site_name\" content=\"Deutsch-Deutsches Museum M\u00f6dlareuth\" \/>\n<meta property=\"article:published_time\" content=\"2023-12-06T13:55:55+00:00\" \/>\n<meta property=\"article:modified_time\" content=\"2023-12-06T13:55:56+00:00\" \/>\n<meta property=\"og:image\" content=\"https:\/\/www.moedlareuth.de\/wp-content\/uploads\/2023\/12\/Zeitzeugeninterviews-Pressemitteilung02-scaled.jpg\" \/>\n\t<meta property=\"og:image:width\" content=\"2560\" \/>\n\t<meta property=\"og:image:height\" content=\"1920\" \/>\n\t<meta property=\"og:image:type\" content=\"image\/jpeg\" \/>\n<meta name=\"author\" content=\"Susan Burger\" \/>\n<meta name=\"twitter:card\" content=\"summary_large_image\" \/>\n<meta name=\"twitter:label1\" content=\"Escrito por\" \/>\n\t<meta name=\"twitter:data1\" content=\"Susan Burger\" \/>\n\t<meta name=\"twitter:label2\" content=\"Tiempo de lectura\" \/>\n\t<meta name=\"twitter:data2\" content=\"2 minutos\" \/>\n<script type=\"application\/ld+json\" class=\"yoast-schema-graph\">{\"@context\":\"https:\\\/\\\/schema.org\",\"@graph\":[{\"@type\":\"Article\",\"@id\":\"https:\\\/\\\/www.moedlareuth.de\\\/zeitzeugen-berichten-von-ihren-grenzerfahrungen\\\/#article\",\"isPartOf\":{\"@id\":\"https:\\\/\\\/www.moedlareuth.de\\\/zeitzeugen-berichten-von-ihren-grenzerfahrungen\\\/\"},\"author\":{\"name\":\"Susan Burger\",\"@id\":\"https:\\\/\\\/moedlareuth.de\\\/preview\\\/#\\\/schema\\\/person\\\/42d95c7c900104834e45a22afe68e54d\"},\"headline\":\"Zeitzeugen berichten von ihren Grenzerfahrungen\",\"datePublished\":\"2023-12-06T13:55:55+00:00\",\"dateModified\":\"2023-12-06T13:55:56+00:00\",\"mainEntityOfPage\":{\"@id\":\"https:\\\/\\\/www.moedlareuth.de\\\/zeitzeugen-berichten-von-ihren-grenzerfahrungen\\\/\"},\"wordCount\":170,\"publisher\":{\"@id\":\"https:\\\/\\\/moedlareuth.de\\\/preview\\\/#organization\"},\"image\":{\"@id\":\"https:\\\/\\\/www.moedlareuth.de\\\/zeitzeugen-berichten-von-ihren-grenzerfahrungen\\\/#primaryimage\"},\"thumbnailUrl\":\"https:\\\/\\\/www.moedlareuth.de\\\/wp-content\\\/uploads\\\/2023\\\/12\\\/Zeitzeugeninterviews-Pressemitteilung02-scaled.jpg\",\"articleSection\":[\"Aktuelles\"],\"inLanguage\":\"es\"},{\"@type\":\"WebPage\",\"@id\":\"https:\\\/\\\/www.moedlareuth.de\\\/zeitzeugen-berichten-von-ihren-grenzerfahrungen\\\/\",\"url\":\"https:\\\/\\\/www.moedlareuth.de\\\/zeitzeugen-berichten-von-ihren-grenzerfahrungen\\\/\",\"name\":\"Zeitzeugen berichten von ihren Grenzerfahrungen - Deutsch-Deutsches Museum M\u00f6dlareuth\",\"isPartOf\":{\"@id\":\"https:\\\/\\\/moedlareuth.de\\\/preview\\\/#website\"},\"primaryImageOfPage\":{\"@id\":\"https:\\\/\\\/www.moedlareuth.de\\\/zeitzeugen-berichten-von-ihren-grenzerfahrungen\\\/#primaryimage\"},\"image\":{\"@id\":\"https:\\\/\\\/www.moedlareuth.de\\\/zeitzeugen-berichten-von-ihren-grenzerfahrungen\\\/#primaryimage\"},\"thumbnailUrl\":\"https:\\\/\\\/www.moedlareuth.de\\\/wp-content\\\/uploads\\\/2023\\\/12\\\/Zeitzeugeninterviews-Pressemitteilung02-scaled.jpg\",\"datePublished\":\"2023-12-06T13:55:55+00:00\",\"dateModified\":\"2023-12-06T13:55:56+00:00\",\"breadcrumb\":{\"@id\":\"https:\\\/\\\/www.moedlareuth.de\\\/zeitzeugen-berichten-von-ihren-grenzerfahrungen\\\/#breadcrumb\"},\"inLanguage\":\"es\",\"potentialAction\":[{\"@type\":\"ReadAction\",\"target\":[\"https:\\\/\\\/www.moedlareuth.de\\\/zeitzeugen-berichten-von-ihren-grenzerfahrungen\\\/\"]}]},{\"@type\":\"ImageObject\",\"inLanguage\":\"es\",\"@id\":\"https:\\\/\\\/www.moedlareuth.de\\\/zeitzeugen-berichten-von-ihren-grenzerfahrungen\\\/#primaryimage\",\"url\":\"https:\\\/\\\/www.moedlareuth.de\\\/wp-content\\\/uploads\\\/2023\\\/12\\\/Zeitzeugeninterviews-Pressemitteilung02-scaled.jpg\",\"contentUrl\":\"https:\\\/\\\/www.moedlareuth.de\\\/wp-content\\\/uploads\\\/2023\\\/12\\\/Zeitzeugeninterviews-Pressemitteilung02-scaled.jpg\",\"width\":2560,\"height\":1920},{\"@type\":\"BreadcrumbList\",\"@id\":\"https:\\\/\\\/www.moedlareuth.de\\\/zeitzeugen-berichten-von-ihren-grenzerfahrungen\\\/#breadcrumb\",\"itemListElement\":[{\"@type\":\"ListItem\",\"position\":1,\"name\":\"Startseite\",\"item\":\"https:\\\/\\\/www.moedlareuth.de\\\/\"},{\"@type\":\"ListItem\",\"position\":2,\"name\":\"Zeitzeugen berichten von ihren Grenzerfahrungen\"}]},{\"@type\":\"WebSite\",\"@id\":\"https:\\\/\\\/moedlareuth.de\\\/preview\\\/#website\",\"url\":\"https:\\\/\\\/moedlareuth.de\\\/preview\\\/\",\"name\":\"Deutsch-Deutsches Museum M\u00f6dlareuth\",\"description\":\"Gedenkst\u00e4tte zur deutschen Teilung\",\"publisher\":{\"@id\":\"https:\\\/\\\/moedlareuth.de\\\/preview\\\/#organization\"},\"potentialAction\":[{\"@type\":\"SearchAction\",\"target\":{\"@type\":\"EntryPoint\",\"urlTemplate\":\"https:\\\/\\\/moedlareuth.de\\\/preview\\\/?s={search_term_string}\"},\"query-input\":{\"@type\":\"PropertyValueSpecification\",\"valueRequired\":true,\"valueName\":\"search_term_string\"}}],\"inLanguage\":\"es\"},{\"@type\":\"Organization\",\"@id\":\"https:\\\/\\\/moedlareuth.de\\\/preview\\\/#organization\",\"name\":\"Deutsch-Deutsches Museum M\u00f6dlareuth\",\"url\":\"https:\\\/\\\/moedlareuth.de\\\/preview\\\/\",\"logo\":{\"@type\":\"ImageObject\",\"inLanguage\":\"es\",\"@id\":\"https:\\\/\\\/moedlareuth.de\\\/preview\\\/#\\\/schema\\\/logo\\\/image\\\/\",\"url\":\"https:\\\/\\\/www.moedlareuth.de\\\/wp-content\\\/uploads\\\/2022\\\/02\\\/museum_moedlareuth_logo_hell_zusatz.svg\",\"contentUrl\":\"https:\\\/\\\/www.moedlareuth.de\\\/wp-content\\\/uploads\\\/2022\\\/02\\\/museum_moedlareuth_logo_hell_zusatz.svg\",\"width\":255,\"height\":62,\"caption\":\"Deutsch-Deutsches Museum M\u00f6dlareuth\"},\"image\":{\"@id\":\"https:\\\/\\\/moedlareuth.de\\\/preview\\\/#\\\/schema\\\/logo\\\/image\\\/\"}},{\"@type\":\"Person\",\"@id\":\"https:\\\/\\\/moedlareuth.de\\\/preview\\\/#\\\/schema\\\/person\\\/42d95c7c900104834e45a22afe68e54d\",\"name\":\"Susan Burger\",\"url\":\"https:\\\/\\\/www.moedlareuth.de\\\/es\\\/author\\\/s-burger\\\/\"}]}<\/script>\n<!-- \/ Yoast SEO plugin. -->","yoast_head_json":{"title":"Zeitzeugen berichten von ihren Grenzerfahrungen - Deutsch-Deutsches Museum M\u00f6dlareuth","robots":{"index":"index","follow":"follow","max-snippet":"max-snippet:-1","max-image-preview":"max-image-preview:large","max-video-preview":"max-video-preview:-1"},"canonical":"https:\/\/www.moedlareuth.de\/es\/zeitzeugen-berichten-von-ihren-grenzerfahrungen\/","og_locale":"es_ES","og_type":"article","og_title":"Zeitzeugen berichten von ihren Grenzerfahrungen - Deutsch-Deutsches Museum M\u00f6dlareuth","og_description":"Im Deutsch-Deutschen Museum M\u00f6dlareuth fand die dritte Staffel von Zeitzeugen-Interviews statt, die dieses Mal durch die Bundesstiftung zur Aufarbeitung der SED-Diktatur aus Spendenmitteln von Susanne Heimpel in H\u00f6he von 5.000 Euro gef\u00f6rdert wurden. In Zusammenarbeit mit FebruarFilm GmbH aus Berlin wurden 12 Zeitzeugen zu ihren Grenzerfahrungen, Erlebnissen und Erinnerungen insbesondere zu den Themenbereichen Flucht, Prager...","og_url":"https:\/\/www.moedlareuth.de\/es\/zeitzeugen-berichten-von-ihren-grenzerfahrungen\/","og_site_name":"Deutsch-Deutsches Museum M\u00f6dlareuth","article_published_time":"2023-12-06T13:55:55+00:00","article_modified_time":"2023-12-06T13:55:56+00:00","og_image":[{"width":2560,"height":1920,"url":"https:\/\/www.moedlareuth.de\/wp-content\/uploads\/2023\/12\/Zeitzeugeninterviews-Pressemitteilung02-scaled.jpg","type":"image\/jpeg"}],"author":"Susan Burger","twitter_card":"summary_large_image","twitter_misc":{"Escrito por":"Susan Burger","Tiempo de lectura":"2 minutos"},"schema":{"@context":"https:\/\/schema.org","@graph":[{"@type":"Article","@id":"https:\/\/www.moedlareuth.de\/zeitzeugen-berichten-von-ihren-grenzerfahrungen\/#article","isPartOf":{"@id":"https:\/\/www.moedlareuth.de\/zeitzeugen-berichten-von-ihren-grenzerfahrungen\/"},"author":{"name":"Susan Burger","@id":"https:\/\/moedlareuth.de\/preview\/#\/schema\/person\/42d95c7c900104834e45a22afe68e54d"},"headline":"Zeitzeugen berichten von ihren Grenzerfahrungen","datePublished":"2023-12-06T13:55:55+00:00","dateModified":"2023-12-06T13:55:56+00:00","mainEntityOfPage":{"@id":"https:\/\/www.moedlareuth.de\/zeitzeugen-berichten-von-ihren-grenzerfahrungen\/"},"wordCount":170,"publisher":{"@id":"https:\/\/moedlareuth.de\/preview\/#organization"},"image":{"@id":"https:\/\/www.moedlareuth.de\/zeitzeugen-berichten-von-ihren-grenzerfahrungen\/#primaryimage"},"thumbnailUrl":"https:\/\/www.moedlareuth.de\/wp-content\/uploads\/2023\/12\/Zeitzeugeninterviews-Pressemitteilung02-scaled.jpg","articleSection":["Aktuelles"],"inLanguage":"es"},{"@type":"WebPage","@id":"https:\/\/www.moedlareuth.de\/zeitzeugen-berichten-von-ihren-grenzerfahrungen\/","url":"https:\/\/www.moedlareuth.de\/zeitzeugen-berichten-von-ihren-grenzerfahrungen\/","name":"Zeitzeugen berichten von ihren Grenzerfahrungen - Deutsch-Deutsches Museum M\u00f6dlareuth","isPartOf":{"@id":"https:\/\/moedlareuth.de\/preview\/#website"},"primaryImageOfPage":{"@id":"https:\/\/www.moedlareuth.de\/zeitzeugen-berichten-von-ihren-grenzerfahrungen\/#primaryimage"},"image":{"@id":"https:\/\/www.moedlareuth.de\/zeitzeugen-berichten-von-ihren-grenzerfahrungen\/#primaryimage"},"thumbnailUrl":"https:\/\/www.moedlareuth.de\/wp-content\/uploads\/2023\/12\/Zeitzeugeninterviews-Pressemitteilung02-scaled.jpg","datePublished":"2023-12-06T13:55:55+00:00","dateModified":"2023-12-06T13:55:56+00:00","breadcrumb":{"@id":"https:\/\/www.moedlareuth.de\/zeitzeugen-berichten-von-ihren-grenzerfahrungen\/#breadcrumb"},"inLanguage":"es","potentialAction":[{"@type":"ReadAction","target":["https:\/\/www.moedlareuth.de\/zeitzeugen-berichten-von-ihren-grenzerfahrungen\/"]}]},{"@type":"ImageObject","inLanguage":"es","@id":"https:\/\/www.moedlareuth.de\/zeitzeugen-berichten-von-ihren-grenzerfahrungen\/#primaryimage","url":"https:\/\/www.moedlareuth.de\/wp-content\/uploads\/2023\/12\/Zeitzeugeninterviews-Pressemitteilung02-scaled.jpg","contentUrl":"https:\/\/www.moedlareuth.de\/wp-content\/uploads\/2023\/12\/Zeitzeugeninterviews-Pressemitteilung02-scaled.jpg","width":2560,"height":1920},{"@type":"BreadcrumbList","@id":"https:\/\/www.moedlareuth.de\/zeitzeugen-berichten-von-ihren-grenzerfahrungen\/#breadcrumb","itemListElement":[{"@type":"ListItem","position":1,"name":"Startseite","item":"https:\/\/www.moedlareuth.de\/"},{"@type":"ListItem","position":2,"name":"Zeitzeugen berichten von ihren Grenzerfahrungen"}]},{"@type":"WebSite","@id":"https:\/\/moedlareuth.de\/preview\/#website","url":"https:\/\/moedlareuth.de\/preview\/","name":"Deutsch-Deutsches Museum M\u00f6dlareuth","description":"Monumento a la divisi\u00f3n de Alemania","publisher":{"@id":"https:\/\/moedlareuth.de\/preview\/#organization"},"potentialAction":[{"@type":"SearchAction","target":{"@type":"EntryPoint","urlTemplate":"https:\/\/moedlareuth.de\/preview\/?s={search_term_string}"},"query-input":{"@type":"PropertyValueSpecification","valueRequired":true,"valueName":"search_term_string"}}],"inLanguage":"es"},{"@type":"Organization","@id":"https:\/\/moedlareuth.de\/preview\/#organization","name":"Deutsch-Deutsches Museum M\u00f6dlareuth","url":"https:\/\/moedlareuth.de\/preview\/","logo":{"@type":"ImageObject","inLanguage":"es","@id":"https:\/\/moedlareuth.de\/preview\/#\/schema\/logo\/image\/","url":"https:\/\/www.moedlareuth.de\/wp-content\/uploads\/2022\/02\/museum_moedlareuth_logo_hell_zusatz.svg","contentUrl":"https:\/\/www.moedlareuth.de\/wp-content\/uploads\/2022\/02\/museum_moedlareuth_logo_hell_zusatz.svg","width":255,"height":62,"caption":"Deutsch-Deutsches Museum M\u00f6dlareuth"},"image":{"@id":"https:\/\/moedlareuth.de\/preview\/#\/schema\/logo\/image\/"}},{"@type":"Person","@id":"https:\/\/moedlareuth.de\/preview\/#\/schema\/person\/42d95c7c900104834e45a22afe68e54d","name":"Susan Burger","url":"https:\/\/www.moedlareuth.de\/es\/author\/s-burger\/"}]}},"_links":{"self":[{"href":"https:\/\/www.moedlareuth.de\/es\/wp-json\/wp\/v2\/posts\/12898","targetHints":{"allow":["GET"]}}],"collection":[{"href":"https:\/\/www.moedlareuth.de\/es\/wp-json\/wp\/v2\/posts"}],"about":[{"href":"https:\/\/www.moedlareuth.de\/es\/wp-json\/wp\/v2\/types\/post"}],"author":[{"embeddable":true,"href":"https:\/\/www.moedlareuth.de\/es\/wp-json\/wp\/v2\/users\/10"}],"replies":[{"embeddable":true,"href":"https:\/\/www.moedlareuth.de\/es\/wp-json\/wp\/v2\/comments?post=12898"}],"version-history":[{"count":1,"href":"https:\/\/www.moedlareuth.de\/es\/wp-json\/wp\/v2\/posts\/12898\/revisions"}],"predecessor-version":[{"id":12900,"href":"https:\/\/www.moedlareuth.de\/es\/wp-json\/wp\/v2\/posts\/12898\/revisions\/12900"}],"wp:featuredmedia":[{"embeddable":true,"href":"https:\/\/www.moedlareuth.de\/es\/wp-json\/wp\/v2\/media\/12899"}],"wp:attachment":[{"href":"https:\/\/www.moedlareuth.de\/es\/wp-json\/wp\/v2\/media?parent=12898"}],"wp:term":[{"taxonomy":"category","embeddable":true,"href":"https:\/\/www.moedlareuth.de\/es\/wp-json\/wp\/v2\/categories?post=12898"},{"taxonomy":"post_tag","embeddable":true,"href":"https:\/\/www.moedlareuth.de\/es\/wp-json\/wp\/v2\/tags?post=12898"}],"curies":[{"name":"wp","href":"https:\/\/api.w.org\/{rel}","templated":true}]}}