{"id":1283,"date":"2019-05-09T17:37:29","date_gmt":"2019-05-09T15:37:29","guid":{"rendered":"http:\/\/www.moedlareuth.de\/?p=1283"},"modified":"2021-12-07T05:02:30","modified_gmt":"2021-12-07T04:02:30","slug":"eroeffnung-der-sonderausstellung-voll-der-osten-leben-in-der-ddr","status":"publish","type":"post","link":"https:\/\/www.moedlareuth.de\/es\/eroeffnung-der-sonderausstellung-voll-der-osten-leben-in-der-ddr\/","title":{"rendered":"Er\u00f6ffnung der Sonderausstellung &#8222;Voll der Osten. Leben in der DDR&#8220;"},"content":{"rendered":"<p>Er\u00f6ffnung: Montag 13.05.2019 \/ 18.00 Uhr \/ Eintritt frei zur Ausstellungser\u00f6ffnung.<\/p>\n<p>Die Ausstellung ist vom 13.05.2019 &#8211; 15.09.2019 im Deutsch-Deutschen Museum M\u00f6dlareuth zu sehen.<\/p>\n<p>&nbsp;<\/p>\n<p><strong>\u201eVoll der Osten. Leben in der DDR\u201c<\/strong><\/p>\n<p>Die Bundesstiftung zur Aufarbeitung der SED-Diktatur und OSTKREUZ Agentur der Fotografen laden mit der Ausstellung \u201eVoll der Osten. Leben in der DDR\u201c zu einer Bilderreise in die Zeit der deutschen Teilung ein. Gezeigt wird eine ungeschminkte DDR-Realit\u00e4t insbesondere der 1980er Jahre, an die sich heute selbst Zeitzeugen kaum mehr erinnern.<\/p>\n<p>In den achtziger Jahren zog Harald Hauswald (geb. 1954 in Radebeul) durch Ost-Berlin und fotografierte, was ihm vor die Linse kam. Er knipste, was andere Fotografen \u00fcbersahen oder f\u00fcr uninteressant hielten: Kleine Szenen des Alltags, einsame und alte Menschen, verliebte junge P\u00e4rchen, Rocker, Hooligans und junge Leute, die sich in der Kirche f\u00fcr Frieden und Umweltschutz einsetzten. \u201eIm Mittelpunkt steht der Mensch\u201c hatte einer der Grunds\u00e4tze des Sozialistischen Realismus gelautet. Harald Hauswald verwirklichte diesen Anspruch auf seine ganz eigene Weise. Daf\u00fcr bekam er keinen staatlichen Kunstpreis, sondern \u00c4rger mit den SED-Beh\u00f6rden und der Stasi. Nat\u00fcrlich fotografierte Harald Hauswald auch verfallene Fassaden, verkommene Eckkneipen und Schlangen vor Lebensmittell\u00e4den.<\/p>\n<p>Die Texte der Ausstellung hat der Historiker und Buchautor Stefan Wolle (geb. 1950 in Halle\/Saale) verfasst, der wie der Fotograf Harald Hauswald in der DDR aufgewachsen ist.<\/p>\n<p>Die Ausstellung pr\u00e4sentiert auf 20 Tafeln \u00fcber 100 bekannte und unbekannte Fotos von Harald Hauswald. Dar\u00fcber hinaus wurden eigens 18 Videointerviews gedreht, in denen der Fotograf dar\u00fcber berichtet, wie und in welchem Kontext das jeweils zentrale Foto einer jeden Ausstellungstafel entstanden ist. Diese Videos k\u00f6nnen per QR-Code an den Info-Tafeln oder an den zwei Medienstationen in der Ausstellung abgerufen werden.<\/p>\n<p>&nbsp;<\/p>","protected":false},"excerpt":{"rendered":"<p>Er\u00f6ffnung: Montag 13.05.2019 \/ 18.00 Uhr \/ Eintritt frei zur Ausstellungser\u00f6ffnung. Die Ausstellung ist vom 13.05.2019 &#8211; 15.09.2019 im Deutsch-Deutschen Museum M\u00f6dlareuth zu sehen. &nbsp; \u201eVoll der Osten. Leben in der DDR\u201c Die Bundesstiftung zur Aufarbeitung der SED-Diktatur und OSTKREUZ Agentur der Fotografen laden mit der Ausstellung \u201eVoll der Osten. Leben in der DDR\u201c zu&#8230;<\/p>","protected":false},"author":6,"featured_media":1282,"comment_status":"closed","ping_status":"closed","sticky":false,"template":"","format":"standard","meta":{"_acf_changed":false,"inline_featured_image":false,"_kad_post_transparent":"","_kad_post_title":"","_kad_post_layout":"","_kad_post_sidebar_id":"","_kad_post_content_style":"","_kad_post_vertical_padding":"","_kad_post_feature":"","_kad_post_feature_position":"","_kad_post_header":false,"_kad_post_footer":false,"_kad_post_classname":"","footnotes":""},"categories":[1],"tags":[],"class_list":["post-1283","post","type-post","status-publish","format-standard","has-post-thumbnail","hentry","category-aktuelles"],"acf":[],"yoast_head":"<!-- This site is optimized with the Yoast SEO plugin v27.5 - https:\/\/yoast.com\/product\/yoast-seo-wordpress\/ -->\n<title>Er\u00f6ffnung der Sonderausstellung &quot;Voll der Osten. Leben in der DDR&quot; - Deutsch-Deutsches Museum M\u00f6dlareuth<\/title>\n<meta name=\"robots\" content=\"index, follow, max-snippet:-1, max-image-preview:large, max-video-preview:-1\" \/>\n<link rel=\"canonical\" href=\"https:\/\/moedlareuth.de\/eroeffnung-der-sonderausstellung-voll-der-osten-leben-in-der-ddr\/\" \/>\n<meta property=\"og:locale\" content=\"es_ES\" \/>\n<meta property=\"og:type\" content=\"article\" \/>\n<meta property=\"og:title\" content=\"Er\u00f6ffnung der Sonderausstellung &quot;Voll der Osten. Leben in der DDR&quot; - Deutsch-Deutsches Museum M\u00f6dlareuth\" \/>\n<meta property=\"og:description\" content=\"Er\u00f6ffnung: Montag 13.05.2019 \/ 18.00 Uhr \/ Eintritt frei zur Ausstellungser\u00f6ffnung. Die Ausstellung ist vom 13.05.2019 &#8211; 15.09.2019 im Deutsch-Deutschen Museum M\u00f6dlareuth zu sehen. &nbsp; \u201eVoll der Osten. Leben in der DDR\u201c Die Bundesstiftung zur Aufarbeitung der SED-Diktatur und OSTKREUZ Agentur der Fotografen laden mit der Ausstellung \u201eVoll der Osten. Leben in der DDR\u201c zu...\" \/>\n<meta property=\"og:url\" content=\"https:\/\/moedlareuth.de\/eroeffnung-der-sonderausstellung-voll-der-osten-leben-in-der-ddr\/\" \/>\n<meta property=\"og:site_name\" content=\"Deutsch-Deutsches Museum M\u00f6dlareuth\" \/>\n<meta property=\"article:published_time\" content=\"2019-05-09T15:37:29+00:00\" \/>\n<meta property=\"article:modified_time\" content=\"2021-12-07T04:02:30+00:00\" \/>\n<meta property=\"og:image\" content=\"https:\/\/moedlareuth.de\/preview\/wp-content\/uploads\/2019\/05\/voll-der-osten_ankuendigungsplakat_ohne-anschnitt_171205-e1557415916454.jpg\" \/>\n\t<meta property=\"og:image:width\" content=\"997\" \/>\n\t<meta property=\"og:image:height\" content=\"1400\" \/>\n\t<meta property=\"og:image:type\" content=\"image\/jpeg\" \/>\n<meta name=\"author\" content=\"Ronald Schricker\" \/>\n<meta name=\"twitter:card\" content=\"summary_large_image\" \/>\n<meta name=\"twitter:label1\" content=\"Escrito por\" \/>\n\t<meta name=\"twitter:data1\" content=\"Ronald Schricker\" \/>\n\t<meta name=\"twitter:label2\" content=\"Tiempo de lectura\" \/>\n\t<meta name=\"twitter:data2\" content=\"1 minuto\" \/>\n<script type=\"application\/ld+json\" class=\"yoast-schema-graph\">{\"@context\":\"https:\\\/\\\/schema.org\",\"@graph\":[{\"@type\":\"Article\",\"@id\":\"https:\\\/\\\/moedlareuth.de\\\/eroeffnung-der-sonderausstellung-voll-der-osten-leben-in-der-ddr\\\/#article\",\"isPartOf\":{\"@id\":\"https:\\\/\\\/moedlareuth.de\\\/eroeffnung-der-sonderausstellung-voll-der-osten-leben-in-der-ddr\\\/\"},\"author\":{\"name\":\"Ronald Schricker\",\"@id\":\"https:\\\/\\\/moedlareuth.de\\\/preview\\\/#\\\/schema\\\/person\\\/9194619dfae57e8d77d645ad86c2ea4e\"},\"headline\":\"Er\u00f6ffnung der Sonderausstellung &#8222;Voll der Osten. Leben in der DDR&#8220;\",\"datePublished\":\"2019-05-09T15:37:29+00:00\",\"dateModified\":\"2021-12-07T04:02:30+00:00\",\"mainEntityOfPage\":{\"@id\":\"https:\\\/\\\/moedlareuth.de\\\/eroeffnung-der-sonderausstellung-voll-der-osten-leben-in-der-ddr\\\/\"},\"wordCount\":294,\"publisher\":{\"@id\":\"https:\\\/\\\/moedlareuth.de\\\/preview\\\/#organization\"},\"image\":{\"@id\":\"https:\\\/\\\/moedlareuth.de\\\/eroeffnung-der-sonderausstellung-voll-der-osten-leben-in-der-ddr\\\/#primaryimage\"},\"thumbnailUrl\":\"https:\\\/\\\/www.moedlareuth.de\\\/wp-content\\\/uploads\\\/2019\\\/05\\\/voll-der-osten_ankuendigungsplakat_ohne-anschnitt_171205-e1557415916454.jpg\",\"articleSection\":[\"Aktuelles\"],\"inLanguage\":\"es\"},{\"@type\":\"WebPage\",\"@id\":\"https:\\\/\\\/moedlareuth.de\\\/eroeffnung-der-sonderausstellung-voll-der-osten-leben-in-der-ddr\\\/\",\"url\":\"https:\\\/\\\/moedlareuth.de\\\/eroeffnung-der-sonderausstellung-voll-der-osten-leben-in-der-ddr\\\/\",\"name\":\"Er\u00f6ffnung der Sonderausstellung \\\"Voll der Osten. Leben in der DDR\\\" - Deutsch-Deutsches Museum M\u00f6dlareuth\",\"isPartOf\":{\"@id\":\"https:\\\/\\\/moedlareuth.de\\\/preview\\\/#website\"},\"primaryImageOfPage\":{\"@id\":\"https:\\\/\\\/moedlareuth.de\\\/eroeffnung-der-sonderausstellung-voll-der-osten-leben-in-der-ddr\\\/#primaryimage\"},\"image\":{\"@id\":\"https:\\\/\\\/moedlareuth.de\\\/eroeffnung-der-sonderausstellung-voll-der-osten-leben-in-der-ddr\\\/#primaryimage\"},\"thumbnailUrl\":\"https:\\\/\\\/www.moedlareuth.de\\\/wp-content\\\/uploads\\\/2019\\\/05\\\/voll-der-osten_ankuendigungsplakat_ohne-anschnitt_171205-e1557415916454.jpg\",\"datePublished\":\"2019-05-09T15:37:29+00:00\",\"dateModified\":\"2021-12-07T04:02:30+00:00\",\"breadcrumb\":{\"@id\":\"https:\\\/\\\/moedlareuth.de\\\/eroeffnung-der-sonderausstellung-voll-der-osten-leben-in-der-ddr\\\/#breadcrumb\"},\"inLanguage\":\"es\",\"potentialAction\":[{\"@type\":\"ReadAction\",\"target\":[\"https:\\\/\\\/moedlareuth.de\\\/eroeffnung-der-sonderausstellung-voll-der-osten-leben-in-der-ddr\\\/\"]}]},{\"@type\":\"ImageObject\",\"inLanguage\":\"es\",\"@id\":\"https:\\\/\\\/moedlareuth.de\\\/eroeffnung-der-sonderausstellung-voll-der-osten-leben-in-der-ddr\\\/#primaryimage\",\"url\":\"https:\\\/\\\/www.moedlareuth.de\\\/wp-content\\\/uploads\\\/2019\\\/05\\\/voll-der-osten_ankuendigungsplakat_ohne-anschnitt_171205-e1557415916454.jpg\",\"contentUrl\":\"https:\\\/\\\/www.moedlareuth.de\\\/wp-content\\\/uploads\\\/2019\\\/05\\\/voll-der-osten_ankuendigungsplakat_ohne-anschnitt_171205-e1557415916454.jpg\",\"width\":997,\"height\":1400,\"caption\":\"voll der osten ankuendigungsplakat ohne anschnitt 171205 e1557415916454\"},{\"@type\":\"BreadcrumbList\",\"@id\":\"https:\\\/\\\/moedlareuth.de\\\/eroeffnung-der-sonderausstellung-voll-der-osten-leben-in-der-ddr\\\/#breadcrumb\",\"itemListElement\":[{\"@type\":\"ListItem\",\"position\":1,\"name\":\"Startseite\",\"item\":\"https:\\\/\\\/www.moedlareuth.de\\\/\"},{\"@type\":\"ListItem\",\"position\":2,\"name\":\"Er\u00f6ffnung der Sonderausstellung &#8222;Voll der Osten. Leben in der DDR&#8220;\"}]},{\"@type\":\"WebSite\",\"@id\":\"https:\\\/\\\/moedlareuth.de\\\/preview\\\/#website\",\"url\":\"https:\\\/\\\/moedlareuth.de\\\/preview\\\/\",\"name\":\"Deutsch-Deutsches Museum M\u00f6dlareuth\",\"description\":\"Gedenkst\u00e4tte zur deutschen Teilung\",\"publisher\":{\"@id\":\"https:\\\/\\\/moedlareuth.de\\\/preview\\\/#organization\"},\"potentialAction\":[{\"@type\":\"SearchAction\",\"target\":{\"@type\":\"EntryPoint\",\"urlTemplate\":\"https:\\\/\\\/moedlareuth.de\\\/preview\\\/?s={search_term_string}\"},\"query-input\":{\"@type\":\"PropertyValueSpecification\",\"valueRequired\":true,\"valueName\":\"search_term_string\"}}],\"inLanguage\":\"es\"},{\"@type\":\"Organization\",\"@id\":\"https:\\\/\\\/moedlareuth.de\\\/preview\\\/#organization\",\"name\":\"Deutsch-Deutsches Museum M\u00f6dlareuth\",\"url\":\"https:\\\/\\\/moedlareuth.de\\\/preview\\\/\",\"logo\":{\"@type\":\"ImageObject\",\"inLanguage\":\"es\",\"@id\":\"https:\\\/\\\/moedlareuth.de\\\/preview\\\/#\\\/schema\\\/logo\\\/image\\\/\",\"url\":\"https:\\\/\\\/www.moedlareuth.de\\\/wp-content\\\/uploads\\\/2022\\\/02\\\/museum_moedlareuth_logo_hell_zusatz.svg\",\"contentUrl\":\"https:\\\/\\\/www.moedlareuth.de\\\/wp-content\\\/uploads\\\/2022\\\/02\\\/museum_moedlareuth_logo_hell_zusatz.svg\",\"width\":255,\"height\":62,\"caption\":\"Deutsch-Deutsches Museum M\u00f6dlareuth\"},\"image\":{\"@id\":\"https:\\\/\\\/moedlareuth.de\\\/preview\\\/#\\\/schema\\\/logo\\\/image\\\/\"}},{\"@type\":\"Person\",\"@id\":\"https:\\\/\\\/moedlareuth.de\\\/preview\\\/#\\\/schema\\\/person\\\/9194619dfae57e8d77d645ad86c2ea4e\",\"name\":\"Ronald Schricker\",\"sameAs\":[\"http:\\\/\\\/www.museum-www.moedlareuth.de\"],\"url\":\"https:\\\/\\\/www.moedlareuth.de\\\/es\\\/author\\\/rs-lra-hof\\\/\"}]}<\/script>\n<!-- \/ Yoast SEO plugin. -->","yoast_head_json":{"title":"Er\u00f6ffnung der Sonderausstellung \"Voll der Osten. Leben in der DDR\" - Deutsch-Deutsches Museum M\u00f6dlareuth","robots":{"index":"index","follow":"follow","max-snippet":"max-snippet:-1","max-image-preview":"max-image-preview:large","max-video-preview":"max-video-preview:-1"},"canonical":"https:\/\/moedlareuth.de\/eroeffnung-der-sonderausstellung-voll-der-osten-leben-in-der-ddr\/","og_locale":"es_ES","og_type":"article","og_title":"Er\u00f6ffnung der Sonderausstellung \"Voll der Osten. Leben in der DDR\" - Deutsch-Deutsches Museum M\u00f6dlareuth","og_description":"Er\u00f6ffnung: Montag 13.05.2019 \/ 18.00 Uhr \/ Eintritt frei zur Ausstellungser\u00f6ffnung. Die Ausstellung ist vom 13.05.2019 &#8211; 15.09.2019 im Deutsch-Deutschen Museum M\u00f6dlareuth zu sehen. &nbsp; \u201eVoll der Osten. Leben in der DDR\u201c Die Bundesstiftung zur Aufarbeitung der SED-Diktatur und OSTKREUZ Agentur der Fotografen laden mit der Ausstellung \u201eVoll der Osten. Leben in der DDR\u201c zu...","og_url":"https:\/\/moedlareuth.de\/eroeffnung-der-sonderausstellung-voll-der-osten-leben-in-der-ddr\/","og_site_name":"Deutsch-Deutsches Museum M\u00f6dlareuth","article_published_time":"2019-05-09T15:37:29+00:00","article_modified_time":"2021-12-07T04:02:30+00:00","og_image":[{"width":997,"height":1400,"url":"https:\/\/moedlareuth.de\/preview\/wp-content\/uploads\/2019\/05\/voll-der-osten_ankuendigungsplakat_ohne-anschnitt_171205-e1557415916454.jpg","type":"image\/jpeg"}],"author":"Ronald Schricker","twitter_card":"summary_large_image","twitter_misc":{"Escrito por":"Ronald Schricker","Tiempo de lectura":"1 minuto"},"schema":{"@context":"https:\/\/schema.org","@graph":[{"@type":"Article","@id":"https:\/\/moedlareuth.de\/eroeffnung-der-sonderausstellung-voll-der-osten-leben-in-der-ddr\/#article","isPartOf":{"@id":"https:\/\/moedlareuth.de\/eroeffnung-der-sonderausstellung-voll-der-osten-leben-in-der-ddr\/"},"author":{"name":"Ronald Schricker","@id":"https:\/\/moedlareuth.de\/preview\/#\/schema\/person\/9194619dfae57e8d77d645ad86c2ea4e"},"headline":"Er\u00f6ffnung der Sonderausstellung &#8222;Voll der Osten. Leben in der DDR&#8220;","datePublished":"2019-05-09T15:37:29+00:00","dateModified":"2021-12-07T04:02:30+00:00","mainEntityOfPage":{"@id":"https:\/\/moedlareuth.de\/eroeffnung-der-sonderausstellung-voll-der-osten-leben-in-der-ddr\/"},"wordCount":294,"publisher":{"@id":"https:\/\/moedlareuth.de\/preview\/#organization"},"image":{"@id":"https:\/\/moedlareuth.de\/eroeffnung-der-sonderausstellung-voll-der-osten-leben-in-der-ddr\/#primaryimage"},"thumbnailUrl":"https:\/\/www.moedlareuth.de\/wp-content\/uploads\/2019\/05\/voll-der-osten_ankuendigungsplakat_ohne-anschnitt_171205-e1557415916454.jpg","articleSection":["Aktuelles"],"inLanguage":"es"},{"@type":"WebPage","@id":"https:\/\/moedlareuth.de\/eroeffnung-der-sonderausstellung-voll-der-osten-leben-in-der-ddr\/","url":"https:\/\/moedlareuth.de\/eroeffnung-der-sonderausstellung-voll-der-osten-leben-in-der-ddr\/","name":"Er\u00f6ffnung der Sonderausstellung \"Voll der Osten. Leben in der DDR\" - Deutsch-Deutsches Museum M\u00f6dlareuth","isPartOf":{"@id":"https:\/\/moedlareuth.de\/preview\/#website"},"primaryImageOfPage":{"@id":"https:\/\/moedlareuth.de\/eroeffnung-der-sonderausstellung-voll-der-osten-leben-in-der-ddr\/#primaryimage"},"image":{"@id":"https:\/\/moedlareuth.de\/eroeffnung-der-sonderausstellung-voll-der-osten-leben-in-der-ddr\/#primaryimage"},"thumbnailUrl":"https:\/\/www.moedlareuth.de\/wp-content\/uploads\/2019\/05\/voll-der-osten_ankuendigungsplakat_ohne-anschnitt_171205-e1557415916454.jpg","datePublished":"2019-05-09T15:37:29+00:00","dateModified":"2021-12-07T04:02:30+00:00","breadcrumb":{"@id":"https:\/\/moedlareuth.de\/eroeffnung-der-sonderausstellung-voll-der-osten-leben-in-der-ddr\/#breadcrumb"},"inLanguage":"es","potentialAction":[{"@type":"ReadAction","target":["https:\/\/moedlareuth.de\/eroeffnung-der-sonderausstellung-voll-der-osten-leben-in-der-ddr\/"]}]},{"@type":"ImageObject","inLanguage":"es","@id":"https:\/\/moedlareuth.de\/eroeffnung-der-sonderausstellung-voll-der-osten-leben-in-der-ddr\/#primaryimage","url":"https:\/\/www.moedlareuth.de\/wp-content\/uploads\/2019\/05\/voll-der-osten_ankuendigungsplakat_ohne-anschnitt_171205-e1557415916454.jpg","contentUrl":"https:\/\/www.moedlareuth.de\/wp-content\/uploads\/2019\/05\/voll-der-osten_ankuendigungsplakat_ohne-anschnitt_171205-e1557415916454.jpg","width":997,"height":1400,"caption":"voll der osten ankuendigungsplakat ohne anschnitt 171205 e1557415916454"},{"@type":"BreadcrumbList","@id":"https:\/\/moedlareuth.de\/eroeffnung-der-sonderausstellung-voll-der-osten-leben-in-der-ddr\/#breadcrumb","itemListElement":[{"@type":"ListItem","position":1,"name":"Startseite","item":"https:\/\/www.moedlareuth.de\/"},{"@type":"ListItem","position":2,"name":"Er\u00f6ffnung der Sonderausstellung &#8222;Voll der Osten. Leben in der DDR&#8220;"}]},{"@type":"WebSite","@id":"https:\/\/moedlareuth.de\/preview\/#website","url":"https:\/\/moedlareuth.de\/preview\/","name":"Deutsch-Deutsches Museum M\u00f6dlareuth","description":"Monumento a la divisi\u00f3n de Alemania","publisher":{"@id":"https:\/\/moedlareuth.de\/preview\/#organization"},"potentialAction":[{"@type":"SearchAction","target":{"@type":"EntryPoint","urlTemplate":"https:\/\/moedlareuth.de\/preview\/?s={search_term_string}"},"query-input":{"@type":"PropertyValueSpecification","valueRequired":true,"valueName":"search_term_string"}}],"inLanguage":"es"},{"@type":"Organization","@id":"https:\/\/moedlareuth.de\/preview\/#organization","name":"Deutsch-Deutsches Museum M\u00f6dlareuth","url":"https:\/\/moedlareuth.de\/preview\/","logo":{"@type":"ImageObject","inLanguage":"es","@id":"https:\/\/moedlareuth.de\/preview\/#\/schema\/logo\/image\/","url":"https:\/\/www.moedlareuth.de\/wp-content\/uploads\/2022\/02\/museum_moedlareuth_logo_hell_zusatz.svg","contentUrl":"https:\/\/www.moedlareuth.de\/wp-content\/uploads\/2022\/02\/museum_moedlareuth_logo_hell_zusatz.svg","width":255,"height":62,"caption":"Deutsch-Deutsches Museum M\u00f6dlareuth"},"image":{"@id":"https:\/\/moedlareuth.de\/preview\/#\/schema\/logo\/image\/"}},{"@type":"Person","@id":"https:\/\/moedlareuth.de\/preview\/#\/schema\/person\/9194619dfae57e8d77d645ad86c2ea4e","name":"ronald schricker","sameAs":["http:\/\/www.museum-www.moedlareuth.de"],"url":"https:\/\/www.moedlareuth.de\/es\/author\/rs-lra-hof\/"}]}},"_links":{"self":[{"href":"https:\/\/www.moedlareuth.de\/es\/wp-json\/wp\/v2\/posts\/1283","targetHints":{"allow":["GET"]}}],"collection":[{"href":"https:\/\/www.moedlareuth.de\/es\/wp-json\/wp\/v2\/posts"}],"about":[{"href":"https:\/\/www.moedlareuth.de\/es\/wp-json\/wp\/v2\/types\/post"}],"author":[{"embeddable":true,"href":"https:\/\/www.moedlareuth.de\/es\/wp-json\/wp\/v2\/users\/6"}],"replies":[{"embeddable":true,"href":"https:\/\/www.moedlareuth.de\/es\/wp-json\/wp\/v2\/comments?post=1283"}],"version-history":[{"count":0,"href":"https:\/\/www.moedlareuth.de\/es\/wp-json\/wp\/v2\/posts\/1283\/revisions"}],"wp:featuredmedia":[{"embeddable":true,"href":"https:\/\/www.moedlareuth.de\/es\/wp-json\/wp\/v2\/media\/1282"}],"wp:attachment":[{"href":"https:\/\/www.moedlareuth.de\/es\/wp-json\/wp\/v2\/media?parent=1283"}],"wp:term":[{"taxonomy":"category","embeddable":true,"href":"https:\/\/www.moedlareuth.de\/es\/wp-json\/wp\/v2\/categories?post=1283"},{"taxonomy":"post_tag","embeddable":true,"href":"https:\/\/www.moedlareuth.de\/es\/wp-json\/wp\/v2\/tags?post=1283"}],"curies":[{"name":"wp","href":"https:\/\/api.w.org\/{rel}","templated":true}]}}