{"id":12548,"date":"2023-03-15T13:14:47","date_gmt":"2023-03-15T12:14:47","guid":{"rendered":"https:\/\/www.moedlareuth.de\/?p=12548"},"modified":"2023-03-29T16:22:32","modified_gmt":"2023-03-29T14:22:32","slug":"zweckverband-beruft-neues-mitglied-in-den-wissenschaftlichen-beirat-des-deutsch-deutschen-museums-moedlareuth","status":"publish","type":"post","link":"https:\/\/www.moedlareuth.de\/es\/zweckverband-beruft-neues-mitglied-in-den-wissenschaftlichen-beirat-des-deutsch-deutschen-museums-moedlareuth\/","title":{"rendered":"Zweckverband beruft neues Mitglied in den wissenschaftlichen Beirat des Deutsch-Deutschen Museums M\u00f6dlareuth"},"content":{"rendered":"<p><\/p>\n\n\n\n<p>Der wissenschaftliche Beirat des Deutsch-Deutschen Museums hat ein neues Mitglied. In der j\u00fcngsten Sitzung vom 13.03.2023 haben die Mitglieder des Zweckverbandes Dr. Markus Pieper einstimmig in das Gremium berufen. Er vertritt ab sofort die Stiftung S\u00e4chsische Gedenkst\u00e4tten. Dr. Pieper ist seit September 2021 Gesch\u00e4ftsf\u00fchrer der Stiftung, zuvor war er Leiter des Arbeitsbereichs Gedenkst\u00e4tten und Erinnerungskultur bei der Bundesstiftung zur Aufarbeitung der SED-Diktatur in Berlin.<\/p>\n\n\n\n<p>Der bisherige Vertreter der Stiftung war schon seit geraumer Zeit nicht mehr f\u00fcr die Stiftung t\u00e4tig und stand somit auch dem Museumsbeirat nicht mehr zur Verf\u00fcgung. Auf Nachfrage des Zweckverbandes hatte Dr. Pieper im Vorfeld seine Bereitschaft signalisiert, k\u00fcnftig seine Expertise einzubringen.<\/p>\n\n\n\n<p>Der wissenschaftliche Beirat des Deutsch-Deutschen Museums M\u00f6dlareuth besteht aus zehn Mitgliedern. Neben dem Vorsitzenden Landrat Dr. Oliver B\u00e4r geh\u00f6ren dem Beirat ein Vertreter der Bayerischen Landestelle f\u00fcr nichtstaatliche Museen, ein Vertreter des Th\u00fcringischen Museumsverbandes, ein Vertreter der Stiftung S\u00e4chsische Gedenkst\u00e4tten, der Bezirksheimatpfleger des Bezirkes Oberfranken und je ein Vertreter einer th\u00fcringischen und einer s\u00e4chsischen Universit\u00e4t sowie drei weitere fachkundige Personen an. <\/p>\n\n\n\n<p>Das Gremium ber\u00e4t den Zweckverband in allen wissenschaftlichen Fragen. Aktuelle Themen sind beispielsweise die umfangreiche Museumserweiterung mit dem Konzept f\u00fcr die Dauerausstellung im neuen Museumsgeb\u00e4ude. Hier arbeiten die Mitglieder des Beirates in einer Arbeitsgruppe mit weiteren Experten unter Leitung der Bayerischen Landeszentrale f\u00fcr politische Bildung zusammen. Im Anschluss an die Sitzung informierten sich die Verbandsr\u00e4te \u00fcber den aktuellen Baufortschritt auf dem Freigel\u00e4nde des Museums und nahmen die neuen Infostelen in Augenschein.<\/p>\n\n\n\n<figure class=\"wp-block-image size-large\"><a href=\"https:\/\/www.moedlareuth.de\/wp-content\/uploads\/2023\/03\/20230313_111223-ba.jpg\"><img fetchpriority=\"high\" decoding=\"async\" width=\"1024\" height=\"595\" src=\"https:\/\/www.moedlareuth.de\/wp-content\/uploads\/2023\/03\/20230313_111223-ba-1024x595.jpg\" alt=\"\" class=\"wp-image-12549\" srcset=\"https:\/\/www.moedlareuth.de\/wp-content\/uploads\/2023\/03\/20230313_111223-ba-1024x595.jpg 1024w, https:\/\/www.moedlareuth.de\/wp-content\/uploads\/2023\/03\/20230313_111223-ba-300x174.jpg 300w, https:\/\/www.moedlareuth.de\/wp-content\/uploads\/2023\/03\/20230313_111223-ba-768x446.jpg 768w, https:\/\/www.moedlareuth.de\/wp-content\/uploads\/2023\/03\/20230313_111223-ba-1536x893.jpg 1536w, https:\/\/www.moedlareuth.de\/wp-content\/uploads\/2023\/03\/20230313_111223-ba-18x10.jpg 18w, https:\/\/www.moedlareuth.de\/wp-content\/uploads\/2023\/03\/20230313_111223-ba.jpg 1566w\" sizes=\"(max-width: 1024px) 100vw, 1024px\" \/><\/a><figcaption class=\"wp-element-caption\">v.l.n.r.: Hermann Seiferth (Landratsamt Hof), Maximilian Loos (Projektsteuerungsb\u00fcro Drees &amp; Sommer, N\u00fcrnberg), Verbandsrat Arnold Friedrich, Museumsleiter Robert Lebegern, Verbandsvorsitzender Landrat Dr. Oliver B\u00e4r, Verbandsrat Bert Horn (verdeckt Verbandsrat Jonas Chudasch) und Verbandsrat Volker Bachmann.<\/figcaption><\/figure>\n\n\n\n<figure class=\"wp-block-image size-large is-resized\"><a href=\"https:\/\/www.moedlareuth.de\/wp-content\/uploads\/2023\/03\/DrMarkusPieper-Foto-SMKT.jpg\"><img decoding=\"async\" src=\"https:\/\/www.moedlareuth.de\/wp-content\/uploads\/2023\/03\/DrMarkusPieper-Foto-SMKT-682x1024.jpg\" alt=\"\" class=\"wp-image-12551\" width=\"295\" height=\"441\" srcset=\"https:\/\/www.moedlareuth.de\/wp-content\/uploads\/2023\/03\/DrMarkusPieper-Foto-SMKT-200x300.jpg 200w, https:\/\/www.moedlareuth.de\/wp-content\/uploads\/2023\/03\/DrMarkusPieper-Foto-SMKT-8x12.jpg 8w\" sizes=\"(max-width: 295px) 100vw, 295px\" \/><\/a><figcaption class=\"wp-element-caption\">Dr. Markus Pieper \u00a9 S\u00e4chsische Staatsministerium f\u00fcr Kultur und Tourismus<\/figcaption><\/figure>\n\n\n\n<p>Das Titelfoto zeigt v.l.n.r.: Hermann Seiferth vom Landratsamt Hof, Verbandsrat Volker Bachmann, Verbandsvorsitzender Landrat Dr. Oliver B\u00e4r, Verbandsr\u00e4te Bert Horn, Jonas Chudasch und Arnold Friedrich, Museumsleiter Robert Lebegern und stv. Verbandsvorsitzender Landrat Thomas F\u00fcgmann.<\/p>","protected":false},"excerpt":{"rendered":"<p>Der wissenschaftliche Beirat des Deutsch-Deutschen Museums hat ein neues Mitglied. In der j\u00fcngsten Sitzung vom 13.03.2023 haben die Mitglieder des Zweckverbandes Dr. Markus Pieper einstimmig in das Gremium berufen. Er vertritt ab sofort die Stiftung S\u00e4chsische Gedenkst\u00e4tten. Dr. Pieper ist seit September 2021 Gesch\u00e4ftsf\u00fchrer der Stiftung, zuvor war er Leiter des Arbeitsbereichs Gedenkst\u00e4tten und Erinnerungskultur&#8230;<\/p>","protected":false},"author":10,"featured_media":12550,"comment_status":"closed","ping_status":"closed","sticky":false,"template":"","format":"standard","meta":{"_acf_changed":false,"inline_featured_image":false,"_kad_post_transparent":"","_kad_post_title":"","_kad_post_layout":"","_kad_post_sidebar_id":"","_kad_post_content_style":"","_kad_post_vertical_padding":"","_kad_post_feature":"","_kad_post_feature_position":"","_kad_post_header":false,"_kad_post_footer":false,"_kad_post_classname":"","footnotes":""},"categories":[1],"tags":[],"class_list":["post-12548","post","type-post","status-publish","format-standard","has-post-thumbnail","hentry","category-aktuelles"],"acf":[],"yoast_head":"<!-- This site is optimized with the Yoast SEO plugin v27.5 - https:\/\/yoast.com\/product\/yoast-seo-wordpress\/ -->\n<title>Zweckverband beruft neues Mitglied in den wissenschaftlichen Beirat des Deutsch-Deutschen Museums M\u00f6dlareuth - Deutsch-Deutsches Museum M\u00f6dlareuth<\/title>\n<meta name=\"robots\" content=\"index, follow, max-snippet:-1, max-image-preview:large, max-video-preview:-1\" \/>\n<link rel=\"canonical\" href=\"https:\/\/www.moedlareuth.de\/es\/zweckverband-beruft-neues-mitglied-in-den-wissenschaftlichen-beirat-des-deutsch-deutschen-museums-moedlareuth\/\" \/>\n<meta property=\"og:locale\" content=\"es_ES\" \/>\n<meta property=\"og:type\" content=\"article\" \/>\n<meta property=\"og:title\" content=\"Zweckverband beruft neues Mitglied in den wissenschaftlichen Beirat des Deutsch-Deutschen Museums M\u00f6dlareuth - Deutsch-Deutsches Museum M\u00f6dlareuth\" \/>\n<meta property=\"og:description\" content=\"Der wissenschaftliche Beirat des Deutsch-Deutschen Museums hat ein neues Mitglied. In der j\u00fcngsten Sitzung vom 13.03.2023 haben die Mitglieder des Zweckverbandes Dr. Markus Pieper einstimmig in das Gremium berufen. Er vertritt ab sofort die Stiftung S\u00e4chsische Gedenkst\u00e4tten. Dr. Pieper ist seit September 2021 Gesch\u00e4ftsf\u00fchrer der Stiftung, zuvor war er Leiter des Arbeitsbereichs Gedenkst\u00e4tten und Erinnerungskultur...\" \/>\n<meta property=\"og:url\" content=\"https:\/\/www.moedlareuth.de\/es\/zweckverband-beruft-neues-mitglied-in-den-wissenschaftlichen-beirat-des-deutsch-deutschen-museums-moedlareuth\/\" \/>\n<meta property=\"og:site_name\" content=\"Deutsch-Deutsches Museum M\u00f6dlareuth\" \/>\n<meta property=\"article:published_time\" content=\"2023-03-15T12:14:47+00:00\" \/>\n<meta property=\"article:modified_time\" content=\"2023-03-29T14:22:32+00:00\" \/>\n<meta property=\"og:image\" content=\"https:\/\/www.moedlareuth.de\/wp-content\/uploads\/2023\/03\/20230313_112158-ba.jpg\" \/>\n\t<meta property=\"og:image:width\" content=\"1110\" \/>\n\t<meta property=\"og:image:height\" content=\"509\" \/>\n\t<meta property=\"og:image:type\" content=\"image\/jpeg\" \/>\n<meta name=\"author\" content=\"Susan Burger\" \/>\n<meta name=\"twitter:card\" content=\"summary_large_image\" \/>\n<meta name=\"twitter:label1\" content=\"Escrito por\" \/>\n\t<meta name=\"twitter:data1\" content=\"Susan Burger\" \/>\n\t<meta name=\"twitter:label2\" content=\"Tiempo de lectura\" \/>\n\t<meta name=\"twitter:data2\" content=\"3 minutos\" \/>\n<script type=\"application\/ld+json\" class=\"yoast-schema-graph\">{\"@context\":\"https:\\\/\\\/schema.org\",\"@graph\":[{\"@type\":\"Article\",\"@id\":\"https:\\\/\\\/www.moedlareuth.de\\\/zweckverband-beruft-neues-mitglied-in-den-wissenschaftlichen-beirat-des-deutsch-deutschen-museums-moedlareuth\\\/#article\",\"isPartOf\":{\"@id\":\"https:\\\/\\\/www.moedlareuth.de\\\/zweckverband-beruft-neues-mitglied-in-den-wissenschaftlichen-beirat-des-deutsch-deutschen-museums-moedlareuth\\\/\"},\"author\":{\"name\":\"Susan Burger\",\"@id\":\"https:\\\/\\\/moedlareuth.de\\\/preview\\\/#\\\/schema\\\/person\\\/42d95c7c900104834e45a22afe68e54d\"},\"headline\":\"Zweckverband beruft neues Mitglied in den wissenschaftlichen Beirat des Deutsch-Deutschen Museums M\u00f6dlareuth\",\"datePublished\":\"2023-03-15T12:14:47+00:00\",\"dateModified\":\"2023-03-29T14:22:32+00:00\",\"mainEntityOfPage\":{\"@id\":\"https:\\\/\\\/www.moedlareuth.de\\\/zweckverband-beruft-neues-mitglied-in-den-wissenschaftlichen-beirat-des-deutsch-deutschen-museums-moedlareuth\\\/\"},\"wordCount\":366,\"publisher\":{\"@id\":\"https:\\\/\\\/moedlareuth.de\\\/preview\\\/#organization\"},\"image\":{\"@id\":\"https:\\\/\\\/www.moedlareuth.de\\\/zweckverband-beruft-neues-mitglied-in-den-wissenschaftlichen-beirat-des-deutsch-deutschen-museums-moedlareuth\\\/#primaryimage\"},\"thumbnailUrl\":\"https:\\\/\\\/www.moedlareuth.de\\\/wp-content\\\/uploads\\\/2023\\\/03\\\/20230313_112158-ba.jpg\",\"articleSection\":[\"Aktuelles\"],\"inLanguage\":\"es\"},{\"@type\":\"WebPage\",\"@id\":\"https:\\\/\\\/www.moedlareuth.de\\\/zweckverband-beruft-neues-mitglied-in-den-wissenschaftlichen-beirat-des-deutsch-deutschen-museums-moedlareuth\\\/\",\"url\":\"https:\\\/\\\/www.moedlareuth.de\\\/zweckverband-beruft-neues-mitglied-in-den-wissenschaftlichen-beirat-des-deutsch-deutschen-museums-moedlareuth\\\/\",\"name\":\"Zweckverband beruft neues Mitglied in den wissenschaftlichen Beirat des Deutsch-Deutschen Museums M\u00f6dlareuth - Deutsch-Deutsches Museum M\u00f6dlareuth\",\"isPartOf\":{\"@id\":\"https:\\\/\\\/moedlareuth.de\\\/preview\\\/#website\"},\"primaryImageOfPage\":{\"@id\":\"https:\\\/\\\/www.moedlareuth.de\\\/zweckverband-beruft-neues-mitglied-in-den-wissenschaftlichen-beirat-des-deutsch-deutschen-museums-moedlareuth\\\/#primaryimage\"},\"image\":{\"@id\":\"https:\\\/\\\/www.moedlareuth.de\\\/zweckverband-beruft-neues-mitglied-in-den-wissenschaftlichen-beirat-des-deutsch-deutschen-museums-moedlareuth\\\/#primaryimage\"},\"thumbnailUrl\":\"https:\\\/\\\/www.moedlareuth.de\\\/wp-content\\\/uploads\\\/2023\\\/03\\\/20230313_112158-ba.jpg\",\"datePublished\":\"2023-03-15T12:14:47+00:00\",\"dateModified\":\"2023-03-29T14:22:32+00:00\",\"breadcrumb\":{\"@id\":\"https:\\\/\\\/www.moedlareuth.de\\\/zweckverband-beruft-neues-mitglied-in-den-wissenschaftlichen-beirat-des-deutsch-deutschen-museums-moedlareuth\\\/#breadcrumb\"},\"inLanguage\":\"es\",\"potentialAction\":[{\"@type\":\"ReadAction\",\"target\":[\"https:\\\/\\\/www.moedlareuth.de\\\/zweckverband-beruft-neues-mitglied-in-den-wissenschaftlichen-beirat-des-deutsch-deutschen-museums-moedlareuth\\\/\"]}]},{\"@type\":\"ImageObject\",\"inLanguage\":\"es\",\"@id\":\"https:\\\/\\\/www.moedlareuth.de\\\/zweckverband-beruft-neues-mitglied-in-den-wissenschaftlichen-beirat-des-deutsch-deutschen-museums-moedlareuth\\\/#primaryimage\",\"url\":\"https:\\\/\\\/www.moedlareuth.de\\\/wp-content\\\/uploads\\\/2023\\\/03\\\/20230313_112158-ba.jpg\",\"contentUrl\":\"https:\\\/\\\/www.moedlareuth.de\\\/wp-content\\\/uploads\\\/2023\\\/03\\\/20230313_112158-ba.jpg\",\"width\":1110,\"height\":509},{\"@type\":\"BreadcrumbList\",\"@id\":\"https:\\\/\\\/www.moedlareuth.de\\\/zweckverband-beruft-neues-mitglied-in-den-wissenschaftlichen-beirat-des-deutsch-deutschen-museums-moedlareuth\\\/#breadcrumb\",\"itemListElement\":[{\"@type\":\"ListItem\",\"position\":1,\"name\":\"Startseite\",\"item\":\"https:\\\/\\\/www.moedlareuth.de\\\/\"},{\"@type\":\"ListItem\",\"position\":2,\"name\":\"Zweckverband beruft neues Mitglied in den wissenschaftlichen Beirat des Deutsch-Deutschen Museums M\u00f6dlareuth\"}]},{\"@type\":\"WebSite\",\"@id\":\"https:\\\/\\\/moedlareuth.de\\\/preview\\\/#website\",\"url\":\"https:\\\/\\\/moedlareuth.de\\\/preview\\\/\",\"name\":\"Deutsch-Deutsches Museum M\u00f6dlareuth\",\"description\":\"Gedenkst\u00e4tte zur deutschen Teilung\",\"publisher\":{\"@id\":\"https:\\\/\\\/moedlareuth.de\\\/preview\\\/#organization\"},\"potentialAction\":[{\"@type\":\"SearchAction\",\"target\":{\"@type\":\"EntryPoint\",\"urlTemplate\":\"https:\\\/\\\/moedlareuth.de\\\/preview\\\/?s={search_term_string}\"},\"query-input\":{\"@type\":\"PropertyValueSpecification\",\"valueRequired\":true,\"valueName\":\"search_term_string\"}}],\"inLanguage\":\"es\"},{\"@type\":\"Organization\",\"@id\":\"https:\\\/\\\/moedlareuth.de\\\/preview\\\/#organization\",\"name\":\"Deutsch-Deutsches Museum M\u00f6dlareuth\",\"url\":\"https:\\\/\\\/moedlareuth.de\\\/preview\\\/\",\"logo\":{\"@type\":\"ImageObject\",\"inLanguage\":\"es\",\"@id\":\"https:\\\/\\\/moedlareuth.de\\\/preview\\\/#\\\/schema\\\/logo\\\/image\\\/\",\"url\":\"https:\\\/\\\/www.moedlareuth.de\\\/wp-content\\\/uploads\\\/2022\\\/02\\\/museum_moedlareuth_logo_hell_zusatz.svg\",\"contentUrl\":\"https:\\\/\\\/www.moedlareuth.de\\\/wp-content\\\/uploads\\\/2022\\\/02\\\/museum_moedlareuth_logo_hell_zusatz.svg\",\"width\":255,\"height\":62,\"caption\":\"Deutsch-Deutsches Museum M\u00f6dlareuth\"},\"image\":{\"@id\":\"https:\\\/\\\/moedlareuth.de\\\/preview\\\/#\\\/schema\\\/logo\\\/image\\\/\"}},{\"@type\":\"Person\",\"@id\":\"https:\\\/\\\/moedlareuth.de\\\/preview\\\/#\\\/schema\\\/person\\\/42d95c7c900104834e45a22afe68e54d\",\"name\":\"Susan Burger\",\"url\":\"https:\\\/\\\/www.moedlareuth.de\\\/es\\\/author\\\/s-burger\\\/\"}]}<\/script>\n<!-- \/ Yoast SEO plugin. -->","yoast_head_json":{"title":"Zweckverband beruft neues Mitglied in den wissenschaftlichen Beirat des Deutsch-Deutschen Museums M\u00f6dlareuth - Deutsch-Deutsches Museum M\u00f6dlareuth","robots":{"index":"index","follow":"follow","max-snippet":"max-snippet:-1","max-image-preview":"max-image-preview:large","max-video-preview":"max-video-preview:-1"},"canonical":"https:\/\/www.moedlareuth.de\/es\/zweckverband-beruft-neues-mitglied-in-den-wissenschaftlichen-beirat-des-deutsch-deutschen-museums-moedlareuth\/","og_locale":"es_ES","og_type":"article","og_title":"Zweckverband beruft neues Mitglied in den wissenschaftlichen Beirat des Deutsch-Deutschen Museums M\u00f6dlareuth - Deutsch-Deutsches Museum M\u00f6dlareuth","og_description":"Der wissenschaftliche Beirat des Deutsch-Deutschen Museums hat ein neues Mitglied. In der j\u00fcngsten Sitzung vom 13.03.2023 haben die Mitglieder des Zweckverbandes Dr. Markus Pieper einstimmig in das Gremium berufen. Er vertritt ab sofort die Stiftung S\u00e4chsische Gedenkst\u00e4tten. Dr. Pieper ist seit September 2021 Gesch\u00e4ftsf\u00fchrer der Stiftung, zuvor war er Leiter des Arbeitsbereichs Gedenkst\u00e4tten und Erinnerungskultur...","og_url":"https:\/\/www.moedlareuth.de\/es\/zweckverband-beruft-neues-mitglied-in-den-wissenschaftlichen-beirat-des-deutsch-deutschen-museums-moedlareuth\/","og_site_name":"Deutsch-Deutsches Museum M\u00f6dlareuth","article_published_time":"2023-03-15T12:14:47+00:00","article_modified_time":"2023-03-29T14:22:32+00:00","og_image":[{"width":1110,"height":509,"url":"https:\/\/www.moedlareuth.de\/wp-content\/uploads\/2023\/03\/20230313_112158-ba.jpg","type":"image\/jpeg"}],"author":"Susan Burger","twitter_card":"summary_large_image","twitter_misc":{"Escrito por":"Susan Burger","Tiempo de lectura":"3 minutos"},"schema":{"@context":"https:\/\/schema.org","@graph":[{"@type":"Article","@id":"https:\/\/www.moedlareuth.de\/zweckverband-beruft-neues-mitglied-in-den-wissenschaftlichen-beirat-des-deutsch-deutschen-museums-moedlareuth\/#article","isPartOf":{"@id":"https:\/\/www.moedlareuth.de\/zweckverband-beruft-neues-mitglied-in-den-wissenschaftlichen-beirat-des-deutsch-deutschen-museums-moedlareuth\/"},"author":{"name":"Susan Burger","@id":"https:\/\/moedlareuth.de\/preview\/#\/schema\/person\/42d95c7c900104834e45a22afe68e54d"},"headline":"Zweckverband beruft neues Mitglied in den wissenschaftlichen Beirat des Deutsch-Deutschen Museums M\u00f6dlareuth","datePublished":"2023-03-15T12:14:47+00:00","dateModified":"2023-03-29T14:22:32+00:00","mainEntityOfPage":{"@id":"https:\/\/www.moedlareuth.de\/zweckverband-beruft-neues-mitglied-in-den-wissenschaftlichen-beirat-des-deutsch-deutschen-museums-moedlareuth\/"},"wordCount":366,"publisher":{"@id":"https:\/\/moedlareuth.de\/preview\/#organization"},"image":{"@id":"https:\/\/www.moedlareuth.de\/zweckverband-beruft-neues-mitglied-in-den-wissenschaftlichen-beirat-des-deutsch-deutschen-museums-moedlareuth\/#primaryimage"},"thumbnailUrl":"https:\/\/www.moedlareuth.de\/wp-content\/uploads\/2023\/03\/20230313_112158-ba.jpg","articleSection":["Aktuelles"],"inLanguage":"es"},{"@type":"WebPage","@id":"https:\/\/www.moedlareuth.de\/zweckverband-beruft-neues-mitglied-in-den-wissenschaftlichen-beirat-des-deutsch-deutschen-museums-moedlareuth\/","url":"https:\/\/www.moedlareuth.de\/zweckverband-beruft-neues-mitglied-in-den-wissenschaftlichen-beirat-des-deutsch-deutschen-museums-moedlareuth\/","name":"Zweckverband beruft neues Mitglied in den wissenschaftlichen Beirat des Deutsch-Deutschen Museums M\u00f6dlareuth - Deutsch-Deutsches Museum M\u00f6dlareuth","isPartOf":{"@id":"https:\/\/moedlareuth.de\/preview\/#website"},"primaryImageOfPage":{"@id":"https:\/\/www.moedlareuth.de\/zweckverband-beruft-neues-mitglied-in-den-wissenschaftlichen-beirat-des-deutsch-deutschen-museums-moedlareuth\/#primaryimage"},"image":{"@id":"https:\/\/www.moedlareuth.de\/zweckverband-beruft-neues-mitglied-in-den-wissenschaftlichen-beirat-des-deutsch-deutschen-museums-moedlareuth\/#primaryimage"},"thumbnailUrl":"https:\/\/www.moedlareuth.de\/wp-content\/uploads\/2023\/03\/20230313_112158-ba.jpg","datePublished":"2023-03-15T12:14:47+00:00","dateModified":"2023-03-29T14:22:32+00:00","breadcrumb":{"@id":"https:\/\/www.moedlareuth.de\/zweckverband-beruft-neues-mitglied-in-den-wissenschaftlichen-beirat-des-deutsch-deutschen-museums-moedlareuth\/#breadcrumb"},"inLanguage":"es","potentialAction":[{"@type":"ReadAction","target":["https:\/\/www.moedlareuth.de\/zweckverband-beruft-neues-mitglied-in-den-wissenschaftlichen-beirat-des-deutsch-deutschen-museums-moedlareuth\/"]}]},{"@type":"ImageObject","inLanguage":"es","@id":"https:\/\/www.moedlareuth.de\/zweckverband-beruft-neues-mitglied-in-den-wissenschaftlichen-beirat-des-deutsch-deutschen-museums-moedlareuth\/#primaryimage","url":"https:\/\/www.moedlareuth.de\/wp-content\/uploads\/2023\/03\/20230313_112158-ba.jpg","contentUrl":"https:\/\/www.moedlareuth.de\/wp-content\/uploads\/2023\/03\/20230313_112158-ba.jpg","width":1110,"height":509},{"@type":"BreadcrumbList","@id":"https:\/\/www.moedlareuth.de\/zweckverband-beruft-neues-mitglied-in-den-wissenschaftlichen-beirat-des-deutsch-deutschen-museums-moedlareuth\/#breadcrumb","itemListElement":[{"@type":"ListItem","position":1,"name":"Startseite","item":"https:\/\/www.moedlareuth.de\/"},{"@type":"ListItem","position":2,"name":"Zweckverband beruft neues Mitglied in den wissenschaftlichen Beirat des Deutsch-Deutschen Museums M\u00f6dlareuth"}]},{"@type":"WebSite","@id":"https:\/\/moedlareuth.de\/preview\/#website","url":"https:\/\/moedlareuth.de\/preview\/","name":"Deutsch-Deutsches Museum M\u00f6dlareuth","description":"Monumento a la divisi\u00f3n de Alemania","publisher":{"@id":"https:\/\/moedlareuth.de\/preview\/#organization"},"potentialAction":[{"@type":"SearchAction","target":{"@type":"EntryPoint","urlTemplate":"https:\/\/moedlareuth.de\/preview\/?s={search_term_string}"},"query-input":{"@type":"PropertyValueSpecification","valueRequired":true,"valueName":"search_term_string"}}],"inLanguage":"es"},{"@type":"Organization","@id":"https:\/\/moedlareuth.de\/preview\/#organization","name":"Deutsch-Deutsches Museum M\u00f6dlareuth","url":"https:\/\/moedlareuth.de\/preview\/","logo":{"@type":"ImageObject","inLanguage":"es","@id":"https:\/\/moedlareuth.de\/preview\/#\/schema\/logo\/image\/","url":"https:\/\/www.moedlareuth.de\/wp-content\/uploads\/2022\/02\/museum_moedlareuth_logo_hell_zusatz.svg","contentUrl":"https:\/\/www.moedlareuth.de\/wp-content\/uploads\/2022\/02\/museum_moedlareuth_logo_hell_zusatz.svg","width":255,"height":62,"caption":"Deutsch-Deutsches Museum M\u00f6dlareuth"},"image":{"@id":"https:\/\/moedlareuth.de\/preview\/#\/schema\/logo\/image\/"}},{"@type":"Person","@id":"https:\/\/moedlareuth.de\/preview\/#\/schema\/person\/42d95c7c900104834e45a22afe68e54d","name":"Susan Burger","url":"https:\/\/www.moedlareuth.de\/es\/author\/s-burger\/"}]}},"_links":{"self":[{"href":"https:\/\/www.moedlareuth.de\/es\/wp-json\/wp\/v2\/posts\/12548","targetHints":{"allow":["GET"]}}],"collection":[{"href":"https:\/\/www.moedlareuth.de\/es\/wp-json\/wp\/v2\/posts"}],"about":[{"href":"https:\/\/www.moedlareuth.de\/es\/wp-json\/wp\/v2\/types\/post"}],"author":[{"embeddable":true,"href":"https:\/\/www.moedlareuth.de\/es\/wp-json\/wp\/v2\/users\/10"}],"replies":[{"embeddable":true,"href":"https:\/\/www.moedlareuth.de\/es\/wp-json\/wp\/v2\/comments?post=12548"}],"version-history":[{"count":2,"href":"https:\/\/www.moedlareuth.de\/es\/wp-json\/wp\/v2\/posts\/12548\/revisions"}],"predecessor-version":[{"id":12553,"href":"https:\/\/www.moedlareuth.de\/es\/wp-json\/wp\/v2\/posts\/12548\/revisions\/12553"}],"wp:featuredmedia":[{"embeddable":true,"href":"https:\/\/www.moedlareuth.de\/es\/wp-json\/wp\/v2\/media\/12550"}],"wp:attachment":[{"href":"https:\/\/www.moedlareuth.de\/es\/wp-json\/wp\/v2\/media?parent=12548"}],"wp:term":[{"taxonomy":"category","embeddable":true,"href":"https:\/\/www.moedlareuth.de\/es\/wp-json\/wp\/v2\/categories?post=12548"},{"taxonomy":"post_tag","embeddable":true,"href":"https:\/\/www.moedlareuth.de\/es\/wp-json\/wp\/v2\/tags?post=12548"}],"curies":[{"name":"wp","href":"https:\/\/api.w.org\/{rel}","templated":true}]}}