{"id":1218,"date":"2019-01-31T16:38:10","date_gmt":"2019-01-31T15:38:10","guid":{"rendered":"http:\/\/www.moedlareuth.de\/?p=1218"},"modified":"2021-12-07T05:02:30","modified_gmt":"2021-12-07T04:02:30","slug":"elsterberger-oberschueler-besichtigen-das-deutsch-deutsche-museum-moedlareuth","status":"publish","type":"post","link":"https:\/\/www.moedlareuth.de\/es\/elsterberger-oberschueler-besichtigen-das-deutsch-deutsche-museum-moedlareuth\/","title":{"rendered":"Elsterberger Obersch\u00fcler besichtigen das Deutsch-Deutsche Museum M\u00f6dlareuth"},"content":{"rendered":"<p>Geschichte hautnah erleben \u2013 das konnten die Sch\u00fcler der TRIAS-Oberschule Elsterberg im &#8222;Deutsch- Deutschen Museum&#8220; in M\u00f6dlareuth. Im Rahmen einer Projektwoche \u201eHerbst &#8217;89 \u2013 Von der Diktatur zur Demokratie&#8220; besuchten Sch\u00fcler der Klassenstufen 5 &#8211; 7 den Ort, der bis 1989 durch eine Mauer getrennt war.<\/p>\n<p>Museumsp\u00e4dagogin Susan Burger erkl\u00e4rte die Geschichte der deutschen Teilung anhand der einzigartigen Historie von M\u00f6dlareuth, besser bekannt auch als \u201eLittle Berlin\u201c. Bei einem Rundgang durch das Freigel\u00e4nde wurde den Sch\u00fclern am ehemaligen Grenzstreifen mit Wachturm, Stacheldraht, Panzersperren und der beeindruckenden Mauer besonders deutlich, welche tiefgreifenden Auswirkungen die deutsche Teilung auf die Bev\u00f6lkerung hatte. &#8222;Das kann man sich gar nicht vorstellen&#8220;, waren die Sch\u00fcler fassungslos und stellten auch viele Fragen zum Thema. \u00a0\u201eDer Besuch unseres Museums hinterl\u00e4sst bei den jungen Menschen stets mehr Eindruck als ein Geschichtsbuch es vermitteln k\u00f6nnte\u201c, so Frau Burger.<\/p>\n<p>In diesem Jahr j\u00e4hren sich Friedliche Revolution 1989 mit Mauerfall und Grenz\u00f6ffnung zum 30. Mal. Dieses Jubil\u00e4umsjahr nahmen die Obersch\u00fcler zum Anlass, sich auf Spurensuche zu begeben. Dazu geh\u00f6rte auch der Besuch im Deutsch-Deutschen Museum M\u00f6dlareuth.<\/p>\n<p>&nbsp;<\/p>\n<p>[wpspd-slider title=&#8220;Elsterberger Sch\u00fcler im Museum M\u00f6dlareuth&#8220; type=&#8220;slider&#8220; autoplay=&#8220;no&#8220; infinite=&#8220;yes&#8220; duration=&#8220;2000&#8243; fx=&#8220;slide&#8220;]<br \/>\n[wpspd-slide]<\/p>\n<div>\n<div class=\"media-modal wp-core-ui\" tabindex=\"0\">\n<div class=\"media-modal-content\">\n<div class=\"edit-attachment-frame mode-select hide-menu hide-router\">\n<div class=\"media-frame-content\">\n<div class=\"attachment-details save-ready\" tabindex=\"0\" data-id=\"1211\">\n<div class=\"attachment-media-view landscape\">\n<div class=\"thumbnail thumbnail-image\"><img decoding=\"async\" class=\"details-image\" draggable=\"false\" src=\"http:\/\/www.moedlareuth.de\/wp-content\/uploads\/2019\/02\/MM_2019-01-31_005-1024x683.jpg\" alt=\"\" \/><\/div>\n<\/div>\n<\/div>\n<\/div>\n<\/div>\n<\/div>\n<\/div>\n<\/div>\n<p>[\/wpspd-slide]<br \/>\n[wpspd-slide]<\/p>\n<div>\n<div class=\"media-modal wp-core-ui\" tabindex=\"0\">\n<div class=\"media-modal-content\">\n<div class=\"edit-attachment-frame mode-select hide-menu hide-router\">\n<div class=\"media-frame-content\">\n<div class=\"attachment-details save-ready\" tabindex=\"0\" data-id=\"1212\">\n<div class=\"attachment-media-view landscape\">\n<div class=\"thumbnail thumbnail-image\"><img decoding=\"async\" class=\"details-image\" draggable=\"false\" src=\"http:\/\/www.moedlareuth.de\/wp-content\/uploads\/2019\/02\/MM_2019-01-31_030-1024x683.jpg\" alt=\"\" \/><\/div>\n<\/div>\n<\/div>\n<\/div>\n<\/div>\n<\/div>\n<\/div>\n<\/div>\n<p>[\/wpspd-slide]<br \/>\n[wpspd-slide]<\/p>\n<div>\n<div class=\"media-modal wp-core-ui\" tabindex=\"0\">\n<div class=\"media-modal-content\">\n<div class=\"edit-attachment-frame mode-select hide-menu hide-router\">\n<div class=\"media-frame-content\">\n<div class=\"attachment-details save-ready\" tabindex=\"0\" data-id=\"1213\">\n<div class=\"attachment-media-view landscape\">\n<div class=\"thumbnail thumbnail-image\"><img decoding=\"async\" class=\"details-image\" draggable=\"false\" src=\"http:\/\/www.moedlareuth.de\/wp-content\/uploads\/2019\/02\/MM_2019-01-31_032-1024x683.jpg\" alt=\"\" \/><\/div>\n<\/div>\n<\/div>\n<\/div>\n<\/div>\n<\/div>\n<\/div>\n<\/div>\n<p>[\/wpspd-slide]<br \/>\n[wpspd-slide]<\/p>\n<div>\n<div class=\"media-modal wp-core-ui\" tabindex=\"0\">\n<div class=\"media-modal-content\">\n<div class=\"edit-attachment-frame mode-select hide-menu hide-router\">\n<div class=\"media-frame-content\">\n<div class=\"attachment-details save-ready\" tabindex=\"0\" data-id=\"1214\">\n<div class=\"attachment-media-view landscape\">\n<div class=\"thumbnail thumbnail-image\"><img decoding=\"async\" class=\"details-image\" draggable=\"false\" src=\"http:\/\/www.moedlareuth.de\/wp-content\/uploads\/2019\/02\/MM_2019-01-31_033-1024x683.jpg\" alt=\"\" \/><\/div>\n<\/div>\n<\/div>\n<\/div>\n<\/div>\n<\/div>\n<\/div>\n<\/div>\n<p>[\/wpspd-slide]<br \/>\n[wpspd-slide]<\/p>\n<div>\n<div class=\"media-modal wp-core-ui\" tabindex=\"0\">\n<div class=\"media-modal-content\">\n<div class=\"edit-attachment-frame mode-select hide-menu hide-router\">\n<div class=\"media-frame-content\">\n<div class=\"attachment-details save-ready\" tabindex=\"0\" data-id=\"1215\">\n<div class=\"attachment-media-view landscape\">\n<div class=\"thumbnail thumbnail-image\"><img decoding=\"async\" class=\"details-image\" draggable=\"false\" src=\"http:\/\/www.moedlareuth.de\/wp-content\/uploads\/2019\/02\/MM_2019-01-31_076-1024x683.jpg\" alt=\"\" \/><\/div>\n<\/div>\n<\/div>\n<\/div>\n<\/div>\n<\/div>\n<\/div>\n<\/div>\n<p>[\/wpspd-slide]<br \/>\n[wpspd-slide]<\/p>\n<div>\n<div class=\"media-modal wp-core-ui\" tabindex=\"0\">\n<div class=\"media-modal-content\">\n<div class=\"edit-attachment-frame mode-select hide-menu hide-router\">\n<div class=\"media-frame-content\">\n<div class=\"attachment-details save-ready\" tabindex=\"0\" data-id=\"1216\">\n<div class=\"attachment-media-view landscape\">\n<div class=\"thumbnail thumbnail-image\"><img decoding=\"async\" class=\"details-image\" draggable=\"false\" src=\"http:\/\/www.moedlareuth.de\/wp-content\/uploads\/2019\/02\/MM_2019-01-31_080-1024x683.jpg\" alt=\"\" \/><\/div>\n<\/div>\n<\/div>\n<\/div>\n<\/div>\n<\/div>\n<\/div>\n<\/div>\n<p>[\/wpspd-slide]<br \/>\n[\/wpspd-slider]<\/p>\n","protected":false},"excerpt":{"rendered":"<p>Geschichte hautnah erleben \u2013 das konnten die Sch\u00fcler der TRIAS-Oberschule Elsterberg im &#8222;Deutsch- Deutschen Museum&#8220; in M\u00f6dlareuth. Im Rahmen einer Projektwoche \u201eHerbst &#8217;89 \u2013 Von der Diktatur zur Demokratie&#8220; besuchten Sch\u00fcler der Klassenstufen 5 &#8211; 7 den Ort, der bis 1989 durch eine Mauer getrennt war. Museumsp\u00e4dagogin Susan Burger erkl\u00e4rte die Geschichte der deutschen Teilung&#8230;<\/p>","protected":false},"author":6,"featured_media":1211,"comment_status":"closed","ping_status":"closed","sticky":false,"template":"","format":"standard","meta":{"_acf_changed":false,"inline_featured_image":false,"_kad_post_transparent":"","_kad_post_title":"","_kad_post_layout":"","_kad_post_sidebar_id":"","_kad_post_content_style":"","_kad_post_vertical_padding":"","_kad_post_feature":"","_kad_post_feature_position":"","_kad_post_header":false,"_kad_post_footer":false,"_kad_post_classname":"","footnotes":""},"categories":[1],"tags":[],"class_list":["post-1218","post","type-post","status-publish","format-standard","has-post-thumbnail","hentry","category-aktuelles"],"acf":[],"yoast_head":"<!-- This site is optimized with the Yoast SEO plugin v27.5 - https:\/\/yoast.com\/product\/yoast-seo-wordpress\/ -->\n<title>Elsterberger Obersch\u00fcler besichtigen das Deutsch-Deutsche Museum M\u00f6dlareuth - Deutsch-Deutsches Museum M\u00f6dlareuth<\/title>\n<meta name=\"robots\" content=\"index, follow, max-snippet:-1, max-image-preview:large, max-video-preview:-1\" \/>\n<link rel=\"canonical\" href=\"https:\/\/moedlareuth.de\/elsterberger-oberschueler-besichtigen-das-deutsch-deutsche-museum-moedlareuth\/\" \/>\n<meta property=\"og:locale\" content=\"es_ES\" \/>\n<meta property=\"og:type\" content=\"article\" \/>\n<meta property=\"og:title\" content=\"Elsterberger Obersch\u00fcler besichtigen das Deutsch-Deutsche Museum M\u00f6dlareuth - Deutsch-Deutsches Museum M\u00f6dlareuth\" \/>\n<meta property=\"og:description\" content=\"Geschichte hautnah erleben \u2013 das konnten die Sch\u00fcler der TRIAS-Oberschule Elsterberg im &#8222;Deutsch- Deutschen Museum&#8220; in M\u00f6dlareuth. Im Rahmen einer Projektwoche \u201eHerbst &#8217;89 \u2013 Von der Diktatur zur Demokratie&#8220; besuchten Sch\u00fcler der Klassenstufen 5 &#8211; 7 den Ort, der bis 1989 durch eine Mauer getrennt war. Museumsp\u00e4dagogin Susan Burger erkl\u00e4rte die Geschichte der deutschen Teilung...\" \/>\n<meta property=\"og:url\" content=\"https:\/\/moedlareuth.de\/elsterberger-oberschueler-besichtigen-das-deutsch-deutsche-museum-moedlareuth\/\" \/>\n<meta property=\"og:site_name\" content=\"Deutsch-Deutsches Museum M\u00f6dlareuth\" \/>\n<meta property=\"article:published_time\" content=\"2019-01-31T15:38:10+00:00\" \/>\n<meta property=\"article:modified_time\" content=\"2021-12-07T04:02:30+00:00\" \/>\n<meta property=\"og:image\" content=\"https:\/\/moedlareuth.de\/preview\/wp-content\/uploads\/2019\/02\/MM_2019-01-31_005-e1549019742455.jpg\" \/>\n\t<meta property=\"og:image:width\" content=\"1400\" \/>\n\t<meta property=\"og:image:height\" content=\"933\" \/>\n\t<meta property=\"og:image:type\" content=\"image\/jpeg\" \/>\n<meta name=\"author\" content=\"Ronald Schricker\" \/>\n<meta name=\"twitter:card\" content=\"summary_large_image\" \/>\n<meta name=\"twitter:label1\" content=\"Escrito por\" \/>\n\t<meta name=\"twitter:data1\" content=\"Ronald Schricker\" \/>\n\t<meta name=\"twitter:label2\" content=\"Tiempo de lectura\" \/>\n\t<meta name=\"twitter:data2\" content=\"1 minuto\" \/>\n<script type=\"application\/ld+json\" class=\"yoast-schema-graph\">{\"@context\":\"https:\\\/\\\/schema.org\",\"@graph\":[{\"@type\":\"Article\",\"@id\":\"https:\\\/\\\/moedlareuth.de\\\/elsterberger-oberschueler-besichtigen-das-deutsch-deutsche-museum-moedlareuth\\\/#article\",\"isPartOf\":{\"@id\":\"https:\\\/\\\/moedlareuth.de\\\/elsterberger-oberschueler-besichtigen-das-deutsch-deutsche-museum-moedlareuth\\\/\"},\"author\":{\"name\":\"Ronald Schricker\",\"@id\":\"https:\\\/\\\/moedlareuth.de\\\/preview\\\/#\\\/schema\\\/person\\\/9194619dfae57e8d77d645ad86c2ea4e\"},\"headline\":\"Elsterberger Obersch\u00fcler besichtigen das Deutsch-Deutsche Museum M\u00f6dlareuth\",\"datePublished\":\"2019-01-31T15:38:10+00:00\",\"dateModified\":\"2021-12-07T04:02:30+00:00\",\"mainEntityOfPage\":{\"@id\":\"https:\\\/\\\/moedlareuth.de\\\/elsterberger-oberschueler-besichtigen-das-deutsch-deutsche-museum-moedlareuth\\\/\"},\"wordCount\":225,\"publisher\":{\"@id\":\"https:\\\/\\\/moedlareuth.de\\\/preview\\\/#organization\"},\"image\":{\"@id\":\"https:\\\/\\\/moedlareuth.de\\\/elsterberger-oberschueler-besichtigen-das-deutsch-deutsche-museum-moedlareuth\\\/#primaryimage\"},\"thumbnailUrl\":\"https:\\\/\\\/www.moedlareuth.de\\\/wp-content\\\/uploads\\\/2019\\\/02\\\/MM_2019-01-31_005-e1549019742455.jpg\",\"articleSection\":[\"Aktuelles\"],\"inLanguage\":\"es\"},{\"@type\":\"WebPage\",\"@id\":\"https:\\\/\\\/moedlareuth.de\\\/elsterberger-oberschueler-besichtigen-das-deutsch-deutsche-museum-moedlareuth\\\/\",\"url\":\"https:\\\/\\\/moedlareuth.de\\\/elsterberger-oberschueler-besichtigen-das-deutsch-deutsche-museum-moedlareuth\\\/\",\"name\":\"Elsterberger Obersch\u00fcler besichtigen das Deutsch-Deutsche Museum M\u00f6dlareuth - Deutsch-Deutsches Museum M\u00f6dlareuth\",\"isPartOf\":{\"@id\":\"https:\\\/\\\/moedlareuth.de\\\/preview\\\/#website\"},\"primaryImageOfPage\":{\"@id\":\"https:\\\/\\\/moedlareuth.de\\\/elsterberger-oberschueler-besichtigen-das-deutsch-deutsche-museum-moedlareuth\\\/#primaryimage\"},\"image\":{\"@id\":\"https:\\\/\\\/moedlareuth.de\\\/elsterberger-oberschueler-besichtigen-das-deutsch-deutsche-museum-moedlareuth\\\/#primaryimage\"},\"thumbnailUrl\":\"https:\\\/\\\/www.moedlareuth.de\\\/wp-content\\\/uploads\\\/2019\\\/02\\\/MM_2019-01-31_005-e1549019742455.jpg\",\"datePublished\":\"2019-01-31T15:38:10+00:00\",\"dateModified\":\"2021-12-07T04:02:30+00:00\",\"breadcrumb\":{\"@id\":\"https:\\\/\\\/moedlareuth.de\\\/elsterberger-oberschueler-besichtigen-das-deutsch-deutsche-museum-moedlareuth\\\/#breadcrumb\"},\"inLanguage\":\"es\",\"potentialAction\":[{\"@type\":\"ReadAction\",\"target\":[\"https:\\\/\\\/moedlareuth.de\\\/elsterberger-oberschueler-besichtigen-das-deutsch-deutsche-museum-moedlareuth\\\/\"]}]},{\"@type\":\"ImageObject\",\"inLanguage\":\"es\",\"@id\":\"https:\\\/\\\/moedlareuth.de\\\/elsterberger-oberschueler-besichtigen-das-deutsch-deutsche-museum-moedlareuth\\\/#primaryimage\",\"url\":\"https:\\\/\\\/www.moedlareuth.de\\\/wp-content\\\/uploads\\\/2019\\\/02\\\/MM_2019-01-31_005-e1549019742455.jpg\",\"contentUrl\":\"https:\\\/\\\/www.moedlareuth.de\\\/wp-content\\\/uploads\\\/2019\\\/02\\\/MM_2019-01-31_005-e1549019742455.jpg\",\"width\":1400,\"height\":933,\"caption\":\"MM 2019 01 31 005 e1549019742455\"},{\"@type\":\"BreadcrumbList\",\"@id\":\"https:\\\/\\\/moedlareuth.de\\\/elsterberger-oberschueler-besichtigen-das-deutsch-deutsche-museum-moedlareuth\\\/#breadcrumb\",\"itemListElement\":[{\"@type\":\"ListItem\",\"position\":1,\"name\":\"Startseite\",\"item\":\"https:\\\/\\\/www.moedlareuth.de\\\/\"},{\"@type\":\"ListItem\",\"position\":2,\"name\":\"Elsterberger Obersch\u00fcler besichtigen das Deutsch-Deutsche Museum M\u00f6dlareuth\"}]},{\"@type\":\"WebSite\",\"@id\":\"https:\\\/\\\/moedlareuth.de\\\/preview\\\/#website\",\"url\":\"https:\\\/\\\/moedlareuth.de\\\/preview\\\/\",\"name\":\"Deutsch-Deutsches Museum M\u00f6dlareuth\",\"description\":\"Gedenkst\u00e4tte zur deutschen Teilung\",\"publisher\":{\"@id\":\"https:\\\/\\\/moedlareuth.de\\\/preview\\\/#organization\"},\"potentialAction\":[{\"@type\":\"SearchAction\",\"target\":{\"@type\":\"EntryPoint\",\"urlTemplate\":\"https:\\\/\\\/moedlareuth.de\\\/preview\\\/?s={search_term_string}\"},\"query-input\":{\"@type\":\"PropertyValueSpecification\",\"valueRequired\":true,\"valueName\":\"search_term_string\"}}],\"inLanguage\":\"es\"},{\"@type\":\"Organization\",\"@id\":\"https:\\\/\\\/moedlareuth.de\\\/preview\\\/#organization\",\"name\":\"Deutsch-Deutsches Museum M\u00f6dlareuth\",\"url\":\"https:\\\/\\\/moedlareuth.de\\\/preview\\\/\",\"logo\":{\"@type\":\"ImageObject\",\"inLanguage\":\"es\",\"@id\":\"https:\\\/\\\/moedlareuth.de\\\/preview\\\/#\\\/schema\\\/logo\\\/image\\\/\",\"url\":\"https:\\\/\\\/www.moedlareuth.de\\\/wp-content\\\/uploads\\\/2022\\\/02\\\/museum_moedlareuth_logo_hell_zusatz.svg\",\"contentUrl\":\"https:\\\/\\\/www.moedlareuth.de\\\/wp-content\\\/uploads\\\/2022\\\/02\\\/museum_moedlareuth_logo_hell_zusatz.svg\",\"width\":255,\"height\":62,\"caption\":\"Deutsch-Deutsches Museum M\u00f6dlareuth\"},\"image\":{\"@id\":\"https:\\\/\\\/moedlareuth.de\\\/preview\\\/#\\\/schema\\\/logo\\\/image\\\/\"}},{\"@type\":\"Person\",\"@id\":\"https:\\\/\\\/moedlareuth.de\\\/preview\\\/#\\\/schema\\\/person\\\/9194619dfae57e8d77d645ad86c2ea4e\",\"name\":\"Ronald Schricker\",\"sameAs\":[\"http:\\\/\\\/www.museum-www.moedlareuth.de\"],\"url\":\"https:\\\/\\\/www.moedlareuth.de\\\/es\\\/author\\\/rs-lra-hof\\\/\"}]}<\/script>\n<!-- \/ Yoast SEO plugin. -->","yoast_head_json":{"title":"Elsterberger Obersch\u00fcler besichtigen das Deutsch-Deutsche Museum M\u00f6dlareuth - Deutsch-Deutsches Museum M\u00f6dlareuth","robots":{"index":"index","follow":"follow","max-snippet":"max-snippet:-1","max-image-preview":"max-image-preview:large","max-video-preview":"max-video-preview:-1"},"canonical":"https:\/\/moedlareuth.de\/elsterberger-oberschueler-besichtigen-das-deutsch-deutsche-museum-moedlareuth\/","og_locale":"es_ES","og_type":"article","og_title":"Elsterberger Obersch\u00fcler besichtigen das Deutsch-Deutsche Museum M\u00f6dlareuth - Deutsch-Deutsches Museum M\u00f6dlareuth","og_description":"Geschichte hautnah erleben \u2013 das konnten die Sch\u00fcler der TRIAS-Oberschule Elsterberg im &#8222;Deutsch- Deutschen Museum&#8220; in M\u00f6dlareuth. Im Rahmen einer Projektwoche \u201eHerbst &#8217;89 \u2013 Von der Diktatur zur Demokratie&#8220; besuchten Sch\u00fcler der Klassenstufen 5 &#8211; 7 den Ort, der bis 1989 durch eine Mauer getrennt war. Museumsp\u00e4dagogin Susan Burger erkl\u00e4rte die Geschichte der deutschen Teilung...","og_url":"https:\/\/moedlareuth.de\/elsterberger-oberschueler-besichtigen-das-deutsch-deutsche-museum-moedlareuth\/","og_site_name":"Deutsch-Deutsches Museum M\u00f6dlareuth","article_published_time":"2019-01-31T15:38:10+00:00","article_modified_time":"2021-12-07T04:02:30+00:00","og_image":[{"width":1400,"height":933,"url":"https:\/\/moedlareuth.de\/preview\/wp-content\/uploads\/2019\/02\/MM_2019-01-31_005-e1549019742455.jpg","type":"image\/jpeg"}],"author":"Ronald Schricker","twitter_card":"summary_large_image","twitter_misc":{"Escrito por":"Ronald Schricker","Tiempo de lectura":"1 minuto"},"schema":{"@context":"https:\/\/schema.org","@graph":[{"@type":"Article","@id":"https:\/\/moedlareuth.de\/elsterberger-oberschueler-besichtigen-das-deutsch-deutsche-museum-moedlareuth\/#article","isPartOf":{"@id":"https:\/\/moedlareuth.de\/elsterberger-oberschueler-besichtigen-das-deutsch-deutsche-museum-moedlareuth\/"},"author":{"name":"Ronald Schricker","@id":"https:\/\/moedlareuth.de\/preview\/#\/schema\/person\/9194619dfae57e8d77d645ad86c2ea4e"},"headline":"Elsterberger Obersch\u00fcler besichtigen das Deutsch-Deutsche Museum M\u00f6dlareuth","datePublished":"2019-01-31T15:38:10+00:00","dateModified":"2021-12-07T04:02:30+00:00","mainEntityOfPage":{"@id":"https:\/\/moedlareuth.de\/elsterberger-oberschueler-besichtigen-das-deutsch-deutsche-museum-moedlareuth\/"},"wordCount":225,"publisher":{"@id":"https:\/\/moedlareuth.de\/preview\/#organization"},"image":{"@id":"https:\/\/moedlareuth.de\/elsterberger-oberschueler-besichtigen-das-deutsch-deutsche-museum-moedlareuth\/#primaryimage"},"thumbnailUrl":"https:\/\/www.moedlareuth.de\/wp-content\/uploads\/2019\/02\/MM_2019-01-31_005-e1549019742455.jpg","articleSection":["Aktuelles"],"inLanguage":"es"},{"@type":"WebPage","@id":"https:\/\/moedlareuth.de\/elsterberger-oberschueler-besichtigen-das-deutsch-deutsche-museum-moedlareuth\/","url":"https:\/\/moedlareuth.de\/elsterberger-oberschueler-besichtigen-das-deutsch-deutsche-museum-moedlareuth\/","name":"Elsterberger Obersch\u00fcler besichtigen das Deutsch-Deutsche Museum M\u00f6dlareuth - Deutsch-Deutsches Museum M\u00f6dlareuth","isPartOf":{"@id":"https:\/\/moedlareuth.de\/preview\/#website"},"primaryImageOfPage":{"@id":"https:\/\/moedlareuth.de\/elsterberger-oberschueler-besichtigen-das-deutsch-deutsche-museum-moedlareuth\/#primaryimage"},"image":{"@id":"https:\/\/moedlareuth.de\/elsterberger-oberschueler-besichtigen-das-deutsch-deutsche-museum-moedlareuth\/#primaryimage"},"thumbnailUrl":"https:\/\/www.moedlareuth.de\/wp-content\/uploads\/2019\/02\/MM_2019-01-31_005-e1549019742455.jpg","datePublished":"2019-01-31T15:38:10+00:00","dateModified":"2021-12-07T04:02:30+00:00","breadcrumb":{"@id":"https:\/\/moedlareuth.de\/elsterberger-oberschueler-besichtigen-das-deutsch-deutsche-museum-moedlareuth\/#breadcrumb"},"inLanguage":"es","potentialAction":[{"@type":"ReadAction","target":["https:\/\/moedlareuth.de\/elsterberger-oberschueler-besichtigen-das-deutsch-deutsche-museum-moedlareuth\/"]}]},{"@type":"ImageObject","inLanguage":"es","@id":"https:\/\/moedlareuth.de\/elsterberger-oberschueler-besichtigen-das-deutsch-deutsche-museum-moedlareuth\/#primaryimage","url":"https:\/\/www.moedlareuth.de\/wp-content\/uploads\/2019\/02\/MM_2019-01-31_005-e1549019742455.jpg","contentUrl":"https:\/\/www.moedlareuth.de\/wp-content\/uploads\/2019\/02\/MM_2019-01-31_005-e1549019742455.jpg","width":1400,"height":933,"caption":"MM 2019 01 31 005 e1549019742455"},{"@type":"BreadcrumbList","@id":"https:\/\/moedlareuth.de\/elsterberger-oberschueler-besichtigen-das-deutsch-deutsche-museum-moedlareuth\/#breadcrumb","itemListElement":[{"@type":"ListItem","position":1,"name":"Startseite","item":"https:\/\/www.moedlareuth.de\/"},{"@type":"ListItem","position":2,"name":"Elsterberger Obersch\u00fcler besichtigen das Deutsch-Deutsche Museum M\u00f6dlareuth"}]},{"@type":"WebSite","@id":"https:\/\/moedlareuth.de\/preview\/#website","url":"https:\/\/moedlareuth.de\/preview\/","name":"Deutsch-Deutsches Museum M\u00f6dlareuth","description":"Monumento a la divisi\u00f3n de Alemania","publisher":{"@id":"https:\/\/moedlareuth.de\/preview\/#organization"},"potentialAction":[{"@type":"SearchAction","target":{"@type":"EntryPoint","urlTemplate":"https:\/\/moedlareuth.de\/preview\/?s={search_term_string}"},"query-input":{"@type":"PropertyValueSpecification","valueRequired":true,"valueName":"search_term_string"}}],"inLanguage":"es"},{"@type":"Organization","@id":"https:\/\/moedlareuth.de\/preview\/#organization","name":"Deutsch-Deutsches Museum M\u00f6dlareuth","url":"https:\/\/moedlareuth.de\/preview\/","logo":{"@type":"ImageObject","inLanguage":"es","@id":"https:\/\/moedlareuth.de\/preview\/#\/schema\/logo\/image\/","url":"https:\/\/www.moedlareuth.de\/wp-content\/uploads\/2022\/02\/museum_moedlareuth_logo_hell_zusatz.svg","contentUrl":"https:\/\/www.moedlareuth.de\/wp-content\/uploads\/2022\/02\/museum_moedlareuth_logo_hell_zusatz.svg","width":255,"height":62,"caption":"Deutsch-Deutsches Museum M\u00f6dlareuth"},"image":{"@id":"https:\/\/moedlareuth.de\/preview\/#\/schema\/logo\/image\/"}},{"@type":"Person","@id":"https:\/\/moedlareuth.de\/preview\/#\/schema\/person\/9194619dfae57e8d77d645ad86c2ea4e","name":"ronald schricker","sameAs":["http:\/\/www.museum-www.moedlareuth.de"],"url":"https:\/\/www.moedlareuth.de\/es\/author\/rs-lra-hof\/"}]}},"_links":{"self":[{"href":"https:\/\/www.moedlareuth.de\/es\/wp-json\/wp\/v2\/posts\/1218","targetHints":{"allow":["GET"]}}],"collection":[{"href":"https:\/\/www.moedlareuth.de\/es\/wp-json\/wp\/v2\/posts"}],"about":[{"href":"https:\/\/www.moedlareuth.de\/es\/wp-json\/wp\/v2\/types\/post"}],"author":[{"embeddable":true,"href":"https:\/\/www.moedlareuth.de\/es\/wp-json\/wp\/v2\/users\/6"}],"replies":[{"embeddable":true,"href":"https:\/\/www.moedlareuth.de\/es\/wp-json\/wp\/v2\/comments?post=1218"}],"version-history":[{"count":0,"href":"https:\/\/www.moedlareuth.de\/es\/wp-json\/wp\/v2\/posts\/1218\/revisions"}],"wp:featuredmedia":[{"embeddable":true,"href":"https:\/\/www.moedlareuth.de\/es\/wp-json\/wp\/v2\/media\/1211"}],"wp:attachment":[{"href":"https:\/\/www.moedlareuth.de\/es\/wp-json\/wp\/v2\/media?parent=1218"}],"wp:term":[{"taxonomy":"category","embeddable":true,"href":"https:\/\/www.moedlareuth.de\/es\/wp-json\/wp\/v2\/categories?post=1218"},{"taxonomy":"post_tag","embeddable":true,"href":"https:\/\/www.moedlareuth.de\/es\/wp-json\/wp\/v2\/tags?post=1218"}],"curies":[{"name":"wp","href":"https:\/\/api.w.org\/{rel}","templated":true}]}}