{"id":12904,"date":"2023-12-14T15:41:36","date_gmt":"2023-12-14T14:41:36","guid":{"rendered":"https:\/\/www.moedlareuth.de\/?p=12904"},"modified":"2023-12-21T12:39:31","modified_gmt":"2023-12-21T11:39:31","slug":"verabschiedung-langjaehriger-mitarbeiterinnen","status":"publish","type":"post","link":"https:\/\/www.moedlareuth.de\/en\/verabschiedung-langjaehriger-mitarbeiterinnen\/","title":{"rendered":"Verabschiedung langj\u00e4hriger <br>Mitarbeiterinnen"},"content":{"rendered":"<p>Am 11. Dezember 2023 verabschiedete das Deutsch-Deutsche Museum M\u00f6dlareuth zwei Mitarbeiterinnen, die dieses Jahr aus dem Dienst ausgeschieden sind. Frau Greim war seit 1995 f\u00fcr das Museum t\u00e4tig, Frau K\u00f6sser seit dem Jahr 2000. Beide unterst\u00fctzten das Museum durch ihre langj\u00e4hrige T\u00e4tigkeit als Kassenkraft. Mit ihrer Freundlichkeit, Geduld und Ortskenntnis waren sie f\u00fcr viele Besucher eine gro\u00dfe Hilfe.<\/p>\n\n\n\n<figure class=\"wp-block-image size-large\"><a href=\"https:\/\/www.moedlareuth.de\/wp-content\/uploads\/2023\/12\/Verabschiedung-2023-12-11-scaled.jpg\"><img fetchpriority=\"high\" decoding=\"async\" width=\"768\" height=\"1024\" src=\"https:\/\/www.moedlareuth.de\/wp-content\/uploads\/2023\/12\/Verabschiedung-2023-12-11-768x1024.jpg\" alt=\"\" class=\"wp-image-12905\" srcset=\"https:\/\/www.moedlareuth.de\/wp-content\/uploads\/2023\/12\/Verabschiedung-2023-12-11-768x1024.jpg 768w, https:\/\/www.moedlareuth.de\/wp-content\/uploads\/2023\/12\/Verabschiedung-2023-12-11-225x300.jpg 225w, https:\/\/www.moedlareuth.de\/wp-content\/uploads\/2023\/12\/Verabschiedung-2023-12-11-1152x1536.jpg 1152w, https:\/\/www.moedlareuth.de\/wp-content\/uploads\/2023\/12\/Verabschiedung-2023-12-11-1536x2048.jpg 1536w, https:\/\/www.moedlareuth.de\/wp-content\/uploads\/2023\/12\/Verabschiedung-2023-12-11-9x12.jpg 9w, https:\/\/www.moedlareuth.de\/wp-content\/uploads\/2023\/12\/Verabschiedung-2023-12-11-scaled.jpg 1920w\" sizes=\"(max-width: 768px) 100vw, 768px\" \/><\/a><\/figure>\n\n\n\n<p>Foto (von links nach rechts): Christine Franz (LRA Hof, Gesch\u00e4ftsstelle Zweckverband), Renate Greim, Eva K\u00f6sser und Museumsleiter Robert Lebegern M.A.  bei der Pr\u00e4sent\u00fcbergabe<\/p>","protected":false},"excerpt":{"rendered":"<p>Am 11. Dezember 2023 verabschiedete das Deutsch-Deutsche Museum M\u00f6dlareuth zwei Mitarbeiterinnen, die dieses Jahr aus dem Dienst ausgeschieden sind. Frau Greim war seit 1995 f\u00fcr das Museum t\u00e4tig, Frau K\u00f6sser seit dem Jahr 2000. Beide unterst\u00fctzten das Museum durch ihre langj\u00e4hrige T\u00e4tigkeit als Kassenkraft. Mit ihrer Freundlichkeit, Geduld und Ortskenntnis waren sie f\u00fcr viele Besucher&#8230;<\/p>","protected":false},"author":10,"featured_media":12909,"comment_status":"closed","ping_status":"closed","sticky":false,"template":"","format":"standard","meta":{"_acf_changed":false,"inline_featured_image":false,"_kad_post_transparent":"","_kad_post_title":"","_kad_post_layout":"","_kad_post_sidebar_id":"","_kad_post_content_style":"","_kad_post_vertical_padding":"","_kad_post_feature":"","_kad_post_feature_position":"","_kad_post_header":false,"_kad_post_footer":false,"_kad_post_classname":"","footnotes":""},"categories":[1],"tags":[],"class_list":["post-12904","post","type-post","status-publish","format-standard","has-post-thumbnail","hentry","category-aktuelles"],"acf":[],"yoast_head":"<!-- This site is optimized with the Yoast SEO plugin v27.5 - https:\/\/yoast.com\/product\/yoast-seo-wordpress\/ -->\n<title>Verabschiedung langj\u00e4hriger Mitarbeiterinnen - Deutsch-Deutsches Museum M\u00f6dlareuth<\/title>\n<meta name=\"robots\" content=\"index, follow, max-snippet:-1, max-image-preview:large, max-video-preview:-1\" \/>\n<link rel=\"canonical\" href=\"https:\/\/www.moedlareuth.de\/en\/verabschiedung-langjaehriger-mitarbeiterinnen\/\" \/>\n<meta property=\"og:locale\" content=\"en_GB\" \/>\n<meta property=\"og:type\" content=\"article\" \/>\n<meta property=\"og:title\" content=\"Verabschiedung langj\u00e4hriger Mitarbeiterinnen - Deutsch-Deutsches Museum M\u00f6dlareuth\" \/>\n<meta property=\"og:description\" content=\"Am 11. Dezember 2023 verabschiedete das Deutsch-Deutsche Museum M\u00f6dlareuth zwei Mitarbeiterinnen, die dieses Jahr aus dem Dienst ausgeschieden sind. Frau Greim war seit 1995 f\u00fcr das Museum t\u00e4tig, Frau K\u00f6sser seit dem Jahr 2000. Beide unterst\u00fctzten das Museum durch ihre langj\u00e4hrige T\u00e4tigkeit als Kassenkraft. Mit ihrer Freundlichkeit, Geduld und Ortskenntnis waren sie f\u00fcr viele Besucher...\" \/>\n<meta property=\"og:url\" content=\"https:\/\/www.moedlareuth.de\/en\/verabschiedung-langjaehriger-mitarbeiterinnen\/\" \/>\n<meta property=\"og:site_name\" content=\"Deutsch-Deutsches Museum M\u00f6dlareuth\" \/>\n<meta property=\"article:published_time\" content=\"2023-12-14T14:41:36+00:00\" \/>\n<meta property=\"article:modified_time\" content=\"2023-12-21T11:39:31+00:00\" \/>\n<meta property=\"og:image\" content=\"https:\/\/www.moedlareuth.de\/wp-content\/uploads\/2023\/12\/Verabschiedung-2023-12-11-schnitt-scaled.jpg\" \/>\n\t<meta property=\"og:image:width\" content=\"2560\" \/>\n\t<meta property=\"og:image:height\" content=\"2025\" \/>\n\t<meta property=\"og:image:type\" content=\"image\/jpeg\" \/>\n<meta name=\"author\" content=\"Susan Burger\" \/>\n<meta name=\"twitter:card\" content=\"summary_large_image\" \/>\n<meta name=\"twitter:label1\" content=\"Written by\" \/>\n\t<meta name=\"twitter:data1\" content=\"Susan Burger\" \/>\n\t<meta name=\"twitter:label2\" content=\"Estimated reading time\" \/>\n\t<meta name=\"twitter:data2\" content=\"1 minute\" \/>\n<script type=\"application\/ld+json\" class=\"yoast-schema-graph\">{\"@context\":\"https:\\\/\\\/schema.org\",\"@graph\":[{\"@type\":\"Article\",\"@id\":\"https:\\\/\\\/www.moedlareuth.de\\\/verabschiedung-langjaehriger-mitarbeiterinnen\\\/#article\",\"isPartOf\":{\"@id\":\"https:\\\/\\\/www.moedlareuth.de\\\/verabschiedung-langjaehriger-mitarbeiterinnen\\\/\"},\"author\":{\"name\":\"Susan Burger\",\"@id\":\"https:\\\/\\\/moedlareuth.de\\\/preview\\\/#\\\/schema\\\/person\\\/42d95c7c900104834e45a22afe68e54d\"},\"headline\":\"Verabschiedung langj\u00e4hriger Mitarbeiterinnen\",\"datePublished\":\"2023-12-14T14:41:36+00:00\",\"dateModified\":\"2023-12-21T11:39:31+00:00\",\"mainEntityOfPage\":{\"@id\":\"https:\\\/\\\/www.moedlareuth.de\\\/verabschiedung-langjaehriger-mitarbeiterinnen\\\/\"},\"wordCount\":95,\"publisher\":{\"@id\":\"https:\\\/\\\/moedlareuth.de\\\/preview\\\/#organization\"},\"image\":{\"@id\":\"https:\\\/\\\/www.moedlareuth.de\\\/verabschiedung-langjaehriger-mitarbeiterinnen\\\/#primaryimage\"},\"thumbnailUrl\":\"https:\\\/\\\/www.moedlareuth.de\\\/wp-content\\\/uploads\\\/2023\\\/12\\\/Verabschiedung-2023-12-11-schnitt-scaled.jpg\",\"articleSection\":[\"Aktuelles\"],\"inLanguage\":\"en-GB\"},{\"@type\":\"WebPage\",\"@id\":\"https:\\\/\\\/www.moedlareuth.de\\\/verabschiedung-langjaehriger-mitarbeiterinnen\\\/\",\"url\":\"https:\\\/\\\/www.moedlareuth.de\\\/verabschiedung-langjaehriger-mitarbeiterinnen\\\/\",\"name\":\"Verabschiedung langj\u00e4hriger Mitarbeiterinnen - Deutsch-Deutsches Museum M\u00f6dlareuth\",\"isPartOf\":{\"@id\":\"https:\\\/\\\/moedlareuth.de\\\/preview\\\/#website\"},\"primaryImageOfPage\":{\"@id\":\"https:\\\/\\\/www.moedlareuth.de\\\/verabschiedung-langjaehriger-mitarbeiterinnen\\\/#primaryimage\"},\"image\":{\"@id\":\"https:\\\/\\\/www.moedlareuth.de\\\/verabschiedung-langjaehriger-mitarbeiterinnen\\\/#primaryimage\"},\"thumbnailUrl\":\"https:\\\/\\\/www.moedlareuth.de\\\/wp-content\\\/uploads\\\/2023\\\/12\\\/Verabschiedung-2023-12-11-schnitt-scaled.jpg\",\"datePublished\":\"2023-12-14T14:41:36+00:00\",\"dateModified\":\"2023-12-21T11:39:31+00:00\",\"breadcrumb\":{\"@id\":\"https:\\\/\\\/www.moedlareuth.de\\\/verabschiedung-langjaehriger-mitarbeiterinnen\\\/#breadcrumb\"},\"inLanguage\":\"en-GB\",\"potentialAction\":[{\"@type\":\"ReadAction\",\"target\":[\"https:\\\/\\\/www.moedlareuth.de\\\/verabschiedung-langjaehriger-mitarbeiterinnen\\\/\"]}]},{\"@type\":\"ImageObject\",\"inLanguage\":\"en-GB\",\"@id\":\"https:\\\/\\\/www.moedlareuth.de\\\/verabschiedung-langjaehriger-mitarbeiterinnen\\\/#primaryimage\",\"url\":\"https:\\\/\\\/www.moedlareuth.de\\\/wp-content\\\/uploads\\\/2023\\\/12\\\/Verabschiedung-2023-12-11-schnitt-scaled.jpg\",\"contentUrl\":\"https:\\\/\\\/www.moedlareuth.de\\\/wp-content\\\/uploads\\\/2023\\\/12\\\/Verabschiedung-2023-12-11-schnitt-scaled.jpg\",\"width\":2560,\"height\":2025},{\"@type\":\"BreadcrumbList\",\"@id\":\"https:\\\/\\\/www.moedlareuth.de\\\/verabschiedung-langjaehriger-mitarbeiterinnen\\\/#breadcrumb\",\"itemListElement\":[{\"@type\":\"ListItem\",\"position\":1,\"name\":\"Startseite\",\"item\":\"https:\\\/\\\/www.moedlareuth.de\\\/\"},{\"@type\":\"ListItem\",\"position\":2,\"name\":\"Verabschiedung langj\u00e4hriger Mitarbeiterinnen\"}]},{\"@type\":\"WebSite\",\"@id\":\"https:\\\/\\\/moedlareuth.de\\\/preview\\\/#website\",\"url\":\"https:\\\/\\\/moedlareuth.de\\\/preview\\\/\",\"name\":\"Deutsch-Deutsches Museum M\u00f6dlareuth\",\"description\":\"Gedenkst\u00e4tte zur deutschen Teilung\",\"publisher\":{\"@id\":\"https:\\\/\\\/moedlareuth.de\\\/preview\\\/#organization\"},\"potentialAction\":[{\"@type\":\"SearchAction\",\"target\":{\"@type\":\"EntryPoint\",\"urlTemplate\":\"https:\\\/\\\/moedlareuth.de\\\/preview\\\/?s={search_term_string}\"},\"query-input\":{\"@type\":\"PropertyValueSpecification\",\"valueRequired\":true,\"valueName\":\"search_term_string\"}}],\"inLanguage\":\"en-GB\"},{\"@type\":\"Organization\",\"@id\":\"https:\\\/\\\/moedlareuth.de\\\/preview\\\/#organization\",\"name\":\"Deutsch-Deutsches Museum M\u00f6dlareuth\",\"url\":\"https:\\\/\\\/moedlareuth.de\\\/preview\\\/\",\"logo\":{\"@type\":\"ImageObject\",\"inLanguage\":\"en-GB\",\"@id\":\"https:\\\/\\\/moedlareuth.de\\\/preview\\\/#\\\/schema\\\/logo\\\/image\\\/\",\"url\":\"https:\\\/\\\/www.moedlareuth.de\\\/wp-content\\\/uploads\\\/2022\\\/02\\\/museum_moedlareuth_logo_hell_zusatz.svg\",\"contentUrl\":\"https:\\\/\\\/www.moedlareuth.de\\\/wp-content\\\/uploads\\\/2022\\\/02\\\/museum_moedlareuth_logo_hell_zusatz.svg\",\"width\":255,\"height\":62,\"caption\":\"Deutsch-Deutsches Museum M\u00f6dlareuth\"},\"image\":{\"@id\":\"https:\\\/\\\/moedlareuth.de\\\/preview\\\/#\\\/schema\\\/logo\\\/image\\\/\"}},{\"@type\":\"Person\",\"@id\":\"https:\\\/\\\/moedlareuth.de\\\/preview\\\/#\\\/schema\\\/person\\\/42d95c7c900104834e45a22afe68e54d\",\"name\":\"Susan Burger\",\"url\":\"https:\\\/\\\/www.moedlareuth.de\\\/en\\\/author\\\/s-burger\\\/\"}]}<\/script>\n<!-- \/ Yoast SEO plugin. -->","yoast_head_json":{"title":"Verabschiedung langj\u00e4hriger Mitarbeiterinnen - Deutsch-Deutsches Museum M\u00f6dlareuth","robots":{"index":"index","follow":"follow","max-snippet":"max-snippet:-1","max-image-preview":"max-image-preview:large","max-video-preview":"max-video-preview:-1"},"canonical":"https:\/\/www.moedlareuth.de\/en\/verabschiedung-langjaehriger-mitarbeiterinnen\/","og_locale":"en_GB","og_type":"article","og_title":"Verabschiedung langj\u00e4hriger Mitarbeiterinnen - Deutsch-Deutsches Museum M\u00f6dlareuth","og_description":"Am 11. Dezember 2023 verabschiedete das Deutsch-Deutsche Museum M\u00f6dlareuth zwei Mitarbeiterinnen, die dieses Jahr aus dem Dienst ausgeschieden sind. Frau Greim war seit 1995 f\u00fcr das Museum t\u00e4tig, Frau K\u00f6sser seit dem Jahr 2000. Beide unterst\u00fctzten das Museum durch ihre langj\u00e4hrige T\u00e4tigkeit als Kassenkraft. Mit ihrer Freundlichkeit, Geduld und Ortskenntnis waren sie f\u00fcr viele Besucher...","og_url":"https:\/\/www.moedlareuth.de\/en\/verabschiedung-langjaehriger-mitarbeiterinnen\/","og_site_name":"Deutsch-Deutsches Museum M\u00f6dlareuth","article_published_time":"2023-12-14T14:41:36+00:00","article_modified_time":"2023-12-21T11:39:31+00:00","og_image":[{"width":2560,"height":2025,"url":"https:\/\/www.moedlareuth.de\/wp-content\/uploads\/2023\/12\/Verabschiedung-2023-12-11-schnitt-scaled.jpg","type":"image\/jpeg"}],"author":"Susan Burger","twitter_card":"summary_large_image","twitter_misc":{"Written by":"Susan Burger","Estimated reading time":"1 minute"},"schema":{"@context":"https:\/\/schema.org","@graph":[{"@type":"Article","@id":"https:\/\/www.moedlareuth.de\/verabschiedung-langjaehriger-mitarbeiterinnen\/#article","isPartOf":{"@id":"https:\/\/www.moedlareuth.de\/verabschiedung-langjaehriger-mitarbeiterinnen\/"},"author":{"name":"Susan Burger","@id":"https:\/\/moedlareuth.de\/preview\/#\/schema\/person\/42d95c7c900104834e45a22afe68e54d"},"headline":"Verabschiedung langj\u00e4hriger Mitarbeiterinnen","datePublished":"2023-12-14T14:41:36+00:00","dateModified":"2023-12-21T11:39:31+00:00","mainEntityOfPage":{"@id":"https:\/\/www.moedlareuth.de\/verabschiedung-langjaehriger-mitarbeiterinnen\/"},"wordCount":95,"publisher":{"@id":"https:\/\/moedlareuth.de\/preview\/#organization"},"image":{"@id":"https:\/\/www.moedlareuth.de\/verabschiedung-langjaehriger-mitarbeiterinnen\/#primaryimage"},"thumbnailUrl":"https:\/\/www.moedlareuth.de\/wp-content\/uploads\/2023\/12\/Verabschiedung-2023-12-11-schnitt-scaled.jpg","articleSection":["Aktuelles"],"inLanguage":"en-GB"},{"@type":"WebPage","@id":"https:\/\/www.moedlareuth.de\/verabschiedung-langjaehriger-mitarbeiterinnen\/","url":"https:\/\/www.moedlareuth.de\/verabschiedung-langjaehriger-mitarbeiterinnen\/","name":"Verabschiedung langj\u00e4hriger Mitarbeiterinnen - Deutsch-Deutsches Museum M\u00f6dlareuth","isPartOf":{"@id":"https:\/\/moedlareuth.de\/preview\/#website"},"primaryImageOfPage":{"@id":"https:\/\/www.moedlareuth.de\/verabschiedung-langjaehriger-mitarbeiterinnen\/#primaryimage"},"image":{"@id":"https:\/\/www.moedlareuth.de\/verabschiedung-langjaehriger-mitarbeiterinnen\/#primaryimage"},"thumbnailUrl":"https:\/\/www.moedlareuth.de\/wp-content\/uploads\/2023\/12\/Verabschiedung-2023-12-11-schnitt-scaled.jpg","datePublished":"2023-12-14T14:41:36+00:00","dateModified":"2023-12-21T11:39:31+00:00","breadcrumb":{"@id":"https:\/\/www.moedlareuth.de\/verabschiedung-langjaehriger-mitarbeiterinnen\/#breadcrumb"},"inLanguage":"en-GB","potentialAction":[{"@type":"ReadAction","target":["https:\/\/www.moedlareuth.de\/verabschiedung-langjaehriger-mitarbeiterinnen\/"]}]},{"@type":"ImageObject","inLanguage":"en-GB","@id":"https:\/\/www.moedlareuth.de\/verabschiedung-langjaehriger-mitarbeiterinnen\/#primaryimage","url":"https:\/\/www.moedlareuth.de\/wp-content\/uploads\/2023\/12\/Verabschiedung-2023-12-11-schnitt-scaled.jpg","contentUrl":"https:\/\/www.moedlareuth.de\/wp-content\/uploads\/2023\/12\/Verabschiedung-2023-12-11-schnitt-scaled.jpg","width":2560,"height":2025},{"@type":"BreadcrumbList","@id":"https:\/\/www.moedlareuth.de\/verabschiedung-langjaehriger-mitarbeiterinnen\/#breadcrumb","itemListElement":[{"@type":"ListItem","position":1,"name":"Startseite","item":"https:\/\/www.moedlareuth.de\/"},{"@type":"ListItem","position":2,"name":"Verabschiedung langj\u00e4hriger Mitarbeiterinnen"}]},{"@type":"WebSite","@id":"https:\/\/moedlareuth.de\/preview\/#website","url":"https:\/\/moedlareuth.de\/preview\/","name":"Deutsch-Deutsches Museum M\u00f6dlareuth","description":"Memorial to the division of Germany","publisher":{"@id":"https:\/\/moedlareuth.de\/preview\/#organization"},"potentialAction":[{"@type":"SearchAction","target":{"@type":"EntryPoint","urlTemplate":"https:\/\/moedlareuth.de\/preview\/?s={search_term_string}"},"query-input":{"@type":"PropertyValueSpecification","valueRequired":true,"valueName":"search_term_string"}}],"inLanguage":"en-GB"},{"@type":"Organization","@id":"https:\/\/moedlareuth.de\/preview\/#organization","name":"Deutsch-Deutsches Museum M\u00f6dlareuth","url":"https:\/\/moedlareuth.de\/preview\/","logo":{"@type":"ImageObject","inLanguage":"en-GB","@id":"https:\/\/moedlareuth.de\/preview\/#\/schema\/logo\/image\/","url":"https:\/\/www.moedlareuth.de\/wp-content\/uploads\/2022\/02\/museum_moedlareuth_logo_hell_zusatz.svg","contentUrl":"https:\/\/www.moedlareuth.de\/wp-content\/uploads\/2022\/02\/museum_moedlareuth_logo_hell_zusatz.svg","width":255,"height":62,"caption":"Deutsch-Deutsches Museum M\u00f6dlareuth"},"image":{"@id":"https:\/\/moedlareuth.de\/preview\/#\/schema\/logo\/image\/"}},{"@type":"Person","@id":"https:\/\/moedlareuth.de\/preview\/#\/schema\/person\/42d95c7c900104834e45a22afe68e54d","name":"Susan Burger","url":"https:\/\/www.moedlareuth.de\/en\/author\/s-burger\/"}]}},"_links":{"self":[{"href":"https:\/\/www.moedlareuth.de\/en\/wp-json\/wp\/v2\/posts\/12904","targetHints":{"allow":["GET"]}}],"collection":[{"href":"https:\/\/www.moedlareuth.de\/en\/wp-json\/wp\/v2\/posts"}],"about":[{"href":"https:\/\/www.moedlareuth.de\/en\/wp-json\/wp\/v2\/types\/post"}],"author":[{"embeddable":true,"href":"https:\/\/www.moedlareuth.de\/en\/wp-json\/wp\/v2\/users\/10"}],"replies":[{"embeddable":true,"href":"https:\/\/www.moedlareuth.de\/en\/wp-json\/wp\/v2\/comments?post=12904"}],"version-history":[{"count":4,"href":"https:\/\/www.moedlareuth.de\/en\/wp-json\/wp\/v2\/posts\/12904\/revisions"}],"predecessor-version":[{"id":13246,"href":"https:\/\/www.moedlareuth.de\/en\/wp-json\/wp\/v2\/posts\/12904\/revisions\/13246"}],"wp:featuredmedia":[{"embeddable":true,"href":"https:\/\/www.moedlareuth.de\/en\/wp-json\/wp\/v2\/media\/12909"}],"wp:attachment":[{"href":"https:\/\/www.moedlareuth.de\/en\/wp-json\/wp\/v2\/media?parent=12904"}],"wp:term":[{"taxonomy":"category","embeddable":true,"href":"https:\/\/www.moedlareuth.de\/en\/wp-json\/wp\/v2\/categories?post=12904"},{"taxonomy":"post_tag","embeddable":true,"href":"https:\/\/www.moedlareuth.de\/en\/wp-json\/wp\/v2\/tags?post=12904"}],"curies":[{"name":"wp","href":"https:\/\/api.w.org\/{rel}","templated":true}]}}