{"id":12798,"date":"2023-09-22T17:12:11","date_gmt":"2023-09-22T15:12:11","guid":{"rendered":"https:\/\/www.moedlareuth.de\/?p=12798"},"modified":"2023-09-28T10:30:15","modified_gmt":"2023-09-28T08:30:15","slug":"tag-der-deutschen-einheit-3-oktober-2023","status":"publish","type":"post","link":"https:\/\/www.moedlareuth.de\/en\/tag-der-deutschen-einheit-3-oktober-2023\/","title":{"rendered":"Tag der Deutschen Einheit &#8211; 3. Oktober 2023"},"content":{"rendered":"<p><strong>Museumsprogramm (Stand 27.09.2023)<\/strong><\/p>\n\n\n\n<p>Das Deutsch-Deutsche Museum M\u00f6dlareuth hat von 09.00 bis 18.00 Uhr ge\u00f6ffnet. Zus\u00e4tzlich zur Kasse am Museumshauptgeb\u00e4ude wird sich eine Au\u00dfenkasse und Informationsstelle im Freigel\u00e4nde befinden.<\/p>\n\n\n\n<p>Besucher k\u00f6nnen das Freigel\u00e4nde mit original erhaltenen DDR-Grenzsperranlagen besichtigen. Es finden Vorf\u00fchrungen des Kurzfilms \u201eAlltag an der Grenze\u201c (ca. 20 Min.) statt. Zudem k\u00f6nnen die Fahrzeugausstellung und drei Ausstellungen besucht werden: \u201eNiemand hat die Absicht eine Mauer zu errichten\u2026\u201c zur Geschichte des geteilten Dorfes M\u00f6dlareuth, \u201eMenschen des 17. Juni\u201c zu Beteiligten am Volksaufstand in der DDR 1953 sowie \u201eDie Mauer. 1961-2021\u201c (Bundeszentrale f\u00fcr politische Bildung). <\/p>\n\n\n\n<p>F\u00fcr interessierte Besucher werden kostenlose Kurzf\u00fchrungen angeboten, sofern es keine Beeintr\u00e4chtigungen durch die weiteren Veranstaltungen im Ort gibt.<\/p>\n\n\n\n<p>Von 09.00 bis 17.00 Uhr informiert das Stasi-Unterlagen-Archiv Gera in einer B\u00fcrgerberatung zur Frage: \u201eWie kann ich meine Stasi-Akte einsehen?\u201c und zeigt die Wanderausstellung \u201e\u00dcberwachen. Ver\u00e4ngstigen. Verfolgen \u2013 Stasi. Die Geheimpolizei der DDR&#8220;.<\/p>\n\n\n\n<p>Die Bayerische Landeszentrale f\u00fcr politische Bildungsarbeit pr\u00e4sentiert die App \u201eGrenzland\u201c und informiert \u00fcber ihr Bildungsangebot.<\/p>\n\n\n\n<p>Dar\u00fcber hinaus wird von 9:00 bis 18:00 Uhr im Freigel\u00e4nde, Bereich Untere M\u00fchle die internationale Kunst-Aktion \u201eKunst auf der Grenze\u201c zu sehen, h\u00f6ren und erleben sein. F\u00fcnf K\u00fcnstler aus drei Erdteilen bieten ein Multimedia-Happening, begleitet von Kunst-Installationen zum Mitmachen: Virtual Reality-Brillen mit integrierten 360\u00b0-Videos erm\u00f6glichen neben Kunstobjekten und akustischen Impulsen ein Raum- und Klangerlebnis zur ehemals innerdeutschen Grenze, mit weltweiten Bez\u00fcgen zu Vertreibung, Trennung und Flucht. <\/p>\n\n\n\n<p>M\u00f6dlareuth wird ganztags f\u00fcr den Durchgangsverkehr gesperrt sein. Entsprechende Parkm\u00f6glichkeiten werden ausgewiesen.<\/p>","protected":false},"excerpt":{"rendered":"<p>Museumsprogramm (Stand 27.09.2023) Das Deutsch-Deutsche Museum M\u00f6dlareuth hat von 09.00 bis 18.00 Uhr ge\u00f6ffnet. Zus\u00e4tzlich zur Kasse am Museumshauptgeb\u00e4ude wird sich eine Au\u00dfenkasse und Informationsstelle im Freigel\u00e4nde befinden. Besucher k\u00f6nnen das Freigel\u00e4nde mit original erhaltenen DDR-Grenzsperranlagen besichtigen. Es finden Vorf\u00fchrungen des Kurzfilms \u201eAlltag an der Grenze\u201c (ca. 20 Min.) statt. Zudem k\u00f6nnen die Fahrzeugausstellung und&#8230;<\/p>","protected":false},"author":10,"featured_media":12801,"comment_status":"closed","ping_status":"closed","sticky":false,"template":"","format":"standard","meta":{"_acf_changed":false,"inline_featured_image":false,"_kad_post_transparent":"","_kad_post_title":"","_kad_post_layout":"","_kad_post_sidebar_id":"","_kad_post_content_style":"","_kad_post_vertical_padding":"","_kad_post_feature":"","_kad_post_feature_position":"","_kad_post_header":false,"_kad_post_footer":false,"_kad_post_classname":"","footnotes":""},"categories":[1],"tags":[],"class_list":["post-12798","post","type-post","status-publish","format-standard","has-post-thumbnail","hentry","category-aktuelles"],"acf":[],"yoast_head":"<!-- This site is optimized with the Yoast SEO plugin v27.5 - https:\/\/yoast.com\/product\/yoast-seo-wordpress\/ -->\n<title>Tag der Deutschen Einheit - 3. Oktober 2023 - Deutsch-Deutsches Museum M\u00f6dlareuth<\/title>\n<meta name=\"robots\" content=\"index, follow, max-snippet:-1, max-image-preview:large, max-video-preview:-1\" \/>\n<link rel=\"canonical\" href=\"https:\/\/www.moedlareuth.de\/en\/tag-der-deutschen-einheit-3-oktober-2023\/\" \/>\n<meta property=\"og:locale\" content=\"en_GB\" \/>\n<meta property=\"og:type\" content=\"article\" \/>\n<meta property=\"og:title\" content=\"Tag der Deutschen Einheit - 3. Oktober 2023 - Deutsch-Deutsches Museum M\u00f6dlareuth\" \/>\n<meta property=\"og:description\" content=\"Museumsprogramm (Stand 27.09.2023) Das Deutsch-Deutsche Museum M\u00f6dlareuth hat von 09.00 bis 18.00 Uhr ge\u00f6ffnet. Zus\u00e4tzlich zur Kasse am Museumshauptgeb\u00e4ude wird sich eine Au\u00dfenkasse und Informationsstelle im Freigel\u00e4nde befinden. Besucher k\u00f6nnen das Freigel\u00e4nde mit original erhaltenen DDR-Grenzsperranlagen besichtigen. Es finden Vorf\u00fchrungen des Kurzfilms \u201eAlltag an der Grenze\u201c (ca. 20 Min.) statt. Zudem k\u00f6nnen die Fahrzeugausstellung und...\" \/>\n<meta property=\"og:url\" content=\"https:\/\/www.moedlareuth.de\/en\/tag-der-deutschen-einheit-3-oktober-2023\/\" \/>\n<meta property=\"og:site_name\" content=\"Deutsch-Deutsches Museum M\u00f6dlareuth\" \/>\n<meta property=\"article:published_time\" content=\"2023-09-22T15:12:11+00:00\" \/>\n<meta property=\"article:modified_time\" content=\"2023-09-28T08:30:15+00:00\" \/>\n<meta property=\"og:image\" content=\"https:\/\/www.moedlareuth.de\/wp-content\/uploads\/2023\/09\/Freigelaende-mit-original-erhaltener-Mauer-02.jpg\" \/>\n\t<meta property=\"og:image:width\" content=\"1400\" \/>\n\t<meta property=\"og:image:height\" content=\"933\" \/>\n\t<meta property=\"og:image:type\" content=\"image\/jpeg\" \/>\n<meta name=\"author\" content=\"Susan Burger\" \/>\n<meta name=\"twitter:card\" content=\"summary_large_image\" \/>\n<meta name=\"twitter:label1\" content=\"Written by\" \/>\n\t<meta name=\"twitter:data1\" content=\"Susan Burger\" \/>\n\t<meta name=\"twitter:label2\" content=\"Estimated reading time\" \/>\n\t<meta name=\"twitter:data2\" content=\"2 minutes\" \/>\n<script type=\"application\/ld+json\" class=\"yoast-schema-graph\">{\"@context\":\"https:\\\/\\\/schema.org\",\"@graph\":[{\"@type\":\"Article\",\"@id\":\"https:\\\/\\\/www.moedlareuth.de\\\/tag-der-deutschen-einheit-3-oktober-2023\\\/#article\",\"isPartOf\":{\"@id\":\"https:\\\/\\\/www.moedlareuth.de\\\/tag-der-deutschen-einheit-3-oktober-2023\\\/\"},\"author\":{\"name\":\"Susan Burger\",\"@id\":\"https:\\\/\\\/moedlareuth.de\\\/preview\\\/#\\\/schema\\\/person\\\/42d95c7c900104834e45a22afe68e54d\"},\"headline\":\"Tag der Deutschen Einheit &#8211; 3. Oktober 2023\",\"datePublished\":\"2023-09-22T15:12:11+00:00\",\"dateModified\":\"2023-09-28T08:30:15+00:00\",\"mainEntityOfPage\":{\"@id\":\"https:\\\/\\\/www.moedlareuth.de\\\/tag-der-deutschen-einheit-3-oktober-2023\\\/\"},\"wordCount\":262,\"publisher\":{\"@id\":\"https:\\\/\\\/moedlareuth.de\\\/preview\\\/#organization\"},\"image\":{\"@id\":\"https:\\\/\\\/www.moedlareuth.de\\\/tag-der-deutschen-einheit-3-oktober-2023\\\/#primaryimage\"},\"thumbnailUrl\":\"https:\\\/\\\/www.moedlareuth.de\\\/wp-content\\\/uploads\\\/2023\\\/09\\\/Freigelaende-mit-original-erhaltener-Mauer-02.jpg\",\"articleSection\":[\"Aktuelles\"],\"inLanguage\":\"en-GB\"},{\"@type\":\"WebPage\",\"@id\":\"https:\\\/\\\/www.moedlareuth.de\\\/tag-der-deutschen-einheit-3-oktober-2023\\\/\",\"url\":\"https:\\\/\\\/www.moedlareuth.de\\\/tag-der-deutschen-einheit-3-oktober-2023\\\/\",\"name\":\"Tag der Deutschen Einheit - 3. Oktober 2023 - Deutsch-Deutsches Museum M\u00f6dlareuth\",\"isPartOf\":{\"@id\":\"https:\\\/\\\/moedlareuth.de\\\/preview\\\/#website\"},\"primaryImageOfPage\":{\"@id\":\"https:\\\/\\\/www.moedlareuth.de\\\/tag-der-deutschen-einheit-3-oktober-2023\\\/#primaryimage\"},\"image\":{\"@id\":\"https:\\\/\\\/www.moedlareuth.de\\\/tag-der-deutschen-einheit-3-oktober-2023\\\/#primaryimage\"},\"thumbnailUrl\":\"https:\\\/\\\/www.moedlareuth.de\\\/wp-content\\\/uploads\\\/2023\\\/09\\\/Freigelaende-mit-original-erhaltener-Mauer-02.jpg\",\"datePublished\":\"2023-09-22T15:12:11+00:00\",\"dateModified\":\"2023-09-28T08:30:15+00:00\",\"breadcrumb\":{\"@id\":\"https:\\\/\\\/www.moedlareuth.de\\\/tag-der-deutschen-einheit-3-oktober-2023\\\/#breadcrumb\"},\"inLanguage\":\"en-GB\",\"potentialAction\":[{\"@type\":\"ReadAction\",\"target\":[\"https:\\\/\\\/www.moedlareuth.de\\\/tag-der-deutschen-einheit-3-oktober-2023\\\/\"]}]},{\"@type\":\"ImageObject\",\"inLanguage\":\"en-GB\",\"@id\":\"https:\\\/\\\/www.moedlareuth.de\\\/tag-der-deutschen-einheit-3-oktober-2023\\\/#primaryimage\",\"url\":\"https:\\\/\\\/www.moedlareuth.de\\\/wp-content\\\/uploads\\\/2023\\\/09\\\/Freigelaende-mit-original-erhaltener-Mauer-02.jpg\",\"contentUrl\":\"https:\\\/\\\/www.moedlareuth.de\\\/wp-content\\\/uploads\\\/2023\\\/09\\\/Freigelaende-mit-original-erhaltener-Mauer-02.jpg\",\"width\":1400,\"height\":933},{\"@type\":\"BreadcrumbList\",\"@id\":\"https:\\\/\\\/www.moedlareuth.de\\\/tag-der-deutschen-einheit-3-oktober-2023\\\/#breadcrumb\",\"itemListElement\":[{\"@type\":\"ListItem\",\"position\":1,\"name\":\"Startseite\",\"item\":\"https:\\\/\\\/www.moedlareuth.de\\\/\"},{\"@type\":\"ListItem\",\"position\":2,\"name\":\"Tag der Deutschen Einheit &#8211; 3. Oktober 2023\"}]},{\"@type\":\"WebSite\",\"@id\":\"https:\\\/\\\/moedlareuth.de\\\/preview\\\/#website\",\"url\":\"https:\\\/\\\/moedlareuth.de\\\/preview\\\/\",\"name\":\"Deutsch-Deutsches Museum M\u00f6dlareuth\",\"description\":\"Gedenkst\u00e4tte zur deutschen Teilung\",\"publisher\":{\"@id\":\"https:\\\/\\\/moedlareuth.de\\\/preview\\\/#organization\"},\"potentialAction\":[{\"@type\":\"SearchAction\",\"target\":{\"@type\":\"EntryPoint\",\"urlTemplate\":\"https:\\\/\\\/moedlareuth.de\\\/preview\\\/?s={search_term_string}\"},\"query-input\":{\"@type\":\"PropertyValueSpecification\",\"valueRequired\":true,\"valueName\":\"search_term_string\"}}],\"inLanguage\":\"en-GB\"},{\"@type\":\"Organization\",\"@id\":\"https:\\\/\\\/moedlareuth.de\\\/preview\\\/#organization\",\"name\":\"Deutsch-Deutsches Museum M\u00f6dlareuth\",\"url\":\"https:\\\/\\\/moedlareuth.de\\\/preview\\\/\",\"logo\":{\"@type\":\"ImageObject\",\"inLanguage\":\"en-GB\",\"@id\":\"https:\\\/\\\/moedlareuth.de\\\/preview\\\/#\\\/schema\\\/logo\\\/image\\\/\",\"url\":\"https:\\\/\\\/www.moedlareuth.de\\\/wp-content\\\/uploads\\\/2022\\\/02\\\/museum_moedlareuth_logo_hell_zusatz.svg\",\"contentUrl\":\"https:\\\/\\\/www.moedlareuth.de\\\/wp-content\\\/uploads\\\/2022\\\/02\\\/museum_moedlareuth_logo_hell_zusatz.svg\",\"width\":255,\"height\":62,\"caption\":\"Deutsch-Deutsches Museum M\u00f6dlareuth\"},\"image\":{\"@id\":\"https:\\\/\\\/moedlareuth.de\\\/preview\\\/#\\\/schema\\\/logo\\\/image\\\/\"}},{\"@type\":\"Person\",\"@id\":\"https:\\\/\\\/moedlareuth.de\\\/preview\\\/#\\\/schema\\\/person\\\/42d95c7c900104834e45a22afe68e54d\",\"name\":\"Susan Burger\",\"url\":\"https:\\\/\\\/www.moedlareuth.de\\\/en\\\/author\\\/s-burger\\\/\"}]}<\/script>\n<!-- \/ Yoast SEO plugin. -->","yoast_head_json":{"title":"Tag der Deutschen Einheit - 3. Oktober 2023 - Deutsch-Deutsches Museum M\u00f6dlareuth","robots":{"index":"index","follow":"follow","max-snippet":"max-snippet:-1","max-image-preview":"max-image-preview:large","max-video-preview":"max-video-preview:-1"},"canonical":"https:\/\/www.moedlareuth.de\/en\/tag-der-deutschen-einheit-3-oktober-2023\/","og_locale":"en_GB","og_type":"article","og_title":"Tag der Deutschen Einheit - 3. Oktober 2023 - Deutsch-Deutsches Museum M\u00f6dlareuth","og_description":"Museumsprogramm (Stand 27.09.2023) Das Deutsch-Deutsche Museum M\u00f6dlareuth hat von 09.00 bis 18.00 Uhr ge\u00f6ffnet. Zus\u00e4tzlich zur Kasse am Museumshauptgeb\u00e4ude wird sich eine Au\u00dfenkasse und Informationsstelle im Freigel\u00e4nde befinden. Besucher k\u00f6nnen das Freigel\u00e4nde mit original erhaltenen DDR-Grenzsperranlagen besichtigen. Es finden Vorf\u00fchrungen des Kurzfilms \u201eAlltag an der Grenze\u201c (ca. 20 Min.) statt. Zudem k\u00f6nnen die Fahrzeugausstellung und...","og_url":"https:\/\/www.moedlareuth.de\/en\/tag-der-deutschen-einheit-3-oktober-2023\/","og_site_name":"Deutsch-Deutsches Museum M\u00f6dlareuth","article_published_time":"2023-09-22T15:12:11+00:00","article_modified_time":"2023-09-28T08:30:15+00:00","og_image":[{"width":1400,"height":933,"url":"https:\/\/www.moedlareuth.de\/wp-content\/uploads\/2023\/09\/Freigelaende-mit-original-erhaltener-Mauer-02.jpg","type":"image\/jpeg"}],"author":"Susan Burger","twitter_card":"summary_large_image","twitter_misc":{"Written by":"Susan Burger","Estimated reading time":"2 minutes"},"schema":{"@context":"https:\/\/schema.org","@graph":[{"@type":"Article","@id":"https:\/\/www.moedlareuth.de\/tag-der-deutschen-einheit-3-oktober-2023\/#article","isPartOf":{"@id":"https:\/\/www.moedlareuth.de\/tag-der-deutschen-einheit-3-oktober-2023\/"},"author":{"name":"Susan Burger","@id":"https:\/\/moedlareuth.de\/preview\/#\/schema\/person\/42d95c7c900104834e45a22afe68e54d"},"headline":"Tag der Deutschen Einheit &#8211; 3. Oktober 2023","datePublished":"2023-09-22T15:12:11+00:00","dateModified":"2023-09-28T08:30:15+00:00","mainEntityOfPage":{"@id":"https:\/\/www.moedlareuth.de\/tag-der-deutschen-einheit-3-oktober-2023\/"},"wordCount":262,"publisher":{"@id":"https:\/\/moedlareuth.de\/preview\/#organization"},"image":{"@id":"https:\/\/www.moedlareuth.de\/tag-der-deutschen-einheit-3-oktober-2023\/#primaryimage"},"thumbnailUrl":"https:\/\/www.moedlareuth.de\/wp-content\/uploads\/2023\/09\/Freigelaende-mit-original-erhaltener-Mauer-02.jpg","articleSection":["Aktuelles"],"inLanguage":"en-GB"},{"@type":"WebPage","@id":"https:\/\/www.moedlareuth.de\/tag-der-deutschen-einheit-3-oktober-2023\/","url":"https:\/\/www.moedlareuth.de\/tag-der-deutschen-einheit-3-oktober-2023\/","name":"Tag der Deutschen Einheit - 3. Oktober 2023 - Deutsch-Deutsches Museum M\u00f6dlareuth","isPartOf":{"@id":"https:\/\/moedlareuth.de\/preview\/#website"},"primaryImageOfPage":{"@id":"https:\/\/www.moedlareuth.de\/tag-der-deutschen-einheit-3-oktober-2023\/#primaryimage"},"image":{"@id":"https:\/\/www.moedlareuth.de\/tag-der-deutschen-einheit-3-oktober-2023\/#primaryimage"},"thumbnailUrl":"https:\/\/www.moedlareuth.de\/wp-content\/uploads\/2023\/09\/Freigelaende-mit-original-erhaltener-Mauer-02.jpg","datePublished":"2023-09-22T15:12:11+00:00","dateModified":"2023-09-28T08:30:15+00:00","breadcrumb":{"@id":"https:\/\/www.moedlareuth.de\/tag-der-deutschen-einheit-3-oktober-2023\/#breadcrumb"},"inLanguage":"en-GB","potentialAction":[{"@type":"ReadAction","target":["https:\/\/www.moedlareuth.de\/tag-der-deutschen-einheit-3-oktober-2023\/"]}]},{"@type":"ImageObject","inLanguage":"en-GB","@id":"https:\/\/www.moedlareuth.de\/tag-der-deutschen-einheit-3-oktober-2023\/#primaryimage","url":"https:\/\/www.moedlareuth.de\/wp-content\/uploads\/2023\/09\/Freigelaende-mit-original-erhaltener-Mauer-02.jpg","contentUrl":"https:\/\/www.moedlareuth.de\/wp-content\/uploads\/2023\/09\/Freigelaende-mit-original-erhaltener-Mauer-02.jpg","width":1400,"height":933},{"@type":"BreadcrumbList","@id":"https:\/\/www.moedlareuth.de\/tag-der-deutschen-einheit-3-oktober-2023\/#breadcrumb","itemListElement":[{"@type":"ListItem","position":1,"name":"Startseite","item":"https:\/\/www.moedlareuth.de\/"},{"@type":"ListItem","position":2,"name":"Tag der Deutschen Einheit &#8211; 3. Oktober 2023"}]},{"@type":"WebSite","@id":"https:\/\/moedlareuth.de\/preview\/#website","url":"https:\/\/moedlareuth.de\/preview\/","name":"Deutsch-Deutsches Museum M\u00f6dlareuth","description":"Memorial to the division of Germany","publisher":{"@id":"https:\/\/moedlareuth.de\/preview\/#organization"},"potentialAction":[{"@type":"SearchAction","target":{"@type":"EntryPoint","urlTemplate":"https:\/\/moedlareuth.de\/preview\/?s={search_term_string}"},"query-input":{"@type":"PropertyValueSpecification","valueRequired":true,"valueName":"search_term_string"}}],"inLanguage":"en-GB"},{"@type":"Organization","@id":"https:\/\/moedlareuth.de\/preview\/#organization","name":"Deutsch-Deutsches Museum M\u00f6dlareuth","url":"https:\/\/moedlareuth.de\/preview\/","logo":{"@type":"ImageObject","inLanguage":"en-GB","@id":"https:\/\/moedlareuth.de\/preview\/#\/schema\/logo\/image\/","url":"https:\/\/www.moedlareuth.de\/wp-content\/uploads\/2022\/02\/museum_moedlareuth_logo_hell_zusatz.svg","contentUrl":"https:\/\/www.moedlareuth.de\/wp-content\/uploads\/2022\/02\/museum_moedlareuth_logo_hell_zusatz.svg","width":255,"height":62,"caption":"Deutsch-Deutsches Museum M\u00f6dlareuth"},"image":{"@id":"https:\/\/moedlareuth.de\/preview\/#\/schema\/logo\/image\/"}},{"@type":"Person","@id":"https:\/\/moedlareuth.de\/preview\/#\/schema\/person\/42d95c7c900104834e45a22afe68e54d","name":"Susan Burger","url":"https:\/\/www.moedlareuth.de\/en\/author\/s-burger\/"}]}},"_links":{"self":[{"href":"https:\/\/www.moedlareuth.de\/en\/wp-json\/wp\/v2\/posts\/12798","targetHints":{"allow":["GET"]}}],"collection":[{"href":"https:\/\/www.moedlareuth.de\/en\/wp-json\/wp\/v2\/posts"}],"about":[{"href":"https:\/\/www.moedlareuth.de\/en\/wp-json\/wp\/v2\/types\/post"}],"author":[{"embeddable":true,"href":"https:\/\/www.moedlareuth.de\/en\/wp-json\/wp\/v2\/users\/10"}],"replies":[{"embeddable":true,"href":"https:\/\/www.moedlareuth.de\/en\/wp-json\/wp\/v2\/comments?post=12798"}],"version-history":[{"count":4,"href":"https:\/\/www.moedlareuth.de\/en\/wp-json\/wp\/v2\/posts\/12798\/revisions"}],"predecessor-version":[{"id":13905,"href":"https:\/\/www.moedlareuth.de\/en\/wp-json\/wp\/v2\/posts\/12798\/revisions\/13905"}],"wp:featuredmedia":[{"embeddable":true,"href":"https:\/\/www.moedlareuth.de\/en\/wp-json\/wp\/v2\/media\/12801"}],"wp:attachment":[{"href":"https:\/\/www.moedlareuth.de\/en\/wp-json\/wp\/v2\/media?parent=12798"}],"wp:term":[{"taxonomy":"category","embeddable":true,"href":"https:\/\/www.moedlareuth.de\/en\/wp-json\/wp\/v2\/categories?post=12798"},{"taxonomy":"post_tag","embeddable":true,"href":"https:\/\/www.moedlareuth.de\/en\/wp-json\/wp\/v2\/tags?post=12798"}],"curies":[{"name":"wp","href":"https:\/\/api.w.org\/{rel}","templated":true}]}}