{"id":1236,"date":"2019-02-19T17:59:42","date_gmt":"2019-02-19T16:59:42","guid":{"rendered":"http:\/\/www.moedlareuth.de\/?p=1236"},"modified":"2021-12-07T05:02:30","modified_gmt":"2021-12-07T04:02:30","slug":"finanzierung-fuer-moedlareuth-steht","status":"publish","type":"post","link":"https:\/\/www.moedlareuth.de\/en\/finanzierung-fuer-moedlareuth-steht\/","title":{"rendered":"Finanzierung f\u00fcr M\u00f6dlareuth steht"},"content":{"rendered":"<div class=\"shiftnav-wrap\">\n<div class=\"noheadline\">\n<div class=\"wrapper-site\">\n<section id=\"wrapper-content\" class=\"wrapper-content focusable\" tabindex=\"-1\">\n<div class=\"content-main clearfix post-23112 post type-post status-publish format-standard has-post-thumbnail hentry category-nachrichten container\">\n<div class=\"grid\">\n<article id=\"post-23112\" class=\"column span-8\">\n<div class=\"noinhalt nodienstleistung noformulare nomerkblaetter\">\n<div class=\"story\">\n<div id=\"pl-23112\" class=\"panel-layout\">\n<div id=\"pg-23112-0\" class=\"panel-grid panel-no-style\">\n<div id=\"pgc-23112-0-0\" class=\"panel-grid-cell\">\n<div id=\"panel-23112-0-0-0\" class=\"so-panel widget widget_sow-editor panel-first-child panel-last-child\" data-index=\"0\">\n<div class=\"so-widget-sow-editor so-widget-sow-editor-base\">\n<div class=\"siteorigin-widget-tinymce textwidget\">\n<p>Gute Nachrichten f\u00fcr das Deutsch-Deutsche Museum in M\u00f6dlareuth. Insgesamt elf Millionen Euro, jeweils zur H\u00e4lfte von Bund und Freistaat Bayern, sind f\u00fcr die Erweiterung des Museums zugesagt. Dazu flie\u00dfen 800.000 Euro vom Freistaat Th\u00fcringen in das Gro\u00dfprojekt. Dar\u00fcber hat Vorsitzender Landrat Dr. Oliver B\u00e4r bei der\u00a0Versammlung des Zweckverbandes Deutsch-Deutsches Museum M\u00f6dlareuth informiert. Jetzt startet der Architektenwettbewerb. Architekten aus ganz Europa haben nun einen Monat Zeit, sich zu bewerben. Mitte M\u00e4rz wird dann festgelegt, welche B\u00fcros am Wettbewerb beteiligt sind. Landrat Dr. Oliver B\u00e4r: \u201eDas Ergebnis des Architektenwettbewerbs wird im September 2019 feststehen. 2020 werden wir in die intensiven Planungen einsteigen und 2021 mit dem Ausbau beginnen\u201c.<\/p>\n<div class=\"shiftnav-wrap\">\n<div class=\"noheadline\">\n<div class=\"wrapper-site\">\n<section id=\"wrapper-content\" class=\"wrapper-content focusable\" tabindex=\"-1\">\n<div class=\"content-main clearfix post-23112 post type-post status-publish format-standard has-post-thumbnail hentry category-nachrichten container\">\n<div class=\"grid\">\n<article id=\"post-23112\" class=\"column span-8\">\n<div class=\"noinhalt nodienstleistung noformulare nomerkblaetter\">\n<div class=\"story\">\n<div id=\"pl-23112\" class=\"panel-layout\">\n<div id=\"pg-23112-2\" class=\"panel-grid panel-no-style\">\n<div id=\"pgc-23112-2-0\" class=\"panel-grid-cell\">\n<div id=\"panel-23112-2-0-0\" class=\"so-panel widget widget_sow-editor panel-first-child panel-last-child\" data-index=\"2\">\n<div class=\"so-widget-sow-editor so-widget-sow-editor-base\">\n<div class=\"siteorigin-widget-tinymce textwidget\">\n<p>Rund 12 Millionen Euro soll der Ausbau des Deutsch-Deutschen Museums kosten. J\u00e4hrlich besuchen rund 80.000 Menschen aus der ganzen Welt das Museum im ehemals geteilten Dorf M\u00f6dlareuth.<\/p>\n<\/div>\n<\/div>\n<\/div>\n<\/div>\n<\/div>\n<\/div>\n<\/div>\n<\/div>\n<\/article>\n<\/div>\n<\/div>\n<\/section>\n<\/div>\n<\/div>\n<\/div>\n<div class=\"shiftnav-wrap\">\n<div class=\"noheadline\">\n<div class=\"wrapper-site\">\n<section id=\"wrapper-content\" class=\"wrapper-content focusable\" tabindex=\"-1\">\n<div class=\"content-main clearfix post-23112 post type-post status-publish format-standard has-post-thumbnail hentry category-nachrichten container\">\n<div class=\"grid\">\n<article id=\"post-23112\" class=\"column span-8\">\n<div class=\"noinhalt nodienstleistung noformulare nomerkblaetter\">\n<div class=\"story\">\n<div id=\"pl-23112\" class=\"panel-layout\">\n<div id=\"pg-23112-1\" class=\"panel-grid panel-no-style\">\n<div id=\"pgc-23112-1-0\" class=\"panel-grid-cell\">\n<div id=\"panel-23112-1-0-0\" class=\"so-panel widget widget_sow-editor panel-first-child panel-last-child\" data-index=\"1\">\n<div class=\"so-widget-sow-editor so-widget-sow-editor-base\">\n<div class=\"siteorigin-widget-tinymce textwidget\">\n<div id=\"attachment_23113\" class=\"wp-caption alignnone\">\n<p><img fetchpriority=\"high\" decoding=\"async\" class=\"size-full wp-image-23113\" src=\"https:\/\/www.landkreis-hof.de\/file\/2019\/02\/Finanzierung-M\u00f6dlareuth.jpg\" sizes=\"(max-width: 2048px) 100vw, 2048px\" srcset=\"https:\/\/www.landkreis-hof.de\/file\/2019\/02\/Finanzierung-M\u00f6dlareuth.jpg 2048w, https:\/\/www.landkreis-hof.de\/file\/2019\/02\/Finanzierung-M\u00f6dlareuth-600x327.jpg 600w, https:\/\/www.landkreis-hof.de\/file\/2019\/02\/Finanzierung-M\u00f6dlareuth-768x419.jpg 768w, https:\/\/www.landkreis-hof.de\/file\/2019\/02\/Finanzierung-M\u00f6dlareuth-1024x559.jpg 1024w\" alt=\"\" width=\"2048\" height=\"1117\" \/><\/p>\n<p class=\"wp-caption-text\">Die Mitglieder der Verbandsversammlung freuen sich \u00fcber den Start des Architektenwettbewerbes zum Ausbau des Museums (von links): Klaus Gr\u00fcnzner, 1. Beigeordneter des Landkreises Saale-Orla-Kreis J\u00fcrgen Hauck, R\u00fcdiger Wohl, Museumsleiter Robert Lebegern, Volker Bachmann, Verbandsvorsitzender Landrat Dr. Oliver B\u00e4r, Helmut Mei\u00dfner vom Landratsamt Vogtlandkreis in Vertretung f\u00fcr den Landrat des Vogtlandkreises Rolf Keil, Christine Franz vom Landratsamt Hof, Klaus Strobel und Hermann Seiferth, Gesch\u00e4ftsleiter des Zweckverbandes Deutsch-Deutsches Museum M\u00f6dlareuth.<\/p>\n<\/div>\n<\/div>\n<\/div>\n<\/div>\n<\/div>\n<\/div>\n<\/div>\n<\/div>\n<\/div>\n<\/article>\n<\/div>\n<\/div>\n<\/section>\n<\/div>\n<\/div>\n<\/div>\n<\/div>\n<\/div>\n<\/div>\n<\/div>\n<\/div>\n<\/div>\n<\/div>\n<\/div>\n<\/article>\n<\/div>\n<\/div>\n<\/section>\n<\/div>\n<\/div>\n<\/div>","protected":false},"excerpt":{"rendered":"<p>Gute Nachrichten f\u00fcr das Deutsch-Deutsche Museum in M\u00f6dlareuth. Insgesamt elf Millionen Euro, jeweils zur H\u00e4lfte von Bund und Freistaat Bayern, sind f\u00fcr die Erweiterung des Museums zugesagt. Dazu flie\u00dfen 800.000 Euro vom Freistaat Th\u00fcringen in das Gro\u00dfprojekt. Dar\u00fcber hat Vorsitzender Landrat Dr. Oliver B\u00e4r bei der\u00a0Versammlung des Zweckverbandes Deutsch-Deutsches Museum M\u00f6dlareuth informiert. Jetzt startet der&#8230;<\/p>","protected":false},"author":6,"featured_media":1235,"comment_status":"closed","ping_status":"closed","sticky":false,"template":"","format":"standard","meta":{"_acf_changed":false,"inline_featured_image":false,"_kad_post_transparent":"","_kad_post_title":"","_kad_post_layout":"","_kad_post_sidebar_id":"","_kad_post_content_style":"","_kad_post_vertical_padding":"","_kad_post_feature":"","_kad_post_feature_position":"","_kad_post_header":false,"_kad_post_footer":false,"_kad_post_classname":"","footnotes":""},"categories":[1],"tags":[],"class_list":["post-1236","post","type-post","status-publish","format-standard","has-post-thumbnail","hentry","category-aktuelles"],"acf":[],"yoast_head":"<!-- This site is optimized with the Yoast SEO plugin v27.4 - https:\/\/yoast.com\/product\/yoast-seo-wordpress\/ -->\n<title>Finanzierung f\u00fcr M\u00f6dlareuth steht - Deutsch-Deutsches Museum M\u00f6dlareuth<\/title>\n<meta name=\"robots\" content=\"index, follow, max-snippet:-1, max-image-preview:large, max-video-preview:-1\" \/>\n<link rel=\"canonical\" href=\"https:\/\/moedlareuth.de\/finanzierung-fuer-moedlareuth-steht\/\" \/>\n<meta property=\"og:locale\" content=\"en_GB\" \/>\n<meta property=\"og:type\" content=\"article\" \/>\n<meta property=\"og:title\" content=\"Finanzierung f\u00fcr M\u00f6dlareuth steht - Deutsch-Deutsches Museum M\u00f6dlareuth\" \/>\n<meta property=\"og:description\" content=\"Gute Nachrichten f\u00fcr das Deutsch-Deutsche Museum in M\u00f6dlareuth. Insgesamt elf Millionen Euro, jeweils zur H\u00e4lfte von Bund und Freistaat Bayern, sind f\u00fcr die Erweiterung des Museums zugesagt. Dazu flie\u00dfen 800.000 Euro vom Freistaat Th\u00fcringen in das Gro\u00dfprojekt. Dar\u00fcber hat Vorsitzender Landrat Dr. Oliver B\u00e4r bei der\u00a0Versammlung des Zweckverbandes Deutsch-Deutsches Museum M\u00f6dlareuth informiert. Jetzt startet der...\" \/>\n<meta property=\"og:url\" content=\"https:\/\/moedlareuth.de\/finanzierung-fuer-moedlareuth-steht\/\" \/>\n<meta property=\"og:site_name\" content=\"Deutsch-Deutsches Museum M\u00f6dlareuth\" \/>\n<meta property=\"article:published_time\" content=\"2019-02-19T16:59:42+00:00\" \/>\n<meta property=\"article:modified_time\" content=\"2021-12-07T04:02:30+00:00\" \/>\n<meta property=\"og:image\" content=\"https:\/\/moedlareuth.de\/preview\/wp-content\/uploads\/2019\/02\/DSC_0239-e1550664540476.jpg\" \/>\n\t<meta property=\"og:image:width\" content=\"1400\" \/>\n\t<meta property=\"og:image:height\" content=\"933\" \/>\n\t<meta property=\"og:image:type\" content=\"image\/jpeg\" \/>\n<meta name=\"author\" content=\"Ronald Schricker\" \/>\n<meta name=\"twitter:card\" content=\"summary_large_image\" \/>\n<meta name=\"twitter:label1\" content=\"Written by\" \/>\n\t<meta name=\"twitter:data1\" content=\"Ronald Schricker\" \/>\n\t<meta name=\"twitter:label2\" content=\"Estimated reading time\" \/>\n\t<meta name=\"twitter:data2\" content=\"1 minute\" \/>\n<script type=\"application\/ld+json\" class=\"yoast-schema-graph\">{\"@context\":\"https:\\\/\\\/schema.org\",\"@graph\":[{\"@type\":\"Article\",\"@id\":\"https:\\\/\\\/moedlareuth.de\\\/finanzierung-fuer-moedlareuth-steht\\\/#article\",\"isPartOf\":{\"@id\":\"https:\\\/\\\/moedlareuth.de\\\/finanzierung-fuer-moedlareuth-steht\\\/\"},\"author\":{\"name\":\"Ronald Schricker\",\"@id\":\"https:\\\/\\\/moedlareuth.de\\\/preview\\\/#\\\/schema\\\/person\\\/9194619dfae57e8d77d645ad86c2ea4e\"},\"headline\":\"Finanzierung f\u00fcr M\u00f6dlareuth steht\",\"datePublished\":\"2019-02-19T16:59:42+00:00\",\"dateModified\":\"2021-12-07T04:02:30+00:00\",\"mainEntityOfPage\":{\"@id\":\"https:\\\/\\\/moedlareuth.de\\\/finanzierung-fuer-moedlareuth-steht\\\/\"},\"wordCount\":224,\"publisher\":{\"@id\":\"https:\\\/\\\/moedlareuth.de\\\/preview\\\/#organization\"},\"image\":{\"@id\":\"https:\\\/\\\/moedlareuth.de\\\/finanzierung-fuer-moedlareuth-steht\\\/#primaryimage\"},\"thumbnailUrl\":\"https:\\\/\\\/www.moedlareuth.de\\\/wp-content\\\/uploads\\\/2019\\\/02\\\/DSC_0239-e1550664540476.jpg\",\"articleSection\":[\"Aktuelles\"],\"inLanguage\":\"en-GB\"},{\"@type\":\"WebPage\",\"@id\":\"https:\\\/\\\/moedlareuth.de\\\/finanzierung-fuer-moedlareuth-steht\\\/\",\"url\":\"https:\\\/\\\/moedlareuth.de\\\/finanzierung-fuer-moedlareuth-steht\\\/\",\"name\":\"Finanzierung f\u00fcr M\u00f6dlareuth steht - Deutsch-Deutsches Museum M\u00f6dlareuth\",\"isPartOf\":{\"@id\":\"https:\\\/\\\/moedlareuth.de\\\/preview\\\/#website\"},\"primaryImageOfPage\":{\"@id\":\"https:\\\/\\\/moedlareuth.de\\\/finanzierung-fuer-moedlareuth-steht\\\/#primaryimage\"},\"image\":{\"@id\":\"https:\\\/\\\/moedlareuth.de\\\/finanzierung-fuer-moedlareuth-steht\\\/#primaryimage\"},\"thumbnailUrl\":\"https:\\\/\\\/www.moedlareuth.de\\\/wp-content\\\/uploads\\\/2019\\\/02\\\/DSC_0239-e1550664540476.jpg\",\"datePublished\":\"2019-02-19T16:59:42+00:00\",\"dateModified\":\"2021-12-07T04:02:30+00:00\",\"breadcrumb\":{\"@id\":\"https:\\\/\\\/moedlareuth.de\\\/finanzierung-fuer-moedlareuth-steht\\\/#breadcrumb\"},\"inLanguage\":\"en-GB\",\"potentialAction\":[{\"@type\":\"ReadAction\",\"target\":[\"https:\\\/\\\/moedlareuth.de\\\/finanzierung-fuer-moedlareuth-steht\\\/\"]}]},{\"@type\":\"ImageObject\",\"inLanguage\":\"en-GB\",\"@id\":\"https:\\\/\\\/moedlareuth.de\\\/finanzierung-fuer-moedlareuth-steht\\\/#primaryimage\",\"url\":\"https:\\\/\\\/www.moedlareuth.de\\\/wp-content\\\/uploads\\\/2019\\\/02\\\/DSC_0239-e1550664540476.jpg\",\"contentUrl\":\"https:\\\/\\\/www.moedlareuth.de\\\/wp-content\\\/uploads\\\/2019\\\/02\\\/DSC_0239-e1550664540476.jpg\",\"width\":1400,\"height\":933,\"caption\":\"DSC 0239 e1550664540476\"},{\"@type\":\"BreadcrumbList\",\"@id\":\"https:\\\/\\\/moedlareuth.de\\\/finanzierung-fuer-moedlareuth-steht\\\/#breadcrumb\",\"itemListElement\":[{\"@type\":\"ListItem\",\"position\":1,\"name\":\"Startseite\",\"item\":\"https:\\\/\\\/www.moedlareuth.de\\\/\"},{\"@type\":\"ListItem\",\"position\":2,\"name\":\"Finanzierung f\u00fcr M\u00f6dlareuth steht\"}]},{\"@type\":\"WebSite\",\"@id\":\"https:\\\/\\\/moedlareuth.de\\\/preview\\\/#website\",\"url\":\"https:\\\/\\\/moedlareuth.de\\\/preview\\\/\",\"name\":\"Deutsch-Deutsches Museum M\u00f6dlareuth\",\"description\":\"Gedenkst\u00e4tte zur deutschen Teilung\",\"publisher\":{\"@id\":\"https:\\\/\\\/moedlareuth.de\\\/preview\\\/#organization\"},\"potentialAction\":[{\"@type\":\"SearchAction\",\"target\":{\"@type\":\"EntryPoint\",\"urlTemplate\":\"https:\\\/\\\/moedlareuth.de\\\/preview\\\/?s={search_term_string}\"},\"query-input\":{\"@type\":\"PropertyValueSpecification\",\"valueRequired\":true,\"valueName\":\"search_term_string\"}}],\"inLanguage\":\"en-GB\"},{\"@type\":\"Organization\",\"@id\":\"https:\\\/\\\/moedlareuth.de\\\/preview\\\/#organization\",\"name\":\"Deutsch-Deutsches Museum M\u00f6dlareuth\",\"url\":\"https:\\\/\\\/moedlareuth.de\\\/preview\\\/\",\"logo\":{\"@type\":\"ImageObject\",\"inLanguage\":\"en-GB\",\"@id\":\"https:\\\/\\\/moedlareuth.de\\\/preview\\\/#\\\/schema\\\/logo\\\/image\\\/\",\"url\":\"https:\\\/\\\/www.moedlareuth.de\\\/wp-content\\\/uploads\\\/2022\\\/02\\\/museum_moedlareuth_logo_hell_zusatz.svg\",\"contentUrl\":\"https:\\\/\\\/www.moedlareuth.de\\\/wp-content\\\/uploads\\\/2022\\\/02\\\/museum_moedlareuth_logo_hell_zusatz.svg\",\"width\":255,\"height\":62,\"caption\":\"Deutsch-Deutsches Museum M\u00f6dlareuth\"},\"image\":{\"@id\":\"https:\\\/\\\/moedlareuth.de\\\/preview\\\/#\\\/schema\\\/logo\\\/image\\\/\"}},{\"@type\":\"Person\",\"@id\":\"https:\\\/\\\/moedlareuth.de\\\/preview\\\/#\\\/schema\\\/person\\\/9194619dfae57e8d77d645ad86c2ea4e\",\"name\":\"Ronald Schricker\",\"sameAs\":[\"http:\\\/\\\/www.museum-www.moedlareuth.de\"],\"url\":\"https:\\\/\\\/www.moedlareuth.de\\\/en\\\/author\\\/rs-lra-hof\\\/\"}]}<\/script>\n<!-- \/ Yoast SEO plugin. -->","yoast_head_json":{"title":"Finanzierung f\u00fcr M\u00f6dlareuth steht - Deutsch-Deutsches Museum M\u00f6dlareuth","robots":{"index":"index","follow":"follow","max-snippet":"max-snippet:-1","max-image-preview":"max-image-preview:large","max-video-preview":"max-video-preview:-1"},"canonical":"https:\/\/moedlareuth.de\/finanzierung-fuer-moedlareuth-steht\/","og_locale":"en_GB","og_type":"article","og_title":"Finanzierung f\u00fcr M\u00f6dlareuth steht - Deutsch-Deutsches Museum M\u00f6dlareuth","og_description":"Gute Nachrichten f\u00fcr das Deutsch-Deutsche Museum in M\u00f6dlareuth. Insgesamt elf Millionen Euro, jeweils zur H\u00e4lfte von Bund und Freistaat Bayern, sind f\u00fcr die Erweiterung des Museums zugesagt. Dazu flie\u00dfen 800.000 Euro vom Freistaat Th\u00fcringen in das Gro\u00dfprojekt. Dar\u00fcber hat Vorsitzender Landrat Dr. Oliver B\u00e4r bei der\u00a0Versammlung des Zweckverbandes Deutsch-Deutsches Museum M\u00f6dlareuth informiert. Jetzt startet der...","og_url":"https:\/\/moedlareuth.de\/finanzierung-fuer-moedlareuth-steht\/","og_site_name":"Deutsch-Deutsches Museum M\u00f6dlareuth","article_published_time":"2019-02-19T16:59:42+00:00","article_modified_time":"2021-12-07T04:02:30+00:00","og_image":[{"width":1400,"height":933,"url":"https:\/\/moedlareuth.de\/preview\/wp-content\/uploads\/2019\/02\/DSC_0239-e1550664540476.jpg","type":"image\/jpeg"}],"author":"Ronald Schricker","twitter_card":"summary_large_image","twitter_misc":{"Written by":"Ronald Schricker","Estimated reading time":"1 minute"},"schema":{"@context":"https:\/\/schema.org","@graph":[{"@type":"Article","@id":"https:\/\/moedlareuth.de\/finanzierung-fuer-moedlareuth-steht\/#article","isPartOf":{"@id":"https:\/\/moedlareuth.de\/finanzierung-fuer-moedlareuth-steht\/"},"author":{"name":"Ronald Schricker","@id":"https:\/\/moedlareuth.de\/preview\/#\/schema\/person\/9194619dfae57e8d77d645ad86c2ea4e"},"headline":"Finanzierung f\u00fcr M\u00f6dlareuth steht","datePublished":"2019-02-19T16:59:42+00:00","dateModified":"2021-12-07T04:02:30+00:00","mainEntityOfPage":{"@id":"https:\/\/moedlareuth.de\/finanzierung-fuer-moedlareuth-steht\/"},"wordCount":224,"publisher":{"@id":"https:\/\/moedlareuth.de\/preview\/#organization"},"image":{"@id":"https:\/\/moedlareuth.de\/finanzierung-fuer-moedlareuth-steht\/#primaryimage"},"thumbnailUrl":"https:\/\/www.moedlareuth.de\/wp-content\/uploads\/2019\/02\/DSC_0239-e1550664540476.jpg","articleSection":["Aktuelles"],"inLanguage":"en-GB"},{"@type":"WebPage","@id":"https:\/\/moedlareuth.de\/finanzierung-fuer-moedlareuth-steht\/","url":"https:\/\/moedlareuth.de\/finanzierung-fuer-moedlareuth-steht\/","name":"Finanzierung f\u00fcr M\u00f6dlareuth steht - Deutsch-Deutsches Museum M\u00f6dlareuth","isPartOf":{"@id":"https:\/\/moedlareuth.de\/preview\/#website"},"primaryImageOfPage":{"@id":"https:\/\/moedlareuth.de\/finanzierung-fuer-moedlareuth-steht\/#primaryimage"},"image":{"@id":"https:\/\/moedlareuth.de\/finanzierung-fuer-moedlareuth-steht\/#primaryimage"},"thumbnailUrl":"https:\/\/www.moedlareuth.de\/wp-content\/uploads\/2019\/02\/DSC_0239-e1550664540476.jpg","datePublished":"2019-02-19T16:59:42+00:00","dateModified":"2021-12-07T04:02:30+00:00","breadcrumb":{"@id":"https:\/\/moedlareuth.de\/finanzierung-fuer-moedlareuth-steht\/#breadcrumb"},"inLanguage":"en-GB","potentialAction":[{"@type":"ReadAction","target":["https:\/\/moedlareuth.de\/finanzierung-fuer-moedlareuth-steht\/"]}]},{"@type":"ImageObject","inLanguage":"en-GB","@id":"https:\/\/moedlareuth.de\/finanzierung-fuer-moedlareuth-steht\/#primaryimage","url":"https:\/\/www.moedlareuth.de\/wp-content\/uploads\/2019\/02\/DSC_0239-e1550664540476.jpg","contentUrl":"https:\/\/www.moedlareuth.de\/wp-content\/uploads\/2019\/02\/DSC_0239-e1550664540476.jpg","width":1400,"height":933,"caption":"DSC 0239 e1550664540476"},{"@type":"BreadcrumbList","@id":"https:\/\/moedlareuth.de\/finanzierung-fuer-moedlareuth-steht\/#breadcrumb","itemListElement":[{"@type":"ListItem","position":1,"name":"Startseite","item":"https:\/\/www.moedlareuth.de\/"},{"@type":"ListItem","position":2,"name":"Finanzierung f\u00fcr M\u00f6dlareuth steht"}]},{"@type":"WebSite","@id":"https:\/\/moedlareuth.de\/preview\/#website","url":"https:\/\/moedlareuth.de\/preview\/","name":"Deutsch-Deutsches Museum M\u00f6dlareuth","description":"Memorial to the division of Germany","publisher":{"@id":"https:\/\/moedlareuth.de\/preview\/#organization"},"potentialAction":[{"@type":"SearchAction","target":{"@type":"EntryPoint","urlTemplate":"https:\/\/moedlareuth.de\/preview\/?s={search_term_string}"},"query-input":{"@type":"PropertyValueSpecification","valueRequired":true,"valueName":"search_term_string"}}],"inLanguage":"en-GB"},{"@type":"Organization","@id":"https:\/\/moedlareuth.de\/preview\/#organization","name":"Deutsch-Deutsches Museum M\u00f6dlareuth","url":"https:\/\/moedlareuth.de\/preview\/","logo":{"@type":"ImageObject","inLanguage":"en-GB","@id":"https:\/\/moedlareuth.de\/preview\/#\/schema\/logo\/image\/","url":"https:\/\/www.moedlareuth.de\/wp-content\/uploads\/2022\/02\/museum_moedlareuth_logo_hell_zusatz.svg","contentUrl":"https:\/\/www.moedlareuth.de\/wp-content\/uploads\/2022\/02\/museum_moedlareuth_logo_hell_zusatz.svg","width":255,"height":62,"caption":"Deutsch-Deutsches Museum M\u00f6dlareuth"},"image":{"@id":"https:\/\/moedlareuth.de\/preview\/#\/schema\/logo\/image\/"}},{"@type":"Person","@id":"https:\/\/moedlareuth.de\/preview\/#\/schema\/person\/9194619dfae57e8d77d645ad86c2ea4e","name":"Ronald Schricker","sameAs":["http:\/\/www.museum-www.moedlareuth.de"],"url":"https:\/\/www.moedlareuth.de\/en\/author\/rs-lra-hof\/"}]}},"_links":{"self":[{"href":"https:\/\/www.moedlareuth.de\/en\/wp-json\/wp\/v2\/posts\/1236","targetHints":{"allow":["GET"]}}],"collection":[{"href":"https:\/\/www.moedlareuth.de\/en\/wp-json\/wp\/v2\/posts"}],"about":[{"href":"https:\/\/www.moedlareuth.de\/en\/wp-json\/wp\/v2\/types\/post"}],"author":[{"embeddable":true,"href":"https:\/\/www.moedlareuth.de\/en\/wp-json\/wp\/v2\/users\/6"}],"replies":[{"embeddable":true,"href":"https:\/\/www.moedlareuth.de\/en\/wp-json\/wp\/v2\/comments?post=1236"}],"version-history":[{"count":0,"href":"https:\/\/www.moedlareuth.de\/en\/wp-json\/wp\/v2\/posts\/1236\/revisions"}],"wp:featuredmedia":[{"embeddable":true,"href":"https:\/\/www.moedlareuth.de\/en\/wp-json\/wp\/v2\/media\/1235"}],"wp:attachment":[{"href":"https:\/\/www.moedlareuth.de\/en\/wp-json\/wp\/v2\/media?parent=1236"}],"wp:term":[{"taxonomy":"category","embeddable":true,"href":"https:\/\/www.moedlareuth.de\/en\/wp-json\/wp\/v2\/categories?post=1236"},{"taxonomy":"post_tag","embeddable":true,"href":"https:\/\/www.moedlareuth.de\/en\/wp-json\/wp\/v2\/tags?post=1236"}],"curies":[{"name":"wp","href":"https:\/\/api.w.org\/{rel}","templated":true}]}}