{"id":12358,"date":"2022-10-12T22:58:35","date_gmt":"2022-10-12T20:58:35","guid":{"rendered":"https:\/\/www.moedlareuth.de\/?p=12358"},"modified":"2022-10-12T23:28:06","modified_gmt":"2022-10-12T21:28:06","slug":"teilung-streben-nach-einheit-frieden-die-innerdeutsche-und-die-innerkoreanische-grenze","status":"publish","type":"post","link":"https:\/\/www.moedlareuth.de\/en\/teilung-streben-nach-einheit-frieden-die-innerdeutsche-und-die-innerkoreanische-grenze\/","title":{"rendered":"Neue Sonderausstellung im Museum: \u201eTeilung \u2013 Streben nach Einheit \u2013 Frieden. Die innerdeutsche und die innerkoreanische Grenze.\u201c"},"content":{"rendered":"<p>Gemeinsam mit seinem s\u00fcdkoreanischen Partnerlandkreis Yeoncheon haben der Landkreis Hof und das Deutsch-Deutsche Museum M\u00f6dlareuth eine informative Fotoausstellung ins Leben gerufen und zusammengestellt, die sowohl im Hofer Land als auch in Korea zu sehen sein wird.<\/p>\n\n\n\n<p>\u201eWir sind hier in M\u00f6dlareuth an einem besonderen Ort, um eine besondere Ausstellung zu er\u00f6ffnen. Gemeinsamkeiten und Herausforderungen zwischen S\u00fcdkorea und unserer Geschichte pr\u00e4gen diese Ausstellung\u201c, so Landrat Dr. Oliver B\u00e4r.<\/p>\n\n\n\n<p>W\u00e4hrend wir am Tag der Deutschen Einheit mit dem Fall der Mauer und der Wiedervereinigung den gl\u00fccklichsten Ereignissen der deutschen Geschichte gedenken k\u00f6nnen, ist unser S\u00fcdkoreanischer Partnerlandkreis nun mittlerweile fast sieben Jahrzehnte durch die Demarkationslinie geteilt. Die Ausstellung ist ein Zeichen f\u00fcr Frieden und Freiheit in einer Zeit, in der in Europa Krieg herrscht und sich die Welt nach Frieden sehnt.<\/p>\n\n\n\n<p>\u201eFotos sind durch Kameras geschriebene Geschichten. Die Ausstellung zeigt unsere Verbundenheit, aber auch die Wunden, die bis heute bestehen\u201c, so KIM Deog Hyun, Landrat des Hofer Partner-Landkreises Yeoncheon.<\/p>\n\n\n\n<p>Auf 24 Tafeln werden Fotos der innerdeutschen und der koreanischen Teilung gezeigt. Diese behandeln Themen wie \u201eUrsachen der Teilung in Deutschland und Korea\u201c, \u201eSchmerz der Teilung. Die innerdeutsche Grenze und die DMZ\u201c, \u201eGrenzkontakte und Grenzkonflikte\u201c sowie auch die aktuelle Situation im Kapitel \u201eWiedervereinigtes Land \u2013 Geteiltes Land. Deutschland und Korea in der Gegenwart\u201c.<\/p>\n\n\n\n<p>Die Bilder thematisieren auf eindrucksvolle Weise die politischen, gesellschaftlichen und auch alltagsgeschichtlichen Aspekte der Teilung, aber auch der Einheit und des Friedens.<\/p>\n\n\n\n<p>Bis Juli 2023 kann die Sonderausstellung im Deutsch-Deutschen Museum in M\u00f6dlareuth besucht werden.<\/p>","protected":false},"excerpt":{"rendered":"<p>Gemeinsam mit seinem s\u00fcdkoreanischen Partnerlandkreis Yeoncheon haben der Landkreis Hof und das Deutsch-Deutsche Museum M\u00f6dlareuth eine informative Fotoausstellung ins Leben gerufen und zusammengestellt, die sowohl im Hofer Land als auch in Korea zu sehen sein wird. \u201eWir sind hier in M\u00f6dlareuth an einem besonderen Ort, um eine besondere Ausstellung zu er\u00f6ffnen. Gemeinsamkeiten und Herausforderungen zwischen&#8230;<\/p>","protected":false},"author":11,"featured_media":12361,"comment_status":"closed","ping_status":"closed","sticky":false,"template":"","format":"standard","meta":{"_acf_changed":false,"inline_featured_image":false,"_kad_post_transparent":"","_kad_post_title":"","_kad_post_layout":"","_kad_post_sidebar_id":"","_kad_post_content_style":"","_kad_post_vertical_padding":"","_kad_post_feature":"","_kad_post_feature_position":"","_kad_post_header":false,"_kad_post_footer":false,"_kad_post_classname":"","footnotes":""},"categories":[1],"tags":[185,184],"class_list":["post-12358","post","type-post","status-publish","format-standard","has-post-thumbnail","hentry","category-aktuelles","tag-deutschland","tag-grenze"],"acf":[],"yoast_head":"<!-- This site is optimized with the Yoast SEO plugin v27.5 - https:\/\/yoast.com\/product\/yoast-seo-wordpress\/ -->\n<title>Neue Sonderausstellung im Museum: \u201eTeilung \u2013 Streben nach Einheit \u2013 Frieden. Die innerdeutsche und die innerkoreanische Grenze.\u201c - Deutsch-Deutsches Museum M\u00f6dlareuth<\/title>\n<meta name=\"robots\" content=\"index, follow, max-snippet:-1, max-image-preview:large, max-video-preview:-1\" \/>\n<link rel=\"canonical\" href=\"https:\/\/www.moedlareuth.de\/en\/teilung-streben-nach-einheit-frieden-die-innerdeutsche-und-die-innerkoreanische-grenze\/\" \/>\n<meta property=\"og:locale\" content=\"en_GB\" \/>\n<meta property=\"og:type\" content=\"article\" \/>\n<meta property=\"og:title\" content=\"Neue Sonderausstellung im Museum: \u201eTeilung \u2013 Streben nach Einheit \u2013 Frieden. Die innerdeutsche und die innerkoreanische Grenze.\u201c - Deutsch-Deutsches Museum M\u00f6dlareuth\" \/>\n<meta property=\"og:description\" content=\"Gemeinsam mit seinem s\u00fcdkoreanischen Partnerlandkreis Yeoncheon haben der Landkreis Hof und das Deutsch-Deutsche Museum M\u00f6dlareuth eine informative Fotoausstellung ins Leben gerufen und zusammengestellt, die sowohl im Hofer Land als auch in Korea zu sehen sein wird. \u201eWir sind hier in M\u00f6dlareuth an einem besonderen Ort, um eine besondere Ausstellung zu er\u00f6ffnen. Gemeinsamkeiten und Herausforderungen zwischen...\" \/>\n<meta property=\"og:url\" content=\"https:\/\/www.moedlareuth.de\/en\/teilung-streben-nach-einheit-frieden-die-innerdeutsche-und-die-innerkoreanische-grenze\/\" \/>\n<meta property=\"og:site_name\" content=\"Deutsch-Deutsches Museum M\u00f6dlareuth\" \/>\n<meta property=\"article:published_time\" content=\"2022-10-12T20:58:35+00:00\" \/>\n<meta property=\"article:modified_time\" content=\"2022-10-12T21:28:06+00:00\" \/>\n<meta property=\"og:image\" content=\"https:\/\/www.moedlareuth.de\/wp-content\/uploads\/2022\/10\/image00001-1-scaled.jpeg\" \/>\n\t<meta property=\"og:image:width\" content=\"1920\" \/>\n\t<meta property=\"og:image:height\" content=\"2560\" \/>\n\t<meta property=\"og:image:type\" content=\"image\/jpeg\" \/>\n<meta name=\"author\" content=\"Christine Franz\" \/>\n<meta name=\"twitter:card\" content=\"summary_large_image\" \/>\n<meta name=\"twitter:label1\" content=\"Written by\" \/>\n\t<meta name=\"twitter:data1\" content=\"Christine Franz\" \/>\n\t<meta name=\"twitter:label2\" content=\"Estimated reading time\" \/>\n\t<meta name=\"twitter:data2\" content=\"2 minutes\" \/>\n<script type=\"application\/ld+json\" class=\"yoast-schema-graph\">{\"@context\":\"https:\\\/\\\/schema.org\",\"@graph\":[{\"@type\":\"Article\",\"@id\":\"https:\\\/\\\/www.moedlareuth.de\\\/teilung-streben-nach-einheit-frieden-die-innerdeutsche-und-die-innerkoreanische-grenze\\\/#article\",\"isPartOf\":{\"@id\":\"https:\\\/\\\/www.moedlareuth.de\\\/teilung-streben-nach-einheit-frieden-die-innerdeutsche-und-die-innerkoreanische-grenze\\\/\"},\"author\":{\"name\":\"Christine Franz\",\"@id\":\"https:\\\/\\\/moedlareuth.de\\\/preview\\\/#\\\/schema\\\/person\\\/be9364f0f76c1a14366273030efb5e2f\"},\"headline\":\"Neue Sonderausstellung im Museum: \u201eTeilung \u2013 Streben nach Einheit \u2013 Frieden. Die innerdeutsche und die innerkoreanische Grenze.\u201c\",\"datePublished\":\"2022-10-12T20:58:35+00:00\",\"dateModified\":\"2022-10-12T21:28:06+00:00\",\"mainEntityOfPage\":{\"@id\":\"https:\\\/\\\/www.moedlareuth.de\\\/teilung-streben-nach-einheit-frieden-die-innerdeutsche-und-die-innerkoreanische-grenze\\\/\"},\"wordCount\":269,\"publisher\":{\"@id\":\"https:\\\/\\\/moedlareuth.de\\\/preview\\\/#organization\"},\"image\":{\"@id\":\"https:\\\/\\\/www.moedlareuth.de\\\/teilung-streben-nach-einheit-frieden-die-innerdeutsche-und-die-innerkoreanische-grenze\\\/#primaryimage\"},\"thumbnailUrl\":\"https:\\\/\\\/www.moedlareuth.de\\\/wp-content\\\/uploads\\\/2022\\\/10\\\/image00001-1-scaled.jpeg\",\"keywords\":[\"Deutschland\",\"Grenze\"],\"articleSection\":[\"Aktuelles\"],\"inLanguage\":\"en-GB\"},{\"@type\":\"WebPage\",\"@id\":\"https:\\\/\\\/www.moedlareuth.de\\\/teilung-streben-nach-einheit-frieden-die-innerdeutsche-und-die-innerkoreanische-grenze\\\/\",\"url\":\"https:\\\/\\\/www.moedlareuth.de\\\/teilung-streben-nach-einheit-frieden-die-innerdeutsche-und-die-innerkoreanische-grenze\\\/\",\"name\":\"Neue Sonderausstellung im Museum: \u201eTeilung \u2013 Streben nach Einheit \u2013 Frieden. Die innerdeutsche und die innerkoreanische Grenze.\u201c - Deutsch-Deutsches Museum M\u00f6dlareuth\",\"isPartOf\":{\"@id\":\"https:\\\/\\\/moedlareuth.de\\\/preview\\\/#website\"},\"primaryImageOfPage\":{\"@id\":\"https:\\\/\\\/www.moedlareuth.de\\\/teilung-streben-nach-einheit-frieden-die-innerdeutsche-und-die-innerkoreanische-grenze\\\/#primaryimage\"},\"image\":{\"@id\":\"https:\\\/\\\/www.moedlareuth.de\\\/teilung-streben-nach-einheit-frieden-die-innerdeutsche-und-die-innerkoreanische-grenze\\\/#primaryimage\"},\"thumbnailUrl\":\"https:\\\/\\\/www.moedlareuth.de\\\/wp-content\\\/uploads\\\/2022\\\/10\\\/image00001-1-scaled.jpeg\",\"datePublished\":\"2022-10-12T20:58:35+00:00\",\"dateModified\":\"2022-10-12T21:28:06+00:00\",\"breadcrumb\":{\"@id\":\"https:\\\/\\\/www.moedlareuth.de\\\/teilung-streben-nach-einheit-frieden-die-innerdeutsche-und-die-innerkoreanische-grenze\\\/#breadcrumb\"},\"inLanguage\":\"en-GB\",\"potentialAction\":[{\"@type\":\"ReadAction\",\"target\":[\"https:\\\/\\\/www.moedlareuth.de\\\/teilung-streben-nach-einheit-frieden-die-innerdeutsche-und-die-innerkoreanische-grenze\\\/\"]}]},{\"@type\":\"ImageObject\",\"inLanguage\":\"en-GB\",\"@id\":\"https:\\\/\\\/www.moedlareuth.de\\\/teilung-streben-nach-einheit-frieden-die-innerdeutsche-und-die-innerkoreanische-grenze\\\/#primaryimage\",\"url\":\"https:\\\/\\\/www.moedlareuth.de\\\/wp-content\\\/uploads\\\/2022\\\/10\\\/image00001-1-scaled.jpeg\",\"contentUrl\":\"https:\\\/\\\/www.moedlareuth.de\\\/wp-content\\\/uploads\\\/2022\\\/10\\\/image00001-1-scaled.jpeg\",\"width\":1920,\"height\":2560},{\"@type\":\"BreadcrumbList\",\"@id\":\"https:\\\/\\\/www.moedlareuth.de\\\/teilung-streben-nach-einheit-frieden-die-innerdeutsche-und-die-innerkoreanische-grenze\\\/#breadcrumb\",\"itemListElement\":[{\"@type\":\"ListItem\",\"position\":1,\"name\":\"Startseite\",\"item\":\"https:\\\/\\\/www.moedlareuth.de\\\/\"},{\"@type\":\"ListItem\",\"position\":2,\"name\":\"Neue Sonderausstellung im Museum: \u201eTeilung \u2013 Streben nach Einheit \u2013 Frieden. Die innerdeutsche und die innerkoreanische Grenze.\u201c\"}]},{\"@type\":\"WebSite\",\"@id\":\"https:\\\/\\\/moedlareuth.de\\\/preview\\\/#website\",\"url\":\"https:\\\/\\\/moedlareuth.de\\\/preview\\\/\",\"name\":\"Deutsch-Deutsches Museum M\u00f6dlareuth\",\"description\":\"Gedenkst\u00e4tte zur deutschen Teilung\",\"publisher\":{\"@id\":\"https:\\\/\\\/moedlareuth.de\\\/preview\\\/#organization\"},\"potentialAction\":[{\"@type\":\"SearchAction\",\"target\":{\"@type\":\"EntryPoint\",\"urlTemplate\":\"https:\\\/\\\/moedlareuth.de\\\/preview\\\/?s={search_term_string}\"},\"query-input\":{\"@type\":\"PropertyValueSpecification\",\"valueRequired\":true,\"valueName\":\"search_term_string\"}}],\"inLanguage\":\"en-GB\"},{\"@type\":\"Organization\",\"@id\":\"https:\\\/\\\/moedlareuth.de\\\/preview\\\/#organization\",\"name\":\"Deutsch-Deutsches Museum M\u00f6dlareuth\",\"url\":\"https:\\\/\\\/moedlareuth.de\\\/preview\\\/\",\"logo\":{\"@type\":\"ImageObject\",\"inLanguage\":\"en-GB\",\"@id\":\"https:\\\/\\\/moedlareuth.de\\\/preview\\\/#\\\/schema\\\/logo\\\/image\\\/\",\"url\":\"https:\\\/\\\/www.moedlareuth.de\\\/wp-content\\\/uploads\\\/2022\\\/02\\\/museum_moedlareuth_logo_hell_zusatz.svg\",\"contentUrl\":\"https:\\\/\\\/www.moedlareuth.de\\\/wp-content\\\/uploads\\\/2022\\\/02\\\/museum_moedlareuth_logo_hell_zusatz.svg\",\"width\":255,\"height\":62,\"caption\":\"Deutsch-Deutsches Museum M\u00f6dlareuth\"},\"image\":{\"@id\":\"https:\\\/\\\/moedlareuth.de\\\/preview\\\/#\\\/schema\\\/logo\\\/image\\\/\"}},{\"@type\":\"Person\",\"@id\":\"https:\\\/\\\/moedlareuth.de\\\/preview\\\/#\\\/schema\\\/person\\\/be9364f0f76c1a14366273030efb5e2f\",\"name\":\"Christine Franz\",\"url\":\"https:\\\/\\\/www.moedlareuth.de\\\/en\\\/author\\\/c-franz\\\/\"}]}<\/script>\n<!-- \/ Yoast SEO plugin. -->","yoast_head_json":{"title":"Neue Sonderausstellung im Museum: \u201eTeilung \u2013 Streben nach Einheit \u2013 Frieden. Die innerdeutsche und die innerkoreanische Grenze.\u201c - Deutsch-Deutsches Museum M\u00f6dlareuth","robots":{"index":"index","follow":"follow","max-snippet":"max-snippet:-1","max-image-preview":"max-image-preview:large","max-video-preview":"max-video-preview:-1"},"canonical":"https:\/\/www.moedlareuth.de\/en\/teilung-streben-nach-einheit-frieden-die-innerdeutsche-und-die-innerkoreanische-grenze\/","og_locale":"en_GB","og_type":"article","og_title":"Neue Sonderausstellung im Museum: \u201eTeilung \u2013 Streben nach Einheit \u2013 Frieden. Die innerdeutsche und die innerkoreanische Grenze.\u201c - Deutsch-Deutsches Museum M\u00f6dlareuth","og_description":"Gemeinsam mit seinem s\u00fcdkoreanischen Partnerlandkreis Yeoncheon haben der Landkreis Hof und das Deutsch-Deutsche Museum M\u00f6dlareuth eine informative Fotoausstellung ins Leben gerufen und zusammengestellt, die sowohl im Hofer Land als auch in Korea zu sehen sein wird. \u201eWir sind hier in M\u00f6dlareuth an einem besonderen Ort, um eine besondere Ausstellung zu er\u00f6ffnen. Gemeinsamkeiten und Herausforderungen zwischen...","og_url":"https:\/\/www.moedlareuth.de\/en\/teilung-streben-nach-einheit-frieden-die-innerdeutsche-und-die-innerkoreanische-grenze\/","og_site_name":"Deutsch-Deutsches Museum M\u00f6dlareuth","article_published_time":"2022-10-12T20:58:35+00:00","article_modified_time":"2022-10-12T21:28:06+00:00","og_image":[{"width":1920,"height":2560,"url":"https:\/\/www.moedlareuth.de\/wp-content\/uploads\/2022\/10\/image00001-1-scaled.jpeg","type":"image\/jpeg"}],"author":"Christine Franz","twitter_card":"summary_large_image","twitter_misc":{"Written by":"Christine Franz","Estimated reading time":"2 minutes"},"schema":{"@context":"https:\/\/schema.org","@graph":[{"@type":"Article","@id":"https:\/\/www.moedlareuth.de\/teilung-streben-nach-einheit-frieden-die-innerdeutsche-und-die-innerkoreanische-grenze\/#article","isPartOf":{"@id":"https:\/\/www.moedlareuth.de\/teilung-streben-nach-einheit-frieden-die-innerdeutsche-und-die-innerkoreanische-grenze\/"},"author":{"name":"Christine Franz","@id":"https:\/\/moedlareuth.de\/preview\/#\/schema\/person\/be9364f0f76c1a14366273030efb5e2f"},"headline":"Neue Sonderausstellung im Museum: \u201eTeilung \u2013 Streben nach Einheit \u2013 Frieden. Die innerdeutsche und die innerkoreanische Grenze.\u201c","datePublished":"2022-10-12T20:58:35+00:00","dateModified":"2022-10-12T21:28:06+00:00","mainEntityOfPage":{"@id":"https:\/\/www.moedlareuth.de\/teilung-streben-nach-einheit-frieden-die-innerdeutsche-und-die-innerkoreanische-grenze\/"},"wordCount":269,"publisher":{"@id":"https:\/\/moedlareuth.de\/preview\/#organization"},"image":{"@id":"https:\/\/www.moedlareuth.de\/teilung-streben-nach-einheit-frieden-die-innerdeutsche-und-die-innerkoreanische-grenze\/#primaryimage"},"thumbnailUrl":"https:\/\/www.moedlareuth.de\/wp-content\/uploads\/2022\/10\/image00001-1-scaled.jpeg","keywords":["Deutschland","Grenze"],"articleSection":["Aktuelles"],"inLanguage":"en-GB"},{"@type":"WebPage","@id":"https:\/\/www.moedlareuth.de\/teilung-streben-nach-einheit-frieden-die-innerdeutsche-und-die-innerkoreanische-grenze\/","url":"https:\/\/www.moedlareuth.de\/teilung-streben-nach-einheit-frieden-die-innerdeutsche-und-die-innerkoreanische-grenze\/","name":"Neue Sonderausstellung im Museum: \u201eTeilung \u2013 Streben nach Einheit \u2013 Frieden. Die innerdeutsche und die innerkoreanische Grenze.\u201c - Deutsch-Deutsches Museum M\u00f6dlareuth","isPartOf":{"@id":"https:\/\/moedlareuth.de\/preview\/#website"},"primaryImageOfPage":{"@id":"https:\/\/www.moedlareuth.de\/teilung-streben-nach-einheit-frieden-die-innerdeutsche-und-die-innerkoreanische-grenze\/#primaryimage"},"image":{"@id":"https:\/\/www.moedlareuth.de\/teilung-streben-nach-einheit-frieden-die-innerdeutsche-und-die-innerkoreanische-grenze\/#primaryimage"},"thumbnailUrl":"https:\/\/www.moedlareuth.de\/wp-content\/uploads\/2022\/10\/image00001-1-scaled.jpeg","datePublished":"2022-10-12T20:58:35+00:00","dateModified":"2022-10-12T21:28:06+00:00","breadcrumb":{"@id":"https:\/\/www.moedlareuth.de\/teilung-streben-nach-einheit-frieden-die-innerdeutsche-und-die-innerkoreanische-grenze\/#breadcrumb"},"inLanguage":"en-GB","potentialAction":[{"@type":"ReadAction","target":["https:\/\/www.moedlareuth.de\/teilung-streben-nach-einheit-frieden-die-innerdeutsche-und-die-innerkoreanische-grenze\/"]}]},{"@type":"ImageObject","inLanguage":"en-GB","@id":"https:\/\/www.moedlareuth.de\/teilung-streben-nach-einheit-frieden-die-innerdeutsche-und-die-innerkoreanische-grenze\/#primaryimage","url":"https:\/\/www.moedlareuth.de\/wp-content\/uploads\/2022\/10\/image00001-1-scaled.jpeg","contentUrl":"https:\/\/www.moedlareuth.de\/wp-content\/uploads\/2022\/10\/image00001-1-scaled.jpeg","width":1920,"height":2560},{"@type":"BreadcrumbList","@id":"https:\/\/www.moedlareuth.de\/teilung-streben-nach-einheit-frieden-die-innerdeutsche-und-die-innerkoreanische-grenze\/#breadcrumb","itemListElement":[{"@type":"ListItem","position":1,"name":"Startseite","item":"https:\/\/www.moedlareuth.de\/"},{"@type":"ListItem","position":2,"name":"Neue Sonderausstellung im Museum: \u201eTeilung \u2013 Streben nach Einheit \u2013 Frieden. Die innerdeutsche und die innerkoreanische Grenze.\u201c"}]},{"@type":"WebSite","@id":"https:\/\/moedlareuth.de\/preview\/#website","url":"https:\/\/moedlareuth.de\/preview\/","name":"Deutsch-Deutsches Museum M\u00f6dlareuth","description":"Memorial to the division of Germany","publisher":{"@id":"https:\/\/moedlareuth.de\/preview\/#organization"},"potentialAction":[{"@type":"SearchAction","target":{"@type":"EntryPoint","urlTemplate":"https:\/\/moedlareuth.de\/preview\/?s={search_term_string}"},"query-input":{"@type":"PropertyValueSpecification","valueRequired":true,"valueName":"search_term_string"}}],"inLanguage":"en-GB"},{"@type":"Organization","@id":"https:\/\/moedlareuth.de\/preview\/#organization","name":"Deutsch-Deutsches Museum M\u00f6dlareuth","url":"https:\/\/moedlareuth.de\/preview\/","logo":{"@type":"ImageObject","inLanguage":"en-GB","@id":"https:\/\/moedlareuth.de\/preview\/#\/schema\/logo\/image\/","url":"https:\/\/www.moedlareuth.de\/wp-content\/uploads\/2022\/02\/museum_moedlareuth_logo_hell_zusatz.svg","contentUrl":"https:\/\/www.moedlareuth.de\/wp-content\/uploads\/2022\/02\/museum_moedlareuth_logo_hell_zusatz.svg","width":255,"height":62,"caption":"Deutsch-Deutsches Museum M\u00f6dlareuth"},"image":{"@id":"https:\/\/moedlareuth.de\/preview\/#\/schema\/logo\/image\/"}},{"@type":"Person","@id":"https:\/\/moedlareuth.de\/preview\/#\/schema\/person\/be9364f0f76c1a14366273030efb5e2f","name":"Christine Franz","url":"https:\/\/www.moedlareuth.de\/en\/author\/c-franz\/"}]}},"_links":{"self":[{"href":"https:\/\/www.moedlareuth.de\/en\/wp-json\/wp\/v2\/posts\/12358","targetHints":{"allow":["GET"]}}],"collection":[{"href":"https:\/\/www.moedlareuth.de\/en\/wp-json\/wp\/v2\/posts"}],"about":[{"href":"https:\/\/www.moedlareuth.de\/en\/wp-json\/wp\/v2\/types\/post"}],"author":[{"embeddable":true,"href":"https:\/\/www.moedlareuth.de\/en\/wp-json\/wp\/v2\/users\/11"}],"replies":[{"embeddable":true,"href":"https:\/\/www.moedlareuth.de\/en\/wp-json\/wp\/v2\/comments?post=12358"}],"version-history":[{"count":4,"href":"https:\/\/www.moedlareuth.de\/en\/wp-json\/wp\/v2\/posts\/12358\/revisions"}],"predecessor-version":[{"id":12372,"href":"https:\/\/www.moedlareuth.de\/en\/wp-json\/wp\/v2\/posts\/12358\/revisions\/12372"}],"wp:featuredmedia":[{"embeddable":true,"href":"https:\/\/www.moedlareuth.de\/en\/wp-json\/wp\/v2\/media\/12361"}],"wp:attachment":[{"href":"https:\/\/www.moedlareuth.de\/en\/wp-json\/wp\/v2\/media?parent=12358"}],"wp:term":[{"taxonomy":"category","embeddable":true,"href":"https:\/\/www.moedlareuth.de\/en\/wp-json\/wp\/v2\/categories?post=12358"},{"taxonomy":"post_tag","embeddable":true,"href":"https:\/\/www.moedlareuth.de\/en\/wp-json\/wp\/v2\/tags?post=12358"}],"curies":[{"name":"wp","href":"https:\/\/api.w.org\/{rel}","templated":true}]}}