{"id":12218,"date":"2022-07-04T16:01:06","date_gmt":"2022-07-04T14:01:06","guid":{"rendered":"https:\/\/www.moedlareuth.de\/?p=12218"},"modified":"2022-07-04T16:04:01","modified_gmt":"2022-07-04T14:04:01","slug":"oberfrankenstiftung-unterstuetzt-museumserweiterung-in-moedlareuth-mit-weiteren-4-millionen-euro","status":"publish","type":"post","link":"https:\/\/www.moedlareuth.de\/en\/oberfrankenstiftung-unterstuetzt-museumserweiterung-in-moedlareuth-mit-weiteren-4-millionen-euro\/","title":{"rendered":"Oberfrankenstiftung unterst\u00fctzt          Museumserweiterung in M\u00f6dlareuth mit zus\u00e4tzlichen 4 Millionen Euro"},"content":{"rendered":"<p><\/p>\n\n\n\n<p><\/p>\n\n\n\n<p>Die Erweiterung des Deutsch-Deutschen Museums M\u00f6dlareuth schreitet weiter voran. Seit dem Fr\u00fchjahr laufen die Bauma\u00dfnahmen f\u00fcr den ersten Bauabschnitt, der die Neugestaltung der Au\u00dfenanlagen beinhaltet. Die daf\u00fcr notwendigen Aushubarbeiten sind mittlerweile abgeschlossen. Aktuell werden die neuen Wege angelegt sowie Bodenarbeiten f\u00fcr den Au\u00dfen-Ausstellungsbereich durchgef\u00fchrt. In einem weiteren Schritt soll dann der zweite Bauabschnitt mit dem Museumsneubau beginnen.<\/p>\n\n\n\n<p>\u201eWir haben aufgrund der allgemeinen Kostenentwicklung eine Kostenberechnung angestellt. Diese sieht vor, dass das Museum selbst rund 18,7 Millionen Euro kosten wird. Dazu kommen Kosten f\u00fcr die Au\u00dfenanlagen sowie f\u00fcr weitere Ma\u00dfnahmen, so dass insgesamt knapp 22 Millionen Euro zu veranschlagen sind. Vor diesem Hintergrund sind wir der Oberfrankenstiftung sehr dankbar, dass sie sich bereit erkl\u00e4rt hat, die Erweiterung des Museums zu begleiten und finanziell erneut gro\u00dfz\u00fcgig zu unterst\u00fctzen\u201c, so Landrat und Zweckverbandsvorsitzender Dr. Oliver B\u00e4r.<\/p>\n\n\n\n<p>Regierungspr\u00e4sidentin Heidrun Piwernetz hat als Vorsitzende des Stiftungsrates der Oberfrankenstiftung dazu heute in M\u00f6dlareuth einen weiteren Bescheid in H\u00f6he von insgesamt 4 Millionen Euro an Landrat Dr. B\u00e4r \u00fcbergeben.<\/p>\n\n\n\n<p>\u201eM\u00f6dlareuth oder \u201eLittle Berlin\u201c ist ein Gedenkort von herausragendem Wert, nicht nur f\u00fcr die Region sondern auch dar\u00fcber hinaus. Man sieht dies alleine schon an den Besucherzahlen, die vor Corona zwischen 80.000 und 90.000 Besuchern pro Jahr lagen. Je l\u00e4nger wir vom urspr\u00fcnglich historischen Geschehen wegkommen, umso wichtiger wird es, dass wir einen solchen Ort haben, an dem auch Jugendliche und Kinder sehen k\u00f6nnen, was diese Teilung bedeutet hat. Zudem m\u00fcssen und wollen wir ein Zeichen gegen die SED-Diktatur und gegen das Vergessen setzen\u201c, so Heidrun Piwernetz.<\/p>\n\n\n\n<p>Auch der Bund sowie der Freistaat Bayern hatten bereits im Vorfeld Zuwendungen in H\u00f6he von insgesamt 11,2 Millionen Euro zugesichert, der Freistaat Th\u00fcringen m\u00f6chte sich mit 800.000 Euro beteiligen. Zudem laufen derzeit Gespr\u00e4che f\u00fcr potentiell weitere finanzielle Unterst\u00fctzungen.<\/p>\n\n\n\n<p>\u201eDas neu gestaltete Museum mit seinem Au\u00dfengel\u00e4nde soll die F\u00fchrung f\u00fcr die Besucher noch klarer und erkennbarer machen. Diejenigen, die in M\u00f6dlareuth oder Umgebung aufgewachsen sind, wissen, was genau wo war. Aber diejenigen, die von au\u00dfen kommen, sollen ein klares Bild davon erhalten, wie es zu Zeiten der innerdeutschen Teilung ausgesehen hat. Dar\u00fcber hinaus ist es uns wichtig, dass wir den Besuchern von M\u00f6dlareuth &#8211; einem Ort von nationaler Bedeutung &#8211; vermitteln k\u00f6nnen, wozu ein totalit\u00e4res Regime f\u00e4hig ist. Es ist wichtig aus dieser Geschichte zu lernen um deutlich zu machen, dass es so etwas nie wieder geben darf\u201c, so Landrat Dr. B\u00e4r.<\/p>\n\n\n\n<p>Nach derzeitigem Stand soll das Au\u00dfengel\u00e4nde noch in diesem Jahr fertig gestellt werden. Mit dem Museumsneubau soll dann im n\u00e4chsten Jahr begonnen werden.<\/p>\n\n\n\n<p><\/p>\n\n\n\n<p>Foto: Regierungspr\u00e4sidentin Heidrun Piwernetz \u00fcberreicht als Vorsitzende des Stiftungsrates der Oberfrankenstiftung einen F\u00f6rderbescheid in H\u00f6he von insgesamt 4 Millionen Euro an Landrat Dr. B\u00e4r.<br>(im Bild v.l.n.r.):<br>Museumsp\u00e4dagogin Susan Burger, Museumsleiter Robert Lebegern, Dr. Harald Fichtner (Bezirksrat und Mitglied des Stiftungsrats), Landrat und Zweckverbandsvorsitzender Dr. Oliver B\u00e4r, Regierungspr\u00e4sidentin und Vorsitzende des Stiftungsrats Heidrun Piwernetz, Tim Bleckmann (Fachbereich Hochbau Landkreis Hof), Silke Fischer (als Vertreterin des Vogtlandkreises) und Stefan Seewald (Gesch\u00e4ftsf\u00fchrer Oberfrankenstiftung)<\/p>","protected":false},"excerpt":{"rendered":"<p>Die Erweiterung des Deutsch-Deutschen Museums M\u00f6dlareuth schreitet weiter voran. Seit dem Fr\u00fchjahr laufen die Bauma\u00dfnahmen f\u00fcr den ersten Bauabschnitt, der die Neugestaltung der Au\u00dfenanlagen beinhaltet. Die daf\u00fcr notwendigen Aushubarbeiten sind mittlerweile abgeschlossen. Aktuell werden die neuen Wege angelegt sowie Bodenarbeiten f\u00fcr den Au\u00dfen-Ausstellungsbereich durchgef\u00fchrt. In einem weiteren Schritt soll dann der zweite Bauabschnitt mit dem&#8230;<\/p>","protected":false},"author":10,"featured_media":12219,"comment_status":"closed","ping_status":"closed","sticky":false,"template":"","format":"standard","meta":{"_acf_changed":false,"inline_featured_image":false,"_kad_post_transparent":"","_kad_post_title":"","_kad_post_layout":"","_kad_post_sidebar_id":"","_kad_post_content_style":"","_kad_post_vertical_padding":"","_kad_post_feature":"","_kad_post_feature_position":"","_kad_post_header":false,"_kad_post_footer":false,"_kad_post_classname":"","footnotes":""},"categories":[1],"tags":[],"class_list":["post-12218","post","type-post","status-publish","format-standard","has-post-thumbnail","hentry","category-aktuelles"],"acf":[],"yoast_head":"<!-- This site is optimized with the Yoast SEO plugin v27.5 - https:\/\/yoast.com\/product\/yoast-seo-wordpress\/ -->\n<title>Oberfrankenstiftung unterst\u00fctzt     Museumserweiterung in M\u00f6dlareuth mit zus\u00e4tzlichen 4 Millionen Euro - Deutsch-Deutsches Museum M\u00f6dlareuth<\/title>\n<meta name=\"robots\" content=\"index, follow, max-snippet:-1, max-image-preview:large, max-video-preview:-1\" \/>\n<link rel=\"canonical\" href=\"https:\/\/www.moedlareuth.de\/en\/oberfrankenstiftung-unterstuetzt-museumserweiterung-in-moedlareuth-mit-weiteren-4-millionen-euro\/\" \/>\n<meta property=\"og:locale\" content=\"en_GB\" \/>\n<meta property=\"og:type\" content=\"article\" \/>\n<meta property=\"og:title\" content=\"Oberfrankenstiftung unterst\u00fctzt     Museumserweiterung in M\u00f6dlareuth mit zus\u00e4tzlichen 4 Millionen Euro - Deutsch-Deutsches Museum M\u00f6dlareuth\" \/>\n<meta property=\"og:description\" content=\"Die Erweiterung des Deutsch-Deutschen Museums M\u00f6dlareuth schreitet weiter voran. Seit dem Fr\u00fchjahr laufen die Bauma\u00dfnahmen f\u00fcr den ersten Bauabschnitt, der die Neugestaltung der Au\u00dfenanlagen beinhaltet. Die daf\u00fcr notwendigen Aushubarbeiten sind mittlerweile abgeschlossen. Aktuell werden die neuen Wege angelegt sowie Bodenarbeiten f\u00fcr den Au\u00dfen-Ausstellungsbereich durchgef\u00fchrt. In einem weiteren Schritt soll dann der zweite Bauabschnitt mit dem...\" \/>\n<meta property=\"og:url\" content=\"https:\/\/www.moedlareuth.de\/en\/oberfrankenstiftung-unterstuetzt-museumserweiterung-in-moedlareuth-mit-weiteren-4-millionen-euro\/\" \/>\n<meta property=\"og:site_name\" content=\"Deutsch-Deutsches Museum M\u00f6dlareuth\" \/>\n<meta property=\"article:published_time\" content=\"2022-07-04T14:01:06+00:00\" \/>\n<meta property=\"article:modified_time\" content=\"2022-07-04T14:04:01+00:00\" \/>\n<meta property=\"og:image\" content=\"https:\/\/www.moedlareuth.de\/wp-content\/uploads\/2022\/07\/22-07-04-11-31-33-2540-scaled.jpg\" \/>\n\t<meta property=\"og:image:width\" content=\"2560\" \/>\n\t<meta property=\"og:image:height\" content=\"1920\" \/>\n\t<meta property=\"og:image:type\" content=\"image\/jpeg\" \/>\n<meta name=\"author\" content=\"Susan Burger\" \/>\n<meta name=\"twitter:card\" content=\"summary_large_image\" \/>\n<meta name=\"twitter:label1\" content=\"Written by\" \/>\n\t<meta name=\"twitter:data1\" content=\"Susan Burger\" \/>\n\t<meta name=\"twitter:label2\" content=\"Estimated reading time\" \/>\n\t<meta name=\"twitter:data2\" content=\"3 minutes\" \/>\n<script type=\"application\/ld+json\" class=\"yoast-schema-graph\">{\"@context\":\"https:\\\/\\\/schema.org\",\"@graph\":[{\"@type\":\"Article\",\"@id\":\"https:\\\/\\\/www.moedlareuth.de\\\/oberfrankenstiftung-unterstuetzt-museumserweiterung-in-moedlareuth-mit-weiteren-4-millionen-euro\\\/#article\",\"isPartOf\":{\"@id\":\"https:\\\/\\\/www.moedlareuth.de\\\/oberfrankenstiftung-unterstuetzt-museumserweiterung-in-moedlareuth-mit-weiteren-4-millionen-euro\\\/\"},\"author\":{\"name\":\"Susan Burger\",\"@id\":\"https:\\\/\\\/moedlareuth.de\\\/preview\\\/#\\\/schema\\\/person\\\/42d95c7c900104834e45a22afe68e54d\"},\"headline\":\"Oberfrankenstiftung unterst\u00fctzt Museumserweiterung in M\u00f6dlareuth mit zus\u00e4tzlichen 4 Millionen Euro\",\"datePublished\":\"2022-07-04T14:01:06+00:00\",\"dateModified\":\"2022-07-04T14:04:01+00:00\",\"mainEntityOfPage\":{\"@id\":\"https:\\\/\\\/www.moedlareuth.de\\\/oberfrankenstiftung-unterstuetzt-museumserweiterung-in-moedlareuth-mit-weiteren-4-millionen-euro\\\/\"},\"wordCount\":550,\"publisher\":{\"@id\":\"https:\\\/\\\/moedlareuth.de\\\/preview\\\/#organization\"},\"image\":{\"@id\":\"https:\\\/\\\/www.moedlareuth.de\\\/oberfrankenstiftung-unterstuetzt-museumserweiterung-in-moedlareuth-mit-weiteren-4-millionen-euro\\\/#primaryimage\"},\"thumbnailUrl\":\"https:\\\/\\\/www.moedlareuth.de\\\/wp-content\\\/uploads\\\/2022\\\/07\\\/22-07-04-11-31-33-2540-scaled.jpg\",\"articleSection\":[\"Aktuelles\"],\"inLanguage\":\"en-GB\"},{\"@type\":\"WebPage\",\"@id\":\"https:\\\/\\\/www.moedlareuth.de\\\/oberfrankenstiftung-unterstuetzt-museumserweiterung-in-moedlareuth-mit-weiteren-4-millionen-euro\\\/\",\"url\":\"https:\\\/\\\/www.moedlareuth.de\\\/oberfrankenstiftung-unterstuetzt-museumserweiterung-in-moedlareuth-mit-weiteren-4-millionen-euro\\\/\",\"name\":\"Oberfrankenstiftung unterst\u00fctzt Museumserweiterung in M\u00f6dlareuth mit zus\u00e4tzlichen 4 Millionen Euro - Deutsch-Deutsches Museum M\u00f6dlareuth\",\"isPartOf\":{\"@id\":\"https:\\\/\\\/moedlareuth.de\\\/preview\\\/#website\"},\"primaryImageOfPage\":{\"@id\":\"https:\\\/\\\/www.moedlareuth.de\\\/oberfrankenstiftung-unterstuetzt-museumserweiterung-in-moedlareuth-mit-weiteren-4-millionen-euro\\\/#primaryimage\"},\"image\":{\"@id\":\"https:\\\/\\\/www.moedlareuth.de\\\/oberfrankenstiftung-unterstuetzt-museumserweiterung-in-moedlareuth-mit-weiteren-4-millionen-euro\\\/#primaryimage\"},\"thumbnailUrl\":\"https:\\\/\\\/www.moedlareuth.de\\\/wp-content\\\/uploads\\\/2022\\\/07\\\/22-07-04-11-31-33-2540-scaled.jpg\",\"datePublished\":\"2022-07-04T14:01:06+00:00\",\"dateModified\":\"2022-07-04T14:04:01+00:00\",\"breadcrumb\":{\"@id\":\"https:\\\/\\\/www.moedlareuth.de\\\/oberfrankenstiftung-unterstuetzt-museumserweiterung-in-moedlareuth-mit-weiteren-4-millionen-euro\\\/#breadcrumb\"},\"inLanguage\":\"en-GB\",\"potentialAction\":[{\"@type\":\"ReadAction\",\"target\":[\"https:\\\/\\\/www.moedlareuth.de\\\/oberfrankenstiftung-unterstuetzt-museumserweiterung-in-moedlareuth-mit-weiteren-4-millionen-euro\\\/\"]}]},{\"@type\":\"ImageObject\",\"inLanguage\":\"en-GB\",\"@id\":\"https:\\\/\\\/www.moedlareuth.de\\\/oberfrankenstiftung-unterstuetzt-museumserweiterung-in-moedlareuth-mit-weiteren-4-millionen-euro\\\/#primaryimage\",\"url\":\"https:\\\/\\\/www.moedlareuth.de\\\/wp-content\\\/uploads\\\/2022\\\/07\\\/22-07-04-11-31-33-2540-scaled.jpg\",\"contentUrl\":\"https:\\\/\\\/www.moedlareuth.de\\\/wp-content\\\/uploads\\\/2022\\\/07\\\/22-07-04-11-31-33-2540-scaled.jpg\",\"width\":2560,\"height\":1920},{\"@type\":\"BreadcrumbList\",\"@id\":\"https:\\\/\\\/www.moedlareuth.de\\\/oberfrankenstiftung-unterstuetzt-museumserweiterung-in-moedlareuth-mit-weiteren-4-millionen-euro\\\/#breadcrumb\",\"itemListElement\":[{\"@type\":\"ListItem\",\"position\":1,\"name\":\"Startseite\",\"item\":\"https:\\\/\\\/www.moedlareuth.de\\\/\"},{\"@type\":\"ListItem\",\"position\":2,\"name\":\"Oberfrankenstiftung unterst\u00fctzt Museumserweiterung in M\u00f6dlareuth mit zus\u00e4tzlichen 4 Millionen Euro\"}]},{\"@type\":\"WebSite\",\"@id\":\"https:\\\/\\\/moedlareuth.de\\\/preview\\\/#website\",\"url\":\"https:\\\/\\\/moedlareuth.de\\\/preview\\\/\",\"name\":\"Deutsch-Deutsches Museum M\u00f6dlareuth\",\"description\":\"Gedenkst\u00e4tte zur deutschen Teilung\",\"publisher\":{\"@id\":\"https:\\\/\\\/moedlareuth.de\\\/preview\\\/#organization\"},\"potentialAction\":[{\"@type\":\"SearchAction\",\"target\":{\"@type\":\"EntryPoint\",\"urlTemplate\":\"https:\\\/\\\/moedlareuth.de\\\/preview\\\/?s={search_term_string}\"},\"query-input\":{\"@type\":\"PropertyValueSpecification\",\"valueRequired\":true,\"valueName\":\"search_term_string\"}}],\"inLanguage\":\"en-GB\"},{\"@type\":\"Organization\",\"@id\":\"https:\\\/\\\/moedlareuth.de\\\/preview\\\/#organization\",\"name\":\"Deutsch-Deutsches Museum M\u00f6dlareuth\",\"url\":\"https:\\\/\\\/moedlareuth.de\\\/preview\\\/\",\"logo\":{\"@type\":\"ImageObject\",\"inLanguage\":\"en-GB\",\"@id\":\"https:\\\/\\\/moedlareuth.de\\\/preview\\\/#\\\/schema\\\/logo\\\/image\\\/\",\"url\":\"https:\\\/\\\/www.moedlareuth.de\\\/wp-content\\\/uploads\\\/2022\\\/02\\\/museum_moedlareuth_logo_hell_zusatz.svg\",\"contentUrl\":\"https:\\\/\\\/www.moedlareuth.de\\\/wp-content\\\/uploads\\\/2022\\\/02\\\/museum_moedlareuth_logo_hell_zusatz.svg\",\"width\":255,\"height\":62,\"caption\":\"Deutsch-Deutsches Museum M\u00f6dlareuth\"},\"image\":{\"@id\":\"https:\\\/\\\/moedlareuth.de\\\/preview\\\/#\\\/schema\\\/logo\\\/image\\\/\"}},{\"@type\":\"Person\",\"@id\":\"https:\\\/\\\/moedlareuth.de\\\/preview\\\/#\\\/schema\\\/person\\\/42d95c7c900104834e45a22afe68e54d\",\"name\":\"Susan Burger\",\"url\":\"https:\\\/\\\/www.moedlareuth.de\\\/en\\\/author\\\/s-burger\\\/\"}]}<\/script>\n<!-- \/ Yoast SEO plugin. -->","yoast_head_json":{"title":"Oberfrankenstiftung unterst\u00fctzt     Museumserweiterung in M\u00f6dlareuth mit zus\u00e4tzlichen 4 Millionen Euro - Deutsch-Deutsches Museum M\u00f6dlareuth","robots":{"index":"index","follow":"follow","max-snippet":"max-snippet:-1","max-image-preview":"max-image-preview:large","max-video-preview":"max-video-preview:-1"},"canonical":"https:\/\/www.moedlareuth.de\/en\/oberfrankenstiftung-unterstuetzt-museumserweiterung-in-moedlareuth-mit-weiteren-4-millionen-euro\/","og_locale":"en_GB","og_type":"article","og_title":"Oberfrankenstiftung unterst\u00fctzt     Museumserweiterung in M\u00f6dlareuth mit zus\u00e4tzlichen 4 Millionen Euro - Deutsch-Deutsches Museum M\u00f6dlareuth","og_description":"Die Erweiterung des Deutsch-Deutschen Museums M\u00f6dlareuth schreitet weiter voran. Seit dem Fr\u00fchjahr laufen die Bauma\u00dfnahmen f\u00fcr den ersten Bauabschnitt, der die Neugestaltung der Au\u00dfenanlagen beinhaltet. Die daf\u00fcr notwendigen Aushubarbeiten sind mittlerweile abgeschlossen. Aktuell werden die neuen Wege angelegt sowie Bodenarbeiten f\u00fcr den Au\u00dfen-Ausstellungsbereich durchgef\u00fchrt. In einem weiteren Schritt soll dann der zweite Bauabschnitt mit dem...","og_url":"https:\/\/www.moedlareuth.de\/en\/oberfrankenstiftung-unterstuetzt-museumserweiterung-in-moedlareuth-mit-weiteren-4-millionen-euro\/","og_site_name":"Deutsch-Deutsches Museum M\u00f6dlareuth","article_published_time":"2022-07-04T14:01:06+00:00","article_modified_time":"2022-07-04T14:04:01+00:00","og_image":[{"width":2560,"height":1920,"url":"https:\/\/www.moedlareuth.de\/wp-content\/uploads\/2022\/07\/22-07-04-11-31-33-2540-scaled.jpg","type":"image\/jpeg"}],"author":"Susan Burger","twitter_card":"summary_large_image","twitter_misc":{"Written by":"Susan Burger","Estimated reading time":"3 minutes"},"schema":{"@context":"https:\/\/schema.org","@graph":[{"@type":"Article","@id":"https:\/\/www.moedlareuth.de\/oberfrankenstiftung-unterstuetzt-museumserweiterung-in-moedlareuth-mit-weiteren-4-millionen-euro\/#article","isPartOf":{"@id":"https:\/\/www.moedlareuth.de\/oberfrankenstiftung-unterstuetzt-museumserweiterung-in-moedlareuth-mit-weiteren-4-millionen-euro\/"},"author":{"name":"Susan Burger","@id":"https:\/\/moedlareuth.de\/preview\/#\/schema\/person\/42d95c7c900104834e45a22afe68e54d"},"headline":"Oberfrankenstiftung unterst\u00fctzt Museumserweiterung in M\u00f6dlareuth mit zus\u00e4tzlichen 4 Millionen Euro","datePublished":"2022-07-04T14:01:06+00:00","dateModified":"2022-07-04T14:04:01+00:00","mainEntityOfPage":{"@id":"https:\/\/www.moedlareuth.de\/oberfrankenstiftung-unterstuetzt-museumserweiterung-in-moedlareuth-mit-weiteren-4-millionen-euro\/"},"wordCount":550,"publisher":{"@id":"https:\/\/moedlareuth.de\/preview\/#organization"},"image":{"@id":"https:\/\/www.moedlareuth.de\/oberfrankenstiftung-unterstuetzt-museumserweiterung-in-moedlareuth-mit-weiteren-4-millionen-euro\/#primaryimage"},"thumbnailUrl":"https:\/\/www.moedlareuth.de\/wp-content\/uploads\/2022\/07\/22-07-04-11-31-33-2540-scaled.jpg","articleSection":["Aktuelles"],"inLanguage":"en-GB"},{"@type":"WebPage","@id":"https:\/\/www.moedlareuth.de\/oberfrankenstiftung-unterstuetzt-museumserweiterung-in-moedlareuth-mit-weiteren-4-millionen-euro\/","url":"https:\/\/www.moedlareuth.de\/oberfrankenstiftung-unterstuetzt-museumserweiterung-in-moedlareuth-mit-weiteren-4-millionen-euro\/","name":"Oberfrankenstiftung unterst\u00fctzt Museumserweiterung in M\u00f6dlareuth mit zus\u00e4tzlichen 4 Millionen Euro - Deutsch-Deutsches Museum M\u00f6dlareuth","isPartOf":{"@id":"https:\/\/moedlareuth.de\/preview\/#website"},"primaryImageOfPage":{"@id":"https:\/\/www.moedlareuth.de\/oberfrankenstiftung-unterstuetzt-museumserweiterung-in-moedlareuth-mit-weiteren-4-millionen-euro\/#primaryimage"},"image":{"@id":"https:\/\/www.moedlareuth.de\/oberfrankenstiftung-unterstuetzt-museumserweiterung-in-moedlareuth-mit-weiteren-4-millionen-euro\/#primaryimage"},"thumbnailUrl":"https:\/\/www.moedlareuth.de\/wp-content\/uploads\/2022\/07\/22-07-04-11-31-33-2540-scaled.jpg","datePublished":"2022-07-04T14:01:06+00:00","dateModified":"2022-07-04T14:04:01+00:00","breadcrumb":{"@id":"https:\/\/www.moedlareuth.de\/oberfrankenstiftung-unterstuetzt-museumserweiterung-in-moedlareuth-mit-weiteren-4-millionen-euro\/#breadcrumb"},"inLanguage":"en-GB","potentialAction":[{"@type":"ReadAction","target":["https:\/\/www.moedlareuth.de\/oberfrankenstiftung-unterstuetzt-museumserweiterung-in-moedlareuth-mit-weiteren-4-millionen-euro\/"]}]},{"@type":"ImageObject","inLanguage":"en-GB","@id":"https:\/\/www.moedlareuth.de\/oberfrankenstiftung-unterstuetzt-museumserweiterung-in-moedlareuth-mit-weiteren-4-millionen-euro\/#primaryimage","url":"https:\/\/www.moedlareuth.de\/wp-content\/uploads\/2022\/07\/22-07-04-11-31-33-2540-scaled.jpg","contentUrl":"https:\/\/www.moedlareuth.de\/wp-content\/uploads\/2022\/07\/22-07-04-11-31-33-2540-scaled.jpg","width":2560,"height":1920},{"@type":"BreadcrumbList","@id":"https:\/\/www.moedlareuth.de\/oberfrankenstiftung-unterstuetzt-museumserweiterung-in-moedlareuth-mit-weiteren-4-millionen-euro\/#breadcrumb","itemListElement":[{"@type":"ListItem","position":1,"name":"Startseite","item":"https:\/\/www.moedlareuth.de\/"},{"@type":"ListItem","position":2,"name":"Oberfrankenstiftung unterst\u00fctzt Museumserweiterung in M\u00f6dlareuth mit zus\u00e4tzlichen 4 Millionen Euro"}]},{"@type":"WebSite","@id":"https:\/\/moedlareuth.de\/preview\/#website","url":"https:\/\/moedlareuth.de\/preview\/","name":"Deutsch-Deutsches Museum M\u00f6dlareuth","description":"Memorial to the division of Germany","publisher":{"@id":"https:\/\/moedlareuth.de\/preview\/#organization"},"potentialAction":[{"@type":"SearchAction","target":{"@type":"EntryPoint","urlTemplate":"https:\/\/moedlareuth.de\/preview\/?s={search_term_string}"},"query-input":{"@type":"PropertyValueSpecification","valueRequired":true,"valueName":"search_term_string"}}],"inLanguage":"en-GB"},{"@type":"Organization","@id":"https:\/\/moedlareuth.de\/preview\/#organization","name":"Deutsch-Deutsches Museum M\u00f6dlareuth","url":"https:\/\/moedlareuth.de\/preview\/","logo":{"@type":"ImageObject","inLanguage":"en-GB","@id":"https:\/\/moedlareuth.de\/preview\/#\/schema\/logo\/image\/","url":"https:\/\/www.moedlareuth.de\/wp-content\/uploads\/2022\/02\/museum_moedlareuth_logo_hell_zusatz.svg","contentUrl":"https:\/\/www.moedlareuth.de\/wp-content\/uploads\/2022\/02\/museum_moedlareuth_logo_hell_zusatz.svg","width":255,"height":62,"caption":"Deutsch-Deutsches Museum M\u00f6dlareuth"},"image":{"@id":"https:\/\/moedlareuth.de\/preview\/#\/schema\/logo\/image\/"}},{"@type":"Person","@id":"https:\/\/moedlareuth.de\/preview\/#\/schema\/person\/42d95c7c900104834e45a22afe68e54d","name":"Susan Burger","url":"https:\/\/www.moedlareuth.de\/en\/author\/s-burger\/"}]}},"_links":{"self":[{"href":"https:\/\/www.moedlareuth.de\/en\/wp-json\/wp\/v2\/posts\/12218","targetHints":{"allow":["GET"]}}],"collection":[{"href":"https:\/\/www.moedlareuth.de\/en\/wp-json\/wp\/v2\/posts"}],"about":[{"href":"https:\/\/www.moedlareuth.de\/en\/wp-json\/wp\/v2\/types\/post"}],"author":[{"embeddable":true,"href":"https:\/\/www.moedlareuth.de\/en\/wp-json\/wp\/v2\/users\/10"}],"replies":[{"embeddable":true,"href":"https:\/\/www.moedlareuth.de\/en\/wp-json\/wp\/v2\/comments?post=12218"}],"version-history":[{"count":5,"href":"https:\/\/www.moedlareuth.de\/en\/wp-json\/wp\/v2\/posts\/12218\/revisions"}],"predecessor-version":[{"id":12225,"href":"https:\/\/www.moedlareuth.de\/en\/wp-json\/wp\/v2\/posts\/12218\/revisions\/12225"}],"wp:featuredmedia":[{"embeddable":true,"href":"https:\/\/www.moedlareuth.de\/en\/wp-json\/wp\/v2\/media\/12219"}],"wp:attachment":[{"href":"https:\/\/www.moedlareuth.de\/en\/wp-json\/wp\/v2\/media?parent=12218"}],"wp:term":[{"taxonomy":"category","embeddable":true,"href":"https:\/\/www.moedlareuth.de\/en\/wp-json\/wp\/v2\/categories?post=12218"},{"taxonomy":"post_tag","embeddable":true,"href":"https:\/\/www.moedlareuth.de\/en\/wp-json\/wp\/v2\/tags?post=12218"}],"curies":[{"name":"wp","href":"https:\/\/api.w.org\/{rel}","templated":true}]}}