{"id":1195,"date":"2019-01-23T17:03:34","date_gmt":"2019-01-23T16:03:34","guid":{"rendered":"http:\/\/www.moedlareuth.de\/?p=1195"},"modified":"2021-12-07T05:02:30","modified_gmt":"2021-12-07T04:02:30","slug":"besucher-des-deutsch-deutschen-museums-moedlareuth-trotzen-minusgraden","status":"publish","type":"post","link":"https:\/\/www.moedlareuth.de\/en\/besucher-des-deutsch-deutschen-museums-moedlareuth-trotzen-minusgraden\/","title":{"rendered":"Besucher des Deutsch-Deutschen Museums M\u00f6dlareuth trotzen Minusgraden"},"content":{"rendered":"<p>Bei klirrender K\u00e4lte geht eigentlich niemand gerne aus dem Haus. Im Deutsch-Deutsche Museum M\u00f6dlareuth herrschte trotz zweistelligen Minusgraden heute reger Andrang und die Besucher lie\u00dfen sich auch nicht von einer F\u00fchrung, welche im gut klimatisierten Hauptgeb\u00e4ude beginnt und dann im Freigel\u00e4nde fortgesetzt wird, abhalten. Alle &#8211; Besucher wie auch Gedenkst\u00e4ttenp\u00e4dagogin Siglinde Waschke &#8211; waren mit entsprechender Kleidung gegen die eisige K\u00e4lte gewappnet.<\/p>\n<p>[wpspd-slider title=&#8220;Besucher trotzen Minusgraden&#8220; type=&#8220;slider&#8220; autoplay=&#8220;no&#8220; infinite=&#8220;yes&#8220; duration=&#8220;2000&#8243; fx=&#8220;slide&#8220;]<br \/>\n[wpspd-slide]<a href=\"http:\/\/www.moedlareuth.de\/wp-content\/uploads\/2019\/01\/2018-01-23_Gruppe01-e1548314318253.jpg\"><img fetchpriority=\"high\" decoding=\"async\" class=\"alignnone size-medium wp-image-1194\" src=\"http:\/\/www.moedlareuth.de\/wp-content\/uploads\/2019\/01\/2018-01-23_Gruppe01-300x200.jpg\" alt=\"\" width=\"300\" height=\"200\" \/><\/a>\u00a0 [\/wpspd-slide]<br \/>\n[wpspd-slide]<a href=\"http:\/\/www.moedlareuth.de\/wp-content\/uploads\/2019\/01\/2018-01-23_Gruppe02-e1548314595544.jpg\"><img decoding=\"async\" class=\"alignnone size-medium wp-image-1197\" src=\"http:\/\/www.moedlareuth.de\/wp-content\/uploads\/2019\/01\/2018-01-23_Gruppe02-300x200.jpg\" alt=\"\" width=\"300\" height=\"200\" \/><\/a>[\/wpspd-slide]<br \/>\n[wpspd-slide]<a href=\"http:\/\/www.moedlareuth.de\/wp-content\/uploads\/2019\/01\/2018-01-23_Gruppe03-e1548314577854.jpg\"><img decoding=\"async\" class=\"alignnone size-medium wp-image-1198\" src=\"http:\/\/www.moedlareuth.de\/wp-content\/uploads\/2019\/01\/2018-01-23_Gruppe03-300x200.jpg\" alt=\"\" width=\"300\" height=\"200\" \/><\/a>[\/wpspd-slide]<br \/>\n[\/wpspd-slider]<\/p>\n<p>&nbsp;<\/p>\n","protected":false},"excerpt":{"rendered":"<p>Bei klirrender K\u00e4lte geht eigentlich niemand gerne aus dem Haus. Im Deutsch-Deutsche Museum M\u00f6dlareuth herrschte trotz zweistelligen Minusgraden heute reger Andrang und die Besucher lie\u00dfen sich auch nicht von einer F\u00fchrung, welche im gut klimatisierten Hauptgeb\u00e4ude beginnt und dann im Freigel\u00e4nde fortgesetzt wird, abhalten. Alle &#8211; Besucher wie auch Gedenkst\u00e4ttenp\u00e4dagogin Siglinde Waschke &#8211; waren mit&#8230;<\/p>","protected":false},"author":6,"featured_media":1194,"comment_status":"closed","ping_status":"closed","sticky":false,"template":"","format":"standard","meta":{"_acf_changed":false,"inline_featured_image":false,"_kad_post_transparent":"","_kad_post_title":"","_kad_post_layout":"","_kad_post_sidebar_id":"","_kad_post_content_style":"","_kad_post_vertical_padding":"","_kad_post_feature":"","_kad_post_feature_position":"","_kad_post_header":false,"_kad_post_footer":false,"_kad_post_classname":"","footnotes":""},"categories":[1],"tags":[],"class_list":["post-1195","post","type-post","status-publish","format-standard","has-post-thumbnail","hentry","category-aktuelles"],"acf":[],"yoast_head":"<!-- This site is optimized with the Yoast SEO plugin v27.5 - https:\/\/yoast.com\/product\/yoast-seo-wordpress\/ -->\n<title>Besucher des Deutsch-Deutschen Museums M\u00f6dlareuth trotzen Minusgraden - Deutsch-Deutsches Museum M\u00f6dlareuth<\/title>\n<meta name=\"robots\" content=\"index, follow, max-snippet:-1, max-image-preview:large, max-video-preview:-1\" \/>\n<link rel=\"canonical\" href=\"https:\/\/moedlareuth.de\/besucher-des-deutsch-deutschen-museums-moedlareuth-trotzen-minusgraden\/\" \/>\n<meta property=\"og:locale\" content=\"en_GB\" \/>\n<meta property=\"og:type\" content=\"article\" \/>\n<meta property=\"og:title\" content=\"Besucher des Deutsch-Deutschen Museums M\u00f6dlareuth trotzen Minusgraden - Deutsch-Deutsches Museum M\u00f6dlareuth\" \/>\n<meta property=\"og:description\" content=\"Bei klirrender K\u00e4lte geht eigentlich niemand gerne aus dem Haus. Im Deutsch-Deutsche Museum M\u00f6dlareuth herrschte trotz zweistelligen Minusgraden heute reger Andrang und die Besucher lie\u00dfen sich auch nicht von einer F\u00fchrung, welche im gut klimatisierten Hauptgeb\u00e4ude beginnt und dann im Freigel\u00e4nde fortgesetzt wird, abhalten. Alle &#8211; Besucher wie auch Gedenkst\u00e4ttenp\u00e4dagogin Siglinde Waschke &#8211; waren mit...\" \/>\n<meta property=\"og:url\" content=\"https:\/\/moedlareuth.de\/besucher-des-deutsch-deutschen-museums-moedlareuth-trotzen-minusgraden\/\" \/>\n<meta property=\"og:site_name\" content=\"Deutsch-Deutsches Museum M\u00f6dlareuth\" \/>\n<meta property=\"article:published_time\" content=\"2019-01-23T16:03:34+00:00\" \/>\n<meta property=\"article:modified_time\" content=\"2021-12-07T04:02:30+00:00\" \/>\n<meta property=\"og:image\" content=\"https:\/\/moedlareuth.de\/preview\/wp-content\/uploads\/2019\/01\/2018-01-23_Gruppe01-e1548314318253.jpg\" \/>\n\t<meta property=\"og:image:width\" content=\"1400\" \/>\n\t<meta property=\"og:image:height\" content=\"933\" \/>\n\t<meta property=\"og:image:type\" content=\"image\/jpeg\" \/>\n<meta name=\"author\" content=\"Ronald Schricker\" \/>\n<meta name=\"twitter:card\" content=\"summary_large_image\" \/>\n<meta name=\"twitter:label1\" content=\"Written by\" \/>\n\t<meta name=\"twitter:data1\" content=\"Ronald Schricker\" \/>\n<script type=\"application\/ld+json\" class=\"yoast-schema-graph\">{\"@context\":\"https:\\\/\\\/schema.org\",\"@graph\":[{\"@type\":\"Article\",\"@id\":\"https:\\\/\\\/moedlareuth.de\\\/besucher-des-deutsch-deutschen-museums-moedlareuth-trotzen-minusgraden\\\/#article\",\"isPartOf\":{\"@id\":\"https:\\\/\\\/moedlareuth.de\\\/besucher-des-deutsch-deutschen-museums-moedlareuth-trotzen-minusgraden\\\/\"},\"author\":{\"name\":\"Ronald Schricker\",\"@id\":\"https:\\\/\\\/moedlareuth.de\\\/preview\\\/#\\\/schema\\\/person\\\/9194619dfae57e8d77d645ad86c2ea4e\"},\"headline\":\"Besucher des Deutsch-Deutschen Museums M\u00f6dlareuth trotzen Minusgraden\",\"datePublished\":\"2019-01-23T16:03:34+00:00\",\"dateModified\":\"2021-12-07T04:02:30+00:00\",\"mainEntityOfPage\":{\"@id\":\"https:\\\/\\\/moedlareuth.de\\\/besucher-des-deutsch-deutschen-museums-moedlareuth-trotzen-minusgraden\\\/\"},\"wordCount\":101,\"publisher\":{\"@id\":\"https:\\\/\\\/moedlareuth.de\\\/preview\\\/#organization\"},\"image\":{\"@id\":\"https:\\\/\\\/moedlareuth.de\\\/besucher-des-deutsch-deutschen-museums-moedlareuth-trotzen-minusgraden\\\/#primaryimage\"},\"thumbnailUrl\":\"https:\\\/\\\/www.moedlareuth.de\\\/wp-content\\\/uploads\\\/2019\\\/01\\\/2018-01-23_Gruppe01-e1548314318253.jpg\",\"articleSection\":[\"Aktuelles\"],\"inLanguage\":\"en-GB\"},{\"@type\":\"WebPage\",\"@id\":\"https:\\\/\\\/moedlareuth.de\\\/besucher-des-deutsch-deutschen-museums-moedlareuth-trotzen-minusgraden\\\/\",\"url\":\"https:\\\/\\\/moedlareuth.de\\\/besucher-des-deutsch-deutschen-museums-moedlareuth-trotzen-minusgraden\\\/\",\"name\":\"Besucher des Deutsch-Deutschen Museums M\u00f6dlareuth trotzen Minusgraden - Deutsch-Deutsches Museum M\u00f6dlareuth\",\"isPartOf\":{\"@id\":\"https:\\\/\\\/moedlareuth.de\\\/preview\\\/#website\"},\"primaryImageOfPage\":{\"@id\":\"https:\\\/\\\/moedlareuth.de\\\/besucher-des-deutsch-deutschen-museums-moedlareuth-trotzen-minusgraden\\\/#primaryimage\"},\"image\":{\"@id\":\"https:\\\/\\\/moedlareuth.de\\\/besucher-des-deutsch-deutschen-museums-moedlareuth-trotzen-minusgraden\\\/#primaryimage\"},\"thumbnailUrl\":\"https:\\\/\\\/www.moedlareuth.de\\\/wp-content\\\/uploads\\\/2019\\\/01\\\/2018-01-23_Gruppe01-e1548314318253.jpg\",\"datePublished\":\"2019-01-23T16:03:34+00:00\",\"dateModified\":\"2021-12-07T04:02:30+00:00\",\"breadcrumb\":{\"@id\":\"https:\\\/\\\/moedlareuth.de\\\/besucher-des-deutsch-deutschen-museums-moedlareuth-trotzen-minusgraden\\\/#breadcrumb\"},\"inLanguage\":\"en-GB\",\"potentialAction\":[{\"@type\":\"ReadAction\",\"target\":[\"https:\\\/\\\/moedlareuth.de\\\/besucher-des-deutsch-deutschen-museums-moedlareuth-trotzen-minusgraden\\\/\"]}]},{\"@type\":\"ImageObject\",\"inLanguage\":\"en-GB\",\"@id\":\"https:\\\/\\\/moedlareuth.de\\\/besucher-des-deutsch-deutschen-museums-moedlareuth-trotzen-minusgraden\\\/#primaryimage\",\"url\":\"https:\\\/\\\/www.moedlareuth.de\\\/wp-content\\\/uploads\\\/2019\\\/01\\\/2018-01-23_Gruppe01-e1548314318253.jpg\",\"contentUrl\":\"https:\\\/\\\/www.moedlareuth.de\\\/wp-content\\\/uploads\\\/2019\\\/01\\\/2018-01-23_Gruppe01-e1548314318253.jpg\",\"width\":1400,\"height\":933,\"caption\":\"2018 01 23 Gruppe01 e1548314318253\"},{\"@type\":\"BreadcrumbList\",\"@id\":\"https:\\\/\\\/moedlareuth.de\\\/besucher-des-deutsch-deutschen-museums-moedlareuth-trotzen-minusgraden\\\/#breadcrumb\",\"itemListElement\":[{\"@type\":\"ListItem\",\"position\":1,\"name\":\"Startseite\",\"item\":\"https:\\\/\\\/www.moedlareuth.de\\\/\"},{\"@type\":\"ListItem\",\"position\":2,\"name\":\"Besucher des Deutsch-Deutschen Museums M\u00f6dlareuth trotzen Minusgraden\"}]},{\"@type\":\"WebSite\",\"@id\":\"https:\\\/\\\/moedlareuth.de\\\/preview\\\/#website\",\"url\":\"https:\\\/\\\/moedlareuth.de\\\/preview\\\/\",\"name\":\"Deutsch-Deutsches Museum M\u00f6dlareuth\",\"description\":\"Gedenkst\u00e4tte zur deutschen Teilung\",\"publisher\":{\"@id\":\"https:\\\/\\\/moedlareuth.de\\\/preview\\\/#organization\"},\"potentialAction\":[{\"@type\":\"SearchAction\",\"target\":{\"@type\":\"EntryPoint\",\"urlTemplate\":\"https:\\\/\\\/moedlareuth.de\\\/preview\\\/?s={search_term_string}\"},\"query-input\":{\"@type\":\"PropertyValueSpecification\",\"valueRequired\":true,\"valueName\":\"search_term_string\"}}],\"inLanguage\":\"en-GB\"},{\"@type\":\"Organization\",\"@id\":\"https:\\\/\\\/moedlareuth.de\\\/preview\\\/#organization\",\"name\":\"Deutsch-Deutsches Museum M\u00f6dlareuth\",\"url\":\"https:\\\/\\\/moedlareuth.de\\\/preview\\\/\",\"logo\":{\"@type\":\"ImageObject\",\"inLanguage\":\"en-GB\",\"@id\":\"https:\\\/\\\/moedlareuth.de\\\/preview\\\/#\\\/schema\\\/logo\\\/image\\\/\",\"url\":\"https:\\\/\\\/www.moedlareuth.de\\\/wp-content\\\/uploads\\\/2022\\\/02\\\/museum_moedlareuth_logo_hell_zusatz.svg\",\"contentUrl\":\"https:\\\/\\\/www.moedlareuth.de\\\/wp-content\\\/uploads\\\/2022\\\/02\\\/museum_moedlareuth_logo_hell_zusatz.svg\",\"width\":255,\"height\":62,\"caption\":\"Deutsch-Deutsches Museum M\u00f6dlareuth\"},\"image\":{\"@id\":\"https:\\\/\\\/moedlareuth.de\\\/preview\\\/#\\\/schema\\\/logo\\\/image\\\/\"}},{\"@type\":\"Person\",\"@id\":\"https:\\\/\\\/moedlareuth.de\\\/preview\\\/#\\\/schema\\\/person\\\/9194619dfae57e8d77d645ad86c2ea4e\",\"name\":\"Ronald Schricker\",\"sameAs\":[\"http:\\\/\\\/www.museum-www.moedlareuth.de\"],\"url\":\"https:\\\/\\\/www.moedlareuth.de\\\/en\\\/author\\\/rs-lra-hof\\\/\"}]}<\/script>\n<!-- \/ Yoast SEO plugin. -->","yoast_head_json":{"title":"Besucher des Deutsch-Deutschen Museums M\u00f6dlareuth trotzen Minusgraden - Deutsch-Deutsches Museum M\u00f6dlareuth","robots":{"index":"index","follow":"follow","max-snippet":"max-snippet:-1","max-image-preview":"max-image-preview:large","max-video-preview":"max-video-preview:-1"},"canonical":"https:\/\/moedlareuth.de\/besucher-des-deutsch-deutschen-museums-moedlareuth-trotzen-minusgraden\/","og_locale":"en_GB","og_type":"article","og_title":"Besucher des Deutsch-Deutschen Museums M\u00f6dlareuth trotzen Minusgraden - Deutsch-Deutsches Museum M\u00f6dlareuth","og_description":"Bei klirrender K\u00e4lte geht eigentlich niemand gerne aus dem Haus. Im Deutsch-Deutsche Museum M\u00f6dlareuth herrschte trotz zweistelligen Minusgraden heute reger Andrang und die Besucher lie\u00dfen sich auch nicht von einer F\u00fchrung, welche im gut klimatisierten Hauptgeb\u00e4ude beginnt und dann im Freigel\u00e4nde fortgesetzt wird, abhalten. Alle &#8211; Besucher wie auch Gedenkst\u00e4ttenp\u00e4dagogin Siglinde Waschke &#8211; waren mit...","og_url":"https:\/\/moedlareuth.de\/besucher-des-deutsch-deutschen-museums-moedlareuth-trotzen-minusgraden\/","og_site_name":"Deutsch-Deutsches Museum M\u00f6dlareuth","article_published_time":"2019-01-23T16:03:34+00:00","article_modified_time":"2021-12-07T04:02:30+00:00","og_image":[{"width":1400,"height":933,"url":"https:\/\/moedlareuth.de\/preview\/wp-content\/uploads\/2019\/01\/2018-01-23_Gruppe01-e1548314318253.jpg","type":"image\/jpeg"}],"author":"Ronald Schricker","twitter_card":"summary_large_image","twitter_misc":{"Written by":"Ronald Schricker"},"schema":{"@context":"https:\/\/schema.org","@graph":[{"@type":"Article","@id":"https:\/\/moedlareuth.de\/besucher-des-deutsch-deutschen-museums-moedlareuth-trotzen-minusgraden\/#article","isPartOf":{"@id":"https:\/\/moedlareuth.de\/besucher-des-deutsch-deutschen-museums-moedlareuth-trotzen-minusgraden\/"},"author":{"name":"Ronald Schricker","@id":"https:\/\/moedlareuth.de\/preview\/#\/schema\/person\/9194619dfae57e8d77d645ad86c2ea4e"},"headline":"Besucher des Deutsch-Deutschen Museums M\u00f6dlareuth trotzen Minusgraden","datePublished":"2019-01-23T16:03:34+00:00","dateModified":"2021-12-07T04:02:30+00:00","mainEntityOfPage":{"@id":"https:\/\/moedlareuth.de\/besucher-des-deutsch-deutschen-museums-moedlareuth-trotzen-minusgraden\/"},"wordCount":101,"publisher":{"@id":"https:\/\/moedlareuth.de\/preview\/#organization"},"image":{"@id":"https:\/\/moedlareuth.de\/besucher-des-deutsch-deutschen-museums-moedlareuth-trotzen-minusgraden\/#primaryimage"},"thumbnailUrl":"https:\/\/www.moedlareuth.de\/wp-content\/uploads\/2019\/01\/2018-01-23_Gruppe01-e1548314318253.jpg","articleSection":["Aktuelles"],"inLanguage":"en-GB"},{"@type":"WebPage","@id":"https:\/\/moedlareuth.de\/besucher-des-deutsch-deutschen-museums-moedlareuth-trotzen-minusgraden\/","url":"https:\/\/moedlareuth.de\/besucher-des-deutsch-deutschen-museums-moedlareuth-trotzen-minusgraden\/","name":"Besucher des Deutsch-Deutschen Museums M\u00f6dlareuth trotzen Minusgraden - Deutsch-Deutsches Museum M\u00f6dlareuth","isPartOf":{"@id":"https:\/\/moedlareuth.de\/preview\/#website"},"primaryImageOfPage":{"@id":"https:\/\/moedlareuth.de\/besucher-des-deutsch-deutschen-museums-moedlareuth-trotzen-minusgraden\/#primaryimage"},"image":{"@id":"https:\/\/moedlareuth.de\/besucher-des-deutsch-deutschen-museums-moedlareuth-trotzen-minusgraden\/#primaryimage"},"thumbnailUrl":"https:\/\/www.moedlareuth.de\/wp-content\/uploads\/2019\/01\/2018-01-23_Gruppe01-e1548314318253.jpg","datePublished":"2019-01-23T16:03:34+00:00","dateModified":"2021-12-07T04:02:30+00:00","breadcrumb":{"@id":"https:\/\/moedlareuth.de\/besucher-des-deutsch-deutschen-museums-moedlareuth-trotzen-minusgraden\/#breadcrumb"},"inLanguage":"en-GB","potentialAction":[{"@type":"ReadAction","target":["https:\/\/moedlareuth.de\/besucher-des-deutsch-deutschen-museums-moedlareuth-trotzen-minusgraden\/"]}]},{"@type":"ImageObject","inLanguage":"en-GB","@id":"https:\/\/moedlareuth.de\/besucher-des-deutsch-deutschen-museums-moedlareuth-trotzen-minusgraden\/#primaryimage","url":"https:\/\/www.moedlareuth.de\/wp-content\/uploads\/2019\/01\/2018-01-23_Gruppe01-e1548314318253.jpg","contentUrl":"https:\/\/www.moedlareuth.de\/wp-content\/uploads\/2019\/01\/2018-01-23_Gruppe01-e1548314318253.jpg","width":1400,"height":933,"caption":"2018 01 23 Gruppe01 e1548314318253"},{"@type":"BreadcrumbList","@id":"https:\/\/moedlareuth.de\/besucher-des-deutsch-deutschen-museums-moedlareuth-trotzen-minusgraden\/#breadcrumb","itemListElement":[{"@type":"ListItem","position":1,"name":"Startseite","item":"https:\/\/www.moedlareuth.de\/"},{"@type":"ListItem","position":2,"name":"Besucher des Deutsch-Deutschen Museums M\u00f6dlareuth trotzen Minusgraden"}]},{"@type":"WebSite","@id":"https:\/\/moedlareuth.de\/preview\/#website","url":"https:\/\/moedlareuth.de\/preview\/","name":"Deutsch-Deutsches Museum M\u00f6dlareuth","description":"Memorial to the division of Germany","publisher":{"@id":"https:\/\/moedlareuth.de\/preview\/#organization"},"potentialAction":[{"@type":"SearchAction","target":{"@type":"EntryPoint","urlTemplate":"https:\/\/moedlareuth.de\/preview\/?s={search_term_string}"},"query-input":{"@type":"PropertyValueSpecification","valueRequired":true,"valueName":"search_term_string"}}],"inLanguage":"en-GB"},{"@type":"Organization","@id":"https:\/\/moedlareuth.de\/preview\/#organization","name":"Deutsch-Deutsches Museum M\u00f6dlareuth","url":"https:\/\/moedlareuth.de\/preview\/","logo":{"@type":"ImageObject","inLanguage":"en-GB","@id":"https:\/\/moedlareuth.de\/preview\/#\/schema\/logo\/image\/","url":"https:\/\/www.moedlareuth.de\/wp-content\/uploads\/2022\/02\/museum_moedlareuth_logo_hell_zusatz.svg","contentUrl":"https:\/\/www.moedlareuth.de\/wp-content\/uploads\/2022\/02\/museum_moedlareuth_logo_hell_zusatz.svg","width":255,"height":62,"caption":"Deutsch-Deutsches Museum M\u00f6dlareuth"},"image":{"@id":"https:\/\/moedlareuth.de\/preview\/#\/schema\/logo\/image\/"}},{"@type":"Person","@id":"https:\/\/moedlareuth.de\/preview\/#\/schema\/person\/9194619dfae57e8d77d645ad86c2ea4e","name":"Ronald Schricker","sameAs":["http:\/\/www.museum-www.moedlareuth.de"],"url":"https:\/\/www.moedlareuth.de\/en\/author\/rs-lra-hof\/"}]}},"_links":{"self":[{"href":"https:\/\/www.moedlareuth.de\/en\/wp-json\/wp\/v2\/posts\/1195","targetHints":{"allow":["GET"]}}],"collection":[{"href":"https:\/\/www.moedlareuth.de\/en\/wp-json\/wp\/v2\/posts"}],"about":[{"href":"https:\/\/www.moedlareuth.de\/en\/wp-json\/wp\/v2\/types\/post"}],"author":[{"embeddable":true,"href":"https:\/\/www.moedlareuth.de\/en\/wp-json\/wp\/v2\/users\/6"}],"replies":[{"embeddable":true,"href":"https:\/\/www.moedlareuth.de\/en\/wp-json\/wp\/v2\/comments?post=1195"}],"version-history":[{"count":0,"href":"https:\/\/www.moedlareuth.de\/en\/wp-json\/wp\/v2\/posts\/1195\/revisions"}],"wp:featuredmedia":[{"embeddable":true,"href":"https:\/\/www.moedlareuth.de\/en\/wp-json\/wp\/v2\/media\/1194"}],"wp:attachment":[{"href":"https:\/\/www.moedlareuth.de\/en\/wp-json\/wp\/v2\/media?parent=1195"}],"wp:term":[{"taxonomy":"category","embeddable":true,"href":"https:\/\/www.moedlareuth.de\/en\/wp-json\/wp\/v2\/categories?post=1195"},{"taxonomy":"post_tag","embeddable":true,"href":"https:\/\/www.moedlareuth.de\/en\/wp-json\/wp\/v2\/tags?post=1195"}],"curies":[{"name":"wp","href":"https:\/\/api.w.org\/{rel}","templated":true}]}}