{"id":887,"date":"2017-05-13T13:31:41","date_gmt":"2017-05-13T11:31:41","guid":{"rendered":"http:\/\/www.moedlareuth.de\/?p=887"},"modified":"2021-12-07T05:02:31","modified_gmt":"2021-12-07T04:02:31","slug":"internationaler-museumstag-am-21-05-2017","status":"publish","type":"post","link":"https:\/\/www.moedlareuth.de\/cs\/internationaler-museumstag-am-21-05-2017\/","title":{"rendered":"Internationaler Museumstag am 21.05.2017"},"content":{"rendered":"<p><span style=\"font-family: 'Arial','sans-serif';\"><span style=\"color: #000000; font-size: medium;\">Das \u201eDeutsch \u2013 Deutsche Museum M\u00f6dlareuth\u201c beteiligt sich auch dieses Jahr wieder am \u201eInternationalen Museumstag\u201c.<\/span><\/span><\/p>\n<p><span style=\"font-family: 'Arial','sans-serif';\"><span style=\"color: #000000; font-size: medium;\">Neben dem Freigel\u00e4nde, der Dauerausstellung \u201eNiemand hat die Absicht eine Mauer zu bauen\u2026&#8220; und den Kinovorf\u00fchrungen, kann auch die Sonderausstellung \u201e\u00dcberwindung der Todesmauer &#8211; Ausstellung \u00fcber die Geschichte des Eisernen Vorhangs in der Tschechoslowakei\u201c besichtigt werden. In der gro\u00dfen Fahrzeughalle l\u00e4dt die Dauerausstellung \u201eBegrenzte Mobilit\u00e4t\u201c zu einem Rundgang ein. Des Weiteren werden zwischen 10.00 Uhr und 17.00 Uhr kostenlose Rundfahrten mit einem \u201eTrabant \u2013 K\u00fcbel\u201c der ehemaligen DDR-Grenztruppen sowie &#8222;historische Spazierg\u00e4nge mit Perspektivenwechsel durch M\u00f6dlareuth&#8220; angeboten. <\/span><\/span><\/p>\n<p>Die historischen Spazierg\u00e4nge (Dauer ca. 45min.) finden zu folgenden Zeiten statt:<\/p>\n<p>10.00 Uhr\u00a0 \/\u00a0 12.00 Uhr\u00a0 \/\u00a0 14.00 Uhr und 16.00 Uhr\u00a0\u00a0\u00a0\u00a0\u00a0\u00a0\u00a0\u00a0 Treffpunkt am Haupteingang\/Museumskino<\/p>\n<p><span style=\"font-family: 'Arial','sans-serif';\"><span style=\"color: #000000; font-size: medium;\">Das Museum ist in der Zeit von 09.00 \u2013 18.00 Uhr ge\u00f6ffnet.<\/span><\/span><\/p>","protected":false},"excerpt":{"rendered":"<p>Das \u201eDeutsch \u2013 Deutsche Museum M\u00f6dlareuth\u201c beteiligt sich auch dieses Jahr wieder am \u201eInternationalen Museumstag\u201c. Neben dem Freigel\u00e4nde, der Dauerausstellung \u201eNiemand hat die Absicht eine Mauer zu bauen\u2026&#8220; und den Kinovorf\u00fchrungen, kann auch die Sonderausstellung \u201e\u00dcberwindung der Todesmauer &#8211; Ausstellung \u00fcber die Geschichte des Eisernen Vorhangs in der Tschechoslowakei\u201c besichtigt werden. In der gro\u00dfen Fahrzeughalle&#8230;<\/p>","protected":false},"author":6,"featured_media":890,"comment_status":"closed","ping_status":"closed","sticky":false,"template":"","format":"standard","meta":{"_acf_changed":false,"inline_featured_image":false,"_kad_post_transparent":"","_kad_post_title":"","_kad_post_layout":"","_kad_post_sidebar_id":"","_kad_post_content_style":"","_kad_post_vertical_padding":"","_kad_post_feature":"","_kad_post_feature_position":"","_kad_post_header":false,"_kad_post_footer":false,"_kad_post_classname":"","footnotes":""},"categories":[1],"tags":[],"class_list":["post-887","post","type-post","status-publish","format-standard","has-post-thumbnail","hentry","category-aktuelles"],"acf":[],"yoast_head":"<!-- This site is optimized with the Yoast SEO plugin v27.5 - https:\/\/yoast.com\/product\/yoast-seo-wordpress\/ -->\n<title>Internationaler Museumstag am 21.05.2017 - Deutsch-Deutsches Museum M\u00f6dlareuth<\/title>\n<meta name=\"robots\" content=\"index, follow, max-snippet:-1, max-image-preview:large, max-video-preview:-1\" \/>\n<link rel=\"canonical\" href=\"https:\/\/moedlareuth.de\/internationaler-museumstag-am-21-05-2017\/\" \/>\n<meta property=\"og:locale\" content=\"cs_CZ\" \/>\n<meta property=\"og:type\" content=\"article\" \/>\n<meta property=\"og:title\" content=\"Internationaler Museumstag am 21.05.2017 - Deutsch-Deutsches Museum M\u00f6dlareuth\" \/>\n<meta property=\"og:description\" content=\"Das \u201eDeutsch \u2013 Deutsche Museum M\u00f6dlareuth\u201c beteiligt sich auch dieses Jahr wieder am \u201eInternationalen Museumstag\u201c. Neben dem Freigel\u00e4nde, der Dauerausstellung \u201eNiemand hat die Absicht eine Mauer zu bauen\u2026&#8220; und den Kinovorf\u00fchrungen, kann auch die Sonderausstellung \u201e\u00dcberwindung der Todesmauer &#8211; Ausstellung \u00fcber die Geschichte des Eisernen Vorhangs in der Tschechoslowakei\u201c besichtigt werden. In der gro\u00dfen Fahrzeughalle...\" \/>\n<meta property=\"og:url\" content=\"https:\/\/moedlareuth.de\/internationaler-museumstag-am-21-05-2017\/\" \/>\n<meta property=\"og:site_name\" content=\"Deutsch-Deutsches Museum M\u00f6dlareuth\" \/>\n<meta property=\"article:published_time\" content=\"2017-05-13T11:31:41+00:00\" \/>\n<meta property=\"article:modified_time\" content=\"2021-12-07T04:02:31+00:00\" \/>\n<meta property=\"og:image\" content=\"https:\/\/moedlareuth.de\/preview\/wp-content\/uploads\/2017\/05\/2009-05-17-Museumstag-e1494675080191.jpg\" \/>\n\t<meta property=\"og:image:width\" content=\"1400\" \/>\n\t<meta property=\"og:image:height\" content=\"1050\" \/>\n\t<meta property=\"og:image:type\" content=\"image\/jpeg\" \/>\n<meta name=\"author\" content=\"Ronald Schricker\" \/>\n<meta name=\"twitter:card\" content=\"summary_large_image\" \/>\n<meta name=\"twitter:label1\" content=\"Napsal(a)\" \/>\n\t<meta name=\"twitter:data1\" content=\"Ronald Schricker\" \/>\n\t<meta name=\"twitter:label2\" content=\"Odhadovan\u00e1 doba \u010dten\u00ed\" \/>\n\t<meta name=\"twitter:data2\" content=\"1 minuta\" \/>\n<script type=\"application\/ld+json\" class=\"yoast-schema-graph\">{\"@context\":\"https:\\\/\\\/schema.org\",\"@graph\":[{\"@type\":\"Article\",\"@id\":\"https:\\\/\\\/moedlareuth.de\\\/internationaler-museumstag-am-21-05-2017\\\/#article\",\"isPartOf\":{\"@id\":\"https:\\\/\\\/moedlareuth.de\\\/internationaler-museumstag-am-21-05-2017\\\/\"},\"author\":{\"name\":\"Ronald Schricker\",\"@id\":\"https:\\\/\\\/moedlareuth.de\\\/preview\\\/#\\\/schema\\\/person\\\/9194619dfae57e8d77d645ad86c2ea4e\"},\"headline\":\"Internationaler Museumstag am 21.05.2017\",\"datePublished\":\"2017-05-13T11:31:41+00:00\",\"dateModified\":\"2021-12-07T04:02:31+00:00\",\"mainEntityOfPage\":{\"@id\":\"https:\\\/\\\/moedlareuth.de\\\/internationaler-museumstag-am-21-05-2017\\\/\"},\"wordCount\":130,\"publisher\":{\"@id\":\"https:\\\/\\\/moedlareuth.de\\\/preview\\\/#organization\"},\"image\":{\"@id\":\"https:\\\/\\\/moedlareuth.de\\\/internationaler-museumstag-am-21-05-2017\\\/#primaryimage\"},\"thumbnailUrl\":\"https:\\\/\\\/www.moedlareuth.de\\\/wp-content\\\/uploads\\\/2017\\\/05\\\/2009-05-17-Museumstag-e1494675080191.jpg\",\"articleSection\":[\"Aktuelles\"],\"inLanguage\":\"cs\"},{\"@type\":\"WebPage\",\"@id\":\"https:\\\/\\\/moedlareuth.de\\\/internationaler-museumstag-am-21-05-2017\\\/\",\"url\":\"https:\\\/\\\/moedlareuth.de\\\/internationaler-museumstag-am-21-05-2017\\\/\",\"name\":\"Internationaler Museumstag am 21.05.2017 - Deutsch-Deutsches Museum M\u00f6dlareuth\",\"isPartOf\":{\"@id\":\"https:\\\/\\\/moedlareuth.de\\\/preview\\\/#website\"},\"primaryImageOfPage\":{\"@id\":\"https:\\\/\\\/moedlareuth.de\\\/internationaler-museumstag-am-21-05-2017\\\/#primaryimage\"},\"image\":{\"@id\":\"https:\\\/\\\/moedlareuth.de\\\/internationaler-museumstag-am-21-05-2017\\\/#primaryimage\"},\"thumbnailUrl\":\"https:\\\/\\\/www.moedlareuth.de\\\/wp-content\\\/uploads\\\/2017\\\/05\\\/2009-05-17-Museumstag-e1494675080191.jpg\",\"datePublished\":\"2017-05-13T11:31:41+00:00\",\"dateModified\":\"2021-12-07T04:02:31+00:00\",\"breadcrumb\":{\"@id\":\"https:\\\/\\\/moedlareuth.de\\\/internationaler-museumstag-am-21-05-2017\\\/#breadcrumb\"},\"inLanguage\":\"cs\",\"potentialAction\":[{\"@type\":\"ReadAction\",\"target\":[\"https:\\\/\\\/moedlareuth.de\\\/internationaler-museumstag-am-21-05-2017\\\/\"]}]},{\"@type\":\"ImageObject\",\"inLanguage\":\"cs\",\"@id\":\"https:\\\/\\\/moedlareuth.de\\\/internationaler-museumstag-am-21-05-2017\\\/#primaryimage\",\"url\":\"https:\\\/\\\/www.moedlareuth.de\\\/wp-content\\\/uploads\\\/2017\\\/05\\\/2009-05-17-Museumstag-e1494675080191.jpg\",\"contentUrl\":\"https:\\\/\\\/www.moedlareuth.de\\\/wp-content\\\/uploads\\\/2017\\\/05\\\/2009-05-17-Museumstag-e1494675080191.jpg\",\"width\":1400,\"height\":1050,\"caption\":\"2009 05 17 Museumstag e1494675080191\"},{\"@type\":\"BreadcrumbList\",\"@id\":\"https:\\\/\\\/moedlareuth.de\\\/internationaler-museumstag-am-21-05-2017\\\/#breadcrumb\",\"itemListElement\":[{\"@type\":\"ListItem\",\"position\":1,\"name\":\"Startseite\",\"item\":\"https:\\\/\\\/www.moedlareuth.de\\\/\"},{\"@type\":\"ListItem\",\"position\":2,\"name\":\"Internationaler Museumstag am 21.05.2017\"}]},{\"@type\":\"WebSite\",\"@id\":\"https:\\\/\\\/moedlareuth.de\\\/preview\\\/#website\",\"url\":\"https:\\\/\\\/moedlareuth.de\\\/preview\\\/\",\"name\":\"Deutsch-Deutsches Museum M\u00f6dlareuth\",\"description\":\"Gedenkst\u00e4tte zur deutschen Teilung\",\"publisher\":{\"@id\":\"https:\\\/\\\/moedlareuth.de\\\/preview\\\/#organization\"},\"potentialAction\":[{\"@type\":\"SearchAction\",\"target\":{\"@type\":\"EntryPoint\",\"urlTemplate\":\"https:\\\/\\\/moedlareuth.de\\\/preview\\\/?s={search_term_string}\"},\"query-input\":{\"@type\":\"PropertyValueSpecification\",\"valueRequired\":true,\"valueName\":\"search_term_string\"}}],\"inLanguage\":\"cs\"},{\"@type\":\"Organization\",\"@id\":\"https:\\\/\\\/moedlareuth.de\\\/preview\\\/#organization\",\"name\":\"Deutsch-Deutsches Museum M\u00f6dlareuth\",\"url\":\"https:\\\/\\\/moedlareuth.de\\\/preview\\\/\",\"logo\":{\"@type\":\"ImageObject\",\"inLanguage\":\"cs\",\"@id\":\"https:\\\/\\\/moedlareuth.de\\\/preview\\\/#\\\/schema\\\/logo\\\/image\\\/\",\"url\":\"https:\\\/\\\/www.moedlareuth.de\\\/wp-content\\\/uploads\\\/2022\\\/02\\\/museum_moedlareuth_logo_hell_zusatz.svg\",\"contentUrl\":\"https:\\\/\\\/www.moedlareuth.de\\\/wp-content\\\/uploads\\\/2022\\\/02\\\/museum_moedlareuth_logo_hell_zusatz.svg\",\"width\":255,\"height\":62,\"caption\":\"Deutsch-Deutsches Museum M\u00f6dlareuth\"},\"image\":{\"@id\":\"https:\\\/\\\/moedlareuth.de\\\/preview\\\/#\\\/schema\\\/logo\\\/image\\\/\"}},{\"@type\":\"Person\",\"@id\":\"https:\\\/\\\/moedlareuth.de\\\/preview\\\/#\\\/schema\\\/person\\\/9194619dfae57e8d77d645ad86c2ea4e\",\"name\":\"Ronald Schricker\",\"sameAs\":[\"http:\\\/\\\/www.museum-www.moedlareuth.de\"],\"url\":\"https:\\\/\\\/www.moedlareuth.de\\\/cs\\\/author\\\/rs-lra-hof\\\/\"}]}<\/script>\n<!-- \/ Yoast SEO plugin. -->","yoast_head_json":{"title":"Internationaler Museumstag am 21.05.2017 - Deutsch-Deutsches Museum M\u00f6dlareuth","robots":{"index":"index","follow":"follow","max-snippet":"max-snippet:-1","max-image-preview":"max-image-preview:large","max-video-preview":"max-video-preview:-1"},"canonical":"https:\/\/moedlareuth.de\/internationaler-museumstag-am-21-05-2017\/","og_locale":"cs_CZ","og_type":"article","og_title":"Internationaler Museumstag am 21.05.2017 - Deutsch-Deutsches Museum M\u00f6dlareuth","og_description":"Das \u201eDeutsch \u2013 Deutsche Museum M\u00f6dlareuth\u201c beteiligt sich auch dieses Jahr wieder am \u201eInternationalen Museumstag\u201c. Neben dem Freigel\u00e4nde, der Dauerausstellung \u201eNiemand hat die Absicht eine Mauer zu bauen\u2026&#8220; und den Kinovorf\u00fchrungen, kann auch die Sonderausstellung \u201e\u00dcberwindung der Todesmauer &#8211; Ausstellung \u00fcber die Geschichte des Eisernen Vorhangs in der Tschechoslowakei\u201c besichtigt werden. In der gro\u00dfen Fahrzeughalle...","og_url":"https:\/\/moedlareuth.de\/internationaler-museumstag-am-21-05-2017\/","og_site_name":"Deutsch-Deutsches Museum M\u00f6dlareuth","article_published_time":"2017-05-13T11:31:41+00:00","article_modified_time":"2021-12-07T04:02:31+00:00","og_image":[{"width":1400,"height":1050,"url":"https:\/\/moedlareuth.de\/preview\/wp-content\/uploads\/2017\/05\/2009-05-17-Museumstag-e1494675080191.jpg","type":"image\/jpeg"}],"author":"Ronald Schricker","twitter_card":"summary_large_image","twitter_misc":{"Napsal(a)":"Ronald Schricker","Odhadovan\u00e1 doba \u010dten\u00ed":"1 minuta"},"schema":{"@context":"https:\/\/schema.org","@graph":[{"@type":"Article","@id":"https:\/\/moedlareuth.de\/internationaler-museumstag-am-21-05-2017\/#article","isPartOf":{"@id":"https:\/\/moedlareuth.de\/internationaler-museumstag-am-21-05-2017\/"},"author":{"name":"Ronald Schricker","@id":"https:\/\/moedlareuth.de\/preview\/#\/schema\/person\/9194619dfae57e8d77d645ad86c2ea4e"},"headline":"Internationaler Museumstag am 21.05.2017","datePublished":"2017-05-13T11:31:41+00:00","dateModified":"2021-12-07T04:02:31+00:00","mainEntityOfPage":{"@id":"https:\/\/moedlareuth.de\/internationaler-museumstag-am-21-05-2017\/"},"wordCount":130,"publisher":{"@id":"https:\/\/moedlareuth.de\/preview\/#organization"},"image":{"@id":"https:\/\/moedlareuth.de\/internationaler-museumstag-am-21-05-2017\/#primaryimage"},"thumbnailUrl":"https:\/\/www.moedlareuth.de\/wp-content\/uploads\/2017\/05\/2009-05-17-Museumstag-e1494675080191.jpg","articleSection":["Aktuelles"],"inLanguage":"cs"},{"@type":"WebPage","@id":"https:\/\/moedlareuth.de\/internationaler-museumstag-am-21-05-2017\/","url":"https:\/\/moedlareuth.de\/internationaler-museumstag-am-21-05-2017\/","name":"Internationaler Museumstag am 21.05.2017 - Deutsch-Deutsches Museum M\u00f6dlareuth","isPartOf":{"@id":"https:\/\/moedlareuth.de\/preview\/#website"},"primaryImageOfPage":{"@id":"https:\/\/moedlareuth.de\/internationaler-museumstag-am-21-05-2017\/#primaryimage"},"image":{"@id":"https:\/\/moedlareuth.de\/internationaler-museumstag-am-21-05-2017\/#primaryimage"},"thumbnailUrl":"https:\/\/www.moedlareuth.de\/wp-content\/uploads\/2017\/05\/2009-05-17-Museumstag-e1494675080191.jpg","datePublished":"2017-05-13T11:31:41+00:00","dateModified":"2021-12-07T04:02:31+00:00","breadcrumb":{"@id":"https:\/\/moedlareuth.de\/internationaler-museumstag-am-21-05-2017\/#breadcrumb"},"inLanguage":"cs","potentialAction":[{"@type":"ReadAction","target":["https:\/\/moedlareuth.de\/internationaler-museumstag-am-21-05-2017\/"]}]},{"@type":"ImageObject","inLanguage":"cs","@id":"https:\/\/moedlareuth.de\/internationaler-museumstag-am-21-05-2017\/#primaryimage","url":"https:\/\/www.moedlareuth.de\/wp-content\/uploads\/2017\/05\/2009-05-17-Museumstag-e1494675080191.jpg","contentUrl":"https:\/\/www.moedlareuth.de\/wp-content\/uploads\/2017\/05\/2009-05-17-Museumstag-e1494675080191.jpg","width":1400,"height":1050,"caption":"2009 05 17 Museumstag e1494675080191"},{"@type":"BreadcrumbList","@id":"https:\/\/moedlareuth.de\/internationaler-museumstag-am-21-05-2017\/#breadcrumb","itemListElement":[{"@type":"ListItem","position":1,"name":"Startseite","item":"https:\/\/www.moedlareuth.de\/"},{"@type":"ListItem","position":2,"name":"Internationaler Museumstag am 21.05.2017"}]},{"@type":"WebSite","@id":"https:\/\/moedlareuth.de\/preview\/#website","url":"https:\/\/moedlareuth.de\/preview\/","name":"Deutsch-Deutsches Museum M\u00f6dlareuth","description":"Pam\u00e1tn\u00edk rozd\u011blen\u00ed N\u011bmecka","publisher":{"@id":"https:\/\/moedlareuth.de\/preview\/#organization"},"potentialAction":[{"@type":"SearchAction","target":{"@type":"EntryPoint","urlTemplate":"https:\/\/moedlareuth.de\/preview\/?s={search_term_string}"},"query-input":{"@type":"PropertyValueSpecification","valueRequired":true,"valueName":"search_term_string"}}],"inLanguage":"cs"},{"@type":"Organization","@id":"https:\/\/moedlareuth.de\/preview\/#organization","name":"Deutsch-Deutsches Museum M\u00f6dlareuth","url":"https:\/\/moedlareuth.de\/preview\/","logo":{"@type":"ImageObject","inLanguage":"cs","@id":"https:\/\/moedlareuth.de\/preview\/#\/schema\/logo\/image\/","url":"https:\/\/www.moedlareuth.de\/wp-content\/uploads\/2022\/02\/museum_moedlareuth_logo_hell_zusatz.svg","contentUrl":"https:\/\/www.moedlareuth.de\/wp-content\/uploads\/2022\/02\/museum_moedlareuth_logo_hell_zusatz.svg","width":255,"height":62,"caption":"Deutsch-Deutsches Museum M\u00f6dlareuth"},"image":{"@id":"https:\/\/moedlareuth.de\/preview\/#\/schema\/logo\/image\/"}},{"@type":"Person","@id":"https:\/\/moedlareuth.de\/preview\/#\/schema\/person\/9194619dfae57e8d77d645ad86c2ea4e","name":"Ronald Schricker","sameAs":["http:\/\/www.museum-www.moedlareuth.de"],"url":"https:\/\/www.moedlareuth.de\/cs\/author\/rs-lra-hof\/"}]}},"_links":{"self":[{"href":"https:\/\/www.moedlareuth.de\/cs\/wp-json\/wp\/v2\/posts\/887","targetHints":{"allow":["GET"]}}],"collection":[{"href":"https:\/\/www.moedlareuth.de\/cs\/wp-json\/wp\/v2\/posts"}],"about":[{"href":"https:\/\/www.moedlareuth.de\/cs\/wp-json\/wp\/v2\/types\/post"}],"author":[{"embeddable":true,"href":"https:\/\/www.moedlareuth.de\/cs\/wp-json\/wp\/v2\/users\/6"}],"replies":[{"embeddable":true,"href":"https:\/\/www.moedlareuth.de\/cs\/wp-json\/wp\/v2\/comments?post=887"}],"version-history":[{"count":0,"href":"https:\/\/www.moedlareuth.de\/cs\/wp-json\/wp\/v2\/posts\/887\/revisions"}],"wp:featuredmedia":[{"embeddable":true,"href":"https:\/\/www.moedlareuth.de\/cs\/wp-json\/wp\/v2\/media\/890"}],"wp:attachment":[{"href":"https:\/\/www.moedlareuth.de\/cs\/wp-json\/wp\/v2\/media?parent=887"}],"wp:term":[{"taxonomy":"category","embeddable":true,"href":"https:\/\/www.moedlareuth.de\/cs\/wp-json\/wp\/v2\/categories?post=887"},{"taxonomy":"post_tag","embeddable":true,"href":"https:\/\/www.moedlareuth.de\/cs\/wp-json\/wp\/v2\/tags?post=887"}],"curies":[{"name":"wp","href":"https:\/\/api.w.org\/{rel}","templated":true}]}}