{"id":677,"date":"2016-05-09T09:00:36","date_gmt":"2016-05-09T07:00:36","guid":{"rendered":"http:\/\/www.moedlareuth.de\/?p=677"},"modified":"2021-12-07T05:02:31","modified_gmt":"2021-12-07T04:02:31","slug":"sonderausstellung-der-kalte-krieg","status":"publish","type":"post","link":"https:\/\/www.moedlareuth.de\/cs\/sonderausstellung-der-kalte-krieg\/","title":{"rendered":"Sonderausstellung &#8222;Der Kalte Krieg&#8220;"},"content":{"rendered":"<p>Er\u00f6ffnung der Sonderausstellung <strong>&#8222;Der Kalte Krieg. Ursachen &#8211; Geschichte &#8211; Folgen.&#8220;<\/strong><\/p>\n<p>Termin: 09. Mai 2016 | 18.30 Uhr im Deutsch-Deutschen Museum M\u00f6dlareuth<\/p>\n<p>Die Sonderausstellung <em>&#8222;Der Kalte Krieg. Ursachen &#8211; Geschichte &#8211; Folgen.&#8220;<\/em> wird von dem Berliner Kolleg Kalter Krieg und der Bundesstiftung zur Aufarbeitung der SED-Diktatur zur Verf\u00fcgung gestellt. Sie pr\u00e4sentiert mit \u00fcber 160 zeithistorischen Fotos und Dokumenten sowie erkl\u00e4renden Texten die Geschichte des Kalten Krieges, der als globale Systemkonkurrenz die zweite H\u00e4lfte des 20. Jahrhunderts pr\u00e4gte.<\/p>\n<p>Die Ausstellung ist vom 09.05.2016 bis 31.10.2016 im Deutsch-Deutschen Museum M\u00f6dlareuth zu sehen.<\/p>","protected":false},"excerpt":{"rendered":"<p>Er\u00f6ffnung der Sonderausstellung &#8222;Der Kalte Krieg. Ursachen &#8211; Geschichte &#8211; Folgen.&#8220; Termin: 09. Mai 2016 | 18.30 Uhr im Deutsch-Deutschen Museum M\u00f6dlareuth Die Sonderausstellung &#8222;Der Kalte Krieg. Ursachen &#8211; Geschichte &#8211; Folgen.&#8220; wird von dem Berliner Kolleg Kalter Krieg und der Bundesstiftung zur Aufarbeitung der SED-Diktatur zur Verf\u00fcgung gestellt. Sie pr\u00e4sentiert mit \u00fcber 160 zeithistorischen&#8230;<\/p>","protected":false},"author":6,"featured_media":676,"comment_status":"closed","ping_status":"closed","sticky":false,"template":"","format":"standard","meta":{"_acf_changed":false,"inline_featured_image":false,"_kad_post_transparent":"","_kad_post_title":"","_kad_post_layout":"","_kad_post_sidebar_id":"","_kad_post_content_style":"","_kad_post_vertical_padding":"","_kad_post_feature":"","_kad_post_feature_position":"","_kad_post_header":false,"_kad_post_footer":false,"_kad_post_classname":"","footnotes":""},"categories":[1],"tags":[],"class_list":["post-677","post","type-post","status-publish","format-standard","has-post-thumbnail","hentry","category-aktuelles"],"acf":[],"yoast_head":"<!-- This site is optimized with the Yoast SEO plugin v27.5 - https:\/\/yoast.com\/product\/yoast-seo-wordpress\/ -->\n<title>Sonderausstellung &quot;Der Kalte Krieg&quot; - Deutsch-Deutsches Museum M\u00f6dlareuth<\/title>\n<meta name=\"robots\" content=\"index, follow, max-snippet:-1, max-image-preview:large, max-video-preview:-1\" \/>\n<link rel=\"canonical\" href=\"https:\/\/moedlareuth.de\/sonderausstellung-der-kalte-krieg\/\" \/>\n<meta property=\"og:locale\" content=\"cs_CZ\" \/>\n<meta property=\"og:type\" content=\"article\" \/>\n<meta property=\"og:title\" content=\"Sonderausstellung &quot;Der Kalte Krieg&quot; - Deutsch-Deutsches Museum M\u00f6dlareuth\" \/>\n<meta property=\"og:description\" content=\"Er\u00f6ffnung der Sonderausstellung &#8222;Der Kalte Krieg. Ursachen &#8211; Geschichte &#8211; Folgen.&#8220; Termin: 09. Mai 2016 | 18.30 Uhr im Deutsch-Deutschen Museum M\u00f6dlareuth Die Sonderausstellung &#8222;Der Kalte Krieg. Ursachen &#8211; Geschichte &#8211; Folgen.&#8220; wird von dem Berliner Kolleg Kalter Krieg und der Bundesstiftung zur Aufarbeitung der SED-Diktatur zur Verf\u00fcgung gestellt. Sie pr\u00e4sentiert mit \u00fcber 160 zeithistorischen...\" \/>\n<meta property=\"og:url\" content=\"https:\/\/moedlareuth.de\/sonderausstellung-der-kalte-krieg\/\" \/>\n<meta property=\"og:site_name\" content=\"Deutsch-Deutsches Museum M\u00f6dlareuth\" \/>\n<meta property=\"article:published_time\" content=\"2016-05-09T07:00:36+00:00\" \/>\n<meta property=\"article:modified_time\" content=\"2021-12-07T04:02:31+00:00\" \/>\n<meta property=\"og:image\" content=\"https:\/\/moedlareuth.de\/preview\/wp-content\/uploads\/2016\/05\/2016-05-09-Der-Kalte-Krieg-e1462603097281.jpg\" \/>\n\t<meta property=\"og:image:width\" content=\"1400\" \/>\n\t<meta property=\"og:image:height\" content=\"1980\" \/>\n\t<meta property=\"og:image:type\" content=\"image\/jpeg\" \/>\n<meta name=\"author\" content=\"Ronald Schricker\" \/>\n<meta name=\"twitter:card\" content=\"summary_large_image\" \/>\n<meta name=\"twitter:label1\" content=\"Napsal(a)\" \/>\n\t<meta name=\"twitter:data1\" content=\"Ronald Schricker\" \/>\n<script type=\"application\/ld+json\" class=\"yoast-schema-graph\">{\"@context\":\"https:\\\/\\\/schema.org\",\"@graph\":[{\"@type\":\"Article\",\"@id\":\"https:\\\/\\\/moedlareuth.de\\\/sonderausstellung-der-kalte-krieg\\\/#article\",\"isPartOf\":{\"@id\":\"https:\\\/\\\/moedlareuth.de\\\/sonderausstellung-der-kalte-krieg\\\/\"},\"author\":{\"name\":\"Ronald Schricker\",\"@id\":\"https:\\\/\\\/moedlareuth.de\\\/preview\\\/#\\\/schema\\\/person\\\/9194619dfae57e8d77d645ad86c2ea4e\"},\"headline\":\"Sonderausstellung &#8222;Der Kalte Krieg&#8220;\",\"datePublished\":\"2016-05-09T07:00:36+00:00\",\"dateModified\":\"2021-12-07T04:02:31+00:00\",\"mainEntityOfPage\":{\"@id\":\"https:\\\/\\\/moedlareuth.de\\\/sonderausstellung-der-kalte-krieg\\\/\"},\"wordCount\":94,\"publisher\":{\"@id\":\"https:\\\/\\\/moedlareuth.de\\\/preview\\\/#organization\"},\"image\":{\"@id\":\"https:\\\/\\\/moedlareuth.de\\\/sonderausstellung-der-kalte-krieg\\\/#primaryimage\"},\"thumbnailUrl\":\"https:\\\/\\\/www.moedlareuth.de\\\/wp-content\\\/uploads\\\/2016\\\/05\\\/2016-05-09-Der-Kalte-Krieg-e1462603097281.jpg\",\"articleSection\":[\"Aktuelles\"],\"inLanguage\":\"cs\"},{\"@type\":\"WebPage\",\"@id\":\"https:\\\/\\\/moedlareuth.de\\\/sonderausstellung-der-kalte-krieg\\\/\",\"url\":\"https:\\\/\\\/moedlareuth.de\\\/sonderausstellung-der-kalte-krieg\\\/\",\"name\":\"Sonderausstellung \\\"Der Kalte Krieg\\\" - Deutsch-Deutsches Museum M\u00f6dlareuth\",\"isPartOf\":{\"@id\":\"https:\\\/\\\/moedlareuth.de\\\/preview\\\/#website\"},\"primaryImageOfPage\":{\"@id\":\"https:\\\/\\\/moedlareuth.de\\\/sonderausstellung-der-kalte-krieg\\\/#primaryimage\"},\"image\":{\"@id\":\"https:\\\/\\\/moedlareuth.de\\\/sonderausstellung-der-kalte-krieg\\\/#primaryimage\"},\"thumbnailUrl\":\"https:\\\/\\\/www.moedlareuth.de\\\/wp-content\\\/uploads\\\/2016\\\/05\\\/2016-05-09-Der-Kalte-Krieg-e1462603097281.jpg\",\"datePublished\":\"2016-05-09T07:00:36+00:00\",\"dateModified\":\"2021-12-07T04:02:31+00:00\",\"breadcrumb\":{\"@id\":\"https:\\\/\\\/moedlareuth.de\\\/sonderausstellung-der-kalte-krieg\\\/#breadcrumb\"},\"inLanguage\":\"cs\",\"potentialAction\":[{\"@type\":\"ReadAction\",\"target\":[\"https:\\\/\\\/moedlareuth.de\\\/sonderausstellung-der-kalte-krieg\\\/\"]}]},{\"@type\":\"ImageObject\",\"inLanguage\":\"cs\",\"@id\":\"https:\\\/\\\/moedlareuth.de\\\/sonderausstellung-der-kalte-krieg\\\/#primaryimage\",\"url\":\"https:\\\/\\\/www.moedlareuth.de\\\/wp-content\\\/uploads\\\/2016\\\/05\\\/2016-05-09-Der-Kalte-Krieg-e1462603097281.jpg\",\"contentUrl\":\"https:\\\/\\\/www.moedlareuth.de\\\/wp-content\\\/uploads\\\/2016\\\/05\\\/2016-05-09-Der-Kalte-Krieg-e1462603097281.jpg\",\"width\":1400,\"height\":1980,\"caption\":\"2016 05 09 Der Kalte Krieg e1462603097281\"},{\"@type\":\"BreadcrumbList\",\"@id\":\"https:\\\/\\\/moedlareuth.de\\\/sonderausstellung-der-kalte-krieg\\\/#breadcrumb\",\"itemListElement\":[{\"@type\":\"ListItem\",\"position\":1,\"name\":\"Startseite\",\"item\":\"https:\\\/\\\/www.moedlareuth.de\\\/\"},{\"@type\":\"ListItem\",\"position\":2,\"name\":\"Sonderausstellung &#8222;Der Kalte Krieg&#8220;\"}]},{\"@type\":\"WebSite\",\"@id\":\"https:\\\/\\\/moedlareuth.de\\\/preview\\\/#website\",\"url\":\"https:\\\/\\\/moedlareuth.de\\\/preview\\\/\",\"name\":\"Deutsch-Deutsches Museum M\u00f6dlareuth\",\"description\":\"Gedenkst\u00e4tte zur deutschen Teilung\",\"publisher\":{\"@id\":\"https:\\\/\\\/moedlareuth.de\\\/preview\\\/#organization\"},\"potentialAction\":[{\"@type\":\"SearchAction\",\"target\":{\"@type\":\"EntryPoint\",\"urlTemplate\":\"https:\\\/\\\/moedlareuth.de\\\/preview\\\/?s={search_term_string}\"},\"query-input\":{\"@type\":\"PropertyValueSpecification\",\"valueRequired\":true,\"valueName\":\"search_term_string\"}}],\"inLanguage\":\"cs\"},{\"@type\":\"Organization\",\"@id\":\"https:\\\/\\\/moedlareuth.de\\\/preview\\\/#organization\",\"name\":\"Deutsch-Deutsches Museum M\u00f6dlareuth\",\"url\":\"https:\\\/\\\/moedlareuth.de\\\/preview\\\/\",\"logo\":{\"@type\":\"ImageObject\",\"inLanguage\":\"cs\",\"@id\":\"https:\\\/\\\/moedlareuth.de\\\/preview\\\/#\\\/schema\\\/logo\\\/image\\\/\",\"url\":\"https:\\\/\\\/www.moedlareuth.de\\\/wp-content\\\/uploads\\\/2022\\\/02\\\/museum_moedlareuth_logo_hell_zusatz.svg\",\"contentUrl\":\"https:\\\/\\\/www.moedlareuth.de\\\/wp-content\\\/uploads\\\/2022\\\/02\\\/museum_moedlareuth_logo_hell_zusatz.svg\",\"width\":255,\"height\":62,\"caption\":\"Deutsch-Deutsches Museum M\u00f6dlareuth\"},\"image\":{\"@id\":\"https:\\\/\\\/moedlareuth.de\\\/preview\\\/#\\\/schema\\\/logo\\\/image\\\/\"}},{\"@type\":\"Person\",\"@id\":\"https:\\\/\\\/moedlareuth.de\\\/preview\\\/#\\\/schema\\\/person\\\/9194619dfae57e8d77d645ad86c2ea4e\",\"name\":\"Ronald Schricker\",\"sameAs\":[\"http:\\\/\\\/www.museum-www.moedlareuth.de\"],\"url\":\"https:\\\/\\\/www.moedlareuth.de\\\/cs\\\/author\\\/rs-lra-hof\\\/\"}]}<\/script>\n<!-- \/ Yoast SEO plugin. -->","yoast_head_json":{"title":"Sonderausstellung \"Der Kalte Krieg\" - Deutsch-Deutsches Museum M\u00f6dlareuth","robots":{"index":"index","follow":"follow","max-snippet":"max-snippet:-1","max-image-preview":"max-image-preview:large","max-video-preview":"max-video-preview:-1"},"canonical":"https:\/\/moedlareuth.de\/sonderausstellung-der-kalte-krieg\/","og_locale":"cs_CZ","og_type":"article","og_title":"Sonderausstellung \"Der Kalte Krieg\" - Deutsch-Deutsches Museum M\u00f6dlareuth","og_description":"Er\u00f6ffnung der Sonderausstellung &#8222;Der Kalte Krieg. Ursachen &#8211; Geschichte &#8211; Folgen.&#8220; Termin: 09. Mai 2016 | 18.30 Uhr im Deutsch-Deutschen Museum M\u00f6dlareuth Die Sonderausstellung &#8222;Der Kalte Krieg. Ursachen &#8211; Geschichte &#8211; Folgen.&#8220; wird von dem Berliner Kolleg Kalter Krieg und der Bundesstiftung zur Aufarbeitung der SED-Diktatur zur Verf\u00fcgung gestellt. Sie pr\u00e4sentiert mit \u00fcber 160 zeithistorischen...","og_url":"https:\/\/moedlareuth.de\/sonderausstellung-der-kalte-krieg\/","og_site_name":"Deutsch-Deutsches Museum M\u00f6dlareuth","article_published_time":"2016-05-09T07:00:36+00:00","article_modified_time":"2021-12-07T04:02:31+00:00","og_image":[{"width":1400,"height":1980,"url":"https:\/\/moedlareuth.de\/preview\/wp-content\/uploads\/2016\/05\/2016-05-09-Der-Kalte-Krieg-e1462603097281.jpg","type":"image\/jpeg"}],"author":"Ronald Schricker","twitter_card":"summary_large_image","twitter_misc":{"Napsal(a)":"Ronald Schricker"},"schema":{"@context":"https:\/\/schema.org","@graph":[{"@type":"Article","@id":"https:\/\/moedlareuth.de\/sonderausstellung-der-kalte-krieg\/#article","isPartOf":{"@id":"https:\/\/moedlareuth.de\/sonderausstellung-der-kalte-krieg\/"},"author":{"name":"Ronald Schricker","@id":"https:\/\/moedlareuth.de\/preview\/#\/schema\/person\/9194619dfae57e8d77d645ad86c2ea4e"},"headline":"Sonderausstellung &#8222;Der Kalte Krieg&#8220;","datePublished":"2016-05-09T07:00:36+00:00","dateModified":"2021-12-07T04:02:31+00:00","mainEntityOfPage":{"@id":"https:\/\/moedlareuth.de\/sonderausstellung-der-kalte-krieg\/"},"wordCount":94,"publisher":{"@id":"https:\/\/moedlareuth.de\/preview\/#organization"},"image":{"@id":"https:\/\/moedlareuth.de\/sonderausstellung-der-kalte-krieg\/#primaryimage"},"thumbnailUrl":"https:\/\/www.moedlareuth.de\/wp-content\/uploads\/2016\/05\/2016-05-09-Der-Kalte-Krieg-e1462603097281.jpg","articleSection":["Aktuelles"],"inLanguage":"cs"},{"@type":"WebPage","@id":"https:\/\/moedlareuth.de\/sonderausstellung-der-kalte-krieg\/","url":"https:\/\/moedlareuth.de\/sonderausstellung-der-kalte-krieg\/","name":"Sonderausstellung \"Der Kalte Krieg\" - Deutsch-Deutsches Museum M\u00f6dlareuth","isPartOf":{"@id":"https:\/\/moedlareuth.de\/preview\/#website"},"primaryImageOfPage":{"@id":"https:\/\/moedlareuth.de\/sonderausstellung-der-kalte-krieg\/#primaryimage"},"image":{"@id":"https:\/\/moedlareuth.de\/sonderausstellung-der-kalte-krieg\/#primaryimage"},"thumbnailUrl":"https:\/\/www.moedlareuth.de\/wp-content\/uploads\/2016\/05\/2016-05-09-Der-Kalte-Krieg-e1462603097281.jpg","datePublished":"2016-05-09T07:00:36+00:00","dateModified":"2021-12-07T04:02:31+00:00","breadcrumb":{"@id":"https:\/\/moedlareuth.de\/sonderausstellung-der-kalte-krieg\/#breadcrumb"},"inLanguage":"cs","potentialAction":[{"@type":"ReadAction","target":["https:\/\/moedlareuth.de\/sonderausstellung-der-kalte-krieg\/"]}]},{"@type":"ImageObject","inLanguage":"cs","@id":"https:\/\/moedlareuth.de\/sonderausstellung-der-kalte-krieg\/#primaryimage","url":"https:\/\/www.moedlareuth.de\/wp-content\/uploads\/2016\/05\/2016-05-09-Der-Kalte-Krieg-e1462603097281.jpg","contentUrl":"https:\/\/www.moedlareuth.de\/wp-content\/uploads\/2016\/05\/2016-05-09-Der-Kalte-Krieg-e1462603097281.jpg","width":1400,"height":1980,"caption":"2016 05 09 Der Kalte Krieg e1462603097281"},{"@type":"BreadcrumbList","@id":"https:\/\/moedlareuth.de\/sonderausstellung-der-kalte-krieg\/#breadcrumb","itemListElement":[{"@type":"ListItem","position":1,"name":"Startseite","item":"https:\/\/www.moedlareuth.de\/"},{"@type":"ListItem","position":2,"name":"Sonderausstellung &#8222;Der Kalte Krieg&#8220;"}]},{"@type":"WebSite","@id":"https:\/\/moedlareuth.de\/preview\/#website","url":"https:\/\/moedlareuth.de\/preview\/","name":"Deutsch-Deutsches Museum M\u00f6dlareuth","description":"Pam\u00e1tn\u00edk rozd\u011blen\u00ed N\u011bmecka","publisher":{"@id":"https:\/\/moedlareuth.de\/preview\/#organization"},"potentialAction":[{"@type":"SearchAction","target":{"@type":"EntryPoint","urlTemplate":"https:\/\/moedlareuth.de\/preview\/?s={search_term_string}"},"query-input":{"@type":"PropertyValueSpecification","valueRequired":true,"valueName":"search_term_string"}}],"inLanguage":"cs"},{"@type":"Organization","@id":"https:\/\/moedlareuth.de\/preview\/#organization","name":"Deutsch-Deutsches Museum M\u00f6dlareuth","url":"https:\/\/moedlareuth.de\/preview\/","logo":{"@type":"ImageObject","inLanguage":"cs","@id":"https:\/\/moedlareuth.de\/preview\/#\/schema\/logo\/image\/","url":"https:\/\/www.moedlareuth.de\/wp-content\/uploads\/2022\/02\/museum_moedlareuth_logo_hell_zusatz.svg","contentUrl":"https:\/\/www.moedlareuth.de\/wp-content\/uploads\/2022\/02\/museum_moedlareuth_logo_hell_zusatz.svg","width":255,"height":62,"caption":"Deutsch-Deutsches Museum M\u00f6dlareuth"},"image":{"@id":"https:\/\/moedlareuth.de\/preview\/#\/schema\/logo\/image\/"}},{"@type":"Person","@id":"https:\/\/moedlareuth.de\/preview\/#\/schema\/person\/9194619dfae57e8d77d645ad86c2ea4e","name":"Ronald Schricker","sameAs":["http:\/\/www.museum-www.moedlareuth.de"],"url":"https:\/\/www.moedlareuth.de\/cs\/author\/rs-lra-hof\/"}]}},"_links":{"self":[{"href":"https:\/\/www.moedlareuth.de\/cs\/wp-json\/wp\/v2\/posts\/677","targetHints":{"allow":["GET"]}}],"collection":[{"href":"https:\/\/www.moedlareuth.de\/cs\/wp-json\/wp\/v2\/posts"}],"about":[{"href":"https:\/\/www.moedlareuth.de\/cs\/wp-json\/wp\/v2\/types\/post"}],"author":[{"embeddable":true,"href":"https:\/\/www.moedlareuth.de\/cs\/wp-json\/wp\/v2\/users\/6"}],"replies":[{"embeddable":true,"href":"https:\/\/www.moedlareuth.de\/cs\/wp-json\/wp\/v2\/comments?post=677"}],"version-history":[{"count":0,"href":"https:\/\/www.moedlareuth.de\/cs\/wp-json\/wp\/v2\/posts\/677\/revisions"}],"wp:featuredmedia":[{"embeddable":true,"href":"https:\/\/www.moedlareuth.de\/cs\/wp-json\/wp\/v2\/media\/676"}],"wp:attachment":[{"href":"https:\/\/www.moedlareuth.de\/cs\/wp-json\/wp\/v2\/media?parent=677"}],"wp:term":[{"taxonomy":"category","embeddable":true,"href":"https:\/\/www.moedlareuth.de\/cs\/wp-json\/wp\/v2\/categories?post=677"},{"taxonomy":"post_tag","embeddable":true,"href":"https:\/\/www.moedlareuth.de\/cs\/wp-json\/wp\/v2\/tags?post=677"}],"curies":[{"name":"wp","href":"https:\/\/api.w.org\/{rel}","templated":true}]}}