{"id":642,"date":"2016-03-11T20:12:39","date_gmt":"2016-03-11T19:12:39","guid":{"rendered":"http:\/\/www.moedlareuth.de\/?p=642"},"modified":"2021-12-07T05:02:31","modified_gmt":"2021-12-07T04:02:31","slug":"von-little-berlin-nach-berlin","status":"publish","type":"post","link":"https:\/\/www.moedlareuth.de\/cs\/von-little-berlin-nach-berlin\/","title":{"rendered":"Von \u201eLittle Berlin\u201c nach Berlin"},"content":{"rendered":"<p><span style=\"font-family: 'Arial','sans-serif';\"><span style=\"color: #000000; font-size: medium;\">Von \u201eLittle Berlin\u201c nach Berlin<\/span><\/span><\/p>\n<p><span style=\"font-family: 'Arial','sans-serif';\"><span style=\"color: #000000; font-size: medium;\">Unter diesem Motto stand die abschlie\u00dfende Exkursion der 40 Sch\u00fclerinnen und Sch\u00fcler aus Plauen und Hof, die am l\u00e4nder\u00fcbergreifenden Sch\u00fclerprojekt <a href=\"http:\/\/www.moedlareuth.de\/cs\/schuelerprojekt-spurensuche\/\">\u201eAuf Spurensuche in der Region\u201c<\/a> des Deutsch-Deutschen Museums M\u00f6dlareuth teilgenommen hatten.\u00a0<\/span><\/span><span style=\"font-family: 'Arial','sans-serif';\"><span style=\"color: #000000; font-size: medium;\">\u00a0<\/span><\/span><\/p>\n<p><span style=\"font-family: 'Arial','sans-serif';\"><span style=\"color: #000000; font-size: medium;\">Als Ziel der Abschlussveranstaltung wurde bewusst Berlin gew\u00e4hlt, um das, was im Zusammenhang mit dem Projekt exemplarisch f\u00fcr M\u00f6dlareuth f\u00fcr bzw. die gesamte Region von Plauen und Hof untersucht worden war, auch mit dem besonderen Fall der geteilten und wiedervereinigten Stadt Berlin zu vergleichen.<\/span><\/span><\/p>\n<p>&nbsp;<\/p>\n<p>&nbsp;<\/p>","protected":false},"excerpt":{"rendered":"<p>Von \u201eLittle Berlin\u201c nach Berlin Unter diesem Motto stand die abschlie\u00dfende Exkursion der 40 Sch\u00fclerinnen und Sch\u00fcler aus Plauen und Hof, die am l\u00e4nder\u00fcbergreifenden Sch\u00fclerprojekt \u201eAuf Spurensuche in der Region\u201c des Deutsch-Deutschen Museums M\u00f6dlareuth teilgenommen hatten.\u00a0\u00a0 Als Ziel der Abschlussveranstaltung wurde bewusst Berlin gew\u00e4hlt, um das, was im Zusammenhang mit dem Projekt exemplarisch f\u00fcr M\u00f6dlareuth&#8230;<\/p>","protected":false},"author":6,"featured_media":641,"comment_status":"closed","ping_status":"closed","sticky":false,"template":"","format":"standard","meta":{"_acf_changed":false,"inline_featured_image":false,"_kad_post_transparent":"","_kad_post_title":"","_kad_post_layout":"","_kad_post_sidebar_id":"","_kad_post_content_style":"","_kad_post_vertical_padding":"","_kad_post_feature":"","_kad_post_feature_position":"","_kad_post_header":false,"_kad_post_footer":false,"_kad_post_classname":"","footnotes":""},"categories":[1],"tags":[],"class_list":["post-642","post","type-post","status-publish","format-standard","has-post-thumbnail","hentry","category-aktuelles"],"acf":[],"yoast_head":"<!-- This site is optimized with the Yoast SEO plugin v27.5 - https:\/\/yoast.com\/product\/yoast-seo-wordpress\/ -->\n<title>Von \u201eLittle Berlin\u201c nach Berlin - Deutsch-Deutsches Museum M\u00f6dlareuth<\/title>\n<meta name=\"robots\" content=\"index, follow, max-snippet:-1, max-image-preview:large, max-video-preview:-1\" \/>\n<link rel=\"canonical\" href=\"https:\/\/moedlareuth.de\/von-little-berlin-nach-berlin\/\" \/>\n<meta property=\"og:locale\" content=\"cs_CZ\" \/>\n<meta property=\"og:type\" content=\"article\" \/>\n<meta property=\"og:title\" content=\"Von \u201eLittle Berlin\u201c nach Berlin - Deutsch-Deutsches Museum M\u00f6dlareuth\" \/>\n<meta property=\"og:description\" content=\"Von \u201eLittle Berlin\u201c nach Berlin Unter diesem Motto stand die abschlie\u00dfende Exkursion der 40 Sch\u00fclerinnen und Sch\u00fcler aus Plauen und Hof, die am l\u00e4nder\u00fcbergreifenden Sch\u00fclerprojekt \u201eAuf Spurensuche in der Region\u201c des Deutsch-Deutschen Museums M\u00f6dlareuth teilgenommen hatten.\u00a0\u00a0 Als Ziel der Abschlussveranstaltung wurde bewusst Berlin gew\u00e4hlt, um das, was im Zusammenhang mit dem Projekt exemplarisch f\u00fcr M\u00f6dlareuth...\" \/>\n<meta property=\"og:url\" content=\"https:\/\/moedlareuth.de\/von-little-berlin-nach-berlin\/\" \/>\n<meta property=\"og:site_name\" content=\"Deutsch-Deutsches Museum M\u00f6dlareuth\" \/>\n<meta property=\"article:published_time\" content=\"2016-03-11T19:12:39+00:00\" \/>\n<meta property=\"article:modified_time\" content=\"2021-12-07T04:02:31+00:00\" \/>\n<meta property=\"og:image\" content=\"https:\/\/moedlareuth.de\/preview\/wp-content\/uploads\/2016\/03\/2016-03-11-Exkursion-Berlin.jpeg\" \/>\n\t<meta property=\"og:image:width\" content=\"1280\" \/>\n\t<meta property=\"og:image:height\" content=\"960\" \/>\n\t<meta property=\"og:image:type\" content=\"image\/jpeg\" \/>\n<meta name=\"author\" content=\"Ronald Schricker\" \/>\n<meta name=\"twitter:card\" content=\"summary_large_image\" \/>\n<meta name=\"twitter:label1\" content=\"Napsal(a)\" \/>\n\t<meta name=\"twitter:data1\" content=\"Ronald Schricker\" \/>\n<script type=\"application\/ld+json\" class=\"yoast-schema-graph\">{\"@context\":\"https:\\\/\\\/schema.org\",\"@graph\":[{\"@type\":\"Article\",\"@id\":\"https:\\\/\\\/moedlareuth.de\\\/von-little-berlin-nach-berlin\\\/#article\",\"isPartOf\":{\"@id\":\"https:\\\/\\\/moedlareuth.de\\\/von-little-berlin-nach-berlin\\\/\"},\"author\":{\"name\":\"Ronald Schricker\",\"@id\":\"https:\\\/\\\/moedlareuth.de\\\/preview\\\/#\\\/schema\\\/person\\\/9194619dfae57e8d77d645ad86c2ea4e\"},\"headline\":\"Von \u201eLittle Berlin\u201c nach Berlin\",\"datePublished\":\"2016-03-11T19:12:39+00:00\",\"dateModified\":\"2021-12-07T04:02:31+00:00\",\"mainEntityOfPage\":{\"@id\":\"https:\\\/\\\/moedlareuth.de\\\/von-little-berlin-nach-berlin\\\/\"},\"wordCount\":97,\"publisher\":{\"@id\":\"https:\\\/\\\/moedlareuth.de\\\/preview\\\/#organization\"},\"image\":{\"@id\":\"https:\\\/\\\/moedlareuth.de\\\/von-little-berlin-nach-berlin\\\/#primaryimage\"},\"thumbnailUrl\":\"https:\\\/\\\/www.moedlareuth.de\\\/wp-content\\\/uploads\\\/2016\\\/03\\\/2016-03-11-Exkursion-Berlin.jpeg\",\"articleSection\":[\"Aktuelles\"],\"inLanguage\":\"cs\"},{\"@type\":\"WebPage\",\"@id\":\"https:\\\/\\\/moedlareuth.de\\\/von-little-berlin-nach-berlin\\\/\",\"url\":\"https:\\\/\\\/moedlareuth.de\\\/von-little-berlin-nach-berlin\\\/\",\"name\":\"Von \u201eLittle Berlin\u201c nach Berlin - Deutsch-Deutsches Museum M\u00f6dlareuth\",\"isPartOf\":{\"@id\":\"https:\\\/\\\/moedlareuth.de\\\/preview\\\/#website\"},\"primaryImageOfPage\":{\"@id\":\"https:\\\/\\\/moedlareuth.de\\\/von-little-berlin-nach-berlin\\\/#primaryimage\"},\"image\":{\"@id\":\"https:\\\/\\\/moedlareuth.de\\\/von-little-berlin-nach-berlin\\\/#primaryimage\"},\"thumbnailUrl\":\"https:\\\/\\\/www.moedlareuth.de\\\/wp-content\\\/uploads\\\/2016\\\/03\\\/2016-03-11-Exkursion-Berlin.jpeg\",\"datePublished\":\"2016-03-11T19:12:39+00:00\",\"dateModified\":\"2021-12-07T04:02:31+00:00\",\"breadcrumb\":{\"@id\":\"https:\\\/\\\/moedlareuth.de\\\/von-little-berlin-nach-berlin\\\/#breadcrumb\"},\"inLanguage\":\"cs\",\"potentialAction\":[{\"@type\":\"ReadAction\",\"target\":[\"https:\\\/\\\/moedlareuth.de\\\/von-little-berlin-nach-berlin\\\/\"]}]},{\"@type\":\"ImageObject\",\"inLanguage\":\"cs\",\"@id\":\"https:\\\/\\\/moedlareuth.de\\\/von-little-berlin-nach-berlin\\\/#primaryimage\",\"url\":\"https:\\\/\\\/www.moedlareuth.de\\\/wp-content\\\/uploads\\\/2016\\\/03\\\/2016-03-11-Exkursion-Berlin.jpeg\",\"contentUrl\":\"https:\\\/\\\/www.moedlareuth.de\\\/wp-content\\\/uploads\\\/2016\\\/03\\\/2016-03-11-Exkursion-Berlin.jpeg\",\"width\":1280,\"height\":960,\"caption\":\"2016 03 11 Exkursion Berlin\"},{\"@type\":\"BreadcrumbList\",\"@id\":\"https:\\\/\\\/moedlareuth.de\\\/von-little-berlin-nach-berlin\\\/#breadcrumb\",\"itemListElement\":[{\"@type\":\"ListItem\",\"position\":1,\"name\":\"Startseite\",\"item\":\"https:\\\/\\\/www.moedlareuth.de\\\/\"},{\"@type\":\"ListItem\",\"position\":2,\"name\":\"Von \u201eLittle Berlin\u201c nach Berlin\"}]},{\"@type\":\"WebSite\",\"@id\":\"https:\\\/\\\/moedlareuth.de\\\/preview\\\/#website\",\"url\":\"https:\\\/\\\/moedlareuth.de\\\/preview\\\/\",\"name\":\"Deutsch-Deutsches Museum M\u00f6dlareuth\",\"description\":\"Gedenkst\u00e4tte zur deutschen Teilung\",\"publisher\":{\"@id\":\"https:\\\/\\\/moedlareuth.de\\\/preview\\\/#organization\"},\"potentialAction\":[{\"@type\":\"SearchAction\",\"target\":{\"@type\":\"EntryPoint\",\"urlTemplate\":\"https:\\\/\\\/moedlareuth.de\\\/preview\\\/?s={search_term_string}\"},\"query-input\":{\"@type\":\"PropertyValueSpecification\",\"valueRequired\":true,\"valueName\":\"search_term_string\"}}],\"inLanguage\":\"cs\"},{\"@type\":\"Organization\",\"@id\":\"https:\\\/\\\/moedlareuth.de\\\/preview\\\/#organization\",\"name\":\"Deutsch-Deutsches Museum M\u00f6dlareuth\",\"url\":\"https:\\\/\\\/moedlareuth.de\\\/preview\\\/\",\"logo\":{\"@type\":\"ImageObject\",\"inLanguage\":\"cs\",\"@id\":\"https:\\\/\\\/moedlareuth.de\\\/preview\\\/#\\\/schema\\\/logo\\\/image\\\/\",\"url\":\"https:\\\/\\\/www.moedlareuth.de\\\/wp-content\\\/uploads\\\/2022\\\/02\\\/museum_moedlareuth_logo_hell_zusatz.svg\",\"contentUrl\":\"https:\\\/\\\/www.moedlareuth.de\\\/wp-content\\\/uploads\\\/2022\\\/02\\\/museum_moedlareuth_logo_hell_zusatz.svg\",\"width\":255,\"height\":62,\"caption\":\"Deutsch-Deutsches Museum M\u00f6dlareuth\"},\"image\":{\"@id\":\"https:\\\/\\\/moedlareuth.de\\\/preview\\\/#\\\/schema\\\/logo\\\/image\\\/\"}},{\"@type\":\"Person\",\"@id\":\"https:\\\/\\\/moedlareuth.de\\\/preview\\\/#\\\/schema\\\/person\\\/9194619dfae57e8d77d645ad86c2ea4e\",\"name\":\"Ronald Schricker\",\"sameAs\":[\"http:\\\/\\\/www.museum-www.moedlareuth.de\"],\"url\":\"https:\\\/\\\/www.moedlareuth.de\\\/cs\\\/author\\\/rs-lra-hof\\\/\"}]}<\/script>\n<!-- \/ Yoast SEO plugin. -->","yoast_head_json":{"title":"Von \u201eLittle Berlin\u201c nach Berlin - Deutsch-Deutsches Museum M\u00f6dlareuth","robots":{"index":"index","follow":"follow","max-snippet":"max-snippet:-1","max-image-preview":"max-image-preview:large","max-video-preview":"max-video-preview:-1"},"canonical":"https:\/\/moedlareuth.de\/von-little-berlin-nach-berlin\/","og_locale":"cs_CZ","og_type":"article","og_title":"Von \u201eLittle Berlin\u201c nach Berlin - Deutsch-Deutsches Museum M\u00f6dlareuth","og_description":"Von \u201eLittle Berlin\u201c nach Berlin Unter diesem Motto stand die abschlie\u00dfende Exkursion der 40 Sch\u00fclerinnen und Sch\u00fcler aus Plauen und Hof, die am l\u00e4nder\u00fcbergreifenden Sch\u00fclerprojekt \u201eAuf Spurensuche in der Region\u201c des Deutsch-Deutschen Museums M\u00f6dlareuth teilgenommen hatten.\u00a0\u00a0 Als Ziel der Abschlussveranstaltung wurde bewusst Berlin gew\u00e4hlt, um das, was im Zusammenhang mit dem Projekt exemplarisch f\u00fcr M\u00f6dlareuth...","og_url":"https:\/\/moedlareuth.de\/von-little-berlin-nach-berlin\/","og_site_name":"Deutsch-Deutsches Museum M\u00f6dlareuth","article_published_time":"2016-03-11T19:12:39+00:00","article_modified_time":"2021-12-07T04:02:31+00:00","og_image":[{"width":1280,"height":960,"url":"https:\/\/moedlareuth.de\/preview\/wp-content\/uploads\/2016\/03\/2016-03-11-Exkursion-Berlin.jpeg","type":"image\/jpeg"}],"author":"Ronald Schricker","twitter_card":"summary_large_image","twitter_misc":{"Napsal(a)":"Ronald Schricker"},"schema":{"@context":"https:\/\/schema.org","@graph":[{"@type":"Article","@id":"https:\/\/moedlareuth.de\/von-little-berlin-nach-berlin\/#article","isPartOf":{"@id":"https:\/\/moedlareuth.de\/von-little-berlin-nach-berlin\/"},"author":{"name":"Ronald Schricker","@id":"https:\/\/moedlareuth.de\/preview\/#\/schema\/person\/9194619dfae57e8d77d645ad86c2ea4e"},"headline":"Von \u201eLittle Berlin\u201c nach Berlin","datePublished":"2016-03-11T19:12:39+00:00","dateModified":"2021-12-07T04:02:31+00:00","mainEntityOfPage":{"@id":"https:\/\/moedlareuth.de\/von-little-berlin-nach-berlin\/"},"wordCount":97,"publisher":{"@id":"https:\/\/moedlareuth.de\/preview\/#organization"},"image":{"@id":"https:\/\/moedlareuth.de\/von-little-berlin-nach-berlin\/#primaryimage"},"thumbnailUrl":"https:\/\/www.moedlareuth.de\/wp-content\/uploads\/2016\/03\/2016-03-11-Exkursion-Berlin.jpeg","articleSection":["Aktuelles"],"inLanguage":"cs"},{"@type":"WebPage","@id":"https:\/\/moedlareuth.de\/von-little-berlin-nach-berlin\/","url":"https:\/\/moedlareuth.de\/von-little-berlin-nach-berlin\/","name":"Von \u201eLittle Berlin\u201c nach Berlin - Deutsch-Deutsches Museum M\u00f6dlareuth","isPartOf":{"@id":"https:\/\/moedlareuth.de\/preview\/#website"},"primaryImageOfPage":{"@id":"https:\/\/moedlareuth.de\/von-little-berlin-nach-berlin\/#primaryimage"},"image":{"@id":"https:\/\/moedlareuth.de\/von-little-berlin-nach-berlin\/#primaryimage"},"thumbnailUrl":"https:\/\/www.moedlareuth.de\/wp-content\/uploads\/2016\/03\/2016-03-11-Exkursion-Berlin.jpeg","datePublished":"2016-03-11T19:12:39+00:00","dateModified":"2021-12-07T04:02:31+00:00","breadcrumb":{"@id":"https:\/\/moedlareuth.de\/von-little-berlin-nach-berlin\/#breadcrumb"},"inLanguage":"cs","potentialAction":[{"@type":"ReadAction","target":["https:\/\/moedlareuth.de\/von-little-berlin-nach-berlin\/"]}]},{"@type":"ImageObject","inLanguage":"cs","@id":"https:\/\/moedlareuth.de\/von-little-berlin-nach-berlin\/#primaryimage","url":"https:\/\/www.moedlareuth.de\/wp-content\/uploads\/2016\/03\/2016-03-11-Exkursion-Berlin.jpeg","contentUrl":"https:\/\/www.moedlareuth.de\/wp-content\/uploads\/2016\/03\/2016-03-11-Exkursion-Berlin.jpeg","width":1280,"height":960,"caption":"2016 03 11 Exkursion Berlin"},{"@type":"BreadcrumbList","@id":"https:\/\/moedlareuth.de\/von-little-berlin-nach-berlin\/#breadcrumb","itemListElement":[{"@type":"ListItem","position":1,"name":"Startseite","item":"https:\/\/www.moedlareuth.de\/"},{"@type":"ListItem","position":2,"name":"Von \u201eLittle Berlin\u201c nach Berlin"}]},{"@type":"WebSite","@id":"https:\/\/moedlareuth.de\/preview\/#website","url":"https:\/\/moedlareuth.de\/preview\/","name":"Deutsch-Deutsches Museum M\u00f6dlareuth","description":"Pam\u00e1tn\u00edk rozd\u011blen\u00ed N\u011bmecka","publisher":{"@id":"https:\/\/moedlareuth.de\/preview\/#organization"},"potentialAction":[{"@type":"SearchAction","target":{"@type":"EntryPoint","urlTemplate":"https:\/\/moedlareuth.de\/preview\/?s={search_term_string}"},"query-input":{"@type":"PropertyValueSpecification","valueRequired":true,"valueName":"search_term_string"}}],"inLanguage":"cs"},{"@type":"Organization","@id":"https:\/\/moedlareuth.de\/preview\/#organization","name":"Deutsch-Deutsches Museum M\u00f6dlareuth","url":"https:\/\/moedlareuth.de\/preview\/","logo":{"@type":"ImageObject","inLanguage":"cs","@id":"https:\/\/moedlareuth.de\/preview\/#\/schema\/logo\/image\/","url":"https:\/\/www.moedlareuth.de\/wp-content\/uploads\/2022\/02\/museum_moedlareuth_logo_hell_zusatz.svg","contentUrl":"https:\/\/www.moedlareuth.de\/wp-content\/uploads\/2022\/02\/museum_moedlareuth_logo_hell_zusatz.svg","width":255,"height":62,"caption":"Deutsch-Deutsches Museum M\u00f6dlareuth"},"image":{"@id":"https:\/\/moedlareuth.de\/preview\/#\/schema\/logo\/image\/"}},{"@type":"Person","@id":"https:\/\/moedlareuth.de\/preview\/#\/schema\/person\/9194619dfae57e8d77d645ad86c2ea4e","name":"Ronald Schricker","sameAs":["http:\/\/www.museum-www.moedlareuth.de"],"url":"https:\/\/www.moedlareuth.de\/cs\/author\/rs-lra-hof\/"}]}},"_links":{"self":[{"href":"https:\/\/www.moedlareuth.de\/cs\/wp-json\/wp\/v2\/posts\/642","targetHints":{"allow":["GET"]}}],"collection":[{"href":"https:\/\/www.moedlareuth.de\/cs\/wp-json\/wp\/v2\/posts"}],"about":[{"href":"https:\/\/www.moedlareuth.de\/cs\/wp-json\/wp\/v2\/types\/post"}],"author":[{"embeddable":true,"href":"https:\/\/www.moedlareuth.de\/cs\/wp-json\/wp\/v2\/users\/6"}],"replies":[{"embeddable":true,"href":"https:\/\/www.moedlareuth.de\/cs\/wp-json\/wp\/v2\/comments?post=642"}],"version-history":[{"count":0,"href":"https:\/\/www.moedlareuth.de\/cs\/wp-json\/wp\/v2\/posts\/642\/revisions"}],"wp:featuredmedia":[{"embeddable":true,"href":"https:\/\/www.moedlareuth.de\/cs\/wp-json\/wp\/v2\/media\/641"}],"wp:attachment":[{"href":"https:\/\/www.moedlareuth.de\/cs\/wp-json\/wp\/v2\/media?parent=642"}],"wp:term":[{"taxonomy":"category","embeddable":true,"href":"https:\/\/www.moedlareuth.de\/cs\/wp-json\/wp\/v2\/categories?post=642"},{"taxonomy":"post_tag","embeddable":true,"href":"https:\/\/www.moedlareuth.de\/cs\/wp-json\/wp\/v2\/tags?post=642"}],"curies":[{"name":"wp","href":"https:\/\/api.w.org\/{rel}","templated":true}]}}