{"id":14098,"date":"2024-11-19T13:07:50","date_gmt":"2024-11-19T12:07:50","guid":{"rendered":"https:\/\/www.moedlareuth.de\/?p=14098"},"modified":"2024-11-19T13:07:51","modified_gmt":"2024-11-19T12:07:51","slug":"museumstag-hofer-land","status":"publish","type":"post","link":"https:\/\/www.moedlareuth.de\/cs\/museumstag-hofer-land\/","title":{"rendered":"Museumstag Hofer Land"},"content":{"rendered":"<p>Pressemitteilung des Landratsamtes Hof:<\/p>\n\n\n\n<p>Sechs Museen an einem Ort erleben \u2013 das war am Samstag beim ersten Museumstag Hofer Land im Erika-Fuchs-Haus in Schwarzenbach an der Saale m\u00f6glich, der vom Regionalmanagement des Landkreises Hof veranstaltet wurde.<\/p>\n\n\n\n<p>Mit einem bunten Programm pr\u00e4sentierten sich dabei das Oberfr\u00e4nkische Textilmuseum aus Helmbrechts, das Oberfr\u00e4nkische Bauernhofmuseum Kleinlosnitz aus Zell i. F., das Museum Bayerisches Vogtland aus Hof, das Erika-Fuchs-Haus aus Schwarzenbach an der Saale, das Deutsch-Deutsche Museum M\u00f6dlareuth und das Grafikmuseum Stiftung Schreiner aus Bad Steben. Auch der Schwarzenbacher Verein Traktor-Kultur war mit einem historischen Traktor vertreten.<\/p>\n\n\n\n<p>Landrat Dr. Oliver B\u00e4r er\u00f6ffnete den Tag gemeinsam mit B\u00fcrgermeister Hans-Peter Baumann und Museumsleiterin Frau Dr. Joanna Straczowski vom Erika-Fuchs-Haus. \u201eNutzen Sie diese einzigartige Gelegenheit, unsere vielf\u00e4ltigen regionalen Museen mit ihren unterschiedlichen Themen an einem zentralen Ort kennen zu lernen und gemeinsam einen Tag voller Kultur und Gemeinschaft zu verbringen\u201c, so Landrat Dr. B\u00e4r.<\/p>\n\n\n\n<p>Gro\u00df und Klein konnten die Vielfalt der regionalen Museumslandschaft entdecken, Vortr\u00e4gen lauschen und sich bei praktischen Workshops selbst ausprobieren. So durften die Besucher beispielsweise einen Webstuhl bedienen, Bienenwachskerzen basteln, mit einem G\u00e4nsekiel schreiben oder beim Entenquiz ihr Wissen unter Beweis stellen. Bei Vorf\u00fchrungen gab es historische Praktiken zu erleben, wenn zum Beispiel Museumsleiter Bertram Popp aus Kleinlosnitz zeigte, wie das harzreiche Holz Kienspan als Lichtquelle genutzt wurde. An den Infost\u00e4nden hatten Interessierte zudem die M\u00f6glichkeit, sich direkt mit den Mitarbeiterinnen und Mitarbeitern der Museen auszutauschen. Auch f\u00fcr musikalische Unterhaltung und das leibliche Wohl war bestens gesorgt. Am Ende des erlebnisreichen Tages zogen G\u00e4ste und Organisatoren ein positives Fazit dieser Premiere eines ersten zentralen Museumstages im Hofer Land.<\/p>\n\n\n\n<p><\/p>\n\n\n\n<p>Titelfoto: Landrat Dr. Oliver B\u00e4r \u00fcbergibt bei der Begr\u00fc\u00dfung zum Museumstag das Wort an die Leiterin des Erika-Fuchs-Hauses Dr. Joanna Straczowski.<\/p>","protected":false},"excerpt":{"rendered":"<p>Pressemitteilung des Landratsamtes Hof: Sechs Museen an einem Ort erleben \u2013 das war am Samstag beim ersten Museumstag Hofer Land im Erika-Fuchs-Haus in Schwarzenbach an der Saale m\u00f6glich, der vom Regionalmanagement des Landkreises Hof veranstaltet wurde. Mit einem bunten Programm pr\u00e4sentierten sich dabei das Oberfr\u00e4nkische Textilmuseum aus Helmbrechts, das Oberfr\u00e4nkische Bauernhofmuseum Kleinlosnitz aus Zell i&#8230;.<\/p>","protected":false},"author":10,"featured_media":14099,"comment_status":"closed","ping_status":"closed","sticky":false,"template":"","format":"standard","meta":{"_acf_changed":false,"inline_featured_image":false,"_kad_post_transparent":"","_kad_post_title":"","_kad_post_layout":"","_kad_post_sidebar_id":"","_kad_post_content_style":"","_kad_post_vertical_padding":"","_kad_post_feature":"","_kad_post_feature_position":"","_kad_post_header":false,"_kad_post_footer":false,"_kad_post_classname":"","footnotes":""},"categories":[1],"tags":[],"class_list":["post-14098","post","type-post","status-publish","format-standard","has-post-thumbnail","hentry","category-aktuelles"],"acf":[],"yoast_head":"<!-- This site is optimized with the Yoast SEO plugin v27.5 - https:\/\/yoast.com\/product\/yoast-seo-wordpress\/ -->\n<title>Museumstag Hofer Land - Deutsch-Deutsches Museum M\u00f6dlareuth<\/title>\n<meta name=\"robots\" content=\"index, follow, max-snippet:-1, max-image-preview:large, max-video-preview:-1\" \/>\n<link rel=\"canonical\" href=\"https:\/\/www.moedlareuth.de\/cs\/museumstag-hofer-land\/\" \/>\n<meta property=\"og:locale\" content=\"cs_CZ\" \/>\n<meta property=\"og:type\" content=\"article\" \/>\n<meta property=\"og:title\" content=\"Museumstag Hofer Land - Deutsch-Deutsches Museum M\u00f6dlareuth\" \/>\n<meta property=\"og:description\" content=\"Pressemitteilung des Landratsamtes Hof: Sechs Museen an einem Ort erleben \u2013 das war am Samstag beim ersten Museumstag Hofer Land im Erika-Fuchs-Haus in Schwarzenbach an der Saale m\u00f6glich, der vom Regionalmanagement des Landkreises Hof veranstaltet wurde. Mit einem bunten Programm pr\u00e4sentierten sich dabei das Oberfr\u00e4nkische Textilmuseum aus Helmbrechts, das Oberfr\u00e4nkische Bauernhofmuseum Kleinlosnitz aus Zell i....\" \/>\n<meta property=\"og:url\" content=\"https:\/\/www.moedlareuth.de\/cs\/museumstag-hofer-land\/\" \/>\n<meta property=\"og:site_name\" content=\"Deutsch-Deutsches Museum M\u00f6dlareuth\" \/>\n<meta property=\"article:published_time\" content=\"2024-11-19T12:07:50+00:00\" \/>\n<meta property=\"article:modified_time\" content=\"2024-11-19T12:07:51+00:00\" \/>\n<meta property=\"og:image\" content=\"https:\/\/www.moedlareuth.de\/wp-content\/uploads\/2024\/11\/MuseumstagHoferLand010_kl-scaled.jpg\" \/>\n\t<meta property=\"og:image:width\" content=\"2560\" \/>\n\t<meta property=\"og:image:height\" content=\"1707\" \/>\n\t<meta property=\"og:image:type\" content=\"image\/jpeg\" \/>\n<meta name=\"author\" content=\"Susan Burger\" \/>\n<meta name=\"twitter:card\" content=\"summary_large_image\" \/>\n<meta name=\"twitter:label1\" content=\"Napsal(a)\" \/>\n\t<meta name=\"twitter:data1\" content=\"Susan Burger\" \/>\n\t<meta name=\"twitter:label2\" content=\"Odhadovan\u00e1 doba \u010dten\u00ed\" \/>\n\t<meta name=\"twitter:data2\" content=\"2 minuty\" \/>\n<script type=\"application\/ld+json\" class=\"yoast-schema-graph\">{\"@context\":\"https:\\\/\\\/schema.org\",\"@graph\":[{\"@type\":\"Article\",\"@id\":\"https:\\\/\\\/www.moedlareuth.de\\\/museumstag-hofer-land\\\/#article\",\"isPartOf\":{\"@id\":\"https:\\\/\\\/www.moedlareuth.de\\\/museumstag-hofer-land\\\/\"},\"author\":{\"name\":\"Susan Burger\",\"@id\":\"https:\\\/\\\/moedlareuth.de\\\/preview\\\/#\\\/schema\\\/person\\\/42d95c7c900104834e45a22afe68e54d\"},\"headline\":\"Museumstag Hofer Land\",\"datePublished\":\"2024-11-19T12:07:50+00:00\",\"dateModified\":\"2024-11-19T12:07:51+00:00\",\"mainEntityOfPage\":{\"@id\":\"https:\\\/\\\/www.moedlareuth.de\\\/museumstag-hofer-land\\\/\"},\"wordCount\":305,\"publisher\":{\"@id\":\"https:\\\/\\\/moedlareuth.de\\\/preview\\\/#organization\"},\"image\":{\"@id\":\"https:\\\/\\\/www.moedlareuth.de\\\/museumstag-hofer-land\\\/#primaryimage\"},\"thumbnailUrl\":\"https:\\\/\\\/www.moedlareuth.de\\\/wp-content\\\/uploads\\\/2024\\\/11\\\/MuseumstagHoferLand010_kl-scaled.jpg\",\"articleSection\":[\"Aktuelles\"],\"inLanguage\":\"cs\"},{\"@type\":\"WebPage\",\"@id\":\"https:\\\/\\\/www.moedlareuth.de\\\/museumstag-hofer-land\\\/\",\"url\":\"https:\\\/\\\/www.moedlareuth.de\\\/museumstag-hofer-land\\\/\",\"name\":\"Museumstag Hofer Land - Deutsch-Deutsches Museum M\u00f6dlareuth\",\"isPartOf\":{\"@id\":\"https:\\\/\\\/moedlareuth.de\\\/preview\\\/#website\"},\"primaryImageOfPage\":{\"@id\":\"https:\\\/\\\/www.moedlareuth.de\\\/museumstag-hofer-land\\\/#primaryimage\"},\"image\":{\"@id\":\"https:\\\/\\\/www.moedlareuth.de\\\/museumstag-hofer-land\\\/#primaryimage\"},\"thumbnailUrl\":\"https:\\\/\\\/www.moedlareuth.de\\\/wp-content\\\/uploads\\\/2024\\\/11\\\/MuseumstagHoferLand010_kl-scaled.jpg\",\"datePublished\":\"2024-11-19T12:07:50+00:00\",\"dateModified\":\"2024-11-19T12:07:51+00:00\",\"breadcrumb\":{\"@id\":\"https:\\\/\\\/www.moedlareuth.de\\\/museumstag-hofer-land\\\/#breadcrumb\"},\"inLanguage\":\"cs\",\"potentialAction\":[{\"@type\":\"ReadAction\",\"target\":[\"https:\\\/\\\/www.moedlareuth.de\\\/museumstag-hofer-land\\\/\"]}]},{\"@type\":\"ImageObject\",\"inLanguage\":\"cs\",\"@id\":\"https:\\\/\\\/www.moedlareuth.de\\\/museumstag-hofer-land\\\/#primaryimage\",\"url\":\"https:\\\/\\\/www.moedlareuth.de\\\/wp-content\\\/uploads\\\/2024\\\/11\\\/MuseumstagHoferLand010_kl-scaled.jpg\",\"contentUrl\":\"https:\\\/\\\/www.moedlareuth.de\\\/wp-content\\\/uploads\\\/2024\\\/11\\\/MuseumstagHoferLand010_kl-scaled.jpg\",\"width\":2560,\"height\":1707},{\"@type\":\"BreadcrumbList\",\"@id\":\"https:\\\/\\\/www.moedlareuth.de\\\/museumstag-hofer-land\\\/#breadcrumb\",\"itemListElement\":[{\"@type\":\"ListItem\",\"position\":1,\"name\":\"Startseite\",\"item\":\"https:\\\/\\\/www.moedlareuth.de\\\/\"},{\"@type\":\"ListItem\",\"position\":2,\"name\":\"Museumstag Hofer Land\"}]},{\"@type\":\"WebSite\",\"@id\":\"https:\\\/\\\/moedlareuth.de\\\/preview\\\/#website\",\"url\":\"https:\\\/\\\/moedlareuth.de\\\/preview\\\/\",\"name\":\"Deutsch-Deutsches Museum M\u00f6dlareuth\",\"description\":\"Gedenkst\u00e4tte zur deutschen Teilung\",\"publisher\":{\"@id\":\"https:\\\/\\\/moedlareuth.de\\\/preview\\\/#organization\"},\"potentialAction\":[{\"@type\":\"SearchAction\",\"target\":{\"@type\":\"EntryPoint\",\"urlTemplate\":\"https:\\\/\\\/moedlareuth.de\\\/preview\\\/?s={search_term_string}\"},\"query-input\":{\"@type\":\"PropertyValueSpecification\",\"valueRequired\":true,\"valueName\":\"search_term_string\"}}],\"inLanguage\":\"cs\"},{\"@type\":\"Organization\",\"@id\":\"https:\\\/\\\/moedlareuth.de\\\/preview\\\/#organization\",\"name\":\"Deutsch-Deutsches Museum M\u00f6dlareuth\",\"url\":\"https:\\\/\\\/moedlareuth.de\\\/preview\\\/\",\"logo\":{\"@type\":\"ImageObject\",\"inLanguage\":\"cs\",\"@id\":\"https:\\\/\\\/moedlareuth.de\\\/preview\\\/#\\\/schema\\\/logo\\\/image\\\/\",\"url\":\"https:\\\/\\\/www.moedlareuth.de\\\/wp-content\\\/uploads\\\/2022\\\/02\\\/museum_moedlareuth_logo_hell_zusatz.svg\",\"contentUrl\":\"https:\\\/\\\/www.moedlareuth.de\\\/wp-content\\\/uploads\\\/2022\\\/02\\\/museum_moedlareuth_logo_hell_zusatz.svg\",\"width\":255,\"height\":62,\"caption\":\"Deutsch-Deutsches Museum M\u00f6dlareuth\"},\"image\":{\"@id\":\"https:\\\/\\\/moedlareuth.de\\\/preview\\\/#\\\/schema\\\/logo\\\/image\\\/\"}},{\"@type\":\"Person\",\"@id\":\"https:\\\/\\\/moedlareuth.de\\\/preview\\\/#\\\/schema\\\/person\\\/42d95c7c900104834e45a22afe68e54d\",\"name\":\"Susan Burger\",\"url\":\"https:\\\/\\\/www.moedlareuth.de\\\/cs\\\/author\\\/s-burger\\\/\"}]}<\/script>\n<!-- \/ Yoast SEO plugin. -->","yoast_head_json":{"title":"Museumstag Hofer Land - Deutsch-Deutsches Museum M\u00f6dlareuth","robots":{"index":"index","follow":"follow","max-snippet":"max-snippet:-1","max-image-preview":"max-image-preview:large","max-video-preview":"max-video-preview:-1"},"canonical":"https:\/\/www.moedlareuth.de\/cs\/museumstag-hofer-land\/","og_locale":"cs_CZ","og_type":"article","og_title":"Museumstag Hofer Land - Deutsch-Deutsches Museum M\u00f6dlareuth","og_description":"Pressemitteilung des Landratsamtes Hof: Sechs Museen an einem Ort erleben \u2013 das war am Samstag beim ersten Museumstag Hofer Land im Erika-Fuchs-Haus in Schwarzenbach an der Saale m\u00f6glich, der vom Regionalmanagement des Landkreises Hof veranstaltet wurde. Mit einem bunten Programm pr\u00e4sentierten sich dabei das Oberfr\u00e4nkische Textilmuseum aus Helmbrechts, das Oberfr\u00e4nkische Bauernhofmuseum Kleinlosnitz aus Zell i....","og_url":"https:\/\/www.moedlareuth.de\/cs\/museumstag-hofer-land\/","og_site_name":"Deutsch-Deutsches Museum M\u00f6dlareuth","article_published_time":"2024-11-19T12:07:50+00:00","article_modified_time":"2024-11-19T12:07:51+00:00","og_image":[{"width":2560,"height":1707,"url":"https:\/\/www.moedlareuth.de\/wp-content\/uploads\/2024\/11\/MuseumstagHoferLand010_kl-scaled.jpg","type":"image\/jpeg"}],"author":"Susan Burger","twitter_card":"summary_large_image","twitter_misc":{"Napsal(a)":"Susan Burger","Odhadovan\u00e1 doba \u010dten\u00ed":"2 minuty"},"schema":{"@context":"https:\/\/schema.org","@graph":[{"@type":"Article","@id":"https:\/\/www.moedlareuth.de\/museumstag-hofer-land\/#article","isPartOf":{"@id":"https:\/\/www.moedlareuth.de\/museumstag-hofer-land\/"},"author":{"name":"Susan Burger","@id":"https:\/\/moedlareuth.de\/preview\/#\/schema\/person\/42d95c7c900104834e45a22afe68e54d"},"headline":"Museumstag Hofer Land","datePublished":"2024-11-19T12:07:50+00:00","dateModified":"2024-11-19T12:07:51+00:00","mainEntityOfPage":{"@id":"https:\/\/www.moedlareuth.de\/museumstag-hofer-land\/"},"wordCount":305,"publisher":{"@id":"https:\/\/moedlareuth.de\/preview\/#organization"},"image":{"@id":"https:\/\/www.moedlareuth.de\/museumstag-hofer-land\/#primaryimage"},"thumbnailUrl":"https:\/\/www.moedlareuth.de\/wp-content\/uploads\/2024\/11\/MuseumstagHoferLand010_kl-scaled.jpg","articleSection":["Aktuelles"],"inLanguage":"cs"},{"@type":"WebPage","@id":"https:\/\/www.moedlareuth.de\/museumstag-hofer-land\/","url":"https:\/\/www.moedlareuth.de\/museumstag-hofer-land\/","name":"Museumstag Hofer Land - Deutsch-Deutsches Museum M\u00f6dlareuth","isPartOf":{"@id":"https:\/\/moedlareuth.de\/preview\/#website"},"primaryImageOfPage":{"@id":"https:\/\/www.moedlareuth.de\/museumstag-hofer-land\/#primaryimage"},"image":{"@id":"https:\/\/www.moedlareuth.de\/museumstag-hofer-land\/#primaryimage"},"thumbnailUrl":"https:\/\/www.moedlareuth.de\/wp-content\/uploads\/2024\/11\/MuseumstagHoferLand010_kl-scaled.jpg","datePublished":"2024-11-19T12:07:50+00:00","dateModified":"2024-11-19T12:07:51+00:00","breadcrumb":{"@id":"https:\/\/www.moedlareuth.de\/museumstag-hofer-land\/#breadcrumb"},"inLanguage":"cs","potentialAction":[{"@type":"ReadAction","target":["https:\/\/www.moedlareuth.de\/museumstag-hofer-land\/"]}]},{"@type":"ImageObject","inLanguage":"cs","@id":"https:\/\/www.moedlareuth.de\/museumstag-hofer-land\/#primaryimage","url":"https:\/\/www.moedlareuth.de\/wp-content\/uploads\/2024\/11\/MuseumstagHoferLand010_kl-scaled.jpg","contentUrl":"https:\/\/www.moedlareuth.de\/wp-content\/uploads\/2024\/11\/MuseumstagHoferLand010_kl-scaled.jpg","width":2560,"height":1707},{"@type":"BreadcrumbList","@id":"https:\/\/www.moedlareuth.de\/museumstag-hofer-land\/#breadcrumb","itemListElement":[{"@type":"ListItem","position":1,"name":"Startseite","item":"https:\/\/www.moedlareuth.de\/"},{"@type":"ListItem","position":2,"name":"Museumstag Hofer Land"}]},{"@type":"WebSite","@id":"https:\/\/moedlareuth.de\/preview\/#website","url":"https:\/\/moedlareuth.de\/preview\/","name":"Deutsch-Deutsches Museum M\u00f6dlareuth","description":"Pam\u00e1tn\u00edk rozd\u011blen\u00ed N\u011bmecka","publisher":{"@id":"https:\/\/moedlareuth.de\/preview\/#organization"},"potentialAction":[{"@type":"SearchAction","target":{"@type":"EntryPoint","urlTemplate":"https:\/\/moedlareuth.de\/preview\/?s={search_term_string}"},"query-input":{"@type":"PropertyValueSpecification","valueRequired":true,"valueName":"search_term_string"}}],"inLanguage":"cs"},{"@type":"Organization","@id":"https:\/\/moedlareuth.de\/preview\/#organization","name":"Deutsch-Deutsches Museum M\u00f6dlareuth","url":"https:\/\/moedlareuth.de\/preview\/","logo":{"@type":"ImageObject","inLanguage":"cs","@id":"https:\/\/moedlareuth.de\/preview\/#\/schema\/logo\/image\/","url":"https:\/\/www.moedlareuth.de\/wp-content\/uploads\/2022\/02\/museum_moedlareuth_logo_hell_zusatz.svg","contentUrl":"https:\/\/www.moedlareuth.de\/wp-content\/uploads\/2022\/02\/museum_moedlareuth_logo_hell_zusatz.svg","width":255,"height":62,"caption":"Deutsch-Deutsches Museum M\u00f6dlareuth"},"image":{"@id":"https:\/\/moedlareuth.de\/preview\/#\/schema\/logo\/image\/"}},{"@type":"Person","@id":"https:\/\/moedlareuth.de\/preview\/#\/schema\/person\/42d95c7c900104834e45a22afe68e54d","name":"Susan Burger","url":"https:\/\/www.moedlareuth.de\/cs\/author\/s-burger\/"}]}},"_links":{"self":[{"href":"https:\/\/www.moedlareuth.de\/cs\/wp-json\/wp\/v2\/posts\/14098","targetHints":{"allow":["GET"]}}],"collection":[{"href":"https:\/\/www.moedlareuth.de\/cs\/wp-json\/wp\/v2\/posts"}],"about":[{"href":"https:\/\/www.moedlareuth.de\/cs\/wp-json\/wp\/v2\/types\/post"}],"author":[{"embeddable":true,"href":"https:\/\/www.moedlareuth.de\/cs\/wp-json\/wp\/v2\/users\/10"}],"replies":[{"embeddable":true,"href":"https:\/\/www.moedlareuth.de\/cs\/wp-json\/wp\/v2\/comments?post=14098"}],"version-history":[{"count":2,"href":"https:\/\/www.moedlareuth.de\/cs\/wp-json\/wp\/v2\/posts\/14098\/revisions"}],"predecessor-version":[{"id":14101,"href":"https:\/\/www.moedlareuth.de\/cs\/wp-json\/wp\/v2\/posts\/14098\/revisions\/14101"}],"wp:featuredmedia":[{"embeddable":true,"href":"https:\/\/www.moedlareuth.de\/cs\/wp-json\/wp\/v2\/media\/14099"}],"wp:attachment":[{"href":"https:\/\/www.moedlareuth.de\/cs\/wp-json\/wp\/v2\/media?parent=14098"}],"wp:term":[{"taxonomy":"category","embeddable":true,"href":"https:\/\/www.moedlareuth.de\/cs\/wp-json\/wp\/v2\/categories?post=14098"},{"taxonomy":"post_tag","embeddable":true,"href":"https:\/\/www.moedlareuth.de\/cs\/wp-json\/wp\/v2\/tags?post=14098"}],"curies":[{"name":"wp","href":"https:\/\/api.w.org\/{rel}","templated":true}]}}