{"id":14090,"date":"2024-11-18T14:26:52","date_gmt":"2024-11-18T13:26:52","guid":{"rendered":"https:\/\/www.moedlareuth.de\/?p=14090"},"modified":"2024-11-18T14:27:49","modified_gmt":"2024-11-18T13:27:49","slug":"35-jahre-mauerfall-open-air-ausstellung-in-moedlareuth-zeigt-regionale-grenzuebergaenge","status":"publish","type":"post","link":"https:\/\/www.moedlareuth.de\/cs\/35-jahre-mauerfall-open-air-ausstellung-in-moedlareuth-zeigt-regionale-grenzuebergaenge\/","title":{"rendered":"35 Jahre Mauerfall: Open-Air-Ausstellung in M\u00f6dlareuth zeigt regionale Grenz\u00fcberg\u00e4nge"},"content":{"rendered":"<p><\/p>\n\n\n\n<p>Der 9. November 1989: Nach 28 Jahren ist die Berliner Mauer wieder offen. Bis heute klingt der Freudenschrei der Menschen nach, die am Abend den Grenz\u00fcbergang Bornholmer Stra\u00dfe \u00fcberqueren konnten. Unvergessen sind die Bilder von jubelnden Menschen am Brandenburger Tor.<br>Im Nachgang des 9. November 1989 werden auch im Landkreis Hof neue Grenz\u00fcberg\u00e4nge geschaffen. Der erste am 12. November 1989 in Wiedersberg-Ullitz, der letzte am 12. April 1990 in Grobau-M\u00fcnchenreuth.<\/p>\n\n\n\n<p>Anl\u00e4sslich des 35. Jahrestages des Mauerfalls hat Landrat Dr. Oliver B\u00e4r gemeinsam mit Regierungspr\u00e4sident Florian Luderschmid am 9.11.2024 eine Open-Air-Ausstellung auf dem Freigel\u00e4nde des Deutsch-Deutschen Museums in M\u00f6dlareuth er\u00f6ffnet. Diese zeigt die zehn neuen Grenz\u00fcbergangsstellen, die nach der Grenz\u00f6ffnung 1989 im bayerisch-s\u00e4chsisch-th\u00fcringischen Vogtland bis Ostern 1990 entstanden sind:<\/p>\n\n\n\n<p>12.11.1989: Ullitz \u2013 Wiedersberg<br>19.11.1989: Hof \u2013 Plauen<br>02.12.1989: Blechschmidtenhammer \u2013 Blankenstein<br>09.12.1989: M\u00f6dlareuth-West \u2013 M\u00f6dlareuth-Ost<br>21.12.1989: T\u00f6pen \u2013 Juchh\u00f6h<br>21.12.1989: Nentschau \u2013 Posseck<br>30.12.1989: Untertiefengr\u00fcn \u2013 Hirschberg<br>02.01.1989: Gattendorf \u2013 Gassenreuth<br>27.01.1989: Kr\u00f6tenm\u00fchle \u2013 Seibis<br>12.04.1990: M\u00fcnchenreuth \u2013 Grobau<\/p>\n\n\n\n<p>Die Ausstellung wurde im Freigel\u00e4nde des Museums entlang der Au\u00dfenausstellung installiert und ist am Abend von 16.00 bis 20.00 Uhr illuminiert. Sie zeigt in gro\u00dfformatigen Fotos die damals neu entstandenen regionalen Grenz\u00fcberg\u00e4nge. Damit leistet sie einen dezentralen erinnerungskulturellen Beitrag zur Friedlichen Revolution 1989 mit Mauersturz und Grenz\u00f6ffnung.<br>Finanziell unterst\u00fctzt wird die Ausstellung durch die Stiftung zur Aufarbeitung der SED-Diktatur, die insgesamt 5.000\u20ac zur Verf\u00fcgung gestellt hat.<\/p>\n\n\n\n<p>Die Ausstellung mit abendlicher Illumination ist noch bis zum 15.12. zu sehen.<\/p>\n\n\n\n<p><\/p>","protected":false},"excerpt":{"rendered":"<p>Der 9. November 1989: Nach 28 Jahren ist die Berliner Mauer wieder offen. Bis heute klingt der Freudenschrei der Menschen nach, die am Abend den Grenz\u00fcbergang Bornholmer Stra\u00dfe \u00fcberqueren konnten. Unvergessen sind die Bilder von jubelnden Menschen am Brandenburger Tor.Im Nachgang des 9. November 1989 werden auch im Landkreis Hof neue Grenz\u00fcberg\u00e4nge geschaffen. Der erste&#8230;<\/p>","protected":false},"author":10,"featured_media":14091,"comment_status":"closed","ping_status":"closed","sticky":false,"template":"","format":"standard","meta":{"_acf_changed":false,"inline_featured_image":false,"_kad_post_transparent":"","_kad_post_title":"","_kad_post_layout":"","_kad_post_sidebar_id":"","_kad_post_content_style":"","_kad_post_vertical_padding":"","_kad_post_feature":"","_kad_post_feature_position":"","_kad_post_header":false,"_kad_post_footer":false,"_kad_post_classname":"","footnotes":""},"categories":[1],"tags":[],"class_list":["post-14090","post","type-post","status-publish","format-standard","has-post-thumbnail","hentry","category-aktuelles"],"acf":[],"yoast_head":"<!-- This site is optimized with the Yoast SEO plugin v27.5 - https:\/\/yoast.com\/product\/yoast-seo-wordpress\/ -->\n<title>35 Jahre Mauerfall: Open-Air-Ausstellung in M\u00f6dlareuth zeigt regionale Grenz\u00fcberg\u00e4nge - Deutsch-Deutsches Museum M\u00f6dlareuth<\/title>\n<meta name=\"robots\" content=\"index, follow, max-snippet:-1, max-image-preview:large, max-video-preview:-1\" \/>\n<link rel=\"canonical\" href=\"https:\/\/www.moedlareuth.de\/cs\/35-jahre-mauerfall-open-air-ausstellung-in-moedlareuth-zeigt-regionale-grenzuebergaenge\/\" \/>\n<meta property=\"og:locale\" content=\"cs_CZ\" \/>\n<meta property=\"og:type\" content=\"article\" \/>\n<meta property=\"og:title\" content=\"35 Jahre Mauerfall: Open-Air-Ausstellung in M\u00f6dlareuth zeigt regionale Grenz\u00fcberg\u00e4nge - Deutsch-Deutsches Museum M\u00f6dlareuth\" \/>\n<meta property=\"og:description\" content=\"Der 9. November 1989: Nach 28 Jahren ist die Berliner Mauer wieder offen. Bis heute klingt der Freudenschrei der Menschen nach, die am Abend den Grenz\u00fcbergang Bornholmer Stra\u00dfe \u00fcberqueren konnten. Unvergessen sind die Bilder von jubelnden Menschen am Brandenburger Tor.Im Nachgang des 9. November 1989 werden auch im Landkreis Hof neue Grenz\u00fcberg\u00e4nge geschaffen. Der erste...\" \/>\n<meta property=\"og:url\" content=\"https:\/\/www.moedlareuth.de\/cs\/35-jahre-mauerfall-open-air-ausstellung-in-moedlareuth-zeigt-regionale-grenzuebergaenge\/\" \/>\n<meta property=\"og:site_name\" content=\"Deutsch-Deutsches Museum M\u00f6dlareuth\" \/>\n<meta property=\"article:published_time\" content=\"2024-11-18T13:26:52+00:00\" \/>\n<meta property=\"article:modified_time\" content=\"2024-11-18T13:27:49+00:00\" \/>\n<meta property=\"og:image\" content=\"https:\/\/www.moedlareuth.de\/wp-content\/uploads\/2024\/11\/MM-2024-11-07_002-Beleuchtung_kl.jpg\" \/>\n\t<meta property=\"og:image:width\" content=\"1210\" \/>\n\t<meta property=\"og:image:height\" content=\"681\" \/>\n\t<meta property=\"og:image:type\" content=\"image\/jpeg\" \/>\n<meta name=\"author\" content=\"Susan Burger\" \/>\n<meta name=\"twitter:card\" content=\"summary_large_image\" \/>\n<meta name=\"twitter:label1\" content=\"Napsal(a)\" \/>\n\t<meta name=\"twitter:data1\" content=\"Susan Burger\" \/>\n\t<meta name=\"twitter:label2\" content=\"Odhadovan\u00e1 doba \u010dten\u00ed\" \/>\n\t<meta name=\"twitter:data2\" content=\"2 minuty\" \/>\n<script type=\"application\/ld+json\" class=\"yoast-schema-graph\">{\"@context\":\"https:\\\/\\\/schema.org\",\"@graph\":[{\"@type\":\"Article\",\"@id\":\"https:\\\/\\\/www.moedlareuth.de\\\/35-jahre-mauerfall-open-air-ausstellung-in-moedlareuth-zeigt-regionale-grenzuebergaenge\\\/#article\",\"isPartOf\":{\"@id\":\"https:\\\/\\\/www.moedlareuth.de\\\/35-jahre-mauerfall-open-air-ausstellung-in-moedlareuth-zeigt-regionale-grenzuebergaenge\\\/\"},\"author\":{\"name\":\"Susan Burger\",\"@id\":\"https:\\\/\\\/moedlareuth.de\\\/preview\\\/#\\\/schema\\\/person\\\/42d95c7c900104834e45a22afe68e54d\"},\"headline\":\"35 Jahre Mauerfall: Open-Air-Ausstellung in M\u00f6dlareuth zeigt regionale Grenz\u00fcberg\u00e4nge\",\"datePublished\":\"2024-11-18T13:26:52+00:00\",\"dateModified\":\"2024-11-18T13:27:49+00:00\",\"mainEntityOfPage\":{\"@id\":\"https:\\\/\\\/www.moedlareuth.de\\\/35-jahre-mauerfall-open-air-ausstellung-in-moedlareuth-zeigt-regionale-grenzuebergaenge\\\/\"},\"wordCount\":240,\"publisher\":{\"@id\":\"https:\\\/\\\/moedlareuth.de\\\/preview\\\/#organization\"},\"image\":{\"@id\":\"https:\\\/\\\/www.moedlareuth.de\\\/35-jahre-mauerfall-open-air-ausstellung-in-moedlareuth-zeigt-regionale-grenzuebergaenge\\\/#primaryimage\"},\"thumbnailUrl\":\"https:\\\/\\\/www.moedlareuth.de\\\/wp-content\\\/uploads\\\/2024\\\/11\\\/MM-2024-11-07_002-Beleuchtung_kl.jpg\",\"articleSection\":[\"Aktuelles\"],\"inLanguage\":\"cs\"},{\"@type\":\"WebPage\",\"@id\":\"https:\\\/\\\/www.moedlareuth.de\\\/35-jahre-mauerfall-open-air-ausstellung-in-moedlareuth-zeigt-regionale-grenzuebergaenge\\\/\",\"url\":\"https:\\\/\\\/www.moedlareuth.de\\\/35-jahre-mauerfall-open-air-ausstellung-in-moedlareuth-zeigt-regionale-grenzuebergaenge\\\/\",\"name\":\"35 Jahre Mauerfall: Open-Air-Ausstellung in M\u00f6dlareuth zeigt regionale Grenz\u00fcberg\u00e4nge - Deutsch-Deutsches Museum M\u00f6dlareuth\",\"isPartOf\":{\"@id\":\"https:\\\/\\\/moedlareuth.de\\\/preview\\\/#website\"},\"primaryImageOfPage\":{\"@id\":\"https:\\\/\\\/www.moedlareuth.de\\\/35-jahre-mauerfall-open-air-ausstellung-in-moedlareuth-zeigt-regionale-grenzuebergaenge\\\/#primaryimage\"},\"image\":{\"@id\":\"https:\\\/\\\/www.moedlareuth.de\\\/35-jahre-mauerfall-open-air-ausstellung-in-moedlareuth-zeigt-regionale-grenzuebergaenge\\\/#primaryimage\"},\"thumbnailUrl\":\"https:\\\/\\\/www.moedlareuth.de\\\/wp-content\\\/uploads\\\/2024\\\/11\\\/MM-2024-11-07_002-Beleuchtung_kl.jpg\",\"datePublished\":\"2024-11-18T13:26:52+00:00\",\"dateModified\":\"2024-11-18T13:27:49+00:00\",\"breadcrumb\":{\"@id\":\"https:\\\/\\\/www.moedlareuth.de\\\/35-jahre-mauerfall-open-air-ausstellung-in-moedlareuth-zeigt-regionale-grenzuebergaenge\\\/#breadcrumb\"},\"inLanguage\":\"cs\",\"potentialAction\":[{\"@type\":\"ReadAction\",\"target\":[\"https:\\\/\\\/www.moedlareuth.de\\\/35-jahre-mauerfall-open-air-ausstellung-in-moedlareuth-zeigt-regionale-grenzuebergaenge\\\/\"]}]},{\"@type\":\"ImageObject\",\"inLanguage\":\"cs\",\"@id\":\"https:\\\/\\\/www.moedlareuth.de\\\/35-jahre-mauerfall-open-air-ausstellung-in-moedlareuth-zeigt-regionale-grenzuebergaenge\\\/#primaryimage\",\"url\":\"https:\\\/\\\/www.moedlareuth.de\\\/wp-content\\\/uploads\\\/2024\\\/11\\\/MM-2024-11-07_002-Beleuchtung_kl.jpg\",\"contentUrl\":\"https:\\\/\\\/www.moedlareuth.de\\\/wp-content\\\/uploads\\\/2024\\\/11\\\/MM-2024-11-07_002-Beleuchtung_kl.jpg\",\"width\":1210,\"height\":681},{\"@type\":\"BreadcrumbList\",\"@id\":\"https:\\\/\\\/www.moedlareuth.de\\\/35-jahre-mauerfall-open-air-ausstellung-in-moedlareuth-zeigt-regionale-grenzuebergaenge\\\/#breadcrumb\",\"itemListElement\":[{\"@type\":\"ListItem\",\"position\":1,\"name\":\"Startseite\",\"item\":\"https:\\\/\\\/www.moedlareuth.de\\\/\"},{\"@type\":\"ListItem\",\"position\":2,\"name\":\"35 Jahre Mauerfall: Open-Air-Ausstellung in M\u00f6dlareuth zeigt regionale Grenz\u00fcberg\u00e4nge\"}]},{\"@type\":\"WebSite\",\"@id\":\"https:\\\/\\\/moedlareuth.de\\\/preview\\\/#website\",\"url\":\"https:\\\/\\\/moedlareuth.de\\\/preview\\\/\",\"name\":\"Deutsch-Deutsches Museum M\u00f6dlareuth\",\"description\":\"Gedenkst\u00e4tte zur deutschen Teilung\",\"publisher\":{\"@id\":\"https:\\\/\\\/moedlareuth.de\\\/preview\\\/#organization\"},\"potentialAction\":[{\"@type\":\"SearchAction\",\"target\":{\"@type\":\"EntryPoint\",\"urlTemplate\":\"https:\\\/\\\/moedlareuth.de\\\/preview\\\/?s={search_term_string}\"},\"query-input\":{\"@type\":\"PropertyValueSpecification\",\"valueRequired\":true,\"valueName\":\"search_term_string\"}}],\"inLanguage\":\"cs\"},{\"@type\":\"Organization\",\"@id\":\"https:\\\/\\\/moedlareuth.de\\\/preview\\\/#organization\",\"name\":\"Deutsch-Deutsches Museum M\u00f6dlareuth\",\"url\":\"https:\\\/\\\/moedlareuth.de\\\/preview\\\/\",\"logo\":{\"@type\":\"ImageObject\",\"inLanguage\":\"cs\",\"@id\":\"https:\\\/\\\/moedlareuth.de\\\/preview\\\/#\\\/schema\\\/logo\\\/image\\\/\",\"url\":\"https:\\\/\\\/www.moedlareuth.de\\\/wp-content\\\/uploads\\\/2022\\\/02\\\/museum_moedlareuth_logo_hell_zusatz.svg\",\"contentUrl\":\"https:\\\/\\\/www.moedlareuth.de\\\/wp-content\\\/uploads\\\/2022\\\/02\\\/museum_moedlareuth_logo_hell_zusatz.svg\",\"width\":255,\"height\":62,\"caption\":\"Deutsch-Deutsches Museum M\u00f6dlareuth\"},\"image\":{\"@id\":\"https:\\\/\\\/moedlareuth.de\\\/preview\\\/#\\\/schema\\\/logo\\\/image\\\/\"}},{\"@type\":\"Person\",\"@id\":\"https:\\\/\\\/moedlareuth.de\\\/preview\\\/#\\\/schema\\\/person\\\/42d95c7c900104834e45a22afe68e54d\",\"name\":\"Susan Burger\",\"url\":\"https:\\\/\\\/www.moedlareuth.de\\\/cs\\\/author\\\/s-burger\\\/\"}]}<\/script>\n<!-- \/ Yoast SEO plugin. -->","yoast_head_json":{"title":"35 Jahre Mauerfall: Open-Air-Ausstellung in M\u00f6dlareuth zeigt regionale Grenz\u00fcberg\u00e4nge - Deutsch-Deutsches Museum M\u00f6dlareuth","robots":{"index":"index","follow":"follow","max-snippet":"max-snippet:-1","max-image-preview":"max-image-preview:large","max-video-preview":"max-video-preview:-1"},"canonical":"https:\/\/www.moedlareuth.de\/cs\/35-jahre-mauerfall-open-air-ausstellung-in-moedlareuth-zeigt-regionale-grenzuebergaenge\/","og_locale":"cs_CZ","og_type":"article","og_title":"35 Jahre Mauerfall: Open-Air-Ausstellung in M\u00f6dlareuth zeigt regionale Grenz\u00fcberg\u00e4nge - Deutsch-Deutsches Museum M\u00f6dlareuth","og_description":"Der 9. November 1989: Nach 28 Jahren ist die Berliner Mauer wieder offen. Bis heute klingt der Freudenschrei der Menschen nach, die am Abend den Grenz\u00fcbergang Bornholmer Stra\u00dfe \u00fcberqueren konnten. Unvergessen sind die Bilder von jubelnden Menschen am Brandenburger Tor.Im Nachgang des 9. November 1989 werden auch im Landkreis Hof neue Grenz\u00fcberg\u00e4nge geschaffen. Der erste...","og_url":"https:\/\/www.moedlareuth.de\/cs\/35-jahre-mauerfall-open-air-ausstellung-in-moedlareuth-zeigt-regionale-grenzuebergaenge\/","og_site_name":"Deutsch-Deutsches Museum M\u00f6dlareuth","article_published_time":"2024-11-18T13:26:52+00:00","article_modified_time":"2024-11-18T13:27:49+00:00","og_image":[{"width":1210,"height":681,"url":"https:\/\/www.moedlareuth.de\/wp-content\/uploads\/2024\/11\/MM-2024-11-07_002-Beleuchtung_kl.jpg","type":"image\/jpeg"}],"author":"Susan Burger","twitter_card":"summary_large_image","twitter_misc":{"Napsal(a)":"Susan Burger","Odhadovan\u00e1 doba \u010dten\u00ed":"2 minuty"},"schema":{"@context":"https:\/\/schema.org","@graph":[{"@type":"Article","@id":"https:\/\/www.moedlareuth.de\/35-jahre-mauerfall-open-air-ausstellung-in-moedlareuth-zeigt-regionale-grenzuebergaenge\/#article","isPartOf":{"@id":"https:\/\/www.moedlareuth.de\/35-jahre-mauerfall-open-air-ausstellung-in-moedlareuth-zeigt-regionale-grenzuebergaenge\/"},"author":{"name":"Susan Burger","@id":"https:\/\/moedlareuth.de\/preview\/#\/schema\/person\/42d95c7c900104834e45a22afe68e54d"},"headline":"35 Jahre Mauerfall: Open-Air-Ausstellung in M\u00f6dlareuth zeigt regionale Grenz\u00fcberg\u00e4nge","datePublished":"2024-11-18T13:26:52+00:00","dateModified":"2024-11-18T13:27:49+00:00","mainEntityOfPage":{"@id":"https:\/\/www.moedlareuth.de\/35-jahre-mauerfall-open-air-ausstellung-in-moedlareuth-zeigt-regionale-grenzuebergaenge\/"},"wordCount":240,"publisher":{"@id":"https:\/\/moedlareuth.de\/preview\/#organization"},"image":{"@id":"https:\/\/www.moedlareuth.de\/35-jahre-mauerfall-open-air-ausstellung-in-moedlareuth-zeigt-regionale-grenzuebergaenge\/#primaryimage"},"thumbnailUrl":"https:\/\/www.moedlareuth.de\/wp-content\/uploads\/2024\/11\/MM-2024-11-07_002-Beleuchtung_kl.jpg","articleSection":["Aktuelles"],"inLanguage":"cs"},{"@type":"WebPage","@id":"https:\/\/www.moedlareuth.de\/35-jahre-mauerfall-open-air-ausstellung-in-moedlareuth-zeigt-regionale-grenzuebergaenge\/","url":"https:\/\/www.moedlareuth.de\/35-jahre-mauerfall-open-air-ausstellung-in-moedlareuth-zeigt-regionale-grenzuebergaenge\/","name":"35 Jahre Mauerfall: Open-Air-Ausstellung in M\u00f6dlareuth zeigt regionale Grenz\u00fcberg\u00e4nge - Deutsch-Deutsches Museum M\u00f6dlareuth","isPartOf":{"@id":"https:\/\/moedlareuth.de\/preview\/#website"},"primaryImageOfPage":{"@id":"https:\/\/www.moedlareuth.de\/35-jahre-mauerfall-open-air-ausstellung-in-moedlareuth-zeigt-regionale-grenzuebergaenge\/#primaryimage"},"image":{"@id":"https:\/\/www.moedlareuth.de\/35-jahre-mauerfall-open-air-ausstellung-in-moedlareuth-zeigt-regionale-grenzuebergaenge\/#primaryimage"},"thumbnailUrl":"https:\/\/www.moedlareuth.de\/wp-content\/uploads\/2024\/11\/MM-2024-11-07_002-Beleuchtung_kl.jpg","datePublished":"2024-11-18T13:26:52+00:00","dateModified":"2024-11-18T13:27:49+00:00","breadcrumb":{"@id":"https:\/\/www.moedlareuth.de\/35-jahre-mauerfall-open-air-ausstellung-in-moedlareuth-zeigt-regionale-grenzuebergaenge\/#breadcrumb"},"inLanguage":"cs","potentialAction":[{"@type":"ReadAction","target":["https:\/\/www.moedlareuth.de\/35-jahre-mauerfall-open-air-ausstellung-in-moedlareuth-zeigt-regionale-grenzuebergaenge\/"]}]},{"@type":"ImageObject","inLanguage":"cs","@id":"https:\/\/www.moedlareuth.de\/35-jahre-mauerfall-open-air-ausstellung-in-moedlareuth-zeigt-regionale-grenzuebergaenge\/#primaryimage","url":"https:\/\/www.moedlareuth.de\/wp-content\/uploads\/2024\/11\/MM-2024-11-07_002-Beleuchtung_kl.jpg","contentUrl":"https:\/\/www.moedlareuth.de\/wp-content\/uploads\/2024\/11\/MM-2024-11-07_002-Beleuchtung_kl.jpg","width":1210,"height":681},{"@type":"BreadcrumbList","@id":"https:\/\/www.moedlareuth.de\/35-jahre-mauerfall-open-air-ausstellung-in-moedlareuth-zeigt-regionale-grenzuebergaenge\/#breadcrumb","itemListElement":[{"@type":"ListItem","position":1,"name":"Startseite","item":"https:\/\/www.moedlareuth.de\/"},{"@type":"ListItem","position":2,"name":"35 Jahre Mauerfall: Open-Air-Ausstellung in M\u00f6dlareuth zeigt regionale Grenz\u00fcberg\u00e4nge"}]},{"@type":"WebSite","@id":"https:\/\/moedlareuth.de\/preview\/#website","url":"https:\/\/moedlareuth.de\/preview\/","name":"Deutsch-Deutsches Museum M\u00f6dlareuth","description":"Pam\u00e1tn\u00edk rozd\u011blen\u00ed N\u011bmecka","publisher":{"@id":"https:\/\/moedlareuth.de\/preview\/#organization"},"potentialAction":[{"@type":"SearchAction","target":{"@type":"EntryPoint","urlTemplate":"https:\/\/moedlareuth.de\/preview\/?s={search_term_string}"},"query-input":{"@type":"PropertyValueSpecification","valueRequired":true,"valueName":"search_term_string"}}],"inLanguage":"cs"},{"@type":"Organization","@id":"https:\/\/moedlareuth.de\/preview\/#organization","name":"Deutsch-Deutsches Museum M\u00f6dlareuth","url":"https:\/\/moedlareuth.de\/preview\/","logo":{"@type":"ImageObject","inLanguage":"cs","@id":"https:\/\/moedlareuth.de\/preview\/#\/schema\/logo\/image\/","url":"https:\/\/www.moedlareuth.de\/wp-content\/uploads\/2022\/02\/museum_moedlareuth_logo_hell_zusatz.svg","contentUrl":"https:\/\/www.moedlareuth.de\/wp-content\/uploads\/2022\/02\/museum_moedlareuth_logo_hell_zusatz.svg","width":255,"height":62,"caption":"Deutsch-Deutsches Museum M\u00f6dlareuth"},"image":{"@id":"https:\/\/moedlareuth.de\/preview\/#\/schema\/logo\/image\/"}},{"@type":"Person","@id":"https:\/\/moedlareuth.de\/preview\/#\/schema\/person\/42d95c7c900104834e45a22afe68e54d","name":"Susan Burger","url":"https:\/\/www.moedlareuth.de\/cs\/author\/s-burger\/"}]}},"_links":{"self":[{"href":"https:\/\/www.moedlareuth.de\/cs\/wp-json\/wp\/v2\/posts\/14090","targetHints":{"allow":["GET"]}}],"collection":[{"href":"https:\/\/www.moedlareuth.de\/cs\/wp-json\/wp\/v2\/posts"}],"about":[{"href":"https:\/\/www.moedlareuth.de\/cs\/wp-json\/wp\/v2\/types\/post"}],"author":[{"embeddable":true,"href":"https:\/\/www.moedlareuth.de\/cs\/wp-json\/wp\/v2\/users\/10"}],"replies":[{"embeddable":true,"href":"https:\/\/www.moedlareuth.de\/cs\/wp-json\/wp\/v2\/comments?post=14090"}],"version-history":[{"count":1,"href":"https:\/\/www.moedlareuth.de\/cs\/wp-json\/wp\/v2\/posts\/14090\/revisions"}],"predecessor-version":[{"id":14092,"href":"https:\/\/www.moedlareuth.de\/cs\/wp-json\/wp\/v2\/posts\/14090\/revisions\/14092"}],"wp:featuredmedia":[{"embeddable":true,"href":"https:\/\/www.moedlareuth.de\/cs\/wp-json\/wp\/v2\/media\/14091"}],"wp:attachment":[{"href":"https:\/\/www.moedlareuth.de\/cs\/wp-json\/wp\/v2\/media?parent=14090"}],"wp:term":[{"taxonomy":"category","embeddable":true,"href":"https:\/\/www.moedlareuth.de\/cs\/wp-json\/wp\/v2\/categories?post=14090"},{"taxonomy":"post_tag","embeddable":true,"href":"https:\/\/www.moedlareuth.de\/cs\/wp-json\/wp\/v2\/tags?post=14090"}],"curies":[{"name":"wp","href":"https:\/\/api.w.org\/{rel}","templated":true}]}}