{"id":12374,"date":"2022-10-13T11:12:37","date_gmt":"2022-10-13T09:12:37","guid":{"rendered":"https:\/\/www.moedlareuth.de\/?p=12374"},"modified":"2022-10-13T11:12:38","modified_gmt":"2022-10-13T09:12:38","slug":"zweckverband-deutsch-deutsches-museum-moedlareuth-tagt-in-toepen","status":"publish","type":"post","link":"https:\/\/www.moedlareuth.de\/cs\/zweckverband-deutsch-deutsches-museum-moedlareuth-tagt-in-toepen\/","title":{"rendered":"Zweckverband Deutsch-Deutsches <br \/> Museum M\u00f6dlareuth tagt in T\u00f6pen"},"content":{"rendered":"<p><\/p>\n\n\n\n<p>Auf der Tagesordnung der 36. Sitzung der Verbandsversammlung stand die Jahresrechnung 2021. Der Rechnungspr\u00fcfungsausschuss mit den B\u00fcrgermeistern Alexander K\u00e4tzel (T\u00f6pen) und Marcel Zapf (Gefell) sowie Verbandsrat Volker Bachmann (Kreisrat Vogtlandkreis und B\u00fcrgermeister von Lengenfeld) hatte die Jahresrechnung im Juli gepr\u00fcft. Christine Franz von der Gesch\u00e4ftsstelle des Zweckverbandes stand dabei f\u00fcr Fragen zur Verf\u00fcgung. \u00a0Die Pr\u00fcfung ergab keinen Grund zu Beanstandungen, so dass die Verbandsversammlung Entlastung erteilte und die Jahresrechnung 2021 auch feststellte. \u201eDer n\u00e4chste Schritt ist nun, beim Bayerischen Kommunalen Pr\u00fcfungsverband die \u00fcber\u00f6rtliche Rechnungspr\u00fcfung zu veranlassen\u201c, so Zweckverbandsvorsitzender Landrat Dr. Oliver B\u00e4r.<\/p>\n\n\n\n<p>Au\u00dferdem stimmte das Gremium zu, Haushaltsmittel f\u00fcr Sch\u00fclerseminare in das n\u00e4chste bzw. die n\u00e4chsten Jahre zu \u00fcbertragen, soweit diese in 2022 nicht mehr durchgef\u00fchrt werden. Das Museum organisiert gemeinsam mit der Bayerischen Landeszentrale f\u00fcr politische Bildung jedes Jahr vier bundesl\u00e4nder\u00fcbergreifende, dreit\u00e4gige Sch\u00fclerseminare. Mit der j\u00e4hrlichen Zuwendung des Freistaates Bayern ist auch die Durchf\u00fchrung dieser Sch\u00fclerseminare sicherzustellen. Wie in 2021 wurde bisher auch in 2022 noch kein Seminar abgehalten. \u201eAufgrund der pandemischen Lage im ersten Halbjahr war dies leider wiederum nicht m\u00f6glich, au\u00dferdem zeige sich auch jetzt noch seitens der Schulen eine gewisse Zur\u00fcckhaltung f\u00fcr mehrt\u00e4gige Klassenfahrten\u201c, so Museumsleiter Robert Lebegern. Er sei aber guter Dinge, im vierten Quartal 2022 noch zwei Seminare im Museum durchf\u00fchren zu k\u00f6nnen. \u00a0\u00a0\u00a0 <\/p>\n\n\n\n<p>Zum Gremium geh\u00f6ren neben dem Vorsitzenden Landrat Dr. Oliver B\u00e4r (Hof) auch Landrat Thomas F\u00fcgmann (Saale-Orla-Kreis) sowie die Verbandsr\u00e4te Marcel Zapf, Jonas Chudasch, Michael Pohl, Robert Geigenm\u00fcller und Mirjam Drechsel, die an der Sitzung in T\u00f6pen teilnahmen. Landrat Thomas Hennig (Vogtlandkreis) ist ebenfalls Mitglied der Verbandsversammlung, konnte aber wegen anderer terminlicher Verpflichtungen nicht anwesend sein.<\/p>","protected":false},"excerpt":{"rendered":"<p>Auf der Tagesordnung der 36. Sitzung der Verbandsversammlung stand die Jahresrechnung 2021. Der Rechnungspr\u00fcfungsausschuss mit den B\u00fcrgermeistern Alexander K\u00e4tzel (T\u00f6pen) und Marcel Zapf (Gefell) sowie Verbandsrat Volker Bachmann (Kreisrat Vogtlandkreis und B\u00fcrgermeister von Lengenfeld) hatte die Jahresrechnung im Juli gepr\u00fcft. Christine Franz von der Gesch\u00e4ftsstelle des Zweckverbandes stand dabei f\u00fcr Fragen zur Verf\u00fcgung. \u00a0Die Pr\u00fcfung&#8230;<\/p>","protected":false},"author":10,"featured_media":12375,"comment_status":"closed","ping_status":"closed","sticky":false,"template":"","format":"standard","meta":{"_acf_changed":false,"inline_featured_image":false,"_kad_post_transparent":"","_kad_post_title":"","_kad_post_layout":"","_kad_post_sidebar_id":"","_kad_post_content_style":"","_kad_post_vertical_padding":"","_kad_post_feature":"","_kad_post_feature_position":"","_kad_post_header":false,"_kad_post_footer":false,"_kad_post_classname":"","footnotes":""},"categories":[1],"tags":[],"class_list":["post-12374","post","type-post","status-publish","format-standard","has-post-thumbnail","hentry","category-aktuelles"],"acf":[],"yoast_head":"<!-- This site is optimized with the Yoast SEO plugin v27.5 - https:\/\/yoast.com\/product\/yoast-seo-wordpress\/ -->\n<title>Zweckverband Deutsch-Deutsches  Museum M\u00f6dlareuth tagt in T\u00f6pen - Deutsch-Deutsches Museum M\u00f6dlareuth<\/title>\n<meta name=\"robots\" content=\"index, follow, max-snippet:-1, max-image-preview:large, max-video-preview:-1\" \/>\n<link rel=\"canonical\" href=\"https:\/\/www.moedlareuth.de\/cs\/zweckverband-deutsch-deutsches-museum-moedlareuth-tagt-in-toepen\/\" \/>\n<meta property=\"og:locale\" content=\"cs_CZ\" \/>\n<meta property=\"og:type\" content=\"article\" \/>\n<meta property=\"og:title\" content=\"Zweckverband Deutsch-Deutsches  Museum M\u00f6dlareuth tagt in T\u00f6pen - Deutsch-Deutsches Museum M\u00f6dlareuth\" \/>\n<meta property=\"og:description\" content=\"Auf der Tagesordnung der 36. Sitzung der Verbandsversammlung stand die Jahresrechnung 2021. Der Rechnungspr\u00fcfungsausschuss mit den B\u00fcrgermeistern Alexander K\u00e4tzel (T\u00f6pen) und Marcel Zapf (Gefell) sowie Verbandsrat Volker Bachmann (Kreisrat Vogtlandkreis und B\u00fcrgermeister von Lengenfeld) hatte die Jahresrechnung im Juli gepr\u00fcft. Christine Franz von der Gesch\u00e4ftsstelle des Zweckverbandes stand dabei f\u00fcr Fragen zur Verf\u00fcgung. \u00a0Die Pr\u00fcfung...\" \/>\n<meta property=\"og:url\" content=\"https:\/\/www.moedlareuth.de\/cs\/zweckverband-deutsch-deutsches-museum-moedlareuth-tagt-in-toepen\/\" \/>\n<meta property=\"og:site_name\" content=\"Deutsch-Deutsches Museum M\u00f6dlareuth\" \/>\n<meta property=\"article:published_time\" content=\"2022-10-13T09:12:37+00:00\" \/>\n<meta property=\"article:modified_time\" content=\"2022-10-13T09:12:38+00:00\" \/>\n<meta property=\"og:image\" content=\"https:\/\/www.moedlareuth.de\/wp-content\/uploads\/2022\/10\/IMG_20221012_110745-scaled.jpg\" \/>\n\t<meta property=\"og:image:width\" content=\"2560\" \/>\n\t<meta property=\"og:image:height\" content=\"1920\" \/>\n\t<meta property=\"og:image:type\" content=\"image\/jpeg\" \/>\n<meta name=\"author\" content=\"Susan Burger\" \/>\n<meta name=\"twitter:card\" content=\"summary_large_image\" \/>\n<meta name=\"twitter:label1\" content=\"Napsal(a)\" \/>\n\t<meta name=\"twitter:data1\" content=\"Susan Burger\" \/>\n\t<meta name=\"twitter:label2\" content=\"Odhadovan\u00e1 doba \u010dten\u00ed\" \/>\n\t<meta name=\"twitter:data2\" content=\"2 minuty\" \/>\n<script type=\"application\/ld+json\" class=\"yoast-schema-graph\">{\"@context\":\"https:\\\/\\\/schema.org\",\"@graph\":[{\"@type\":\"Article\",\"@id\":\"https:\\\/\\\/www.moedlareuth.de\\\/zweckverband-deutsch-deutsches-museum-moedlareuth-tagt-in-toepen\\\/#article\",\"isPartOf\":{\"@id\":\"https:\\\/\\\/www.moedlareuth.de\\\/zweckverband-deutsch-deutsches-museum-moedlareuth-tagt-in-toepen\\\/\"},\"author\":{\"name\":\"Susan Burger\",\"@id\":\"https:\\\/\\\/moedlareuth.de\\\/preview\\\/#\\\/schema\\\/person\\\/42d95c7c900104834e45a22afe68e54d\"},\"headline\":\"Zweckverband Deutsch-Deutsches Museum M\u00f6dlareuth tagt in T\u00f6pen\",\"datePublished\":\"2022-10-13T09:12:37+00:00\",\"dateModified\":\"2022-10-13T09:12:38+00:00\",\"mainEntityOfPage\":{\"@id\":\"https:\\\/\\\/www.moedlareuth.de\\\/zweckverband-deutsch-deutsches-museum-moedlareuth-tagt-in-toepen\\\/\"},\"wordCount\":308,\"publisher\":{\"@id\":\"https:\\\/\\\/moedlareuth.de\\\/preview\\\/#organization\"},\"image\":{\"@id\":\"https:\\\/\\\/www.moedlareuth.de\\\/zweckverband-deutsch-deutsches-museum-moedlareuth-tagt-in-toepen\\\/#primaryimage\"},\"thumbnailUrl\":\"https:\\\/\\\/www.moedlareuth.de\\\/wp-content\\\/uploads\\\/2022\\\/10\\\/IMG_20221012_110745-scaled.jpg\",\"articleSection\":[\"Aktuelles\"],\"inLanguage\":\"cs\"},{\"@type\":\"WebPage\",\"@id\":\"https:\\\/\\\/www.moedlareuth.de\\\/zweckverband-deutsch-deutsches-museum-moedlareuth-tagt-in-toepen\\\/\",\"url\":\"https:\\\/\\\/www.moedlareuth.de\\\/zweckverband-deutsch-deutsches-museum-moedlareuth-tagt-in-toepen\\\/\",\"name\":\"Zweckverband Deutsch-Deutsches Museum M\u00f6dlareuth tagt in T\u00f6pen - Deutsch-Deutsches Museum M\u00f6dlareuth\",\"isPartOf\":{\"@id\":\"https:\\\/\\\/moedlareuth.de\\\/preview\\\/#website\"},\"primaryImageOfPage\":{\"@id\":\"https:\\\/\\\/www.moedlareuth.de\\\/zweckverband-deutsch-deutsches-museum-moedlareuth-tagt-in-toepen\\\/#primaryimage\"},\"image\":{\"@id\":\"https:\\\/\\\/www.moedlareuth.de\\\/zweckverband-deutsch-deutsches-museum-moedlareuth-tagt-in-toepen\\\/#primaryimage\"},\"thumbnailUrl\":\"https:\\\/\\\/www.moedlareuth.de\\\/wp-content\\\/uploads\\\/2022\\\/10\\\/IMG_20221012_110745-scaled.jpg\",\"datePublished\":\"2022-10-13T09:12:37+00:00\",\"dateModified\":\"2022-10-13T09:12:38+00:00\",\"breadcrumb\":{\"@id\":\"https:\\\/\\\/www.moedlareuth.de\\\/zweckverband-deutsch-deutsches-museum-moedlareuth-tagt-in-toepen\\\/#breadcrumb\"},\"inLanguage\":\"cs\",\"potentialAction\":[{\"@type\":\"ReadAction\",\"target\":[\"https:\\\/\\\/www.moedlareuth.de\\\/zweckverband-deutsch-deutsches-museum-moedlareuth-tagt-in-toepen\\\/\"]}]},{\"@type\":\"ImageObject\",\"inLanguage\":\"cs\",\"@id\":\"https:\\\/\\\/www.moedlareuth.de\\\/zweckverband-deutsch-deutsches-museum-moedlareuth-tagt-in-toepen\\\/#primaryimage\",\"url\":\"https:\\\/\\\/www.moedlareuth.de\\\/wp-content\\\/uploads\\\/2022\\\/10\\\/IMG_20221012_110745-scaled.jpg\",\"contentUrl\":\"https:\\\/\\\/www.moedlareuth.de\\\/wp-content\\\/uploads\\\/2022\\\/10\\\/IMG_20221012_110745-scaled.jpg\",\"width\":2560,\"height\":1920},{\"@type\":\"BreadcrumbList\",\"@id\":\"https:\\\/\\\/www.moedlareuth.de\\\/zweckverband-deutsch-deutsches-museum-moedlareuth-tagt-in-toepen\\\/#breadcrumb\",\"itemListElement\":[{\"@type\":\"ListItem\",\"position\":1,\"name\":\"Startseite\",\"item\":\"https:\\\/\\\/www.moedlareuth.de\\\/\"},{\"@type\":\"ListItem\",\"position\":2,\"name\":\"Zweckverband Deutsch-Deutsches Museum M\u00f6dlareuth tagt in T\u00f6pen\"}]},{\"@type\":\"WebSite\",\"@id\":\"https:\\\/\\\/moedlareuth.de\\\/preview\\\/#website\",\"url\":\"https:\\\/\\\/moedlareuth.de\\\/preview\\\/\",\"name\":\"Deutsch-Deutsches Museum M\u00f6dlareuth\",\"description\":\"Gedenkst\u00e4tte zur deutschen Teilung\",\"publisher\":{\"@id\":\"https:\\\/\\\/moedlareuth.de\\\/preview\\\/#organization\"},\"potentialAction\":[{\"@type\":\"SearchAction\",\"target\":{\"@type\":\"EntryPoint\",\"urlTemplate\":\"https:\\\/\\\/moedlareuth.de\\\/preview\\\/?s={search_term_string}\"},\"query-input\":{\"@type\":\"PropertyValueSpecification\",\"valueRequired\":true,\"valueName\":\"search_term_string\"}}],\"inLanguage\":\"cs\"},{\"@type\":\"Organization\",\"@id\":\"https:\\\/\\\/moedlareuth.de\\\/preview\\\/#organization\",\"name\":\"Deutsch-Deutsches Museum M\u00f6dlareuth\",\"url\":\"https:\\\/\\\/moedlareuth.de\\\/preview\\\/\",\"logo\":{\"@type\":\"ImageObject\",\"inLanguage\":\"cs\",\"@id\":\"https:\\\/\\\/moedlareuth.de\\\/preview\\\/#\\\/schema\\\/logo\\\/image\\\/\",\"url\":\"https:\\\/\\\/www.moedlareuth.de\\\/wp-content\\\/uploads\\\/2022\\\/02\\\/museum_moedlareuth_logo_hell_zusatz.svg\",\"contentUrl\":\"https:\\\/\\\/www.moedlareuth.de\\\/wp-content\\\/uploads\\\/2022\\\/02\\\/museum_moedlareuth_logo_hell_zusatz.svg\",\"width\":255,\"height\":62,\"caption\":\"Deutsch-Deutsches Museum M\u00f6dlareuth\"},\"image\":{\"@id\":\"https:\\\/\\\/moedlareuth.de\\\/preview\\\/#\\\/schema\\\/logo\\\/image\\\/\"}},{\"@type\":\"Person\",\"@id\":\"https:\\\/\\\/moedlareuth.de\\\/preview\\\/#\\\/schema\\\/person\\\/42d95c7c900104834e45a22afe68e54d\",\"name\":\"Susan Burger\",\"url\":\"https:\\\/\\\/www.moedlareuth.de\\\/cs\\\/author\\\/s-burger\\\/\"}]}<\/script>\n<!-- \/ Yoast SEO plugin. -->","yoast_head_json":{"title":"Zweckverband Deutsch-Deutsches  Museum M\u00f6dlareuth tagt in T\u00f6pen - Deutsch-Deutsches Museum M\u00f6dlareuth","robots":{"index":"index","follow":"follow","max-snippet":"max-snippet:-1","max-image-preview":"max-image-preview:large","max-video-preview":"max-video-preview:-1"},"canonical":"https:\/\/www.moedlareuth.de\/cs\/zweckverband-deutsch-deutsches-museum-moedlareuth-tagt-in-toepen\/","og_locale":"cs_CZ","og_type":"article","og_title":"Zweckverband Deutsch-Deutsches  Museum M\u00f6dlareuth tagt in T\u00f6pen - Deutsch-Deutsches Museum M\u00f6dlareuth","og_description":"Auf der Tagesordnung der 36. Sitzung der Verbandsversammlung stand die Jahresrechnung 2021. Der Rechnungspr\u00fcfungsausschuss mit den B\u00fcrgermeistern Alexander K\u00e4tzel (T\u00f6pen) und Marcel Zapf (Gefell) sowie Verbandsrat Volker Bachmann (Kreisrat Vogtlandkreis und B\u00fcrgermeister von Lengenfeld) hatte die Jahresrechnung im Juli gepr\u00fcft. Christine Franz von der Gesch\u00e4ftsstelle des Zweckverbandes stand dabei f\u00fcr Fragen zur Verf\u00fcgung. \u00a0Die Pr\u00fcfung...","og_url":"https:\/\/www.moedlareuth.de\/cs\/zweckverband-deutsch-deutsches-museum-moedlareuth-tagt-in-toepen\/","og_site_name":"Deutsch-Deutsches Museum M\u00f6dlareuth","article_published_time":"2022-10-13T09:12:37+00:00","article_modified_time":"2022-10-13T09:12:38+00:00","og_image":[{"width":2560,"height":1920,"url":"https:\/\/www.moedlareuth.de\/wp-content\/uploads\/2022\/10\/IMG_20221012_110745-scaled.jpg","type":"image\/jpeg"}],"author":"Susan Burger","twitter_card":"summary_large_image","twitter_misc":{"Napsal(a)":"Susan Burger","Odhadovan\u00e1 doba \u010dten\u00ed":"2 minuty"},"schema":{"@context":"https:\/\/schema.org","@graph":[{"@type":"Article","@id":"https:\/\/www.moedlareuth.de\/zweckverband-deutsch-deutsches-museum-moedlareuth-tagt-in-toepen\/#article","isPartOf":{"@id":"https:\/\/www.moedlareuth.de\/zweckverband-deutsch-deutsches-museum-moedlareuth-tagt-in-toepen\/"},"author":{"name":"Susan Burger","@id":"https:\/\/moedlareuth.de\/preview\/#\/schema\/person\/42d95c7c900104834e45a22afe68e54d"},"headline":"Zweckverband Deutsch-Deutsches Museum M\u00f6dlareuth tagt in T\u00f6pen","datePublished":"2022-10-13T09:12:37+00:00","dateModified":"2022-10-13T09:12:38+00:00","mainEntityOfPage":{"@id":"https:\/\/www.moedlareuth.de\/zweckverband-deutsch-deutsches-museum-moedlareuth-tagt-in-toepen\/"},"wordCount":308,"publisher":{"@id":"https:\/\/moedlareuth.de\/preview\/#organization"},"image":{"@id":"https:\/\/www.moedlareuth.de\/zweckverband-deutsch-deutsches-museum-moedlareuth-tagt-in-toepen\/#primaryimage"},"thumbnailUrl":"https:\/\/www.moedlareuth.de\/wp-content\/uploads\/2022\/10\/IMG_20221012_110745-scaled.jpg","articleSection":["Aktuelles"],"inLanguage":"cs"},{"@type":"WebPage","@id":"https:\/\/www.moedlareuth.de\/zweckverband-deutsch-deutsches-museum-moedlareuth-tagt-in-toepen\/","url":"https:\/\/www.moedlareuth.de\/zweckverband-deutsch-deutsches-museum-moedlareuth-tagt-in-toepen\/","name":"Zweckverband Deutsch-Deutsches Museum M\u00f6dlareuth tagt in T\u00f6pen - Deutsch-Deutsches Museum M\u00f6dlareuth","isPartOf":{"@id":"https:\/\/moedlareuth.de\/preview\/#website"},"primaryImageOfPage":{"@id":"https:\/\/www.moedlareuth.de\/zweckverband-deutsch-deutsches-museum-moedlareuth-tagt-in-toepen\/#primaryimage"},"image":{"@id":"https:\/\/www.moedlareuth.de\/zweckverband-deutsch-deutsches-museum-moedlareuth-tagt-in-toepen\/#primaryimage"},"thumbnailUrl":"https:\/\/www.moedlareuth.de\/wp-content\/uploads\/2022\/10\/IMG_20221012_110745-scaled.jpg","datePublished":"2022-10-13T09:12:37+00:00","dateModified":"2022-10-13T09:12:38+00:00","breadcrumb":{"@id":"https:\/\/www.moedlareuth.de\/zweckverband-deutsch-deutsches-museum-moedlareuth-tagt-in-toepen\/#breadcrumb"},"inLanguage":"cs","potentialAction":[{"@type":"ReadAction","target":["https:\/\/www.moedlareuth.de\/zweckverband-deutsch-deutsches-museum-moedlareuth-tagt-in-toepen\/"]}]},{"@type":"ImageObject","inLanguage":"cs","@id":"https:\/\/www.moedlareuth.de\/zweckverband-deutsch-deutsches-museum-moedlareuth-tagt-in-toepen\/#primaryimage","url":"https:\/\/www.moedlareuth.de\/wp-content\/uploads\/2022\/10\/IMG_20221012_110745-scaled.jpg","contentUrl":"https:\/\/www.moedlareuth.de\/wp-content\/uploads\/2022\/10\/IMG_20221012_110745-scaled.jpg","width":2560,"height":1920},{"@type":"BreadcrumbList","@id":"https:\/\/www.moedlareuth.de\/zweckverband-deutsch-deutsches-museum-moedlareuth-tagt-in-toepen\/#breadcrumb","itemListElement":[{"@type":"ListItem","position":1,"name":"Startseite","item":"https:\/\/www.moedlareuth.de\/"},{"@type":"ListItem","position":2,"name":"Zweckverband Deutsch-Deutsches Museum M\u00f6dlareuth tagt in T\u00f6pen"}]},{"@type":"WebSite","@id":"https:\/\/moedlareuth.de\/preview\/#website","url":"https:\/\/moedlareuth.de\/preview\/","name":"Deutsch-Deutsches Museum M\u00f6dlareuth","description":"Pam\u00e1tn\u00edk rozd\u011blen\u00ed N\u011bmecka","publisher":{"@id":"https:\/\/moedlareuth.de\/preview\/#organization"},"potentialAction":[{"@type":"SearchAction","target":{"@type":"EntryPoint","urlTemplate":"https:\/\/moedlareuth.de\/preview\/?s={search_term_string}"},"query-input":{"@type":"PropertyValueSpecification","valueRequired":true,"valueName":"search_term_string"}}],"inLanguage":"cs"},{"@type":"Organization","@id":"https:\/\/moedlareuth.de\/preview\/#organization","name":"Deutsch-Deutsches Museum M\u00f6dlareuth","url":"https:\/\/moedlareuth.de\/preview\/","logo":{"@type":"ImageObject","inLanguage":"cs","@id":"https:\/\/moedlareuth.de\/preview\/#\/schema\/logo\/image\/","url":"https:\/\/www.moedlareuth.de\/wp-content\/uploads\/2022\/02\/museum_moedlareuth_logo_hell_zusatz.svg","contentUrl":"https:\/\/www.moedlareuth.de\/wp-content\/uploads\/2022\/02\/museum_moedlareuth_logo_hell_zusatz.svg","width":255,"height":62,"caption":"Deutsch-Deutsches Museum M\u00f6dlareuth"},"image":{"@id":"https:\/\/moedlareuth.de\/preview\/#\/schema\/logo\/image\/"}},{"@type":"Person","@id":"https:\/\/moedlareuth.de\/preview\/#\/schema\/person\/42d95c7c900104834e45a22afe68e54d","name":"Susan Burger","url":"https:\/\/www.moedlareuth.de\/cs\/author\/s-burger\/"}]}},"_links":{"self":[{"href":"https:\/\/www.moedlareuth.de\/cs\/wp-json\/wp\/v2\/posts\/12374","targetHints":{"allow":["GET"]}}],"collection":[{"href":"https:\/\/www.moedlareuth.de\/cs\/wp-json\/wp\/v2\/posts"}],"about":[{"href":"https:\/\/www.moedlareuth.de\/cs\/wp-json\/wp\/v2\/types\/post"}],"author":[{"embeddable":true,"href":"https:\/\/www.moedlareuth.de\/cs\/wp-json\/wp\/v2\/users\/10"}],"replies":[{"embeddable":true,"href":"https:\/\/www.moedlareuth.de\/cs\/wp-json\/wp\/v2\/comments?post=12374"}],"version-history":[{"count":2,"href":"https:\/\/www.moedlareuth.de\/cs\/wp-json\/wp\/v2\/posts\/12374\/revisions"}],"predecessor-version":[{"id":12377,"href":"https:\/\/www.moedlareuth.de\/cs\/wp-json\/wp\/v2\/posts\/12374\/revisions\/12377"}],"wp:featuredmedia":[{"embeddable":true,"href":"https:\/\/www.moedlareuth.de\/cs\/wp-json\/wp\/v2\/media\/12375"}],"wp:attachment":[{"href":"https:\/\/www.moedlareuth.de\/cs\/wp-json\/wp\/v2\/media?parent=12374"}],"wp:term":[{"taxonomy":"category","embeddable":true,"href":"https:\/\/www.moedlareuth.de\/cs\/wp-json\/wp\/v2\/categories?post=12374"},{"taxonomy":"post_tag","embeddable":true,"href":"https:\/\/www.moedlareuth.de\/cs\/wp-json\/wp\/v2\/tags?post=12374"}],"curies":[{"name":"wp","href":"https:\/\/api.w.org\/{rel}","templated":true}]}}